{"id":10349,"date":"2022-07-27T15:31:29","date_gmt":"2022-07-27T15:31:29","guid":{"rendered":"https:\/\/www.plataformadecomunicacio.com\/?p=10349"},"modified":"2022-07-27T15:33:42","modified_gmt":"2022-07-27T15:33:42","slug":"tendencias-comunicacion-interna","status":"publish","type":"post","link":"https:\/\/www.plataformadecomunicacio.com\/es\/tendencias-comunicacion-interna\/","title":{"rendered":"Nuevas tendencias en comunicaci\u00f3n interna"},"content":{"rendered":"\n<p>Empieza un nuevo curso y las empresas se enfrentan a muchos desaf\u00edos en materia de <a href=\"https:\/\/www.plataformadecomunicacio.com\/es\/importancia-comunicacion-corporativa\/\">comunicaci\u00f3n corporativa<\/a>. La comunicaci\u00f3n es cambiante y est\u00e1 muy influenciada por el contexto y los acontecimientos pol\u00edticos, econ\u00f3micos y sociales que ocurren en el entorno de la empresa. Un ejemplo claro son los cambios que ha tra\u00eddo la pandemia, con el auge de las plataformas tecnol\u00f3gicas, las <a href=\"https:\/\/www.plataformadecomunicacio.com\/es\/reuniones-virtuales-el-reto-de-la-eficiencia\/\">reuniones online<\/a> y la aparici\u00f3n de un nuevo estilo de comunicaci\u00f3n interpersonal y organizacional. Para sacar el m\u00e1ximo provecho, es b\u00e1sico analizar cu\u00e1les son las nuevas tendencias en comunicaci\u00f3n interna. <\/p>\n\n\n\n<h2 class=\"wp-block-heading\"><strong>\u00bfCu\u00e1les son las tendencias en comunicaci\u00f3n interna?<\/strong><\/h2>\n\n\n\n<h3 class=\"wp-block-heading\"><strong>Auge de las newsletters<\/strong><\/h3>\n\n\n\n<p>La newsletter se ha convertido en una opci\u00f3n de comunicaci\u00f3n muy valiosa para la empresa, pues aporta valor a la comunidad, un contenido riguroso y veraz frente a la infoxicaci\u00f3n y las fake news, y ofrece informaci\u00f3n novedosa, cuidada y de inter\u00e9s para los clientes, usuarios y otros lectores, tal como apunta el \u00faltimo&nbsp;<a href=\"https:\/\/reutersinstitute.politics.ox.ac.uk\/sites\/default\/files\/2021-06\/Digital_News_Report_2021_FINAL.pdf\" target=\"_blank\" rel=\"noreferrer noopener\">Reuters Institute Digital News Report<\/a>.<\/p>\n\n\n\n<h3 class=\"wp-block-heading\"><strong>Comunicaci\u00f3n m\u00e1s personal e inmediata<\/strong><\/h3>\n\n\n\n<p>En los \u00faltimos a\u00f1os ha habido un auge de la inmediatez y del storytelling con la aparici\u00f3n de aplicaciones como Instagram o Tiktok, que permiten viralizar un contenido en cuesti\u00f3n de minutos y ganar seguidores de forma r\u00e1pida. Este tipo de contenidos obligan a crear v\u00eddeos interactivos y han desfasado a los contenidos est\u00e1ticos. Involucra a los miembros de la organizaci\u00f3n para que creen este tipo de contenidos sin perder el foco en los objetivos de la empresa: cobertura, posicionamiento y refuerzo del mensaje.<\/p>\n\n\n\n<figure class=\"wp-block-gallery has-nested-images columns-default is-cropped wp-block-gallery-1 is-layout-flex wp-block-gallery-is-layout-flex\">\n<figure class=\"wp-block-image size-large\"><img loading=\"lazy\" decoding=\"async\" width=\"900\" height=\"514\" data-id=\"10354\" src=\"https:\/\/www.plataformadecomunicacio.com\/wp-content\/uploads\/2022\/07\/que-es-la-comunicacion-corporativa-y-para-que-sirve-1.webp\" alt=\"\" class=\"wp-image-10354\" srcset=\"https:\/\/www.plataformadecomunicacio.com\/wp-content\/uploads\/2022\/07\/que-es-la-comunicacion-corporativa-y-para-que-sirve-1.webp 900w, https:\/\/www.plataformadecomunicacio.com\/wp-content\/uploads\/2022\/07\/que-es-la-comunicacion-corporativa-y-para-que-sirve-1-300x171.webp 300w, https:\/\/www.plataformadecomunicacio.com\/wp-content\/uploads\/2022\/07\/que-es-la-comunicacion-corporativa-y-para-que-sirve-1-768x439.webp 768w, https:\/\/www.plataformadecomunicacio.com\/wp-content\/uploads\/2022\/07\/que-es-la-comunicacion-corporativa-y-para-que-sirve-1-705x403.webp 705w\" sizes=\"auto, (max-width: 900px) 100vw, 900px\" \/><figcaption>La comunicaci\u00f3n es un elemento primordial para el buen funcionamiento empresarial<\/figcaption><\/figure>\n<\/figure>\n\n\n\n<h3 class=\"wp-block-heading\"><strong>Enfoque multicanal en la comunicaci\u00f3n interna<\/strong><\/h3>\n\n\n\n<p>Toda organizaci\u00f3n tiene diferentes audiencias y es importante ofrecerles plataformas que les den la informaci\u00f3n que necesitan. Microsoft, Teams, newsletters, pantallas informativas o apps son algunas de las mejores opciones a desplegar para ofrecer a la plantilla una comunicaci\u00f3n customizada. Es imprescindible que la empresa invierta en tecnolog\u00eda y acelere su transformaci\u00f3n digital para mejorar y agilizar la comunicaci\u00f3n interna.<\/p>\n\n\n\n<h3 class=\"wp-block-heading\"><strong>Influencers internos<\/strong><\/h3>\n\n\n\n<p>Estamos en una \u00e9poca donde los influencers son los aut\u00e9nticos l\u00edderes de opini\u00f3n. Por ello, es recomendable que las empresas identifiquen esta figura dentro de la organizaci\u00f3n, para que difundan la comunicaci\u00f3n corporativa informal y tejan redes internas de comunicaci\u00f3n, siempre de acuerdo con los mensajes y objetivos de la empresa. &nbsp;<\/p>\n\n\n\n<p>Un influencer interno es una persona muy involucrada con su trabajo, que tiene una gran red de comunicaci\u00f3n, que es percibido como un l\u00edder por sus compa\u00f1eros y que maneja corrientes de opini\u00f3n.<\/p>\n\n\n\n<h3 class=\"wp-block-heading\"><strong>Segunda vida para el correo electr\u00f3nico<\/strong><\/h3>\n\n\n\n<p>Aunque muchos expertos vaticinaban la muerte inminente del correo electr\u00f3nico, la realidad es que a\u00fan es una plataforma muy valiosa para enviar comunicaciones urgentes, con informaci\u00f3n adjunta o boletines informativos.<\/p>\n\n\n\n<h3 class=\"wp-block-heading\"><strong>El silencio, una buena estrategia ante la sobreinformaci\u00f3n<\/strong><\/h3>\n\n\n\n<p>Tras una \u00e9poca donde el coronavirus copaba toda la escena informativa y cada d\u00eda recib\u00edamos un bombardeo de nuevas noticias e indicaciones contradictorias. Por ello, para no saturar a tus trabajadores es buena idea optar por la opci\u00f3n de la calma informativa, pausar y dosificar la informaci\u00f3n y el flujo de mensajes y permanecer una \u00e9poca en silencio si no hay nada relevante a comunicar.<\/p>\n","protected":false},"excerpt":{"rendered":"<p>Empieza un nuevo curso y las empresas se enfrentan a muchos desaf\u00edos en materia de comunicaci\u00f3n corporativa. La comunicaci\u00f3n es cambiante y est\u00e1 muy influenciada por el contexto y los acontecimientos pol\u00edticos, econ\u00f3micos y sociales que ocurren en el entorno de la empresa. Un ejemplo claro son los cambios que ha tra\u00eddo la pandemia, con [&hellip;]<\/p>\n","protected":false},"author":2,"featured_media":10350,"comment_status":"closed","ping_status":"open","sticky":false,"template":"","format":"standard","meta":{"footnotes":""},"categories":[55],"tags":[57,58,160,161,143,59,240],"class_list":["post-10349","post","type-post","status-publish","format-standard","has-post-thumbnail","hentry","category-comunicacio-es","tag-comunicacio-es","tag-comunicacio-corporativa-es","tag-comunicacion-interna-es","tag-newsletter-es","tag-plan-de-comunicacion-es","tag-plataforma-de-comunicacio-es","tag-tendencias-en-comunicacion"],"yoast_head":"<!-- This site is optimized with the Yoast SEO plugin v26.1 - https:\/\/yoast.com\/wordpress\/plugins\/seo\/ -->\n<title>Nuevas tendencias en comunicaci\u00f3n interna<\/title>\n<meta name=\"description\" content=\"Las empresas se enfrentan a muchos desaf\u00edos en comunicaci\u00f3n corporativa y deben adaptarse y seguir las tendencias en comunicaci\u00f3n interna.\" \/>\n<meta name=\"robots\" content=\"index, follow, max-snippet:-1, max-image-preview:large, max-video-preview:-1\" \/>\n<link rel=\"canonical\" href=\"https:\/\/www.plataformadecomunicacio.com\/es\/tendencias-comunicacion-interna\/\" \/>\n<meta property=\"og:locale\" content=\"es_ES\" \/>\n<meta property=\"og:type\" content=\"article\" \/>\n<meta property=\"og:title\" content=\"Nuevas tendencias en comunicaci\u00f3n interna\" \/>\n<meta property=\"og:description\" content=\"Las empresas se enfrentan a muchos desaf\u00edos en comunicaci\u00f3n corporativa y deben adaptarse y seguir las tendencias en comunicaci\u00f3n interna.\" \/>\n<meta property=\"og:url\" content=\"https:\/\/www.plataformadecomunicacio.com\/es\/tendencias-comunicacion-interna\/\" \/>\n<meta property=\"og:site_name\" content=\"Plataforma de comunicaci\u00f3\" \/>\n<meta property=\"article:publisher\" content=\"https:\/\/www.facebook.com\/plataformadecomunicacio\/\" \/>\n<meta property=\"article:published_time\" content=\"2022-07-27T15:31:29+00:00\" \/>\n<meta property=\"article:modified_time\" content=\"2022-07-27T15:33:42+00:00\" \/>\n<meta property=\"og:image\" content=\"https:\/\/www.plataformadecomunicacio.com\/wp-content\/uploads\/2022\/07\/jason-goodman-6awfTPLGaCE-unsplash-1030x687.jpg\" \/>\n\t<meta property=\"og:image:width\" content=\"1030\" \/>\n\t<meta property=\"og:image:height\" content=\"687\" \/>\n\t<meta property=\"og:image:type\" content=\"image\/jpeg\" \/>\n<meta name=\"author\" content=\"Plataforma de Comunicaci\u00f3\" \/>\n<meta name=\"twitter:card\" content=\"summary_large_image\" \/>\n<meta name=\"twitter:creator\" content=\"@PlataformadeCom\" \/>\n<meta name=\"twitter:site\" content=\"@PlataformadeCom\" \/>\n<meta name=\"twitter:label1\" content=\"Escrito por\" \/>\n\t<meta name=\"twitter:data1\" content=\"Plataforma de Comunicaci\u00f3\" \/>\n\t<meta name=\"twitter:label2\" content=\"Tiempo de lectura\" \/>\n\t<meta name=\"twitter:data2\" content=\"4 minutos\" \/>\n<script type=\"application\/ld+json\" class=\"yoast-schema-graph\">{\"@context\":\"https:\/\/schema.org\",\"@graph\":[{\"@type\":\"Article\",\"@id\":\"https:\/\/www.plataformadecomunicacio.com\/es\/tendencias-comunicacion-interna\/#article\",\"isPartOf\":{\"@id\":\"https:\/\/www.plataformadecomunicacio.com\/es\/tendencias-comunicacion-interna\/\"},\"author\":{\"name\":\"Plataforma de Comunicaci\u00f3\",\"@id\":\"https:\/\/www.plataformadecomunicacio.com\/#\/schema\/person\/a10597ea5a25cad7b4aac14e6a1672ed\"},\"headline\":\"Nuevas tendencias en comunicaci\u00f3n interna\",\"datePublished\":\"2022-07-27T15:31:29+00:00\",\"dateModified\":\"2022-07-27T15:33:42+00:00\",\"mainEntityOfPage\":{\"@id\":\"https:\/\/www.plataformadecomunicacio.com\/es\/tendencias-comunicacion-interna\/\"},\"wordCount\":587,\"publisher\":{\"@id\":\"https:\/\/www.plataformadecomunicacio.com\/#organization\"},\"image\":{\"@id\":\"https:\/\/www.plataformadecomunicacio.com\/es\/tendencias-comunicacion-interna\/#primaryimage\"},\"thumbnailUrl\":\"https:\/\/www.plataformadecomunicacio.com\/wp-content\/uploads\/2022\/07\/jason-goodman-6awfTPLGaCE-unsplash-scaled.jpg\",\"keywords\":[\"comunicaci\u00f3\",\"comunicaci\u00f3 corporativa\",\"comunicaci\u00f3n interna\",\"newsletter\",\"plan de comunicaci\u00f3n\",\"Plataforma de Comunicaci\u00f3\",\"tendencias en comunicaci\u00f3n\"],\"articleSection\":[\"Comunicaci\u00f3\"],\"inLanguage\":\"es\"},{\"@type\":\"WebPage\",\"@id\":\"https:\/\/www.plataformadecomunicacio.com\/es\/tendencias-comunicacion-interna\/\",\"url\":\"https:\/\/www.plataformadecomunicacio.com\/es\/tendencias-comunicacion-interna\/\",\"name\":\"Nuevas tendencias en comunicaci\u00f3n interna\",\"isPartOf\":{\"@id\":\"https:\/\/www.plataformadecomunicacio.com\/#website\"},\"primaryImageOfPage\":{\"@id\":\"https:\/\/www.plataformadecomunicacio.com\/es\/tendencias-comunicacion-interna\/#primaryimage\"},\"image\":{\"@id\":\"https:\/\/www.plataformadecomunicacio.com\/es\/tendencias-comunicacion-interna\/#primaryimage\"},\"thumbnailUrl\":\"https:\/\/www.plataformadecomunicacio.com\/wp-content\/uploads\/2022\/07\/jason-goodman-6awfTPLGaCE-unsplash-scaled.jpg\",\"datePublished\":\"2022-07-27T15:31:29+00:00\",\"dateModified\":\"2022-07-27T15:33:42+00:00\",\"description\":\"Las empresas se enfrentan a muchos desaf\u00edos en comunicaci\u00f3n corporativa y deben adaptarse y seguir las tendencias en comunicaci\u00f3n interna.\",\"breadcrumb\":{\"@id\":\"https:\/\/www.plataformadecomunicacio.com\/es\/tendencias-comunicacion-interna\/#breadcrumb\"},\"inLanguage\":\"es\",\"potentialAction\":[{\"@type\":\"ReadAction\",\"target\":[\"https:\/\/www.plataformadecomunicacio.com\/es\/tendencias-comunicacion-interna\/\"]}]},{\"@type\":\"ImageObject\",\"inLanguage\":\"es\",\"@id\":\"https:\/\/www.plataformadecomunicacio.com\/es\/tendencias-comunicacion-interna\/#primaryimage\",\"url\":\"https:\/\/www.plataformadecomunicacio.com\/wp-content\/uploads\/2022\/07\/jason-goodman-6awfTPLGaCE-unsplash-scaled.jpg\",\"contentUrl\":\"https:\/\/www.plataformadecomunicacio.com\/wp-content\/uploads\/2022\/07\/jason-goodman-6awfTPLGaCE-unsplash-scaled.jpg\",\"width\":2560,\"height\":1707},{\"@type\":\"BreadcrumbList\",\"@id\":\"https:\/\/www.plataformadecomunicacio.com\/es\/tendencias-comunicacion-interna\/#breadcrumb\",\"itemListElement\":[{\"@type\":\"ListItem\",\"position\":1,\"name\":\"Home\",\"item\":\"https:\/\/www.plataformadecomunicacio.com\/es\/inicio\/\"},{\"@type\":\"ListItem\",\"position\":2,\"name\":\"Nuevas tendencias en comunicaci\u00f3n interna\"}]},{\"@type\":\"WebSite\",\"@id\":\"https:\/\/www.plataformadecomunicacio.com\/#website\",\"url\":\"https:\/\/www.plataformadecomunicacio.com\/\",\"name\":\"Plataforma de comunicaci\u00f3\",\"description\":\"Comuniquem junts\",\"publisher\":{\"@id\":\"https:\/\/www.plataformadecomunicacio.com\/#organization\"},\"potentialAction\":[{\"@type\":\"SearchAction\",\"target\":{\"@type\":\"EntryPoint\",\"urlTemplate\":\"https:\/\/www.plataformadecomunicacio.com\/?s={search_term_string}\"},\"query-input\":{\"@type\":\"PropertyValueSpecification\",\"valueRequired\":true,\"valueName\":\"search_term_string\"}}],\"inLanguage\":\"es\"},{\"@type\":\"Organization\",\"@id\":\"https:\/\/www.plataformadecomunicacio.com\/#organization\",\"name\":\"Plataforma de comunicaci\u00f3\",\"url\":\"https:\/\/www.plataformadecomunicacio.com\/\",\"logo\":{\"@type\":\"ImageObject\",\"inLanguage\":\"es\",\"@id\":\"https:\/\/www.plataformadecomunicacio.com\/#\/schema\/logo\/image\/\",\"url\":\"https:\/\/www.plataformadecomunicacio.com\/wp-content\/uploads\/2019\/02\/Logo_plataforma.png\",\"contentUrl\":\"https:\/\/www.plataformadecomunicacio.com\/wp-content\/uploads\/2019\/02\/Logo_plataforma.png\",\"width\":505,\"height\":320,\"caption\":\"Plataforma de comunicaci\u00f3\"},\"image\":{\"@id\":\"https:\/\/www.plataformadecomunicacio.com\/#\/schema\/logo\/image\/\"},\"sameAs\":[\"https:\/\/www.facebook.com\/plataformadecomunicacio\/\",\"https:\/\/x.com\/PlataformadeCom\",\"https:\/\/www.linkedin.com\/company\/plataforma-de-comunicaci\u00f3\/\",\"https:\/\/www.youtube.com\/channel\/UCQ4-7CGw0atul0BbEAN5S9w\"]},{\"@type\":\"Person\",\"@id\":\"https:\/\/www.plataformadecomunicacio.com\/#\/schema\/person\/a10597ea5a25cad7b4aac14e6a1672ed\",\"name\":\"Plataforma de Comunicaci\u00f3\",\"image\":{\"@type\":\"ImageObject\",\"inLanguage\":\"es\",\"@id\":\"https:\/\/www.plataformadecomunicacio.com\/#\/schema\/person\/image\/\",\"url\":\"https:\/\/secure.gravatar.com\/avatar\/cd26adb9e219d2135afc19eaeefcbaa63ae195f53dcce0bebf04fcc05c3dc7b4?s=96&d=mm&r=g\",\"contentUrl\":\"https:\/\/secure.gravatar.com\/avatar\/cd26adb9e219d2135afc19eaeefcbaa63ae195f53dcce0bebf04fcc05c3dc7b4?s=96&d=mm&r=g\",\"caption\":\"Plataforma de Comunicaci\u00f3\"},\"sameAs\":[\"http:\/\/plataformadecomunicacio.com\"],\"url\":\"https:\/\/www.plataformadecomunicacio.com\/es\/author\/plataforma\/\"}]}<\/script>\n<!-- \/ Yoast SEO plugin. -->","yoast_head_json":{"title":"Nuevas tendencias en comunicaci\u00f3n interna","description":"Las empresas se enfrentan a muchos desaf\u00edos en comunicaci\u00f3n corporativa y deben adaptarse y seguir las tendencias en comunicaci\u00f3n interna.","robots":{"index":"index","follow":"follow","max-snippet":"max-snippet:-1","max-image-preview":"max-image-preview:large","max-video-preview":"max-video-preview:-1"},"canonical":"https:\/\/www.plataformadecomunicacio.com\/es\/tendencias-comunicacion-interna\/","og_locale":"es_ES","og_type":"article","og_title":"Nuevas tendencias en comunicaci\u00f3n interna","og_description":"Las empresas se enfrentan a muchos desaf\u00edos en comunicaci\u00f3n corporativa y deben adaptarse y seguir las tendencias en comunicaci\u00f3n interna.","og_url":"https:\/\/www.plataformadecomunicacio.com\/es\/tendencias-comunicacion-interna\/","og_site_name":"Plataforma de comunicaci\u00f3","article_publisher":"https:\/\/www.facebook.com\/plataformadecomunicacio\/","article_published_time":"2022-07-27T15:31:29+00:00","article_modified_time":"2022-07-27T15:33:42+00:00","og_image":[{"width":1030,"height":687,"url":"https:\/\/www.plataformadecomunicacio.com\/wp-content\/uploads\/2022\/07\/jason-goodman-6awfTPLGaCE-unsplash-1030x687.jpg","type":"image\/jpeg"}],"author":"Plataforma de Comunicaci\u00f3","twitter_card":"summary_large_image","twitter_creator":"@PlataformadeCom","twitter_site":"@PlataformadeCom","twitter_misc":{"Escrito por":"Plataforma de Comunicaci\u00f3","Tiempo de lectura":"4 minutos"},"schema":{"@context":"https:\/\/schema.org","@graph":[{"@type":"Article","@id":"https:\/\/www.plataformadecomunicacio.com\/es\/tendencias-comunicacion-interna\/#article","isPartOf":{"@id":"https:\/\/www.plataformadecomunicacio.com\/es\/tendencias-comunicacion-interna\/"},"author":{"name":"Plataforma de Comunicaci\u00f3","@id":"https:\/\/www.plataformadecomunicacio.com\/#\/schema\/person\/a10597ea5a25cad7b4aac14e6a1672ed"},"headline":"Nuevas tendencias en comunicaci\u00f3n interna","datePublished":"2022-07-27T15:31:29+00:00","dateModified":"2022-07-27T15:33:42+00:00","mainEntityOfPage":{"@id":"https:\/\/www.plataformadecomunicacio.com\/es\/tendencias-comunicacion-interna\/"},"wordCount":587,"publisher":{"@id":"https:\/\/www.plataformadecomunicacio.com\/#organization"},"image":{"@id":"https:\/\/www.plataformadecomunicacio.com\/es\/tendencias-comunicacion-interna\/#primaryimage"},"thumbnailUrl":"https:\/\/www.plataformadecomunicacio.com\/wp-content\/uploads\/2022\/07\/jason-goodman-6awfTPLGaCE-unsplash-scaled.jpg","keywords":["comunicaci\u00f3","comunicaci\u00f3 corporativa","comunicaci\u00f3n interna","newsletter","plan de comunicaci\u00f3n","Plataforma de Comunicaci\u00f3","tendencias en comunicaci\u00f3n"],"articleSection":["Comunicaci\u00f3"],"inLanguage":"es"},{"@type":"WebPage","@id":"https:\/\/www.plataformadecomunicacio.com\/es\/tendencias-comunicacion-interna\/","url":"https:\/\/www.plataformadecomunicacio.com\/es\/tendencias-comunicacion-interna\/","name":"Nuevas tendencias en comunicaci\u00f3n interna","isPartOf":{"@id":"https:\/\/www.plataformadecomunicacio.com\/#website"},"primaryImageOfPage":{"@id":"https:\/\/www.plataformadecomunicacio.com\/es\/tendencias-comunicacion-interna\/#primaryimage"},"image":{"@id":"https:\/\/www.plataformadecomunicacio.com\/es\/tendencias-comunicacion-interna\/#primaryimage"},"thumbnailUrl":"https:\/\/www.plataformadecomunicacio.com\/wp-content\/uploads\/2022\/07\/jason-goodman-6awfTPLGaCE-unsplash-scaled.jpg","datePublished":"2022-07-27T15:31:29+00:00","dateModified":"2022-07-27T15:33:42+00:00","description":"Las empresas se enfrentan a muchos desaf\u00edos en comunicaci\u00f3n corporativa y deben adaptarse y seguir las tendencias en comunicaci\u00f3n interna.","breadcrumb":{"@id":"https:\/\/www.plataformadecomunicacio.com\/es\/tendencias-comunicacion-interna\/#breadcrumb"},"inLanguage":"es","potentialAction":[{"@type":"ReadAction","target":["https:\/\/www.plataformadecomunicacio.com\/es\/tendencias-comunicacion-interna\/"]}]},{"@type":"ImageObject","inLanguage":"es","@id":"https:\/\/www.plataformadecomunicacio.com\/es\/tendencias-comunicacion-interna\/#primaryimage","url":"https:\/\/www.plataformadecomunicacio.com\/wp-content\/uploads\/2022\/07\/jason-goodman-6awfTPLGaCE-unsplash-scaled.jpg","contentUrl":"https:\/\/www.plataformadecomunicacio.com\/wp-content\/uploads\/2022\/07\/jason-goodman-6awfTPLGaCE-unsplash-scaled.jpg","width":2560,"height":1707},{"@type":"BreadcrumbList","@id":"https:\/\/www.plataformadecomunicacio.com\/es\/tendencias-comunicacion-interna\/#breadcrumb","itemListElement":[{"@type":"ListItem","position":1,"name":"Home","item":"https:\/\/www.plataformadecomunicacio.com\/es\/inicio\/"},{"@type":"ListItem","position":2,"name":"Nuevas tendencias en comunicaci\u00f3n interna"}]},{"@type":"WebSite","@id":"https:\/\/www.plataformadecomunicacio.com\/#website","url":"https:\/\/www.plataformadecomunicacio.com\/","name":"Plataforma de comunicaci\u00f3","description":"Comuniquem junts","publisher":{"@id":"https:\/\/www.plataformadecomunicacio.com\/#organization"},"potentialAction":[{"@type":"SearchAction","target":{"@type":"EntryPoint","urlTemplate":"https:\/\/www.plataformadecomunicacio.com\/?s={search_term_string}"},"query-input":{"@type":"PropertyValueSpecification","valueRequired":true,"valueName":"search_term_string"}}],"inLanguage":"es"},{"@type":"Organization","@id":"https:\/\/www.plataformadecomunicacio.com\/#organization","name":"Plataforma de comunicaci\u00f3","url":"https:\/\/www.plataformadecomunicacio.com\/","logo":{"@type":"ImageObject","inLanguage":"es","@id":"https:\/\/www.plataformadecomunicacio.com\/#\/schema\/logo\/image\/","url":"https:\/\/www.plataformadecomunicacio.com\/wp-content\/uploads\/2019\/02\/Logo_plataforma.png","contentUrl":"https:\/\/www.plataformadecomunicacio.com\/wp-content\/uploads\/2019\/02\/Logo_plataforma.png","width":505,"height":320,"caption":"Plataforma de comunicaci\u00f3"},"image":{"@id":"https:\/\/www.plataformadecomunicacio.com\/#\/schema\/logo\/image\/"},"sameAs":["https:\/\/www.facebook.com\/plataformadecomunicacio\/","https:\/\/x.com\/PlataformadeCom","https:\/\/www.linkedin.com\/company\/plataforma-de-comunicaci\u00f3\/","https:\/\/www.youtube.com\/channel\/UCQ4-7CGw0atul0BbEAN5S9w"]},{"@type":"Person","@id":"https:\/\/www.plataformadecomunicacio.com\/#\/schema\/person\/a10597ea5a25cad7b4aac14e6a1672ed","name":"Plataforma de Comunicaci\u00f3","image":{"@type":"ImageObject","inLanguage":"es","@id":"https:\/\/www.plataformadecomunicacio.com\/#\/schema\/person\/image\/","url":"https:\/\/secure.gravatar.com\/avatar\/cd26adb9e219d2135afc19eaeefcbaa63ae195f53dcce0bebf04fcc05c3dc7b4?s=96&d=mm&r=g","contentUrl":"https:\/\/secure.gravatar.com\/avatar\/cd26adb9e219d2135afc19eaeefcbaa63ae195f53dcce0bebf04fcc05c3dc7b4?s=96&d=mm&r=g","caption":"Plataforma de Comunicaci\u00f3"},"sameAs":["http:\/\/plataformadecomunicacio.com"],"url":"https:\/\/www.plataformadecomunicacio.com\/es\/author\/plataforma\/"}]}},"_links":{"self":[{"href":"https:\/\/www.plataformadecomunicacio.com\/es\/wp-json\/wp\/v2\/posts\/10349","targetHints":{"allow":["GET"]}}],"collection":[{"href":"https:\/\/www.plataformadecomunicacio.com\/es\/wp-json\/wp\/v2\/posts"}],"about":[{"href":"https:\/\/www.plataformadecomunicacio.com\/es\/wp-json\/wp\/v2\/types\/post"}],"author":[{"embeddable":true,"href":"https:\/\/www.plataformadecomunicacio.com\/es\/wp-json\/wp\/v2\/users\/2"}],"replies":[{"embeddable":true,"href":"https:\/\/www.plataformadecomunicacio.com\/es\/wp-json\/wp\/v2\/comments?post=10349"}],"version-history":[{"count":3,"href":"https:\/\/www.plataformadecomunicacio.com\/es\/wp-json\/wp\/v2\/posts\/10349\/revisions"}],"predecessor-version":[{"id":10356,"href":"https:\/\/www.plataformadecomunicacio.com\/es\/wp-json\/wp\/v2\/posts\/10349\/revisions\/10356"}],"wp:featuredmedia":[{"embeddable":true,"href":"https:\/\/www.plataformadecomunicacio.com\/es\/wp-json\/wp\/v2\/media\/10350"}],"wp:attachment":[{"href":"https:\/\/www.plataformadecomunicacio.com\/es\/wp-json\/wp\/v2\/media?parent=10349"}],"wp:term":[{"taxonomy":"category","embeddable":true,"href":"https:\/\/www.plataformadecomunicacio.com\/es\/wp-json\/wp\/v2\/categories?post=10349"},{"taxonomy":"post_tag","embeddable":true,"href":"https:\/\/www.plataformadecomunicacio.com\/es\/wp-json\/wp\/v2\/tags?post=10349"}],"curies":[{"name":"wp","href":"https:\/\/api.w.org\/{rel}","templated":true}]}}