{"id":10400,"date":"2022-12-12T09:08:19","date_gmt":"2022-12-12T08:08:19","guid":{"rendered":"https:\/\/www.plataformadecomunicacio.com\/elabora-una-memoria-anual-de-forma-sencilla\/"},"modified":"2022-12-12T09:09:33","modified_gmt":"2022-12-12T08:09:33","slug":"elabora-una-memoria-anual-de-forma-sencilla","status":"publish","type":"post","link":"https:\/\/www.plataformadecomunicacio.com\/es\/elabora-una-memoria-anual-de-forma-sencilla\/","title":{"rendered":"Elabora una memoria anual de forma sencilla\u00a0"},"content":{"rendered":"\r\n\r\nLa memoria, adem\u00e1s de ser un documento financiero, tambi\u00e9n es un escaparate para la empresa ante sus accionistas y clientes.\r\n<p style=\"font-weight: 400;\">En muchas empresas el inicio de a\u00f1o empieza con la redacci\u00f3n de la memoria anual corporativa para presentar los resultados a principios del segundo trimestre. Aunque las memorias anuales se suelen asociar a las empresas cotizadas, cada vez hay m\u00e1s pymes que deciden hacer una memoria anual para mostrar cercan\u00eda con sus clientes y generar confianza a sus proveedores y distribuidores.<\/p>\r\n<p style=\"font-weight: 400;\">Adem\u00e1s de ser un escaparate a clientes y accionistas, la memoria anual es una buena ocasi\u00f3n para dar una visi\u00f3n clara de la empresa. De hecho, es un instrumento de <a href=\"https:\/\/www.plataformadecomunicacio.com\/es\/importancia-comunicacion-corporativa\/\">comunicaci\u00f3n corporativa<\/a> muy potente, tanto de cara al interior como al exterior.<\/p>\r\n&nbsp;\r\n\r\n<strong>\u00bfQu\u00e9 es una memoria anual de empresa?<\/strong>\r\n<p style=\"font-weight: 400;\">Una <a href=\"https:\/\/economipedia.com\/definiciones\/memoria.html\">memoria anual de empresa<\/a> es un documento que suelen presentar las grandes empresas en el mes de abril y en el que se recogen todas las actividades que ha llevado a cabo una empresa a lo largo del a\u00f1o anterior y se muestran los resultados econ\u00f3micos obtenidos.<\/p>\r\n\r\n\r\n\r\n<h2 class=\"wp-block-heading\"><strong>Claves para la redacci\u00f3n de una memoria anual<\/strong><\/h2>\r\n\r\n\r\n\r\n<ul class=\"wp-block-list\">\r\n \t<li style=\"list-style-type: none;\">\r\n<ul>\r\n \t<li>Estructura bien definida. Desde el primer momento debe quedar claro el contenido que se encontrar\u00e1, como la visi\u00f3n y estrategia corporativa, las operaciones de la empresa, la estructura de gobierno o los indicadores econ\u00f3micos.<\/li>\r\n<\/ul>\r\n<\/li>\r\n<\/ul>\r\n\r\n\r\n\r\n<ul>\r\n \t<li style=\"list-style-type: none;\">\r\n<ul>\r\n \t<li>Contenido objetivo. En este tipo de documentos s\u00f3lo debe haber informaci\u00f3n y no hay espacio para la opini\u00f3n.<\/li>\r\n<\/ul>\r\n<\/li>\r\n<\/ul>\r\n\r\n\r\n\r\n<ul>\r\n \t<li style=\"list-style-type: none;\">\r\n<ul>\r\n \t<li>Redacci\u00f3n clara y concisa, que sea entendible para todo tipo de p\u00fablicos. A pesar de que va dirigido a diferentes actores, el vocabulario tiene que ser sencillo y comprensible.<\/li>\r\n<\/ul>\r\n<\/li>\r\n<\/ul>\r\n\r\n\r\n\r\n<ul>\r\n \t<li style=\"list-style-type: none;\">\r\n<ul>\r\n \t<li>Apuesta por un dise\u00f1o atractivo. A pesar de que lo importante es el contenido, una memoria anual es una carta de presentaci\u00f3n de la empresa y, por tanto, hay que invertir en un dise\u00f1o y una maquetaci\u00f3n que sean atractivos y din\u00e1micos, que inviten a seguir leyendo y que vayan en consonancia con la l\u00ednea gr\u00e1fica de la compa\u00f1\u00eda.<\/li>\r\n<\/ul>\r\n<\/li>\r\n<\/ul>\r\n\r\n\r\n\r\n<ul>\r\n \t<li style=\"list-style-type: none;\">\r\n<ul>\r\n \t<li>Involucra al equipo. Adem\u00e1s de aportar contenido y conocimiento para elaborar la memoria, es recomendable incluir una carta del presidente o del director general escrita en primera persona donde haga una evaluaci\u00f3n en positivo, pero que tambi\u00e9n refleje los obst\u00e1culos a los que ha tenido que hacer frente la empresa durante ese ejercicio econ\u00f3mico.<\/li>\r\n<\/ul>\r\n<\/li>\r\n<\/ul>\r\n\r\n\r\n\r\n<ul>\r\n \t<li style=\"list-style-type: none;\">\r\n<ul>\r\n \t<li>Haz hincapi\u00e9 en fotograf\u00edas y gr\u00e1ficos. La memoria suele ser muy extensa porque incorpora mucha informaci\u00f3n y datos. Para que sea m\u00e1s atractiva a nivel visual, apuesta por incorporar fotograf\u00edas corporativas de calidad y gr\u00e1ficos que faciliten la comprensi\u00f3n de los balances econ\u00f3micos y la hagan m\u00e1s interesante para el lector.<\/li>\r\n<\/ul>\r\n<\/li>\r\n<\/ul>\r\n\r\n\r\n\r\n\r\n\r\n<h3 class=\"wp-block-heading\">Te ayudamos a redactar una memoria anual atractiva<\/h3>\r\n\r\n\r\n\r\n<p style=\"font-weight: 400;\">En Plataforma de Comunicaci\u00f3 somos expertos en redacci\u00f3n de memorias anuales. Nuestro equipo de periodistas trabajar\u00e1 mano a mano con los responsables de la empresa para plasmar en este documento todos los hitos de la compa\u00f1\u00eda y explicar de la forma m\u00e1s clara posible el balance econ\u00f3mico del ejercicio 2022.<\/p>\r\n\r\n\r\n\r\n<p style=\"font-weight: 400;\">Si quieres sorprender con tu memoria anual, <a href=\"https:\/\/www.plataformadecomunicacio.com\/es\/contacto\/\">contacta con Plataforma de Comunicaci\u00f3<\/a> y te haremos una propuesta a medida.<\/p>\r\n","protected":false},"excerpt":{"rendered":"<p>La memoria, adem\u00e1s de ser un documento financiero, tambi\u00e9n es un escaparate para la empresa ante sus accionistas y clientes. En muchas empresas el inicio de a\u00f1o empieza con la redacci\u00f3n de la memoria anual corporativa para presentar los resultados a principios del segundo trimestre. Aunque las memorias anuales se suelen asociar a las empresas [&hellip;]<\/p>\n","protected":false},"author":2,"featured_media":10397,"comment_status":"closed","ping_status":"open","sticky":false,"template":"","format":"standard","meta":{"footnotes":""},"categories":[55,56],"tags":[247,58,162,160,246,248,59,249],"class_list":["post-10400","post","type-post","status-publish","format-standard","has-post-thumbnail","hentry","category-comunicacio-es","category-news-es","tag-balance-anual","tag-comunicacio-corporativa-es","tag-comunicacion-externa-es","tag-comunicacion-interna-es","tag-memoria-anual-es","tag-memoria-corporativa-es","tag-plataforma-de-comunicacio-es","tag-redaccion-de-contenidos"],"yoast_head":"<!-- This site is optimized with the Yoast SEO plugin v26.1 - https:\/\/yoast.com\/wordpress\/plugins\/seo\/ -->\n<title>Elabora una memoria anual de forma sencilla<\/title>\n<meta name=\"description\" content=\"El equipo de periodistas de Plataforma de Comunicaci\u00f3 te ayuda a redactar una memoria anual clara, concreta, comprensible y atractiva.\" \/>\n<meta name=\"robots\" content=\"index, follow, max-snippet:-1, max-image-preview:large, max-video-preview:-1\" \/>\n<link rel=\"canonical\" href=\"https:\/\/www.plataformadecomunicacio.com\/elabora-memoria-anual-senzilla\/\" \/>\n<meta property=\"og:locale\" content=\"es_ES\" \/>\n<meta property=\"og:type\" content=\"article\" \/>\n<meta property=\"og:title\" content=\"Elabora una memoria anual de forma sencilla\" \/>\n<meta property=\"og:description\" content=\"El equipo de periodistas de Plataforma de Comunicaci\u00f3 te ayuda a redactar una memoria anual clara, concreta, comprensible y atractiva.\" \/>\n<meta property=\"og:url\" content=\"https:\/\/www.plataformadecomunicacio.com\/elabora-memoria-anual-senzilla\/\" \/>\n<meta property=\"og:site_name\" content=\"Plataforma de comunicaci\u00f3\" \/>\n<meta property=\"article:publisher\" content=\"https:\/\/www.facebook.com\/plataformadecomunicacio\/\" \/>\n<meta property=\"article:published_time\" content=\"2022-12-12T08:08:19+00:00\" \/>\n<meta property=\"article:modified_time\" content=\"2022-12-12T08:09:33+00:00\" \/>\n<meta property=\"og:image\" content=\"https:\/\/www.plataformadecomunicacio.com\/wp-content\/uploads\/2022\/12\/Memoria-anual-13-setembr..jpeg\" \/>\n\t<meta property=\"og:image:width\" content=\"1132\" \/>\n\t<meta property=\"og:image:height\" content=\"750\" \/>\n\t<meta property=\"og:image:type\" content=\"image\/jpeg\" \/>\n<meta name=\"author\" content=\"Plataforma de Comunicaci\u00f3\" \/>\n<meta name=\"twitter:card\" content=\"summary_large_image\" \/>\n<meta name=\"twitter:creator\" content=\"@PlataformadeCom\" \/>\n<meta name=\"twitter:site\" content=\"@PlataformadeCom\" \/>\n<meta name=\"twitter:label1\" content=\"Escrito por\" \/>\n\t<meta name=\"twitter:data1\" content=\"Plataforma de Comunicaci\u00f3\" \/>\n\t<meta name=\"twitter:label2\" content=\"Tiempo de lectura\" \/>\n\t<meta name=\"twitter:data2\" content=\"3 minutos\" \/>\n<script type=\"application\/ld+json\" class=\"yoast-schema-graph\">{\"@context\":\"https:\/\/schema.org\",\"@graph\":[{\"@type\":\"Article\",\"@id\":\"https:\/\/www.plataformadecomunicacio.com\/elabora-memoria-anual-senzilla\/#article\",\"isPartOf\":{\"@id\":\"https:\/\/www.plataformadecomunicacio.com\/elabora-memoria-anual-senzilla\/\"},\"author\":{\"name\":\"Plataforma de Comunicaci\u00f3\",\"@id\":\"https:\/\/www.plataformadecomunicacio.com\/#\/schema\/person\/a10597ea5a25cad7b4aac14e6a1672ed\"},\"headline\":\"Elabora una memoria anual de forma sencilla\u00a0\",\"datePublished\":\"2022-12-12T08:08:19+00:00\",\"dateModified\":\"2022-12-12T08:09:33+00:00\",\"mainEntityOfPage\":{\"@id\":\"https:\/\/www.plataformadecomunicacio.com\/elabora-memoria-anual-senzilla\/\"},\"wordCount\":561,\"publisher\":{\"@id\":\"https:\/\/www.plataformadecomunicacio.com\/#organization\"},\"image\":{\"@id\":\"https:\/\/www.plataformadecomunicacio.com\/elabora-memoria-anual-senzilla\/#primaryimage\"},\"thumbnailUrl\":\"https:\/\/www.plataformadecomunicacio.com\/wp-content\/uploads\/2022\/12\/Memoria-anual-13-setembr..jpeg\",\"keywords\":[\"balance anual\",\"comunicaci\u00f3 corporativa\",\"comunicaci\u00f3n externa\",\"comunicaci\u00f3n interna\",\"memoria anual\",\"memoria corporativa\",\"Plataforma de Comunicaci\u00f3\",\"redacci\u00f3n de contenidos\"],\"articleSection\":[\"Comunicaci\u00f3\",\"News\"],\"inLanguage\":\"es\"},{\"@type\":\"WebPage\",\"@id\":\"https:\/\/www.plataformadecomunicacio.com\/elabora-memoria-anual-senzilla\/\",\"url\":\"https:\/\/www.plataformadecomunicacio.com\/elabora-memoria-anual-senzilla\/\",\"name\":\"Elabora una memoria anual de forma sencilla\",\"isPartOf\":{\"@id\":\"https:\/\/www.plataformadecomunicacio.com\/#website\"},\"primaryImageOfPage\":{\"@id\":\"https:\/\/www.plataformadecomunicacio.com\/elabora-memoria-anual-senzilla\/#primaryimage\"},\"image\":{\"@id\":\"https:\/\/www.plataformadecomunicacio.com\/elabora-memoria-anual-senzilla\/#primaryimage\"},\"thumbnailUrl\":\"https:\/\/www.plataformadecomunicacio.com\/wp-content\/uploads\/2022\/12\/Memoria-anual-13-setembr..jpeg\",\"datePublished\":\"2022-12-12T08:08:19+00:00\",\"dateModified\":\"2022-12-12T08:09:33+00:00\",\"description\":\"El equipo de periodistas de Plataforma de Comunicaci\u00f3 te ayuda a redactar una memoria anual clara, concreta, comprensible y atractiva.\",\"breadcrumb\":{\"@id\":\"https:\/\/www.plataformadecomunicacio.com\/elabora-memoria-anual-senzilla\/#breadcrumb\"},\"inLanguage\":\"es\",\"potentialAction\":[{\"@type\":\"ReadAction\",\"target\":[\"https:\/\/www.plataformadecomunicacio.com\/elabora-memoria-anual-senzilla\/\"]}]},{\"@type\":\"ImageObject\",\"inLanguage\":\"es\",\"@id\":\"https:\/\/www.plataformadecomunicacio.com\/elabora-memoria-anual-senzilla\/#primaryimage\",\"url\":\"https:\/\/www.plataformadecomunicacio.com\/wp-content\/uploads\/2022\/12\/Memoria-anual-13-setembr..jpeg\",\"contentUrl\":\"https:\/\/www.plataformadecomunicacio.com\/wp-content\/uploads\/2022\/12\/Memoria-anual-13-setembr..jpeg\",\"width\":1132,\"height\":750,\"caption\":\"Mem\u00f2ria anual Plataforma de Comunicaci\u00f3\"},{\"@type\":\"BreadcrumbList\",\"@id\":\"https:\/\/www.plataformadecomunicacio.com\/elabora-memoria-anual-senzilla\/#breadcrumb\",\"itemListElement\":[{\"@type\":\"ListItem\",\"position\":1,\"name\":\"Home\",\"item\":\"https:\/\/www.plataformadecomunicacio.com\/es\/inicio\/\"},{\"@type\":\"ListItem\",\"position\":2,\"name\":\"Elabora una memoria anual de forma sencilla\u00a0\"}]},{\"@type\":\"WebSite\",\"@id\":\"https:\/\/www.plataformadecomunicacio.com\/#website\",\"url\":\"https:\/\/www.plataformadecomunicacio.com\/\",\"name\":\"Plataforma de comunicaci\u00f3\",\"description\":\"Comuniquem junts\",\"publisher\":{\"@id\":\"https:\/\/www.plataformadecomunicacio.com\/#organization\"},\"potentialAction\":[{\"@type\":\"SearchAction\",\"target\":{\"@type\":\"EntryPoint\",\"urlTemplate\":\"https:\/\/www.plataformadecomunicacio.com\/?s={search_term_string}\"},\"query-input\":{\"@type\":\"PropertyValueSpecification\",\"valueRequired\":true,\"valueName\":\"search_term_string\"}}],\"inLanguage\":\"es\"},{\"@type\":\"Organization\",\"@id\":\"https:\/\/www.plataformadecomunicacio.com\/#organization\",\"name\":\"Plataforma de comunicaci\u00f3\",\"url\":\"https:\/\/www.plataformadecomunicacio.com\/\",\"logo\":{\"@type\":\"ImageObject\",\"inLanguage\":\"es\",\"@id\":\"https:\/\/www.plataformadecomunicacio.com\/#\/schema\/logo\/image\/\",\"url\":\"https:\/\/www.plataformadecomunicacio.com\/wp-content\/uploads\/2019\/02\/Logo_plataforma.png\",\"contentUrl\":\"https:\/\/www.plataformadecomunicacio.com\/wp-content\/uploads\/2019\/02\/Logo_plataforma.png\",\"width\":505,\"height\":320,\"caption\":\"Plataforma de comunicaci\u00f3\"},\"image\":{\"@id\":\"https:\/\/www.plataformadecomunicacio.com\/#\/schema\/logo\/image\/\"},\"sameAs\":[\"https:\/\/www.facebook.com\/plataformadecomunicacio\/\",\"https:\/\/x.com\/PlataformadeCom\",\"https:\/\/www.linkedin.com\/company\/plataforma-de-comunicaci\u00f3\/\",\"https:\/\/www.youtube.com\/channel\/UCQ4-7CGw0atul0BbEAN5S9w\"]},{\"@type\":\"Person\",\"@id\":\"https:\/\/www.plataformadecomunicacio.com\/#\/schema\/person\/a10597ea5a25cad7b4aac14e6a1672ed\",\"name\":\"Plataforma de Comunicaci\u00f3\",\"image\":{\"@type\":\"ImageObject\",\"inLanguage\":\"es\",\"@id\":\"https:\/\/www.plataformadecomunicacio.com\/#\/schema\/person\/image\/\",\"url\":\"https:\/\/secure.gravatar.com\/avatar\/cd26adb9e219d2135afc19eaeefcbaa63ae195f53dcce0bebf04fcc05c3dc7b4?s=96&d=mm&r=g\",\"contentUrl\":\"https:\/\/secure.gravatar.com\/avatar\/cd26adb9e219d2135afc19eaeefcbaa63ae195f53dcce0bebf04fcc05c3dc7b4?s=96&d=mm&r=g\",\"caption\":\"Plataforma de Comunicaci\u00f3\"},\"sameAs\":[\"http:\/\/plataformadecomunicacio.com\"],\"url\":\"https:\/\/www.plataformadecomunicacio.com\/es\/author\/plataforma\/\"}]}<\/script>\n<!-- \/ Yoast SEO plugin. -->","yoast_head_json":{"title":"Elabora una memoria anual de forma sencilla","description":"El equipo de periodistas de Plataforma de Comunicaci\u00f3 te ayuda a redactar una memoria anual clara, concreta, comprensible y atractiva.","robots":{"index":"index","follow":"follow","max-snippet":"max-snippet:-1","max-image-preview":"max-image-preview:large","max-video-preview":"max-video-preview:-1"},"canonical":"https:\/\/www.plataformadecomunicacio.com\/elabora-memoria-anual-senzilla\/","og_locale":"es_ES","og_type":"article","og_title":"Elabora una memoria anual de forma sencilla","og_description":"El equipo de periodistas de Plataforma de Comunicaci\u00f3 te ayuda a redactar una memoria anual clara, concreta, comprensible y atractiva.","og_url":"https:\/\/www.plataformadecomunicacio.com\/elabora-memoria-anual-senzilla\/","og_site_name":"Plataforma de comunicaci\u00f3","article_publisher":"https:\/\/www.facebook.com\/plataformadecomunicacio\/","article_published_time":"2022-12-12T08:08:19+00:00","article_modified_time":"2022-12-12T08:09:33+00:00","og_image":[{"width":1132,"height":750,"url":"https:\/\/www.plataformadecomunicacio.com\/wp-content\/uploads\/2022\/12\/Memoria-anual-13-setembr..jpeg","type":"image\/jpeg"}],"author":"Plataforma de Comunicaci\u00f3","twitter_card":"summary_large_image","twitter_creator":"@PlataformadeCom","twitter_site":"@PlataformadeCom","twitter_misc":{"Escrito por":"Plataforma de Comunicaci\u00f3","Tiempo de lectura":"3 minutos"},"schema":{"@context":"https:\/\/schema.org","@graph":[{"@type":"Article","@id":"https:\/\/www.plataformadecomunicacio.com\/elabora-memoria-anual-senzilla\/#article","isPartOf":{"@id":"https:\/\/www.plataformadecomunicacio.com\/elabora-memoria-anual-senzilla\/"},"author":{"name":"Plataforma de Comunicaci\u00f3","@id":"https:\/\/www.plataformadecomunicacio.com\/#\/schema\/person\/a10597ea5a25cad7b4aac14e6a1672ed"},"headline":"Elabora una memoria anual de forma sencilla\u00a0","datePublished":"2022-12-12T08:08:19+00:00","dateModified":"2022-12-12T08:09:33+00:00","mainEntityOfPage":{"@id":"https:\/\/www.plataformadecomunicacio.com\/elabora-memoria-anual-senzilla\/"},"wordCount":561,"publisher":{"@id":"https:\/\/www.plataformadecomunicacio.com\/#organization"},"image":{"@id":"https:\/\/www.plataformadecomunicacio.com\/elabora-memoria-anual-senzilla\/#primaryimage"},"thumbnailUrl":"https:\/\/www.plataformadecomunicacio.com\/wp-content\/uploads\/2022\/12\/Memoria-anual-13-setembr..jpeg","keywords":["balance anual","comunicaci\u00f3 corporativa","comunicaci\u00f3n externa","comunicaci\u00f3n interna","memoria anual","memoria corporativa","Plataforma de Comunicaci\u00f3","redacci\u00f3n de contenidos"],"articleSection":["Comunicaci\u00f3","News"],"inLanguage":"es"},{"@type":"WebPage","@id":"https:\/\/www.plataformadecomunicacio.com\/elabora-memoria-anual-senzilla\/","url":"https:\/\/www.plataformadecomunicacio.com\/elabora-memoria-anual-senzilla\/","name":"Elabora una memoria anual de forma sencilla","isPartOf":{"@id":"https:\/\/www.plataformadecomunicacio.com\/#website"},"primaryImageOfPage":{"@id":"https:\/\/www.plataformadecomunicacio.com\/elabora-memoria-anual-senzilla\/#primaryimage"},"image":{"@id":"https:\/\/www.plataformadecomunicacio.com\/elabora-memoria-anual-senzilla\/#primaryimage"},"thumbnailUrl":"https:\/\/www.plataformadecomunicacio.com\/wp-content\/uploads\/2022\/12\/Memoria-anual-13-setembr..jpeg","datePublished":"2022-12-12T08:08:19+00:00","dateModified":"2022-12-12T08:09:33+00:00","description":"El equipo de periodistas de Plataforma de Comunicaci\u00f3 te ayuda a redactar una memoria anual clara, concreta, comprensible y atractiva.","breadcrumb":{"@id":"https:\/\/www.plataformadecomunicacio.com\/elabora-memoria-anual-senzilla\/#breadcrumb"},"inLanguage":"es","potentialAction":[{"@type":"ReadAction","target":["https:\/\/www.plataformadecomunicacio.com\/elabora-memoria-anual-senzilla\/"]}]},{"@type":"ImageObject","inLanguage":"es","@id":"https:\/\/www.plataformadecomunicacio.com\/elabora-memoria-anual-senzilla\/#primaryimage","url":"https:\/\/www.plataformadecomunicacio.com\/wp-content\/uploads\/2022\/12\/Memoria-anual-13-setembr..jpeg","contentUrl":"https:\/\/www.plataformadecomunicacio.com\/wp-content\/uploads\/2022\/12\/Memoria-anual-13-setembr..jpeg","width":1132,"height":750,"caption":"Mem\u00f2ria anual Plataforma de Comunicaci\u00f3"},{"@type":"BreadcrumbList","@id":"https:\/\/www.plataformadecomunicacio.com\/elabora-memoria-anual-senzilla\/#breadcrumb","itemListElement":[{"@type":"ListItem","position":1,"name":"Home","item":"https:\/\/www.plataformadecomunicacio.com\/es\/inicio\/"},{"@type":"ListItem","position":2,"name":"Elabora una memoria anual de forma sencilla\u00a0"}]},{"@type":"WebSite","@id":"https:\/\/www.plataformadecomunicacio.com\/#website","url":"https:\/\/www.plataformadecomunicacio.com\/","name":"Plataforma de comunicaci\u00f3","description":"Comuniquem junts","publisher":{"@id":"https:\/\/www.plataformadecomunicacio.com\/#organization"},"potentialAction":[{"@type":"SearchAction","target":{"@type":"EntryPoint","urlTemplate":"https:\/\/www.plataformadecomunicacio.com\/?s={search_term_string}"},"query-input":{"@type":"PropertyValueSpecification","valueRequired":true,"valueName":"search_term_string"}}],"inLanguage":"es"},{"@type":"Organization","@id":"https:\/\/www.plataformadecomunicacio.com\/#organization","name":"Plataforma de comunicaci\u00f3","url":"https:\/\/www.plataformadecomunicacio.com\/","logo":{"@type":"ImageObject","inLanguage":"es","@id":"https:\/\/www.plataformadecomunicacio.com\/#\/schema\/logo\/image\/","url":"https:\/\/www.plataformadecomunicacio.com\/wp-content\/uploads\/2019\/02\/Logo_plataforma.png","contentUrl":"https:\/\/www.plataformadecomunicacio.com\/wp-content\/uploads\/2019\/02\/Logo_plataforma.png","width":505,"height":320,"caption":"Plataforma de comunicaci\u00f3"},"image":{"@id":"https:\/\/www.plataformadecomunicacio.com\/#\/schema\/logo\/image\/"},"sameAs":["https:\/\/www.facebook.com\/plataformadecomunicacio\/","https:\/\/x.com\/PlataformadeCom","https:\/\/www.linkedin.com\/company\/plataforma-de-comunicaci\u00f3\/","https:\/\/www.youtube.com\/channel\/UCQ4-7CGw0atul0BbEAN5S9w"]},{"@type":"Person","@id":"https:\/\/www.plataformadecomunicacio.com\/#\/schema\/person\/a10597ea5a25cad7b4aac14e6a1672ed","name":"Plataforma de Comunicaci\u00f3","image":{"@type":"ImageObject","inLanguage":"es","@id":"https:\/\/www.plataformadecomunicacio.com\/#\/schema\/person\/image\/","url":"https:\/\/secure.gravatar.com\/avatar\/cd26adb9e219d2135afc19eaeefcbaa63ae195f53dcce0bebf04fcc05c3dc7b4?s=96&d=mm&r=g","contentUrl":"https:\/\/secure.gravatar.com\/avatar\/cd26adb9e219d2135afc19eaeefcbaa63ae195f53dcce0bebf04fcc05c3dc7b4?s=96&d=mm&r=g","caption":"Plataforma de Comunicaci\u00f3"},"sameAs":["http:\/\/plataformadecomunicacio.com"],"url":"https:\/\/www.plataformadecomunicacio.com\/es\/author\/plataforma\/"}]}},"_links":{"self":[{"href":"https:\/\/www.plataformadecomunicacio.com\/es\/wp-json\/wp\/v2\/posts\/10400","targetHints":{"allow":["GET"]}}],"collection":[{"href":"https:\/\/www.plataformadecomunicacio.com\/es\/wp-json\/wp\/v2\/posts"}],"about":[{"href":"https:\/\/www.plataformadecomunicacio.com\/es\/wp-json\/wp\/v2\/types\/post"}],"author":[{"embeddable":true,"href":"https:\/\/www.plataformadecomunicacio.com\/es\/wp-json\/wp\/v2\/users\/2"}],"replies":[{"embeddable":true,"href":"https:\/\/www.plataformadecomunicacio.com\/es\/wp-json\/wp\/v2\/comments?post=10400"}],"version-history":[{"count":1,"href":"https:\/\/www.plataformadecomunicacio.com\/es\/wp-json\/wp\/v2\/posts\/10400\/revisions"}],"predecessor-version":[{"id":10401,"href":"https:\/\/www.plataformadecomunicacio.com\/es\/wp-json\/wp\/v2\/posts\/10400\/revisions\/10401"}],"wp:featuredmedia":[{"embeddable":true,"href":"https:\/\/www.plataformadecomunicacio.com\/es\/wp-json\/wp\/v2\/media\/10397"}],"wp:attachment":[{"href":"https:\/\/www.plataformadecomunicacio.com\/es\/wp-json\/wp\/v2\/media?parent=10400"}],"wp:term":[{"taxonomy":"category","embeddable":true,"href":"https:\/\/www.plataformadecomunicacio.com\/es\/wp-json\/wp\/v2\/categories?post=10400"},{"taxonomy":"post_tag","embeddable":true,"href":"https:\/\/www.plataformadecomunicacio.com\/es\/wp-json\/wp\/v2\/tags?post=10400"}],"curies":[{"name":"wp","href":"https:\/\/api.w.org\/{rel}","templated":true}]}}