{"id":10568,"date":"2023-05-26T12:32:40","date_gmt":"2023-05-26T11:32:40","guid":{"rendered":"https:\/\/www.plataformadecomunicacio.com\/las-exposiciones-como-forma-de-comunicar\/"},"modified":"2023-05-26T12:36:01","modified_gmt":"2023-05-26T11:36:01","slug":"las-exposiciones-como-forma-de-comunicar","status":"publish","type":"post","link":"https:\/\/www.plataformadecomunicacio.com\/es\/las-exposiciones-como-forma-de-comunicar\/","title":{"rendered":"Las exposiciones como forma de comunicar"},"content":{"rendered":"\n<p>Las exposiciones son una de las <strong>soluciones visuales<\/strong> m\u00e1s atractivas que tenemos al alcance a la hora de dirigirnos a un p\u00fablico numeroso de forma presencial. M\u00e1s all\u00e1 del mundo del arte, las exposiciones son de mucha utilidad para empresas, organizaciones o particulares a la hora de mostrar una informaci\u00f3n relevante de forma clara y entendedora. <\/p>\n\n\n\n<p>La intenci\u00f3n principal de una exposici\u00f3n es tratar la de <strong>despertar el inter\u00e9s<\/strong> del p\u00fablico, captar su atenci\u00f3n y plantear una o varias ideas sobre las cuales profundizar. La tem\u00e1tica que puede abarcar una exposici\u00f3n no tiene limitaciones, todo es cuesti\u00f3n de saberlo plantear. <\/p>\n\n\n\n<p>Una de las claves de una exposici\u00f3n es que se pueda <strong>entender por s\u00ed misma<\/strong>. A trav\u00e9s de las im\u00e1genes y el texto, la persona que contempla la muestra tiene que poder guiarse de forma aut\u00f3noma sin la necesidad de explicaciones externas. <h3><strong>Proyectos Plataforma de Comunicaci\u00f3<\/strong><\/h3> En la <em>Plataforma de Comunicaci\u00f3<\/em> tenemos experiencia en la creaci\u00f3n de exposiciones. A trav\u00e9s del proyecto <strong>\u201cLa mem\u00f2ria de les dones\u201d<\/strong> se ha buscado recuperar la memoria de varios municipios, como son <strong>\u00d2dena y Alpicat<\/strong>, a partir del papel que tuvieron las mujeres del territorio. Para hacerlo, una de las herramientas principales para plasmar los contenidos han sido las exposiciones, tal y como se observa en la imagen.<\/p>\n\n\n\n<figure class=\"wp-block-image aligncenter size-large is-resized\"><img loading=\"lazy\" decoding=\"async\" src=\"https:\/\/www.plataformadecomunicacio.com\/wp-content\/uploads\/2023\/05\/230306-33-1030x687.jpg\" alt=\"\" class=\"wp-image-10560\" width=\"482\" height=\"321\" srcset=\"https:\/\/www.plataformadecomunicacio.com\/wp-content\/uploads\/2023\/05\/230306-33-1030x687.jpg 1030w, https:\/\/www.plataformadecomunicacio.com\/wp-content\/uploads\/2023\/05\/230306-33-300x200.jpg 300w, https:\/\/www.plataformadecomunicacio.com\/wp-content\/uploads\/2023\/05\/230306-33-768x512.jpg 768w, https:\/\/www.plataformadecomunicacio.com\/wp-content\/uploads\/2023\/05\/230306-33-705x470.jpg 705w, https:\/\/www.plataformadecomunicacio.com\/wp-content\/uploads\/2023\/05\/230306-33.jpg 1479w\" sizes=\"auto, (max-width: 482px) 100vw, 482px\" \/><figcaption class=\"wp-element-caption\">Exposici\u00f3n \u00abLa mem\u00f2ria de les dones d&#8217;\u00d2dena\u00bb<\/figcaption><\/figure>\n\n\n\n<p>Otro de los proyectos llevados a cabo por la <em>Plataforma de Comunicaci\u00f3<\/em>\u00a0y trabajados tambi\u00e9n mediante las exposiciones es la <strong>Jornada de Puertas Abiertas del Canal Badalona<\/strong>. Esta jornada cont\u00f3 con una muestra que explicaba visualmente el proceso de transformaci\u00f3n y mejora del nuevo canal de la ciudad de Badalona. La combinaci\u00f3n de im\u00e1genes del pasado, del presente y de la representaci\u00f3n del futuro propiciaba el inter\u00e9s del p\u00fablico para entender la evoluci\u00f3n que estaba teniendo este espacio. <\/p>\n\n\n\n<p>En este sentido, es importante crear un recorrido que pueda incluir varios <strong>plafones<\/strong>, de manera que la informaci\u00f3n no se concentre en un solo punto sino que vaya apareciendo poco a poco y de forma amable para la vista y los sentidos. El p\u00fablico tiene que poder fluir con la exposici\u00f3n y dejarse llevar.<\/p>\n\n\n\n<figure class=\"wp-block-image aligncenter size-large is-resized\"><img loading=\"lazy\" decoding=\"async\" src=\"https:\/\/www.plataformadecomunicacio.com\/wp-content\/uploads\/2023\/05\/DSC_6455-1030x715.jpg\" alt=\"\" class=\"wp-image-10562\" width=\"482\" height=\"321\"\/><figcaption class=\"wp-element-caption\">Exposici\u00f3n \u00abBadalona abra\u00e7a el mar\u00bb<\/figcaption><\/figure>\n\n\n\n<h3 class=\"wp-block-heading\"><strong>El dise\u00f1o<\/strong><\/h3>\n\n\n\n<p>Es por eso que, adem\u00e1s del contenido, es tambi\u00e9n muy importante poner especial <strong>atenci\u00f3n al dise\u00f1o<\/strong>. La informaci\u00f3n tiene que estar muy estructurada y repartida en el espacio, sin abusar demasiado del texto y destacando aquellas partes que no pueden pasar desapercibidas. <\/p>\n\n\n\n<p>El correcto entendimiento entre el profesional que trata la informaci\u00f3n y el dise\u00f1ador\/a que se encarga de la creaci\u00f3n visual nos puede dar la <strong>f\u00f3rmula del \u00e9xito<\/strong> para crear una buena exposici\u00f3n.<\/p>\n\n\n\n<figure class=\"wp-block-image aligncenter size-large is-resized\"><img loading=\"lazy\" decoding=\"async\" src=\"https:\/\/www.plataformadecomunicacio.com\/wp-content\/uploads\/2023\/05\/IMG20230308191142-1030x772.jpg\" alt=\"\" class=\"wp-image-10564\" width=\"482\" height=\"359\"\/><figcaption class=\"wp-element-caption\">Exposici\u00f3n \u00abLa mem\u00f2ria de les dones d&#8217;Alpicat\u00bb<\/figcaption><\/figure>\n","protected":false},"excerpt":{"rendered":"<p>Las exposiciones son una de las soluciones visuales m\u00e1s atractivas que tenemos al alcance a la hora de dirigirnos a un p\u00fablico numeroso de forma presencial. M\u00e1s all\u00e1 del mundo del arte, las exposiciones son de mucha utilidad para empresas, organizaciones o particulares a la hora de mostrar una informaci\u00f3n relevante de forma clara y [&hellip;]<\/p>\n","protected":false},"author":2,"featured_media":10563,"comment_status":"closed","ping_status":"open","sticky":false,"template":"","format":"standard","meta":{"footnotes":""},"categories":[55,56],"tags":[57,58,162,254,255,59],"class_list":["post-10568","post","type-post","status-publish","format-standard","has-post-thumbnail","hentry","category-comunicacio-es","category-news-es","tag-comunicacio-es","tag-comunicacio-corporativa-es","tag-comunicacion-externa-es","tag-exposicion","tag-exposiciones","tag-plataforma-de-comunicacio-es"],"yoast_head":"<!-- This site is optimized with the Yoast SEO plugin v26.1 - https:\/\/yoast.com\/wordpress\/plugins\/seo\/ -->\n<title>Las exposiciones como forma de comunicar - Plataforma de comunicaci\u00f3<\/title>\n<meta name=\"description\" content=\"Las exposiciones son una de las soluciones visuales m\u00e1s atractivas que tenemos al alcance a la hora de dirigirnos a un p\u00fablico numeroso de forma presencial.\" \/>\n<meta name=\"robots\" content=\"index, follow, max-snippet:-1, max-image-preview:large, max-video-preview:-1\" \/>\n<link rel=\"canonical\" href=\"https:\/\/www.plataformadecomunicacio.com\/es\/las-exposiciones-como-forma-de-comunicar\/\" \/>\n<meta property=\"og:locale\" content=\"es_ES\" \/>\n<meta property=\"og:type\" content=\"article\" \/>\n<meta property=\"og:title\" content=\"Las exposiciones como forma de comunicar - Plataforma de comunicaci\u00f3\" \/>\n<meta property=\"og:description\" content=\"Las exposiciones son una de las soluciones visuales m\u00e1s atractivas que tenemos al alcance a la hora de dirigirnos a un p\u00fablico numeroso de forma presencial.\" \/>\n<meta property=\"og:url\" content=\"https:\/\/www.plataformadecomunicacio.com\/es\/las-exposiciones-como-forma-de-comunicar\/\" \/>\n<meta property=\"og:site_name\" content=\"Plataforma de comunicaci\u00f3\" \/>\n<meta property=\"article:publisher\" content=\"https:\/\/www.facebook.com\/plataformadecomunicacio\/\" \/>\n<meta property=\"article:published_time\" content=\"2023-05-26T11:32:40+00:00\" \/>\n<meta property=\"article:modified_time\" content=\"2023-05-26T11:36:01+00:00\" \/>\n<meta property=\"og:image\" content=\"https:\/\/www.plataformadecomunicacio.com\/wp-content\/uploads\/2023\/05\/DSC_6455-1030x715.jpg\" \/>\n\t<meta property=\"og:image:width\" content=\"1030\" \/>\n\t<meta property=\"og:image:height\" content=\"715\" \/>\n\t<meta property=\"og:image:type\" content=\"image\/jpeg\" \/>\n<meta name=\"author\" content=\"Plataforma de Comunicaci\u00f3\" \/>\n<meta name=\"twitter:card\" content=\"summary_large_image\" \/>\n<meta name=\"twitter:creator\" content=\"@PlataformadeCom\" \/>\n<meta name=\"twitter:site\" content=\"@PlataformadeCom\" \/>\n<meta name=\"twitter:label1\" content=\"Escrito por\" \/>\n\t<meta name=\"twitter:data1\" content=\"Plataforma de Comunicaci\u00f3\" \/>\n\t<meta name=\"twitter:label2\" content=\"Tiempo de lectura\" \/>\n\t<meta name=\"twitter:data2\" content=\"4 minutos\" \/>\n<script type=\"application\/ld+json\" class=\"yoast-schema-graph\">{\"@context\":\"https:\/\/schema.org\",\"@graph\":[{\"@type\":\"Article\",\"@id\":\"https:\/\/www.plataformadecomunicacio.com\/es\/las-exposiciones-como-forma-de-comunicar\/#article\",\"isPartOf\":{\"@id\":\"https:\/\/www.plataformadecomunicacio.com\/es\/las-exposiciones-como-forma-de-comunicar\/\"},\"author\":{\"name\":\"Plataforma de Comunicaci\u00f3\",\"@id\":\"https:\/\/www.plataformadecomunicacio.com\/#\/schema\/person\/a10597ea5a25cad7b4aac14e6a1672ed\"},\"headline\":\"Las exposiciones como forma de comunicar\",\"datePublished\":\"2023-05-26T11:32:40+00:00\",\"dateModified\":\"2023-05-26T11:36:01+00:00\",\"mainEntityOfPage\":{\"@id\":\"https:\/\/www.plataformadecomunicacio.com\/es\/las-exposiciones-como-forma-de-comunicar\/\"},\"wordCount\":497,\"publisher\":{\"@id\":\"https:\/\/www.plataformadecomunicacio.com\/#organization\"},\"image\":{\"@id\":\"https:\/\/www.plataformadecomunicacio.com\/es\/las-exposiciones-como-forma-de-comunicar\/#primaryimage\"},\"thumbnailUrl\":\"https:\/\/www.plataformadecomunicacio.com\/wp-content\/uploads\/2023\/05\/DSC_6455-scaled.jpg\",\"keywords\":[\"comunicaci\u00f3\",\"comunicaci\u00f3 corporativa\",\"comunicaci\u00f3n externa\",\"exposici\u00f3n\",\"exposiciones\",\"Plataforma de Comunicaci\u00f3\"],\"articleSection\":[\"Comunicaci\u00f3\",\"News\"],\"inLanguage\":\"es\"},{\"@type\":\"WebPage\",\"@id\":\"https:\/\/www.plataformadecomunicacio.com\/es\/las-exposiciones-como-forma-de-comunicar\/\",\"url\":\"https:\/\/www.plataformadecomunicacio.com\/es\/las-exposiciones-como-forma-de-comunicar\/\",\"name\":\"Las exposiciones como forma de comunicar - Plataforma de comunicaci\u00f3\",\"isPartOf\":{\"@id\":\"https:\/\/www.plataformadecomunicacio.com\/#website\"},\"primaryImageOfPage\":{\"@id\":\"https:\/\/www.plataformadecomunicacio.com\/es\/las-exposiciones-como-forma-de-comunicar\/#primaryimage\"},\"image\":{\"@id\":\"https:\/\/www.plataformadecomunicacio.com\/es\/las-exposiciones-como-forma-de-comunicar\/#primaryimage\"},\"thumbnailUrl\":\"https:\/\/www.plataformadecomunicacio.com\/wp-content\/uploads\/2023\/05\/DSC_6455-scaled.jpg\",\"datePublished\":\"2023-05-26T11:32:40+00:00\",\"dateModified\":\"2023-05-26T11:36:01+00:00\",\"description\":\"Las exposiciones son una de las soluciones visuales m\u00e1s atractivas que tenemos al alcance a la hora de dirigirnos a un p\u00fablico numeroso de forma presencial.\",\"breadcrumb\":{\"@id\":\"https:\/\/www.plataformadecomunicacio.com\/es\/las-exposiciones-como-forma-de-comunicar\/#breadcrumb\"},\"inLanguage\":\"es\",\"potentialAction\":[{\"@type\":\"ReadAction\",\"target\":[\"https:\/\/www.plataformadecomunicacio.com\/es\/las-exposiciones-como-forma-de-comunicar\/\"]}]},{\"@type\":\"ImageObject\",\"inLanguage\":\"es\",\"@id\":\"https:\/\/www.plataformadecomunicacio.com\/es\/las-exposiciones-como-forma-de-comunicar\/#primaryimage\",\"url\":\"https:\/\/www.plataformadecomunicacio.com\/wp-content\/uploads\/2023\/05\/DSC_6455-scaled.jpg\",\"contentUrl\":\"https:\/\/www.plataformadecomunicacio.com\/wp-content\/uploads\/2023\/05\/DSC_6455-scaled.jpg\",\"width\":2560,\"height\":1776,\"caption\":\"Estructura met\u00e1lica que simboliza la creatividad y el valor social de los proyectos de la Plataforma de Ideas.\"},{\"@type\":\"BreadcrumbList\",\"@id\":\"https:\/\/www.plataformadecomunicacio.com\/es\/las-exposiciones-como-forma-de-comunicar\/#breadcrumb\",\"itemListElement\":[{\"@type\":\"ListItem\",\"position\":1,\"name\":\"Home\",\"item\":\"https:\/\/www.plataformadecomunicacio.com\/es\/inicio\/\"},{\"@type\":\"ListItem\",\"position\":2,\"name\":\"Las exposiciones como forma de comunicar\"}]},{\"@type\":\"WebSite\",\"@id\":\"https:\/\/www.plataformadecomunicacio.com\/#website\",\"url\":\"https:\/\/www.plataformadecomunicacio.com\/\",\"name\":\"Plataforma de comunicaci\u00f3\",\"description\":\"Comuniquem junts\",\"publisher\":{\"@id\":\"https:\/\/www.plataformadecomunicacio.com\/#organization\"},\"potentialAction\":[{\"@type\":\"SearchAction\",\"target\":{\"@type\":\"EntryPoint\",\"urlTemplate\":\"https:\/\/www.plataformadecomunicacio.com\/?s={search_term_string}\"},\"query-input\":{\"@type\":\"PropertyValueSpecification\",\"valueRequired\":true,\"valueName\":\"search_term_string\"}}],\"inLanguage\":\"es\"},{\"@type\":\"Organization\",\"@id\":\"https:\/\/www.plataformadecomunicacio.com\/#organization\",\"name\":\"Plataforma de comunicaci\u00f3\",\"url\":\"https:\/\/www.plataformadecomunicacio.com\/\",\"logo\":{\"@type\":\"ImageObject\",\"inLanguage\":\"es\",\"@id\":\"https:\/\/www.plataformadecomunicacio.com\/#\/schema\/logo\/image\/\",\"url\":\"https:\/\/www.plataformadecomunicacio.com\/wp-content\/uploads\/2019\/02\/Logo_plataforma.png\",\"contentUrl\":\"https:\/\/www.plataformadecomunicacio.com\/wp-content\/uploads\/2019\/02\/Logo_plataforma.png\",\"width\":505,\"height\":320,\"caption\":\"Plataforma de comunicaci\u00f3\"},\"image\":{\"@id\":\"https:\/\/www.plataformadecomunicacio.com\/#\/schema\/logo\/image\/\"},\"sameAs\":[\"https:\/\/www.facebook.com\/plataformadecomunicacio\/\",\"https:\/\/x.com\/PlataformadeCom\",\"https:\/\/www.linkedin.com\/company\/plataforma-de-comunicaci\u00f3\/\",\"https:\/\/www.youtube.com\/channel\/UCQ4-7CGw0atul0BbEAN5S9w\"]},{\"@type\":\"Person\",\"@id\":\"https:\/\/www.plataformadecomunicacio.com\/#\/schema\/person\/a10597ea5a25cad7b4aac14e6a1672ed\",\"name\":\"Plataforma de Comunicaci\u00f3\",\"image\":{\"@type\":\"ImageObject\",\"inLanguage\":\"es\",\"@id\":\"https:\/\/www.plataformadecomunicacio.com\/#\/schema\/person\/image\/\",\"url\":\"https:\/\/secure.gravatar.com\/avatar\/cd26adb9e219d2135afc19eaeefcbaa63ae195f53dcce0bebf04fcc05c3dc7b4?s=96&d=mm&r=g\",\"contentUrl\":\"https:\/\/secure.gravatar.com\/avatar\/cd26adb9e219d2135afc19eaeefcbaa63ae195f53dcce0bebf04fcc05c3dc7b4?s=96&d=mm&r=g\",\"caption\":\"Plataforma de Comunicaci\u00f3\"},\"sameAs\":[\"http:\/\/plataformadecomunicacio.com\"],\"url\":\"https:\/\/www.plataformadecomunicacio.com\/es\/author\/plataforma\/\"}]}<\/script>\n<!-- \/ Yoast SEO plugin. -->","yoast_head_json":{"title":"Las exposiciones como forma de comunicar - Plataforma de comunicaci\u00f3","description":"Las exposiciones son una de las soluciones visuales m\u00e1s atractivas que tenemos al alcance a la hora de dirigirnos a un p\u00fablico numeroso de forma presencial.","robots":{"index":"index","follow":"follow","max-snippet":"max-snippet:-1","max-image-preview":"max-image-preview:large","max-video-preview":"max-video-preview:-1"},"canonical":"https:\/\/www.plataformadecomunicacio.com\/es\/las-exposiciones-como-forma-de-comunicar\/","og_locale":"es_ES","og_type":"article","og_title":"Las exposiciones como forma de comunicar - Plataforma de comunicaci\u00f3","og_description":"Las exposiciones son una de las soluciones visuales m\u00e1s atractivas que tenemos al alcance a la hora de dirigirnos a un p\u00fablico numeroso de forma presencial.","og_url":"https:\/\/www.plataformadecomunicacio.com\/es\/las-exposiciones-como-forma-de-comunicar\/","og_site_name":"Plataforma de comunicaci\u00f3","article_publisher":"https:\/\/www.facebook.com\/plataformadecomunicacio\/","article_published_time":"2023-05-26T11:32:40+00:00","article_modified_time":"2023-05-26T11:36:01+00:00","og_image":[{"width":1030,"height":715,"url":"https:\/\/www.plataformadecomunicacio.com\/wp-content\/uploads\/2023\/05\/DSC_6455-1030x715.jpg","type":"image\/jpeg"}],"author":"Plataforma de Comunicaci\u00f3","twitter_card":"summary_large_image","twitter_creator":"@PlataformadeCom","twitter_site":"@PlataformadeCom","twitter_misc":{"Escrito por":"Plataforma de Comunicaci\u00f3","Tiempo de lectura":"4 minutos"},"schema":{"@context":"https:\/\/schema.org","@graph":[{"@type":"Article","@id":"https:\/\/www.plataformadecomunicacio.com\/es\/las-exposiciones-como-forma-de-comunicar\/#article","isPartOf":{"@id":"https:\/\/www.plataformadecomunicacio.com\/es\/las-exposiciones-como-forma-de-comunicar\/"},"author":{"name":"Plataforma de Comunicaci\u00f3","@id":"https:\/\/www.plataformadecomunicacio.com\/#\/schema\/person\/a10597ea5a25cad7b4aac14e6a1672ed"},"headline":"Las exposiciones como forma de comunicar","datePublished":"2023-05-26T11:32:40+00:00","dateModified":"2023-05-26T11:36:01+00:00","mainEntityOfPage":{"@id":"https:\/\/www.plataformadecomunicacio.com\/es\/las-exposiciones-como-forma-de-comunicar\/"},"wordCount":497,"publisher":{"@id":"https:\/\/www.plataformadecomunicacio.com\/#organization"},"image":{"@id":"https:\/\/www.plataformadecomunicacio.com\/es\/las-exposiciones-como-forma-de-comunicar\/#primaryimage"},"thumbnailUrl":"https:\/\/www.plataformadecomunicacio.com\/wp-content\/uploads\/2023\/05\/DSC_6455-scaled.jpg","keywords":["comunicaci\u00f3","comunicaci\u00f3 corporativa","comunicaci\u00f3n externa","exposici\u00f3n","exposiciones","Plataforma de Comunicaci\u00f3"],"articleSection":["Comunicaci\u00f3","News"],"inLanguage":"es"},{"@type":"WebPage","@id":"https:\/\/www.plataformadecomunicacio.com\/es\/las-exposiciones-como-forma-de-comunicar\/","url":"https:\/\/www.plataformadecomunicacio.com\/es\/las-exposiciones-como-forma-de-comunicar\/","name":"Las exposiciones como forma de comunicar - Plataforma de comunicaci\u00f3","isPartOf":{"@id":"https:\/\/www.plataformadecomunicacio.com\/#website"},"primaryImageOfPage":{"@id":"https:\/\/www.plataformadecomunicacio.com\/es\/las-exposiciones-como-forma-de-comunicar\/#primaryimage"},"image":{"@id":"https:\/\/www.plataformadecomunicacio.com\/es\/las-exposiciones-como-forma-de-comunicar\/#primaryimage"},"thumbnailUrl":"https:\/\/www.plataformadecomunicacio.com\/wp-content\/uploads\/2023\/05\/DSC_6455-scaled.jpg","datePublished":"2023-05-26T11:32:40+00:00","dateModified":"2023-05-26T11:36:01+00:00","description":"Las exposiciones son una de las soluciones visuales m\u00e1s atractivas que tenemos al alcance a la hora de dirigirnos a un p\u00fablico numeroso de forma presencial.","breadcrumb":{"@id":"https:\/\/www.plataformadecomunicacio.com\/es\/las-exposiciones-como-forma-de-comunicar\/#breadcrumb"},"inLanguage":"es","potentialAction":[{"@type":"ReadAction","target":["https:\/\/www.plataformadecomunicacio.com\/es\/las-exposiciones-como-forma-de-comunicar\/"]}]},{"@type":"ImageObject","inLanguage":"es","@id":"https:\/\/www.plataformadecomunicacio.com\/es\/las-exposiciones-como-forma-de-comunicar\/#primaryimage","url":"https:\/\/www.plataformadecomunicacio.com\/wp-content\/uploads\/2023\/05\/DSC_6455-scaled.jpg","contentUrl":"https:\/\/www.plataformadecomunicacio.com\/wp-content\/uploads\/2023\/05\/DSC_6455-scaled.jpg","width":2560,"height":1776,"caption":"Estructura met\u00e1lica que simboliza la creatividad y el valor social de los proyectos de la Plataforma de Ideas."},{"@type":"BreadcrumbList","@id":"https:\/\/www.plataformadecomunicacio.com\/es\/las-exposiciones-como-forma-de-comunicar\/#breadcrumb","itemListElement":[{"@type":"ListItem","position":1,"name":"Home","item":"https:\/\/www.plataformadecomunicacio.com\/es\/inicio\/"},{"@type":"ListItem","position":2,"name":"Las exposiciones como forma de comunicar"}]},{"@type":"WebSite","@id":"https:\/\/www.plataformadecomunicacio.com\/#website","url":"https:\/\/www.plataformadecomunicacio.com\/","name":"Plataforma de comunicaci\u00f3","description":"Comuniquem junts","publisher":{"@id":"https:\/\/www.plataformadecomunicacio.com\/#organization"},"potentialAction":[{"@type":"SearchAction","target":{"@type":"EntryPoint","urlTemplate":"https:\/\/www.plataformadecomunicacio.com\/?s={search_term_string}"},"query-input":{"@type":"PropertyValueSpecification","valueRequired":true,"valueName":"search_term_string"}}],"inLanguage":"es"},{"@type":"Organization","@id":"https:\/\/www.plataformadecomunicacio.com\/#organization","name":"Plataforma de comunicaci\u00f3","url":"https:\/\/www.plataformadecomunicacio.com\/","logo":{"@type":"ImageObject","inLanguage":"es","@id":"https:\/\/www.plataformadecomunicacio.com\/#\/schema\/logo\/image\/","url":"https:\/\/www.plataformadecomunicacio.com\/wp-content\/uploads\/2019\/02\/Logo_plataforma.png","contentUrl":"https:\/\/www.plataformadecomunicacio.com\/wp-content\/uploads\/2019\/02\/Logo_plataforma.png","width":505,"height":320,"caption":"Plataforma de comunicaci\u00f3"},"image":{"@id":"https:\/\/www.plataformadecomunicacio.com\/#\/schema\/logo\/image\/"},"sameAs":["https:\/\/www.facebook.com\/plataformadecomunicacio\/","https:\/\/x.com\/PlataformadeCom","https:\/\/www.linkedin.com\/company\/plataforma-de-comunicaci\u00f3\/","https:\/\/www.youtube.com\/channel\/UCQ4-7CGw0atul0BbEAN5S9w"]},{"@type":"Person","@id":"https:\/\/www.plataformadecomunicacio.com\/#\/schema\/person\/a10597ea5a25cad7b4aac14e6a1672ed","name":"Plataforma de Comunicaci\u00f3","image":{"@type":"ImageObject","inLanguage":"es","@id":"https:\/\/www.plataformadecomunicacio.com\/#\/schema\/person\/image\/","url":"https:\/\/secure.gravatar.com\/avatar\/cd26adb9e219d2135afc19eaeefcbaa63ae195f53dcce0bebf04fcc05c3dc7b4?s=96&d=mm&r=g","contentUrl":"https:\/\/secure.gravatar.com\/avatar\/cd26adb9e219d2135afc19eaeefcbaa63ae195f53dcce0bebf04fcc05c3dc7b4?s=96&d=mm&r=g","caption":"Plataforma de Comunicaci\u00f3"},"sameAs":["http:\/\/plataformadecomunicacio.com"],"url":"https:\/\/www.plataformadecomunicacio.com\/es\/author\/plataforma\/"}]}},"_links":{"self":[{"href":"https:\/\/www.plataformadecomunicacio.com\/es\/wp-json\/wp\/v2\/posts\/10568","targetHints":{"allow":["GET"]}}],"collection":[{"href":"https:\/\/www.plataformadecomunicacio.com\/es\/wp-json\/wp\/v2\/posts"}],"about":[{"href":"https:\/\/www.plataformadecomunicacio.com\/es\/wp-json\/wp\/v2\/types\/post"}],"author":[{"embeddable":true,"href":"https:\/\/www.plataformadecomunicacio.com\/es\/wp-json\/wp\/v2\/users\/2"}],"replies":[{"embeddable":true,"href":"https:\/\/www.plataformadecomunicacio.com\/es\/wp-json\/wp\/v2\/comments?post=10568"}],"version-history":[{"count":1,"href":"https:\/\/www.plataformadecomunicacio.com\/es\/wp-json\/wp\/v2\/posts\/10568\/revisions"}],"predecessor-version":[{"id":10570,"href":"https:\/\/www.plataformadecomunicacio.com\/es\/wp-json\/wp\/v2\/posts\/10568\/revisions\/10570"}],"wp:featuredmedia":[{"embeddable":true,"href":"https:\/\/www.plataformadecomunicacio.com\/es\/wp-json\/wp\/v2\/media\/10563"}],"wp:attachment":[{"href":"https:\/\/www.plataformadecomunicacio.com\/es\/wp-json\/wp\/v2\/media?parent=10568"}],"wp:term":[{"taxonomy":"category","embeddable":true,"href":"https:\/\/www.plataformadecomunicacio.com\/es\/wp-json\/wp\/v2\/categories?post=10568"},{"taxonomy":"post_tag","embeddable":true,"href":"https:\/\/www.plataformadecomunicacio.com\/es\/wp-json\/wp\/v2\/tags?post=10568"}],"curies":[{"name":"wp","href":"https:\/\/api.w.org\/{rel}","templated":true}]}}