{"id":11290,"date":"2023-07-24T15:56:00","date_gmt":"2023-07-24T14:56:00","guid":{"rendered":"https:\/\/www.plataformadecomunicacio.com\/claves-para-gestionar-una-crisis-de-empresa\/"},"modified":"2023-07-24T16:35:38","modified_gmt":"2023-07-24T15:35:38","slug":"claves-para-gestionar-una-crisis-de-empresa","status":"publish","type":"post","link":"https:\/\/www.plataformadecomunicacio.com\/es\/claves-para-gestionar-una-crisis-de-empresa\/","title":{"rendered":"Claves para gestionar una crisis de empresa"},"content":{"rendered":"\n<style type=\"text\/css\" data-created_by=\"avia_inline_auto\" id=\"style-css-av-lkh02lsm-9432d62490272bbd70bf06dc35ab78e0\">\n.avia-image-container.av-lkh02lsm-9432d62490272bbd70bf06dc35ab78e0 img.avia_image{\nbox-shadow:none;\n}\n.avia-image-container.av-lkh02lsm-9432d62490272bbd70bf06dc35ab78e0 .av-image-caption-overlay-center{\ncolor:#ffffff;\n}\n<\/style>\n<div  class='avia-image-container av-lkh02lsm-9432d62490272bbd70bf06dc35ab78e0 av-styling- avia-align-center  avia-builder-el-0  el_before_av_textblock  avia-builder-el-first '   itemprop=\"image\" itemscope=\"itemscope\" itemtype=\"https:\/\/schema.org\/ImageObject\" ><div class=\"avia-image-container-inner\"><div class=\"avia-image-overlay-wrap\"><img decoding=\"async\" class='wp-image-11286 avia-img-lazy-loading-not-11286 avia_image ' src=\"https:\/\/www.plataformadecomunicacio.com\/wp-content\/uploads\/2023\/07\/gestio-crisi.jpeg\" alt='' title='gestio crisi'  height=\"1103\" width=\"1960\"  itemprop=\"thumbnailUrl\" srcset=\"https:\/\/www.plataformadecomunicacio.com\/wp-content\/uploads\/2023\/07\/gestio-crisi.jpeg 1960w, https:\/\/www.plataformadecomunicacio.com\/wp-content\/uploads\/2023\/07\/gestio-crisi-300x169.jpeg 300w, https:\/\/www.plataformadecomunicacio.com\/wp-content\/uploads\/2023\/07\/gestio-crisi-1030x580.jpeg 1030w, https:\/\/www.plataformadecomunicacio.com\/wp-content\/uploads\/2023\/07\/gestio-crisi-768x432.jpeg 768w, https:\/\/www.plataformadecomunicacio.com\/wp-content\/uploads\/2023\/07\/gestio-crisi-1536x864.jpeg 1536w, https:\/\/www.plataformadecomunicacio.com\/wp-content\/uploads\/2023\/07\/gestio-crisi-1500x844.jpeg 1500w, https:\/\/www.plataformadecomunicacio.com\/wp-content\/uploads\/2023\/07\/gestio-crisi-705x397.jpeg 705w\" sizes=\"(max-width: 1960px) 100vw, 1960px\" \/><\/div><\/div><\/div>\n<section  class='av_textblock_section av-lkh153sy-f05255c0edf7920379d6e85260954d24'  itemscope=\"itemscope\" itemtype=\"https:\/\/schema.org\/BlogPosting\" itemprop=\"blogPost\" ><div class='avia_textblock'  itemprop=\"text\" ><p>El Plan de Comunicaci\u00f3n de una empresa u organizaci\u00f3n tiene que <strong>tener siempre presente la posibilidad de que se produzcan situaciones imprevistas<\/strong> que puedan alterar el funcionamiento habitual. Muchas veces se plantean estrategias que solo contemplan situaciones ideales, donde todos los engranajes funcionan a la perfecci\u00f3n, cayendo en el error de obviar la planificaci\u00f3n en caso de crisis.<\/p>\n<p>Pero, \u00bfqu\u00e9 pasa cuando surge un problema o una situaci\u00f3n imprevista que altera la normalidad? \u00bfSabemos c\u00f3mo proceder en estas situaciones? En muchos casos la respuesta es negativa.<\/p>\n<p>Muchas empresas no contemplan escenarios de posible crisis y desconocen como tienen que actuar. Pero los imprevistos pasan y son mucho <strong>m\u00e1s habituales del que nos pensamos<\/strong>. De un momento a otro, a veces sin verlo venir, surgen problemas graves ante los cuales tenemos que dar una <strong>respuesta adecuada<\/strong>.<\/p>\n<p>A continuaci\u00f3n os ofrecemos una serie de claves a tener en cuenta para hacer frente a una situaci\u00f3n de crisis y saberla gestionar.<\/p>\n<ul>\n<li><strong>Prever los riesgos<\/strong><\/li>\n<\/ul>\n<p>Una muy buena manera de evitar crisis es prever lo que puede pasar. No se trata de tener una bola de cristal que nos pueda decir lo que suceder\u00e1 en un futuro, sino entender las amenazas o peligros que puede tener nuestra actividad y anticiparnos.<\/p>\n<p>Muchas veces las situaciones de crisis se pueden prever con anterioridad haciendo una buena evaluaci\u00f3n de los posibles riesgos que pueden derivar de la actividad de una empresa. Estos riesgos variar\u00e1n en funci\u00f3n del \u00e1mbito de actuaci\u00f3n que tengamos, y pueden revestir mayor o menor gravedad.<\/p>\n<ul>\n<li><strong>Evaluar el impacto<\/strong><\/li>\n<\/ul>\n<p>Antes de cualquier acci\u00f3n hay que tener muy clara cu\u00e1l es la situaci\u00f3n en la que se encuentra la empresa u organizaci\u00f3n. En este sentido, habr\u00e1 que detectar muy bien las consecuencias negativas que ha originado el problema para determinar as\u00ed la gravedad del asunto.<\/p>\n<p>Localizar las causas tambi\u00e9n ser\u00e1 importante, pero primeramente nos centraremos en el problema y en c\u00f3mo solucionarlo. Cuando tengamos detectadas todas las afectaciones que ha tenido nuestra empresa podremos empezar a planificar c\u00f3mo ser\u00e1 nuestra acci\u00f3n.<\/p>\n<ul>\n<li><strong>Acci\u00f3n o contenci\u00f3n<\/strong><\/li>\n<\/ul>\n<p>A la hora de plantear la estrategia comunicativa que emplearemos tenemos varias opciones. Podemos optar para pasar a la acci\u00f3n y dar una respuesta m\u00e1s contundente, en caso de que estemos en condiciones de darla, o podemos decidir ser m\u00e1s conservadores y disponer de una estrategia de contenci\u00f3n en la que no nos interese tanto mostrarnos y responder sino gestionar la crisis desde la m\u00ednima exposici\u00f3n.<\/p>\n<p>Precisamente el concepto de exposici\u00f3n es muy importante puesto que seg\u00fan el caso nos puede interesar ser contundentes en la respuesta ante la crisis y en otros casos puede ser m\u00e1s interesante mantener un perfil bajo y no ampliar el grado de exposici\u00f3n.<\/p>\n<ul>\n<li><strong>Agilidad en la respuesta<\/strong><\/li>\n<\/ul>\n<p>Sea una u otra la estrategia, una vez decidida hay que abordar la crisis con agilidad y firmeza en nuestras acciones. Hay que seguir el camino trazado manteniendo una misma l\u00ednea y sin ofrecer la sensaci\u00f3n de dudas o de cambios de rumbo constantes. Por otro lado, no se contempla la opci\u00f3n de la inacci\u00f3n. Aunque la estrategia sea de contenci\u00f3n, hay que gestionarla y no dejarla a expensas de factores externos. Nosotros llevamos el tim\u00f3n de la gesti\u00f3n de crisis.<\/p>\n<ul>\n<li><strong>Controlar el mensaje<\/strong><\/li>\n<\/ul>\n<p>Una vez unificada la respuesta que queremos dar tendremos que controlar que el mensaje que llegue sea el correcto y no uno de tergiversado. Es habitual que del mensaje que nosotros emitamos los medios de comunicaci\u00f3n hagan su propia versi\u00f3n, a veces equ\u00edvoca. En este punto tendremos que ser muy cuidadosos y controlar al m\u00e1ximo las fuentes de comunicaci\u00f3n para que se mantenga una l\u00ednea inequ\u00edvoca y clara.<\/p>\n<p>Valorar con precisi\u00f3n cada uno de estos puntos nos servir\u00e1 para saber gestionar las crisis que puedan surgir en el s\u00ed de la empresa de una forma adecuada. Evitar que aparezcan situaciones de crisis es siempre muy complicado, pero podemos limitar al m\u00e1ximo el riesgo. Aun as\u00ed los imprevistos o accidentes suceden y hay que tener un Plan de Gesti\u00f3n de Crisis detallado y muy planificado.<\/p>\n<p>Cada caso es diferente, no hay dos crisis exactamente iguales y por eso hace falta que tengamos capacidad de adaptaci\u00f3n a cada situaci\u00f3n. <strong>Tener una base s\u00f3lida de actuaci\u00f3n siempre ser\u00e1 un buen punto de partida, y la planificaci\u00f3n es clave.<\/strong><\/p>\n<\/div><\/section>\n\n<style type=\"text\/css\" data-created_by=\"avia_inline_auto\" id=\"style-css-av-av_image-9d706b3169c0228652e334b704747250\">\n.avia-image-container.av-av_image-9d706b3169c0228652e334b704747250 img.avia_image{\nbox-shadow:none;\n}\n.avia-image-container.av-av_image-9d706b3169c0228652e334b704747250 .av-image-caption-overlay-center{\ncolor:#ffffff;\n}\n<\/style>\n<div  class='avia-image-container av-av_image-9d706b3169c0228652e334b704747250 av-styling- avia-align-center  avia-builder-el-2  el_after_av_textblock  avia-builder-el-last '   itemprop=\"image\" itemscope=\"itemscope\" itemtype=\"https:\/\/schema.org\/ImageObject\" ><div class=\"avia-image-container-inner\"><div class=\"avia-image-overlay-wrap\"><img decoding=\"async\" class='wp-image- avia-img-lazy-loading-not- avia_image ' src=\"https:\/\/www.plataformadecomunicacio.com\/wp-content\/themes\/enfold\/config-templatebuilder\/avia-template-builder\/images\/placeholder.jpg\" alt='' title=''   itemprop=\"thumbnailUrl\"  \/><\/div><\/div><\/div>\n","protected":false},"excerpt":{"rendered":"","protected":false},"author":2,"featured_media":11286,"comment_status":"closed","ping_status":"open","sticky":false,"template":"","format":"standard","meta":{"footnotes":""},"categories":[55,56],"tags":[57,58,257,149,258,148,59],"class_list":["post-11290","post","type-post","status-publish","format-standard","has-post-thumbnail","hentry","category-comunicacio-es","category-news-es","tag-comunicacio-es","tag-comunicacio-corporativa-es","tag-comunicacion-crisis-es","tag-comunicacion-de-crisis","tag-crisis-es","tag-plan-de-comunicacion-de-crisis","tag-plataforma-de-comunicacio-es"],"yoast_head":"<!-- This site is optimized with the Yoast SEO plugin v26.1 - https:\/\/yoast.com\/wordpress\/plugins\/seo\/ -->\n<title>Claves para gestionar una crisis de empresa - Plataforma de comunicaci\u00f3<\/title>\n<meta name=\"description\" content=\"Las crisis de empresa son m\u00e1s habituales de lo que nos pensamos. Cuando surgen hace falta estar preparados y dar una respuesta adecuada.\" \/>\n<meta name=\"robots\" content=\"index, follow, max-snippet:-1, max-image-preview:large, max-video-preview:-1\" \/>\n<link rel=\"canonical\" href=\"https:\/\/www.plataformadecomunicacio.com\/es\/claves-para-gestionar-una-crisis-de-empresa\/\" \/>\n<meta property=\"og:locale\" content=\"es_ES\" \/>\n<meta property=\"og:type\" content=\"article\" \/>\n<meta property=\"og:title\" content=\"Claves para gestionar una crisis de empresa - Plataforma de comunicaci\u00f3\" \/>\n<meta property=\"og:description\" content=\"Las crisis de empresa son m\u00e1s habituales de lo que nos pensamos. Cuando surgen hace falta estar preparados y dar una respuesta adecuada.\" \/>\n<meta property=\"og:url\" content=\"https:\/\/www.plataformadecomunicacio.com\/es\/claves-para-gestionar-una-crisis-de-empresa\/\" \/>\n<meta property=\"og:site_name\" content=\"Plataforma de comunicaci\u00f3\" \/>\n<meta property=\"article:publisher\" content=\"https:\/\/www.facebook.com\/plataformadecomunicacio\/\" \/>\n<meta property=\"article:published_time\" content=\"2023-07-24T14:56:00+00:00\" \/>\n<meta property=\"article:modified_time\" content=\"2023-07-24T15:35:38+00:00\" \/>\n<meta property=\"og:image\" content=\"https:\/\/www.plataformadecomunicacio.com\/wp-content\/uploads\/2023\/07\/gestio-crisi.jpeg\" \/>\n\t<meta property=\"og:image:width\" content=\"1960\" \/>\n\t<meta property=\"og:image:height\" content=\"1103\" \/>\n\t<meta property=\"og:image:type\" content=\"image\/jpeg\" \/>\n<meta name=\"author\" content=\"Plataforma de Comunicaci\u00f3\" \/>\n<meta name=\"twitter:card\" content=\"summary_large_image\" \/>\n<meta name=\"twitter:creator\" content=\"@PlataformadeCom\" \/>\n<meta name=\"twitter:site\" content=\"@PlataformadeCom\" \/>\n<meta name=\"twitter:label1\" content=\"Escrito por\" \/>\n\t<meta name=\"twitter:data1\" content=\"Plataforma de Comunicaci\u00f3\" \/>\n\t<meta name=\"twitter:label2\" content=\"Tiempo de lectura\" \/>\n\t<meta name=\"twitter:data2\" content=\"6 minutos\" \/>\n<script type=\"application\/ld+json\" class=\"yoast-schema-graph\">{\"@context\":\"https:\/\/schema.org\",\"@graph\":[{\"@type\":\"Article\",\"@id\":\"https:\/\/www.plataformadecomunicacio.com\/es\/claves-para-gestionar-una-crisis-de-empresa\/#article\",\"isPartOf\":{\"@id\":\"https:\/\/www.plataformadecomunicacio.com\/es\/claves-para-gestionar-una-crisis-de-empresa\/\"},\"author\":{\"name\":\"Plataforma de Comunicaci\u00f3\",\"@id\":\"https:\/\/www.plataformadecomunicacio.com\/#\/schema\/person\/a10597ea5a25cad7b4aac14e6a1672ed\"},\"headline\":\"Claves para gestionar una crisis de empresa\",\"datePublished\":\"2023-07-24T14:56:00+00:00\",\"dateModified\":\"2023-07-24T15:35:38+00:00\",\"mainEntityOfPage\":{\"@id\":\"https:\/\/www.plataformadecomunicacio.com\/es\/claves-para-gestionar-una-crisis-de-empresa\/\"},\"wordCount\":1325,\"publisher\":{\"@id\":\"https:\/\/www.plataformadecomunicacio.com\/#organization\"},\"image\":{\"@id\":\"https:\/\/www.plataformadecomunicacio.com\/es\/claves-para-gestionar-una-crisis-de-empresa\/#primaryimage\"},\"thumbnailUrl\":\"https:\/\/www.plataformadecomunicacio.com\/wp-content\/uploads\/2023\/07\/gestio-crisi.jpeg\",\"keywords\":[\"comunicaci\u00f3\",\"comunicaci\u00f3 corporativa\",\"Comunicaci\u00f3n crisis\",\"comunicaci\u00f3n de crisis\",\"crisis\",\"Plan de comunicaci\u00f3n de crisis\",\"Plataforma de Comunicaci\u00f3\"],\"articleSection\":[\"Comunicaci\u00f3\",\"News\"],\"inLanguage\":\"es\"},{\"@type\":\"WebPage\",\"@id\":\"https:\/\/www.plataformadecomunicacio.com\/es\/claves-para-gestionar-una-crisis-de-empresa\/\",\"url\":\"https:\/\/www.plataformadecomunicacio.com\/es\/claves-para-gestionar-una-crisis-de-empresa\/\",\"name\":\"Claves para gestionar una crisis de empresa - Plataforma de comunicaci\u00f3\",\"isPartOf\":{\"@id\":\"https:\/\/www.plataformadecomunicacio.com\/#website\"},\"primaryImageOfPage\":{\"@id\":\"https:\/\/www.plataformadecomunicacio.com\/es\/claves-para-gestionar-una-crisis-de-empresa\/#primaryimage\"},\"image\":{\"@id\":\"https:\/\/www.plataformadecomunicacio.com\/es\/claves-para-gestionar-una-crisis-de-empresa\/#primaryimage\"},\"thumbnailUrl\":\"https:\/\/www.plataformadecomunicacio.com\/wp-content\/uploads\/2023\/07\/gestio-crisi.jpeg\",\"datePublished\":\"2023-07-24T14:56:00+00:00\",\"dateModified\":\"2023-07-24T15:35:38+00:00\",\"description\":\"Las crisis de empresa son m\u00e1s habituales de lo que nos pensamos. Cuando surgen hace falta estar preparados y dar una respuesta adecuada.\",\"breadcrumb\":{\"@id\":\"https:\/\/www.plataformadecomunicacio.com\/es\/claves-para-gestionar-una-crisis-de-empresa\/#breadcrumb\"},\"inLanguage\":\"es\",\"potentialAction\":[{\"@type\":\"ReadAction\",\"target\":[\"https:\/\/www.plataformadecomunicacio.com\/es\/claves-para-gestionar-una-crisis-de-empresa\/\"]}]},{\"@type\":\"ImageObject\",\"inLanguage\":\"es\",\"@id\":\"https:\/\/www.plataformadecomunicacio.com\/es\/claves-para-gestionar-una-crisis-de-empresa\/#primaryimage\",\"url\":\"https:\/\/www.plataformadecomunicacio.com\/wp-content\/uploads\/2023\/07\/gestio-crisi.jpeg\",\"contentUrl\":\"https:\/\/www.plataformadecomunicacio.com\/wp-content\/uploads\/2023\/07\/gestio-crisi.jpeg\",\"width\":1960,\"height\":1103},{\"@type\":\"BreadcrumbList\",\"@id\":\"https:\/\/www.plataformadecomunicacio.com\/es\/claves-para-gestionar-una-crisis-de-empresa\/#breadcrumb\",\"itemListElement\":[{\"@type\":\"ListItem\",\"position\":1,\"name\":\"Home\",\"item\":\"https:\/\/www.plataformadecomunicacio.com\/es\/inicio\/\"},{\"@type\":\"ListItem\",\"position\":2,\"name\":\"Claves para gestionar una crisis de empresa\"}]},{\"@type\":\"WebSite\",\"@id\":\"https:\/\/www.plataformadecomunicacio.com\/#website\",\"url\":\"https:\/\/www.plataformadecomunicacio.com\/\",\"name\":\"Plataforma de comunicaci\u00f3\",\"description\":\"Comuniquem junts\",\"publisher\":{\"@id\":\"https:\/\/www.plataformadecomunicacio.com\/#organization\"},\"potentialAction\":[{\"@type\":\"SearchAction\",\"target\":{\"@type\":\"EntryPoint\",\"urlTemplate\":\"https:\/\/www.plataformadecomunicacio.com\/?s={search_term_string}\"},\"query-input\":{\"@type\":\"PropertyValueSpecification\",\"valueRequired\":true,\"valueName\":\"search_term_string\"}}],\"inLanguage\":\"es\"},{\"@type\":\"Organization\",\"@id\":\"https:\/\/www.plataformadecomunicacio.com\/#organization\",\"name\":\"Plataforma de comunicaci\u00f3\",\"url\":\"https:\/\/www.plataformadecomunicacio.com\/\",\"logo\":{\"@type\":\"ImageObject\",\"inLanguage\":\"es\",\"@id\":\"https:\/\/www.plataformadecomunicacio.com\/#\/schema\/logo\/image\/\",\"url\":\"https:\/\/www.plataformadecomunicacio.com\/wp-content\/uploads\/2019\/02\/Logo_plataforma.png\",\"contentUrl\":\"https:\/\/www.plataformadecomunicacio.com\/wp-content\/uploads\/2019\/02\/Logo_plataforma.png\",\"width\":505,\"height\":320,\"caption\":\"Plataforma de comunicaci\u00f3\"},\"image\":{\"@id\":\"https:\/\/www.plataformadecomunicacio.com\/#\/schema\/logo\/image\/\"},\"sameAs\":[\"https:\/\/www.facebook.com\/plataformadecomunicacio\/\",\"https:\/\/x.com\/PlataformadeCom\",\"https:\/\/www.linkedin.com\/company\/plataforma-de-comunicaci\u00f3\/\",\"https:\/\/www.youtube.com\/channel\/UCQ4-7CGw0atul0BbEAN5S9w\"]},{\"@type\":\"Person\",\"@id\":\"https:\/\/www.plataformadecomunicacio.com\/#\/schema\/person\/a10597ea5a25cad7b4aac14e6a1672ed\",\"name\":\"Plataforma de Comunicaci\u00f3\",\"image\":{\"@type\":\"ImageObject\",\"inLanguage\":\"es\",\"@id\":\"https:\/\/www.plataformadecomunicacio.com\/#\/schema\/person\/image\/\",\"url\":\"https:\/\/secure.gravatar.com\/avatar\/cd26adb9e219d2135afc19eaeefcbaa63ae195f53dcce0bebf04fcc05c3dc7b4?s=96&d=mm&r=g\",\"contentUrl\":\"https:\/\/secure.gravatar.com\/avatar\/cd26adb9e219d2135afc19eaeefcbaa63ae195f53dcce0bebf04fcc05c3dc7b4?s=96&d=mm&r=g\",\"caption\":\"Plataforma de Comunicaci\u00f3\"},\"sameAs\":[\"http:\/\/plataformadecomunicacio.com\"],\"url\":\"https:\/\/www.plataformadecomunicacio.com\/es\/author\/plataforma\/\"}]}<\/script>\n<!-- \/ Yoast SEO plugin. -->","yoast_head_json":{"title":"Claves para gestionar una crisis de empresa - Plataforma de comunicaci\u00f3","description":"Las crisis de empresa son m\u00e1s habituales de lo que nos pensamos. Cuando surgen hace falta estar preparados y dar una respuesta adecuada.","robots":{"index":"index","follow":"follow","max-snippet":"max-snippet:-1","max-image-preview":"max-image-preview:large","max-video-preview":"max-video-preview:-1"},"canonical":"https:\/\/www.plataformadecomunicacio.com\/es\/claves-para-gestionar-una-crisis-de-empresa\/","og_locale":"es_ES","og_type":"article","og_title":"Claves para gestionar una crisis de empresa - Plataforma de comunicaci\u00f3","og_description":"Las crisis de empresa son m\u00e1s habituales de lo que nos pensamos. Cuando surgen hace falta estar preparados y dar una respuesta adecuada.","og_url":"https:\/\/www.plataformadecomunicacio.com\/es\/claves-para-gestionar-una-crisis-de-empresa\/","og_site_name":"Plataforma de comunicaci\u00f3","article_publisher":"https:\/\/www.facebook.com\/plataformadecomunicacio\/","article_published_time":"2023-07-24T14:56:00+00:00","article_modified_time":"2023-07-24T15:35:38+00:00","og_image":[{"width":1960,"height":1103,"url":"https:\/\/www.plataformadecomunicacio.com\/wp-content\/uploads\/2023\/07\/gestio-crisi.jpeg","type":"image\/jpeg"}],"author":"Plataforma de Comunicaci\u00f3","twitter_card":"summary_large_image","twitter_creator":"@PlataformadeCom","twitter_site":"@PlataformadeCom","twitter_misc":{"Escrito por":"Plataforma de Comunicaci\u00f3","Tiempo de lectura":"6 minutos"},"schema":{"@context":"https:\/\/schema.org","@graph":[{"@type":"Article","@id":"https:\/\/www.plataformadecomunicacio.com\/es\/claves-para-gestionar-una-crisis-de-empresa\/#article","isPartOf":{"@id":"https:\/\/www.plataformadecomunicacio.com\/es\/claves-para-gestionar-una-crisis-de-empresa\/"},"author":{"name":"Plataforma de Comunicaci\u00f3","@id":"https:\/\/www.plataformadecomunicacio.com\/#\/schema\/person\/a10597ea5a25cad7b4aac14e6a1672ed"},"headline":"Claves para gestionar una crisis de empresa","datePublished":"2023-07-24T14:56:00+00:00","dateModified":"2023-07-24T15:35:38+00:00","mainEntityOfPage":{"@id":"https:\/\/www.plataformadecomunicacio.com\/es\/claves-para-gestionar-una-crisis-de-empresa\/"},"wordCount":1325,"publisher":{"@id":"https:\/\/www.plataformadecomunicacio.com\/#organization"},"image":{"@id":"https:\/\/www.plataformadecomunicacio.com\/es\/claves-para-gestionar-una-crisis-de-empresa\/#primaryimage"},"thumbnailUrl":"https:\/\/www.plataformadecomunicacio.com\/wp-content\/uploads\/2023\/07\/gestio-crisi.jpeg","keywords":["comunicaci\u00f3","comunicaci\u00f3 corporativa","Comunicaci\u00f3n crisis","comunicaci\u00f3n de crisis","crisis","Plan de comunicaci\u00f3n de crisis","Plataforma de Comunicaci\u00f3"],"articleSection":["Comunicaci\u00f3","News"],"inLanguage":"es"},{"@type":"WebPage","@id":"https:\/\/www.plataformadecomunicacio.com\/es\/claves-para-gestionar-una-crisis-de-empresa\/","url":"https:\/\/www.plataformadecomunicacio.com\/es\/claves-para-gestionar-una-crisis-de-empresa\/","name":"Claves para gestionar una crisis de empresa - Plataforma de comunicaci\u00f3","isPartOf":{"@id":"https:\/\/www.plataformadecomunicacio.com\/#website"},"primaryImageOfPage":{"@id":"https:\/\/www.plataformadecomunicacio.com\/es\/claves-para-gestionar-una-crisis-de-empresa\/#primaryimage"},"image":{"@id":"https:\/\/www.plataformadecomunicacio.com\/es\/claves-para-gestionar-una-crisis-de-empresa\/#primaryimage"},"thumbnailUrl":"https:\/\/www.plataformadecomunicacio.com\/wp-content\/uploads\/2023\/07\/gestio-crisi.jpeg","datePublished":"2023-07-24T14:56:00+00:00","dateModified":"2023-07-24T15:35:38+00:00","description":"Las crisis de empresa son m\u00e1s habituales de lo que nos pensamos. Cuando surgen hace falta estar preparados y dar una respuesta adecuada.","breadcrumb":{"@id":"https:\/\/www.plataformadecomunicacio.com\/es\/claves-para-gestionar-una-crisis-de-empresa\/#breadcrumb"},"inLanguage":"es","potentialAction":[{"@type":"ReadAction","target":["https:\/\/www.plataformadecomunicacio.com\/es\/claves-para-gestionar-una-crisis-de-empresa\/"]}]},{"@type":"ImageObject","inLanguage":"es","@id":"https:\/\/www.plataformadecomunicacio.com\/es\/claves-para-gestionar-una-crisis-de-empresa\/#primaryimage","url":"https:\/\/www.plataformadecomunicacio.com\/wp-content\/uploads\/2023\/07\/gestio-crisi.jpeg","contentUrl":"https:\/\/www.plataformadecomunicacio.com\/wp-content\/uploads\/2023\/07\/gestio-crisi.jpeg","width":1960,"height":1103},{"@type":"BreadcrumbList","@id":"https:\/\/www.plataformadecomunicacio.com\/es\/claves-para-gestionar-una-crisis-de-empresa\/#breadcrumb","itemListElement":[{"@type":"ListItem","position":1,"name":"Home","item":"https:\/\/www.plataformadecomunicacio.com\/es\/inicio\/"},{"@type":"ListItem","position":2,"name":"Claves para gestionar una crisis de empresa"}]},{"@type":"WebSite","@id":"https:\/\/www.plataformadecomunicacio.com\/#website","url":"https:\/\/www.plataformadecomunicacio.com\/","name":"Plataforma de comunicaci\u00f3","description":"Comuniquem junts","publisher":{"@id":"https:\/\/www.plataformadecomunicacio.com\/#organization"},"potentialAction":[{"@type":"SearchAction","target":{"@type":"EntryPoint","urlTemplate":"https:\/\/www.plataformadecomunicacio.com\/?s={search_term_string}"},"query-input":{"@type":"PropertyValueSpecification","valueRequired":true,"valueName":"search_term_string"}}],"inLanguage":"es"},{"@type":"Organization","@id":"https:\/\/www.plataformadecomunicacio.com\/#organization","name":"Plataforma de comunicaci\u00f3","url":"https:\/\/www.plataformadecomunicacio.com\/","logo":{"@type":"ImageObject","inLanguage":"es","@id":"https:\/\/www.plataformadecomunicacio.com\/#\/schema\/logo\/image\/","url":"https:\/\/www.plataformadecomunicacio.com\/wp-content\/uploads\/2019\/02\/Logo_plataforma.png","contentUrl":"https:\/\/www.plataformadecomunicacio.com\/wp-content\/uploads\/2019\/02\/Logo_plataforma.png","width":505,"height":320,"caption":"Plataforma de comunicaci\u00f3"},"image":{"@id":"https:\/\/www.plataformadecomunicacio.com\/#\/schema\/logo\/image\/"},"sameAs":["https:\/\/www.facebook.com\/plataformadecomunicacio\/","https:\/\/x.com\/PlataformadeCom","https:\/\/www.linkedin.com\/company\/plataforma-de-comunicaci\u00f3\/","https:\/\/www.youtube.com\/channel\/UCQ4-7CGw0atul0BbEAN5S9w"]},{"@type":"Person","@id":"https:\/\/www.plataformadecomunicacio.com\/#\/schema\/person\/a10597ea5a25cad7b4aac14e6a1672ed","name":"Plataforma de Comunicaci\u00f3","image":{"@type":"ImageObject","inLanguage":"es","@id":"https:\/\/www.plataformadecomunicacio.com\/#\/schema\/person\/image\/","url":"https:\/\/secure.gravatar.com\/avatar\/cd26adb9e219d2135afc19eaeefcbaa63ae195f53dcce0bebf04fcc05c3dc7b4?s=96&d=mm&r=g","contentUrl":"https:\/\/secure.gravatar.com\/avatar\/cd26adb9e219d2135afc19eaeefcbaa63ae195f53dcce0bebf04fcc05c3dc7b4?s=96&d=mm&r=g","caption":"Plataforma de Comunicaci\u00f3"},"sameAs":["http:\/\/plataformadecomunicacio.com"],"url":"https:\/\/www.plataformadecomunicacio.com\/es\/author\/plataforma\/"}]}},"_links":{"self":[{"href":"https:\/\/www.plataformadecomunicacio.com\/es\/wp-json\/wp\/v2\/posts\/11290","targetHints":{"allow":["GET"]}}],"collection":[{"href":"https:\/\/www.plataformadecomunicacio.com\/es\/wp-json\/wp\/v2\/posts"}],"about":[{"href":"https:\/\/www.plataformadecomunicacio.com\/es\/wp-json\/wp\/v2\/types\/post"}],"author":[{"embeddable":true,"href":"https:\/\/www.plataformadecomunicacio.com\/es\/wp-json\/wp\/v2\/users\/2"}],"replies":[{"embeddable":true,"href":"https:\/\/www.plataformadecomunicacio.com\/es\/wp-json\/wp\/v2\/comments?post=11290"}],"version-history":[{"count":2,"href":"https:\/\/www.plataformadecomunicacio.com\/es\/wp-json\/wp\/v2\/posts\/11290\/revisions"}],"predecessor-version":[{"id":11297,"href":"https:\/\/www.plataformadecomunicacio.com\/es\/wp-json\/wp\/v2\/posts\/11290\/revisions\/11297"}],"wp:featuredmedia":[{"embeddable":true,"href":"https:\/\/www.plataformadecomunicacio.com\/es\/wp-json\/wp\/v2\/media\/11286"}],"wp:attachment":[{"href":"https:\/\/www.plataformadecomunicacio.com\/es\/wp-json\/wp\/v2\/media?parent=11290"}],"wp:term":[{"taxonomy":"category","embeddable":true,"href":"https:\/\/www.plataformadecomunicacio.com\/es\/wp-json\/wp\/v2\/categories?post=11290"},{"taxonomy":"post_tag","embeddable":true,"href":"https:\/\/www.plataformadecomunicacio.com\/es\/wp-json\/wp\/v2\/tags?post=11290"}],"curies":[{"name":"wp","href":"https:\/\/api.w.org\/{rel}","templated":true}]}}