{"id":11363,"date":"2024-03-04T12:32:28","date_gmt":"2024-03-04T11:32:28","guid":{"rendered":"https:\/\/www.plataformadecomunicacio.com\/a-vueltas-con-la-importancia-de-la-comunicacion-interna-en-las-organizaciones\/"},"modified":"2024-03-04T12:32:28","modified_gmt":"2024-03-04T11:32:28","slug":"a-vueltas-con-la-importancia-de-la-comunicacion-interna-en-las-organizaciones","status":"publish","type":"post","link":"https:\/\/www.plataformadecomunicacio.com\/es\/a-vueltas-con-la-importancia-de-la-comunicacion-interna-en-las-organizaciones\/","title":{"rendered":"A vueltas con la importancia de la Comunicaci\u00f3n Interna en las organizaciones"},"content":{"rendered":"<p>La comunicaci\u00f3n interna es un pilar fundamental en el eficiente funcionamiento de cualquier organizaci\u00f3n. Se refiere al intercambio de informaci\u00f3n, ideas y mensajes entre los distintos miembros de una empresa o instituci\u00f3n. A menudo se subestima su importancia, pero una comunicaci\u00f3n interna efectiva puede tener un impacto significativo en la productividad, el clima laboral y la cohesi\u00f3n del equipo.<\/p>\n<p><strong>Fomento de la cohesi\u00f3n y el trabajo en equipo<\/strong><\/p>\n<p>Una comunicaci\u00f3n interna clara y transparente fomenta la cohesi\u00f3n entre los miembros del equipo y promueve un sentido de pertenencia a la organizaci\u00f3n. Cuando los empleados se sienten informados y comprenden los objetivos y valores de la empresa, est\u00e1n m\u00e1s motivados para trabajar juntos hacia metas comunes. Adem\u00e1s, una comunicaci\u00f3n abierta facilita la colaboraci\u00f3n entre departamentos y niveles jer\u00e1rquicos, lo que contribuye a un ambiente de trabajo m\u00e1s armonioso y productivo.<\/p>\n<p><strong>Alineaci\u00f3n de objetivos y estrategias<\/strong><\/p>\n<p>La comunicaci\u00f3n interna es esencial para asegurar que todos los miembros de la organizaci\u00f3n est\u00e9n alineados con los objetivos y estrategias de la empresa. Cuando los l\u00edderes comunican claramente la visi\u00f3n y misi\u00f3n de la organizaci\u00f3n, as\u00ed como los planes para alcanzar estos objetivos, los empleados pueden entender c\u00f3mo su trabajo contribuye al \u00e9xito general de la empresa. Esto no s\u00f3lo aumenta la motivaci\u00f3n y el compromiso, sino que tambi\u00e9n evita malentendidos y conflictos causados \u200b\u200bpor una carencia de claridad.<\/p>\n<p><strong>Mejora del clima laboral y la satisfacci\u00f3n del empleado<\/strong><\/p>\n<p>Una comunicaci\u00f3n interna efectiva contribuye tambi\u00e9n a un clima laboral positivo ya la satisfacci\u00f3n de los empleados. Cuando las personas que forman parte de la organizaci\u00f3n se sienten escuchadas y tienen la oportunidad de expresar sus ideas y preocupaciones, fortalece el sentido de valoraci\u00f3n y pertenencia. Esto puede crear mayor lealtad hacia la empresa y una disminuci\u00f3n en la rotaci\u00f3n de personal. Asimismo, una comunicaci\u00f3n abierta y honesta sobre los cambios organizacionales o desaf\u00edos futuros ayuda a reducir la incertidumbre y el estr\u00e9s entre los empleados.<\/p>\n<p><strong>Incremento de la eficiencia y la productividad<\/strong><\/p>\n<p>La comunicaci\u00f3n interna efectiva tambi\u00e9n puede aumentar la eficiencia y la productividad dentro de la organizaci\u00f3n. Cuando las personas de la empresa tienen acceso a la informaci\u00f3n y los recursos que necesitan para realizar su trabajo de manera efectiva, pueden tomar decisiones informadas y trabajar de forma m\u00e1s eficiente. Adem\u00e1s, una comunicaci\u00f3n clara y directa sobre los procedimientos y expectativas de trabajo evita susceptibilidades y errores costosos.<\/p>\n<p>La comunicaci\u00f3n interna es un componente esencial para el \u00e9xito de cualquier organizaci\u00f3n. Facilita la cohesi\u00f3n del equipo, alinea a los empleados con los objetivos de la empresa, mejora el clima laboral y la satisfacci\u00f3n del empleado y aumenta la eficiencia y la productividad. Es fundamental que las empresas inviertan en estrategias y herramientas de comunicaci\u00f3n interna efectivas para garantizar su crecimiento y sostenibilidad a largo plazo.<\/p>\n<p>Desde Plataforma de Comunicaci\u00f3 podemos darle ideas y dise\u00f1ar propuestas a medida para mejorar la comunicaci\u00f3n interna de su organizaci\u00f3n, el clima y el buen ambiente de los equipos. Cuenta con nosotros.<\/p>\n","protected":false},"excerpt":{"rendered":"<p>La comunicaci\u00f3n interna es un pilar fundamental en el eficiente funcionamiento de cualquier organizaci\u00f3n. Se refiere al intercambio de informaci\u00f3n, ideas y mensajes entre los distintos miembros de una empresa o instituci\u00f3n. A menudo se subestima su importancia, pero una comunicaci\u00f3n interna efectiva puede tener un impacto significativo en la productividad, el clima laboral y [&hellip;]<\/p>\n","protected":false},"author":2,"featured_media":11356,"comment_status":"closed","ping_status":"open","sticky":false,"template":"","format":"standard","meta":{"footnotes":""},"categories":[55,56],"tags":[57,160,59],"class_list":["post-11363","post","type-post","status-publish","format-standard","has-post-thumbnail","hentry","category-comunicacio-es","category-news-es","tag-comunicacio-es","tag-comunicacion-interna-es","tag-plataforma-de-comunicacio-es"],"yoast_head":"<!-- This site is optimized with the Yoast SEO plugin v26.1 - https:\/\/yoast.com\/wordpress\/plugins\/seo\/ -->\n<title>A vueltas con la importancia de la Comunicaci\u00f3n Interna en las organizaciones - Plataforma de comunicaci\u00f3<\/title>\n<meta name=\"description\" content=\"La comunicaci\u00f3n interna es un pilar fundamental en el eficiente funcionamiento de cualquier organizaci\u00f3n. Se refiere al intercambio de informaci\u00f3n, ideas y mensajes entre los distintos miembros de una empresa o instituci\u00f3n.\" \/>\n<meta name=\"robots\" content=\"index, follow, max-snippet:-1, max-image-preview:large, max-video-preview:-1\" \/>\n<link rel=\"canonical\" href=\"https:\/\/www.plataformadecomunicacio.com\/a-voltes-amb-la-importancia-de-la-comunicacio-interna-a-les-organitzacions\/\" \/>\n<meta property=\"og:locale\" content=\"es_ES\" \/>\n<meta property=\"og:type\" content=\"article\" \/>\n<meta property=\"og:title\" content=\"A vueltas con la importancia de la Comunicaci\u00f3n Interna en las organizaciones - Plataforma de comunicaci\u00f3\" \/>\n<meta property=\"og:description\" content=\"La comunicaci\u00f3n interna es un pilar fundamental en el eficiente funcionamiento de cualquier organizaci\u00f3n. Se refiere al intercambio de informaci\u00f3n, ideas y mensajes entre los distintos miembros de una empresa o instituci\u00f3n.\" \/>\n<meta property=\"og:url\" content=\"https:\/\/www.plataformadecomunicacio.com\/a-voltes-amb-la-importancia-de-la-comunicacio-interna-a-les-organitzacions\/\" \/>\n<meta property=\"og:site_name\" content=\"Plataforma de comunicaci\u00f3\" \/>\n<meta property=\"article:publisher\" content=\"https:\/\/www.facebook.com\/plataformadecomunicacio\/\" \/>\n<meta property=\"article:published_time\" content=\"2024-03-04T11:32:28+00:00\" \/>\n<meta property=\"og:image\" content=\"https:\/\/www.plataformadecomunicacio.com\/wp-content\/uploads\/2024\/03\/pexels-fauxels-3183150-1030x687.jpg\" \/>\n\t<meta property=\"og:image:width\" content=\"1030\" \/>\n\t<meta property=\"og:image:height\" content=\"687\" \/>\n\t<meta property=\"og:image:type\" content=\"image\/jpeg\" \/>\n<meta name=\"author\" content=\"Plataforma de Comunicaci\u00f3\" \/>\n<meta name=\"twitter:card\" content=\"summary_large_image\" \/>\n<meta name=\"twitter:creator\" content=\"@PlataformadeCom\" \/>\n<meta name=\"twitter:site\" content=\"@PlataformadeCom\" \/>\n<meta name=\"twitter:label1\" content=\"Escrito por\" \/>\n\t<meta name=\"twitter:data1\" content=\"Plataforma de Comunicaci\u00f3\" \/>\n\t<meta name=\"twitter:label2\" content=\"Tiempo de lectura\" \/>\n\t<meta name=\"twitter:data2\" content=\"3 minutos\" \/>\n<script type=\"application\/ld+json\" class=\"yoast-schema-graph\">{\"@context\":\"https:\/\/schema.org\",\"@graph\":[{\"@type\":\"Article\",\"@id\":\"https:\/\/www.plataformadecomunicacio.com\/a-voltes-amb-la-importancia-de-la-comunicacio-interna-a-les-organitzacions\/#article\",\"isPartOf\":{\"@id\":\"https:\/\/www.plataformadecomunicacio.com\/a-voltes-amb-la-importancia-de-la-comunicacio-interna-a-les-organitzacions\/\"},\"author\":{\"name\":\"Plataforma de Comunicaci\u00f3\",\"@id\":\"https:\/\/www.plataformadecomunicacio.com\/#\/schema\/person\/a10597ea5a25cad7b4aac14e6a1672ed\"},\"headline\":\"A vueltas con la importancia de la Comunicaci\u00f3n Interna en las organizaciones\",\"datePublished\":\"2024-03-04T11:32:28+00:00\",\"mainEntityOfPage\":{\"@id\":\"https:\/\/www.plataformadecomunicacio.com\/a-voltes-amb-la-importancia-de-la-comunicacio-interna-a-les-organitzacions\/\"},\"wordCount\":560,\"publisher\":{\"@id\":\"https:\/\/www.plataformadecomunicacio.com\/#organization\"},\"image\":{\"@id\":\"https:\/\/www.plataformadecomunicacio.com\/a-voltes-amb-la-importancia-de-la-comunicacio-interna-a-les-organitzacions\/#primaryimage\"},\"thumbnailUrl\":\"https:\/\/www.plataformadecomunicacio.com\/wp-content\/uploads\/2024\/03\/pexels-fauxels-3183150-scaled.jpg\",\"keywords\":[\"comunicaci\u00f3\",\"comunicaci\u00f3n interna\",\"Plataforma de Comunicaci\u00f3\"],\"articleSection\":[\"Comunicaci\u00f3\",\"News\"],\"inLanguage\":\"es\"},{\"@type\":\"WebPage\",\"@id\":\"https:\/\/www.plataformadecomunicacio.com\/a-voltes-amb-la-importancia-de-la-comunicacio-interna-a-les-organitzacions\/\",\"url\":\"https:\/\/www.plataformadecomunicacio.com\/a-voltes-amb-la-importancia-de-la-comunicacio-interna-a-les-organitzacions\/\",\"name\":\"A vueltas con la importancia de la Comunicaci\u00f3n Interna en las organizaciones - Plataforma de comunicaci\u00f3\",\"isPartOf\":{\"@id\":\"https:\/\/www.plataformadecomunicacio.com\/#website\"},\"primaryImageOfPage\":{\"@id\":\"https:\/\/www.plataformadecomunicacio.com\/a-voltes-amb-la-importancia-de-la-comunicacio-interna-a-les-organitzacions\/#primaryimage\"},\"image\":{\"@id\":\"https:\/\/www.plataformadecomunicacio.com\/a-voltes-amb-la-importancia-de-la-comunicacio-interna-a-les-organitzacions\/#primaryimage\"},\"thumbnailUrl\":\"https:\/\/www.plataformadecomunicacio.com\/wp-content\/uploads\/2024\/03\/pexels-fauxels-3183150-scaled.jpg\",\"datePublished\":\"2024-03-04T11:32:28+00:00\",\"description\":\"La comunicaci\u00f3n interna es un pilar fundamental en el eficiente funcionamiento de cualquier organizaci\u00f3n. Se refiere al intercambio de informaci\u00f3n, ideas y mensajes entre los distintos miembros de una empresa o instituci\u00f3n.\",\"breadcrumb\":{\"@id\":\"https:\/\/www.plataformadecomunicacio.com\/a-voltes-amb-la-importancia-de-la-comunicacio-interna-a-les-organitzacions\/#breadcrumb\"},\"inLanguage\":\"es\",\"potentialAction\":[{\"@type\":\"ReadAction\",\"target\":[\"https:\/\/www.plataformadecomunicacio.com\/a-voltes-amb-la-importancia-de-la-comunicacio-interna-a-les-organitzacions\/\"]}]},{\"@type\":\"ImageObject\",\"inLanguage\":\"es\",\"@id\":\"https:\/\/www.plataformadecomunicacio.com\/a-voltes-amb-la-importancia-de-la-comunicacio-interna-a-les-organitzacions\/#primaryimage\",\"url\":\"https:\/\/www.plataformadecomunicacio.com\/wp-content\/uploads\/2024\/03\/pexels-fauxels-3183150-scaled.jpg\",\"contentUrl\":\"https:\/\/www.plataformadecomunicacio.com\/wp-content\/uploads\/2024\/03\/pexels-fauxels-3183150-scaled.jpg\",\"width\":2560,\"height\":1708},{\"@type\":\"BreadcrumbList\",\"@id\":\"https:\/\/www.plataformadecomunicacio.com\/a-voltes-amb-la-importancia-de-la-comunicacio-interna-a-les-organitzacions\/#breadcrumb\",\"itemListElement\":[{\"@type\":\"ListItem\",\"position\":1,\"name\":\"Home\",\"item\":\"https:\/\/www.plataformadecomunicacio.com\/es\/inicio\/\"},{\"@type\":\"ListItem\",\"position\":2,\"name\":\"A vueltas con la importancia de la Comunicaci\u00f3n Interna en las organizaciones\"}]},{\"@type\":\"WebSite\",\"@id\":\"https:\/\/www.plataformadecomunicacio.com\/#website\",\"url\":\"https:\/\/www.plataformadecomunicacio.com\/\",\"name\":\"Plataforma de comunicaci\u00f3\",\"description\":\"Comuniquem junts\",\"publisher\":{\"@id\":\"https:\/\/www.plataformadecomunicacio.com\/#organization\"},\"potentialAction\":[{\"@type\":\"SearchAction\",\"target\":{\"@type\":\"EntryPoint\",\"urlTemplate\":\"https:\/\/www.plataformadecomunicacio.com\/?s={search_term_string}\"},\"query-input\":{\"@type\":\"PropertyValueSpecification\",\"valueRequired\":true,\"valueName\":\"search_term_string\"}}],\"inLanguage\":\"es\"},{\"@type\":\"Organization\",\"@id\":\"https:\/\/www.plataformadecomunicacio.com\/#organization\",\"name\":\"Plataforma de comunicaci\u00f3\",\"url\":\"https:\/\/www.plataformadecomunicacio.com\/\",\"logo\":{\"@type\":\"ImageObject\",\"inLanguage\":\"es\",\"@id\":\"https:\/\/www.plataformadecomunicacio.com\/#\/schema\/logo\/image\/\",\"url\":\"https:\/\/www.plataformadecomunicacio.com\/wp-content\/uploads\/2019\/02\/Logo_plataforma.png\",\"contentUrl\":\"https:\/\/www.plataformadecomunicacio.com\/wp-content\/uploads\/2019\/02\/Logo_plataforma.png\",\"width\":505,\"height\":320,\"caption\":\"Plataforma de comunicaci\u00f3\"},\"image\":{\"@id\":\"https:\/\/www.plataformadecomunicacio.com\/#\/schema\/logo\/image\/\"},\"sameAs\":[\"https:\/\/www.facebook.com\/plataformadecomunicacio\/\",\"https:\/\/x.com\/PlataformadeCom\",\"https:\/\/www.linkedin.com\/company\/plataforma-de-comunicaci\u00f3\/\",\"https:\/\/www.youtube.com\/channel\/UCQ4-7CGw0atul0BbEAN5S9w\"]},{\"@type\":\"Person\",\"@id\":\"https:\/\/www.plataformadecomunicacio.com\/#\/schema\/person\/a10597ea5a25cad7b4aac14e6a1672ed\",\"name\":\"Plataforma de Comunicaci\u00f3\",\"image\":{\"@type\":\"ImageObject\",\"inLanguage\":\"es\",\"@id\":\"https:\/\/www.plataformadecomunicacio.com\/#\/schema\/person\/image\/\",\"url\":\"https:\/\/secure.gravatar.com\/avatar\/cd26adb9e219d2135afc19eaeefcbaa63ae195f53dcce0bebf04fcc05c3dc7b4?s=96&d=mm&r=g\",\"contentUrl\":\"https:\/\/secure.gravatar.com\/avatar\/cd26adb9e219d2135afc19eaeefcbaa63ae195f53dcce0bebf04fcc05c3dc7b4?s=96&d=mm&r=g\",\"caption\":\"Plataforma de Comunicaci\u00f3\"},\"sameAs\":[\"http:\/\/plataformadecomunicacio.com\"],\"url\":\"https:\/\/www.plataformadecomunicacio.com\/es\/author\/plataforma\/\"}]}<\/script>\n<!-- \/ Yoast SEO plugin. -->","yoast_head_json":{"title":"A vueltas con la importancia de la Comunicaci\u00f3n Interna en las organizaciones - Plataforma de comunicaci\u00f3","description":"La comunicaci\u00f3n interna es un pilar fundamental en el eficiente funcionamiento de cualquier organizaci\u00f3n. Se refiere al intercambio de informaci\u00f3n, ideas y mensajes entre los distintos miembros de una empresa o instituci\u00f3n.","robots":{"index":"index","follow":"follow","max-snippet":"max-snippet:-1","max-image-preview":"max-image-preview:large","max-video-preview":"max-video-preview:-1"},"canonical":"https:\/\/www.plataformadecomunicacio.com\/a-voltes-amb-la-importancia-de-la-comunicacio-interna-a-les-organitzacions\/","og_locale":"es_ES","og_type":"article","og_title":"A vueltas con la importancia de la Comunicaci\u00f3n Interna en las organizaciones - Plataforma de comunicaci\u00f3","og_description":"La comunicaci\u00f3n interna es un pilar fundamental en el eficiente funcionamiento de cualquier organizaci\u00f3n. Se refiere al intercambio de informaci\u00f3n, ideas y mensajes entre los distintos miembros de una empresa o instituci\u00f3n.","og_url":"https:\/\/www.plataformadecomunicacio.com\/a-voltes-amb-la-importancia-de-la-comunicacio-interna-a-les-organitzacions\/","og_site_name":"Plataforma de comunicaci\u00f3","article_publisher":"https:\/\/www.facebook.com\/plataformadecomunicacio\/","article_published_time":"2024-03-04T11:32:28+00:00","og_image":[{"width":1030,"height":687,"url":"https:\/\/www.plataformadecomunicacio.com\/wp-content\/uploads\/2024\/03\/pexels-fauxels-3183150-1030x687.jpg","type":"image\/jpeg"}],"author":"Plataforma de Comunicaci\u00f3","twitter_card":"summary_large_image","twitter_creator":"@PlataformadeCom","twitter_site":"@PlataformadeCom","twitter_misc":{"Escrito por":"Plataforma de Comunicaci\u00f3","Tiempo de lectura":"3 minutos"},"schema":{"@context":"https:\/\/schema.org","@graph":[{"@type":"Article","@id":"https:\/\/www.plataformadecomunicacio.com\/a-voltes-amb-la-importancia-de-la-comunicacio-interna-a-les-organitzacions\/#article","isPartOf":{"@id":"https:\/\/www.plataformadecomunicacio.com\/a-voltes-amb-la-importancia-de-la-comunicacio-interna-a-les-organitzacions\/"},"author":{"name":"Plataforma de Comunicaci\u00f3","@id":"https:\/\/www.plataformadecomunicacio.com\/#\/schema\/person\/a10597ea5a25cad7b4aac14e6a1672ed"},"headline":"A vueltas con la importancia de la Comunicaci\u00f3n Interna en las organizaciones","datePublished":"2024-03-04T11:32:28+00:00","mainEntityOfPage":{"@id":"https:\/\/www.plataformadecomunicacio.com\/a-voltes-amb-la-importancia-de-la-comunicacio-interna-a-les-organitzacions\/"},"wordCount":560,"publisher":{"@id":"https:\/\/www.plataformadecomunicacio.com\/#organization"},"image":{"@id":"https:\/\/www.plataformadecomunicacio.com\/a-voltes-amb-la-importancia-de-la-comunicacio-interna-a-les-organitzacions\/#primaryimage"},"thumbnailUrl":"https:\/\/www.plataformadecomunicacio.com\/wp-content\/uploads\/2024\/03\/pexels-fauxels-3183150-scaled.jpg","keywords":["comunicaci\u00f3","comunicaci\u00f3n interna","Plataforma de Comunicaci\u00f3"],"articleSection":["Comunicaci\u00f3","News"],"inLanguage":"es"},{"@type":"WebPage","@id":"https:\/\/www.plataformadecomunicacio.com\/a-voltes-amb-la-importancia-de-la-comunicacio-interna-a-les-organitzacions\/","url":"https:\/\/www.plataformadecomunicacio.com\/a-voltes-amb-la-importancia-de-la-comunicacio-interna-a-les-organitzacions\/","name":"A vueltas con la importancia de la Comunicaci\u00f3n Interna en las organizaciones - Plataforma de comunicaci\u00f3","isPartOf":{"@id":"https:\/\/www.plataformadecomunicacio.com\/#website"},"primaryImageOfPage":{"@id":"https:\/\/www.plataformadecomunicacio.com\/a-voltes-amb-la-importancia-de-la-comunicacio-interna-a-les-organitzacions\/#primaryimage"},"image":{"@id":"https:\/\/www.plataformadecomunicacio.com\/a-voltes-amb-la-importancia-de-la-comunicacio-interna-a-les-organitzacions\/#primaryimage"},"thumbnailUrl":"https:\/\/www.plataformadecomunicacio.com\/wp-content\/uploads\/2024\/03\/pexels-fauxels-3183150-scaled.jpg","datePublished":"2024-03-04T11:32:28+00:00","description":"La comunicaci\u00f3n interna es un pilar fundamental en el eficiente funcionamiento de cualquier organizaci\u00f3n. Se refiere al intercambio de informaci\u00f3n, ideas y mensajes entre los distintos miembros de una empresa o instituci\u00f3n.","breadcrumb":{"@id":"https:\/\/www.plataformadecomunicacio.com\/a-voltes-amb-la-importancia-de-la-comunicacio-interna-a-les-organitzacions\/#breadcrumb"},"inLanguage":"es","potentialAction":[{"@type":"ReadAction","target":["https:\/\/www.plataformadecomunicacio.com\/a-voltes-amb-la-importancia-de-la-comunicacio-interna-a-les-organitzacions\/"]}]},{"@type":"ImageObject","inLanguage":"es","@id":"https:\/\/www.plataformadecomunicacio.com\/a-voltes-amb-la-importancia-de-la-comunicacio-interna-a-les-organitzacions\/#primaryimage","url":"https:\/\/www.plataformadecomunicacio.com\/wp-content\/uploads\/2024\/03\/pexels-fauxels-3183150-scaled.jpg","contentUrl":"https:\/\/www.plataformadecomunicacio.com\/wp-content\/uploads\/2024\/03\/pexels-fauxels-3183150-scaled.jpg","width":2560,"height":1708},{"@type":"BreadcrumbList","@id":"https:\/\/www.plataformadecomunicacio.com\/a-voltes-amb-la-importancia-de-la-comunicacio-interna-a-les-organitzacions\/#breadcrumb","itemListElement":[{"@type":"ListItem","position":1,"name":"Home","item":"https:\/\/www.plataformadecomunicacio.com\/es\/inicio\/"},{"@type":"ListItem","position":2,"name":"A vueltas con la importancia de la Comunicaci\u00f3n Interna en las organizaciones"}]},{"@type":"WebSite","@id":"https:\/\/www.plataformadecomunicacio.com\/#website","url":"https:\/\/www.plataformadecomunicacio.com\/","name":"Plataforma de comunicaci\u00f3","description":"Comuniquem junts","publisher":{"@id":"https:\/\/www.plataformadecomunicacio.com\/#organization"},"potentialAction":[{"@type":"SearchAction","target":{"@type":"EntryPoint","urlTemplate":"https:\/\/www.plataformadecomunicacio.com\/?s={search_term_string}"},"query-input":{"@type":"PropertyValueSpecification","valueRequired":true,"valueName":"search_term_string"}}],"inLanguage":"es"},{"@type":"Organization","@id":"https:\/\/www.plataformadecomunicacio.com\/#organization","name":"Plataforma de comunicaci\u00f3","url":"https:\/\/www.plataformadecomunicacio.com\/","logo":{"@type":"ImageObject","inLanguage":"es","@id":"https:\/\/www.plataformadecomunicacio.com\/#\/schema\/logo\/image\/","url":"https:\/\/www.plataformadecomunicacio.com\/wp-content\/uploads\/2019\/02\/Logo_plataforma.png","contentUrl":"https:\/\/www.plataformadecomunicacio.com\/wp-content\/uploads\/2019\/02\/Logo_plataforma.png","width":505,"height":320,"caption":"Plataforma de comunicaci\u00f3"},"image":{"@id":"https:\/\/www.plataformadecomunicacio.com\/#\/schema\/logo\/image\/"},"sameAs":["https:\/\/www.facebook.com\/plataformadecomunicacio\/","https:\/\/x.com\/PlataformadeCom","https:\/\/www.linkedin.com\/company\/plataforma-de-comunicaci\u00f3\/","https:\/\/www.youtube.com\/channel\/UCQ4-7CGw0atul0BbEAN5S9w"]},{"@type":"Person","@id":"https:\/\/www.plataformadecomunicacio.com\/#\/schema\/person\/a10597ea5a25cad7b4aac14e6a1672ed","name":"Plataforma de Comunicaci\u00f3","image":{"@type":"ImageObject","inLanguage":"es","@id":"https:\/\/www.plataformadecomunicacio.com\/#\/schema\/person\/image\/","url":"https:\/\/secure.gravatar.com\/avatar\/cd26adb9e219d2135afc19eaeefcbaa63ae195f53dcce0bebf04fcc05c3dc7b4?s=96&d=mm&r=g","contentUrl":"https:\/\/secure.gravatar.com\/avatar\/cd26adb9e219d2135afc19eaeefcbaa63ae195f53dcce0bebf04fcc05c3dc7b4?s=96&d=mm&r=g","caption":"Plataforma de Comunicaci\u00f3"},"sameAs":["http:\/\/plataformadecomunicacio.com"],"url":"https:\/\/www.plataformadecomunicacio.com\/es\/author\/plataforma\/"}]}},"_links":{"self":[{"href":"https:\/\/www.plataformadecomunicacio.com\/es\/wp-json\/wp\/v2\/posts\/11363","targetHints":{"allow":["GET"]}}],"collection":[{"href":"https:\/\/www.plataformadecomunicacio.com\/es\/wp-json\/wp\/v2\/posts"}],"about":[{"href":"https:\/\/www.plataformadecomunicacio.com\/es\/wp-json\/wp\/v2\/types\/post"}],"author":[{"embeddable":true,"href":"https:\/\/www.plataformadecomunicacio.com\/es\/wp-json\/wp\/v2\/users\/2"}],"replies":[{"embeddable":true,"href":"https:\/\/www.plataformadecomunicacio.com\/es\/wp-json\/wp\/v2\/comments?post=11363"}],"version-history":[{"count":0,"href":"https:\/\/www.plataformadecomunicacio.com\/es\/wp-json\/wp\/v2\/posts\/11363\/revisions"}],"wp:featuredmedia":[{"embeddable":true,"href":"https:\/\/www.plataformadecomunicacio.com\/es\/wp-json\/wp\/v2\/media\/11356"}],"wp:attachment":[{"href":"https:\/\/www.plataformadecomunicacio.com\/es\/wp-json\/wp\/v2\/media?parent=11363"}],"wp:term":[{"taxonomy":"category","embeddable":true,"href":"https:\/\/www.plataformadecomunicacio.com\/es\/wp-json\/wp\/v2\/categories?post=11363"},{"taxonomy":"post_tag","embeddable":true,"href":"https:\/\/www.plataformadecomunicacio.com\/es\/wp-json\/wp\/v2\/tags?post=11363"}],"curies":[{"name":"wp","href":"https:\/\/api.w.org\/{rel}","templated":true}]}}