{"id":11453,"date":"2024-05-16T14:07:56","date_gmt":"2024-05-16T13:07:56","guid":{"rendered":"https:\/\/www.plataformadecomunicacio.com\/?p=11453"},"modified":"2024-05-24T09:06:06","modified_gmt":"2024-05-24T08:06:06","slug":"explorando-las-bases-de-la-comunicacion-corporativa-personalizacion-y-storytelling","status":"publish","type":"post","link":"https:\/\/www.plataformadecomunicacio.com\/es\/explorando-las-bases-de-la-comunicacion-corporativa-personalizacion-y-storytelling\/","title":{"rendered":"Explorando las bases de la Comunicaci\u00f3n Corporativa: Personalizaci\u00f3n y Storytelling"},"content":{"rendered":"\n<p><\/p>\n\n\n\n<p>En el mundo acelerado de la comunicaci\u00f3n corporativa, dos pr\u00e1cticas han surgido como pilares esenciales: la personalizaci\u00f3n y el storytelling. Estos conceptos son fundamentales para cualquier empresa que busque conectar de manera significativa con su p\u00fablico.<\/p>\n\n\n\n<p><\/p>\n\n\n\n<p><strong><u>Personalizando la comunicaci\u00f3n<\/u><\/strong><\/p>\n\n\n\n<p>La personalizaci\u00f3n no se limita a poner el nombre del destinatario en un correo electr\u00f3nico. Se trata de una estrategia compleja que utiliza datos y an\u00e1lisis para adaptarse a las necesidades y preferencias individuales de los clientes. La personalizaci\u00f3n crea una interacci\u00f3n m\u00e1s significativa y duradera con la marca.<\/p>\n\n\n\n<p>Se hace uso de la personalizaci\u00f3n de m\u00faltiples maneras, desde la segmentaci\u00f3n de la clientela hasta la creaci\u00f3n de contenido espec\u00edfico para grupos demogr\u00e1ficos particulares. Este enfoque permite crear experiencias \u00fanicas para cada cliente, aumentando su retenci\u00f3n y fidelidad.<\/p>\n\n\n\n<p><\/p>\n\n\n\n<p><strong><u>El arte del storytelling corporativo<\/u><\/strong><\/p>\n\n\n\n<p>El storytelling es una pr\u00e1ctica antigua que sigue siendo relevante en la era digital. En lugar de simples anuncios, las empresas est\u00e1n optando por compartir historias que resuenen con su p\u00fablico. Estas historias no solo transmiten informaci\u00f3n, sino que tambi\u00e9n generan una conexi\u00f3n emocional con la marca.<\/p>\n\n\n\n<p>A trav\u00e9s del storytelling, las empresas pueden humanizar su marca, destacar sus valores y conectar con su p\u00fablico de manera aut\u00e9ntica. Desde las narraciones de sus inicios hasta el presente, el storytelling permite construir relaciones m\u00e1s s\u00f3lidas con los consumidores.<\/p>\n\n\n\n<p><\/p>\n\n\n\n<p><strong><u>Uniendo fuerzas para la Comunicaci\u00f3n Corporativa del futuro<\/u><\/strong><\/p>\n\n\n\n<p>La personalizaci\u00f3n y el storytelling no solo son tendencias emergentes, sino tambi\u00e9n estrategias indispensables para las empresas que buscan destacarse en un mercado cada vez m\u00e1s competitivo. Al personalizar sus interacciones y compartir historias que resuenen con su p\u00fablico, se pueden crear conexiones m\u00e1s profundas y significativas con los clientes.<\/p>\n","protected":false},"excerpt":{"rendered":"<p>En el mundo acelerado de la comunicaci\u00f3n corporativa, dos pr\u00e1cticas han surgido como pilares esenciales: la personalizaci\u00f3n y el storytelling.<\/p>\n","protected":false},"author":2,"featured_media":11454,"comment_status":"closed","ping_status":"open","sticky":false,"template":"","format":"standard","meta":{"footnotes":""},"categories":[55,56],"tags":[],"class_list":["post-11453","post","type-post","status-publish","format-standard","has-post-thumbnail","hentry","category-comunicacio-es","category-news-es"],"yoast_head":"<!-- This site is optimized with the Yoast SEO plugin v26.1 - https:\/\/yoast.com\/wordpress\/plugins\/seo\/ -->\n<title>Explorando las bases de la Comunicaci\u00f3n Corporativa: Personalizaci\u00f3n y Storytelling - Plataforma de comunicaci\u00f3<\/title>\n<meta name=\"robots\" content=\"index, follow, max-snippet:-1, max-image-preview:large, max-video-preview:-1\" \/>\n<link rel=\"canonical\" href=\"https:\/\/www.plataformadecomunicacio.com\/es\/explorando-las-bases-de-la-comunicacion-corporativa-personalizacion-y-storytelling\/\" \/>\n<meta property=\"og:locale\" content=\"es_ES\" \/>\n<meta property=\"og:type\" content=\"article\" \/>\n<meta property=\"og:title\" content=\"Explorando las bases de la Comunicaci\u00f3n Corporativa: Personalizaci\u00f3n y Storytelling - Plataforma de comunicaci\u00f3\" \/>\n<meta property=\"og:description\" content=\"En el mundo acelerado de la comunicaci\u00f3n corporativa, dos pr\u00e1cticas han surgido como pilares esenciales: la personalizaci\u00f3n y el storytelling.\" \/>\n<meta property=\"og:url\" content=\"https:\/\/www.plataformadecomunicacio.com\/es\/explorando-las-bases-de-la-comunicacion-corporativa-personalizacion-y-storytelling\/\" \/>\n<meta property=\"og:site_name\" content=\"Plataforma de comunicaci\u00f3\" \/>\n<meta property=\"article:publisher\" content=\"https:\/\/www.facebook.com\/plataformadecomunicacio\/\" \/>\n<meta property=\"article:published_time\" content=\"2024-05-16T13:07:56+00:00\" \/>\n<meta property=\"article:modified_time\" content=\"2024-05-24T08:06:06+00:00\" \/>\n<meta property=\"og:image\" content=\"https:\/\/www.plataformadecomunicacio.com\/wp-content\/uploads\/2024\/05\/public-8757616_1280.png\" \/>\n\t<meta property=\"og:image:width\" content=\"1280\" \/>\n\t<meta property=\"og:image:height\" content=\"1280\" \/>\n\t<meta property=\"og:image:type\" content=\"image\/png\" \/>\n<meta name=\"author\" content=\"Plataforma de Comunicaci\u00f3\" \/>\n<meta name=\"twitter:card\" content=\"summary_large_image\" \/>\n<meta name=\"twitter:creator\" content=\"@PlataformadeCom\" \/>\n<meta name=\"twitter:site\" content=\"@PlataformadeCom\" \/>\n<meta name=\"twitter:label1\" content=\"Escrito por\" \/>\n\t<meta name=\"twitter:data1\" content=\"Plataforma de Comunicaci\u00f3\" \/>\n\t<meta name=\"twitter:label2\" content=\"Tiempo de lectura\" \/>\n\t<meta name=\"twitter:data2\" content=\"2 minutos\" \/>\n<script type=\"application\/ld+json\" class=\"yoast-schema-graph\">{\"@context\":\"https:\/\/schema.org\",\"@graph\":[{\"@type\":\"Article\",\"@id\":\"https:\/\/www.plataformadecomunicacio.com\/es\/explorando-las-bases-de-la-comunicacion-corporativa-personalizacion-y-storytelling\/#article\",\"isPartOf\":{\"@id\":\"https:\/\/www.plataformadecomunicacio.com\/es\/explorando-las-bases-de-la-comunicacion-corporativa-personalizacion-y-storytelling\/\"},\"author\":{\"name\":\"Plataforma de Comunicaci\u00f3\",\"@id\":\"https:\/\/www.plataformadecomunicacio.com\/#\/schema\/person\/a10597ea5a25cad7b4aac14e6a1672ed\"},\"headline\":\"Explorando las bases de la Comunicaci\u00f3n Corporativa: Personalizaci\u00f3n y Storytelling\",\"datePublished\":\"2024-05-16T13:07:56+00:00\",\"dateModified\":\"2024-05-24T08:06:06+00:00\",\"mainEntityOfPage\":{\"@id\":\"https:\/\/www.plataformadecomunicacio.com\/es\/explorando-las-bases-de-la-comunicacion-corporativa-personalizacion-y-storytelling\/\"},\"wordCount\":324,\"publisher\":{\"@id\":\"https:\/\/www.plataformadecomunicacio.com\/#organization\"},\"image\":{\"@id\":\"https:\/\/www.plataformadecomunicacio.com\/es\/explorando-las-bases-de-la-comunicacion-corporativa-personalizacion-y-storytelling\/#primaryimage\"},\"thumbnailUrl\":\"https:\/\/www.plataformadecomunicacio.com\/wp-content\/uploads\/2024\/05\/public-8757616_1280.png\",\"articleSection\":[\"Comunicaci\u00f3\",\"News\"],\"inLanguage\":\"es\"},{\"@type\":\"WebPage\",\"@id\":\"https:\/\/www.plataformadecomunicacio.com\/es\/explorando-las-bases-de-la-comunicacion-corporativa-personalizacion-y-storytelling\/\",\"url\":\"https:\/\/www.plataformadecomunicacio.com\/es\/explorando-las-bases-de-la-comunicacion-corporativa-personalizacion-y-storytelling\/\",\"name\":\"Explorando las bases de la Comunicaci\u00f3n Corporativa: Personalizaci\u00f3n y Storytelling - Plataforma de comunicaci\u00f3\",\"isPartOf\":{\"@id\":\"https:\/\/www.plataformadecomunicacio.com\/#website\"},\"primaryImageOfPage\":{\"@id\":\"https:\/\/www.plataformadecomunicacio.com\/es\/explorando-las-bases-de-la-comunicacion-corporativa-personalizacion-y-storytelling\/#primaryimage\"},\"image\":{\"@id\":\"https:\/\/www.plataformadecomunicacio.com\/es\/explorando-las-bases-de-la-comunicacion-corporativa-personalizacion-y-storytelling\/#primaryimage\"},\"thumbnailUrl\":\"https:\/\/www.plataformadecomunicacio.com\/wp-content\/uploads\/2024\/05\/public-8757616_1280.png\",\"datePublished\":\"2024-05-16T13:07:56+00:00\",\"dateModified\":\"2024-05-24T08:06:06+00:00\",\"breadcrumb\":{\"@id\":\"https:\/\/www.plataformadecomunicacio.com\/es\/explorando-las-bases-de-la-comunicacion-corporativa-personalizacion-y-storytelling\/#breadcrumb\"},\"inLanguage\":\"es\",\"potentialAction\":[{\"@type\":\"ReadAction\",\"target\":[\"https:\/\/www.plataformadecomunicacio.com\/es\/explorando-las-bases-de-la-comunicacion-corporativa-personalizacion-y-storytelling\/\"]}]},{\"@type\":\"ImageObject\",\"inLanguage\":\"es\",\"@id\":\"https:\/\/www.plataformadecomunicacio.com\/es\/explorando-las-bases-de-la-comunicacion-corporativa-personalizacion-y-storytelling\/#primaryimage\",\"url\":\"https:\/\/www.plataformadecomunicacio.com\/wp-content\/uploads\/2024\/05\/public-8757616_1280.png\",\"contentUrl\":\"https:\/\/www.plataformadecomunicacio.com\/wp-content\/uploads\/2024\/05\/public-8757616_1280.png\",\"width\":1280,\"height\":1280,\"caption\":\"comunicaci\u00f3n\"},{\"@type\":\"BreadcrumbList\",\"@id\":\"https:\/\/www.plataformadecomunicacio.com\/es\/explorando-las-bases-de-la-comunicacion-corporativa-personalizacion-y-storytelling\/#breadcrumb\",\"itemListElement\":[{\"@type\":\"ListItem\",\"position\":1,\"name\":\"Home\",\"item\":\"https:\/\/www.plataformadecomunicacio.com\/es\/inicio\/\"},{\"@type\":\"ListItem\",\"position\":2,\"name\":\"Explorando las bases de la Comunicaci\u00f3n Corporativa: Personalizaci\u00f3n y Storytelling\"}]},{\"@type\":\"WebSite\",\"@id\":\"https:\/\/www.plataformadecomunicacio.com\/#website\",\"url\":\"https:\/\/www.plataformadecomunicacio.com\/\",\"name\":\"Plataforma de comunicaci\u00f3\",\"description\":\"Comuniquem junts\",\"publisher\":{\"@id\":\"https:\/\/www.plataformadecomunicacio.com\/#organization\"},\"potentialAction\":[{\"@type\":\"SearchAction\",\"target\":{\"@type\":\"EntryPoint\",\"urlTemplate\":\"https:\/\/www.plataformadecomunicacio.com\/?s={search_term_string}\"},\"query-input\":{\"@type\":\"PropertyValueSpecification\",\"valueRequired\":true,\"valueName\":\"search_term_string\"}}],\"inLanguage\":\"es\"},{\"@type\":\"Organization\",\"@id\":\"https:\/\/www.plataformadecomunicacio.com\/#organization\",\"name\":\"Plataforma de comunicaci\u00f3\",\"url\":\"https:\/\/www.plataformadecomunicacio.com\/\",\"logo\":{\"@type\":\"ImageObject\",\"inLanguage\":\"es\",\"@id\":\"https:\/\/www.plataformadecomunicacio.com\/#\/schema\/logo\/image\/\",\"url\":\"https:\/\/www.plataformadecomunicacio.com\/wp-content\/uploads\/2019\/02\/Logo_plataforma.png\",\"contentUrl\":\"https:\/\/www.plataformadecomunicacio.com\/wp-content\/uploads\/2019\/02\/Logo_plataforma.png\",\"width\":505,\"height\":320,\"caption\":\"Plataforma de comunicaci\u00f3\"},\"image\":{\"@id\":\"https:\/\/www.plataformadecomunicacio.com\/#\/schema\/logo\/image\/\"},\"sameAs\":[\"https:\/\/www.facebook.com\/plataformadecomunicacio\/\",\"https:\/\/x.com\/PlataformadeCom\",\"https:\/\/www.linkedin.com\/company\/plataforma-de-comunicaci\u00f3\/\",\"https:\/\/www.youtube.com\/channel\/UCQ4-7CGw0atul0BbEAN5S9w\"]},{\"@type\":\"Person\",\"@id\":\"https:\/\/www.plataformadecomunicacio.com\/#\/schema\/person\/a10597ea5a25cad7b4aac14e6a1672ed\",\"name\":\"Plataforma de Comunicaci\u00f3\",\"image\":{\"@type\":\"ImageObject\",\"inLanguage\":\"es\",\"@id\":\"https:\/\/www.plataformadecomunicacio.com\/#\/schema\/person\/image\/\",\"url\":\"https:\/\/secure.gravatar.com\/avatar\/cd26adb9e219d2135afc19eaeefcbaa63ae195f53dcce0bebf04fcc05c3dc7b4?s=96&d=mm&r=g\",\"contentUrl\":\"https:\/\/secure.gravatar.com\/avatar\/cd26adb9e219d2135afc19eaeefcbaa63ae195f53dcce0bebf04fcc05c3dc7b4?s=96&d=mm&r=g\",\"caption\":\"Plataforma de Comunicaci\u00f3\"},\"sameAs\":[\"http:\/\/plataformadecomunicacio.com\"],\"url\":\"https:\/\/www.plataformadecomunicacio.com\/es\/author\/plataforma\/\"}]}<\/script>\n<!-- \/ Yoast SEO plugin. -->","yoast_head_json":{"title":"Explorando las bases de la Comunicaci\u00f3n Corporativa: Personalizaci\u00f3n y Storytelling - Plataforma de comunicaci\u00f3","robots":{"index":"index","follow":"follow","max-snippet":"max-snippet:-1","max-image-preview":"max-image-preview:large","max-video-preview":"max-video-preview:-1"},"canonical":"https:\/\/www.plataformadecomunicacio.com\/es\/explorando-las-bases-de-la-comunicacion-corporativa-personalizacion-y-storytelling\/","og_locale":"es_ES","og_type":"article","og_title":"Explorando las bases de la Comunicaci\u00f3n Corporativa: Personalizaci\u00f3n y Storytelling - Plataforma de comunicaci\u00f3","og_description":"En el mundo acelerado de la comunicaci\u00f3n corporativa, dos pr\u00e1cticas han surgido como pilares esenciales: la personalizaci\u00f3n y el storytelling.","og_url":"https:\/\/www.plataformadecomunicacio.com\/es\/explorando-las-bases-de-la-comunicacion-corporativa-personalizacion-y-storytelling\/","og_site_name":"Plataforma de comunicaci\u00f3","article_publisher":"https:\/\/www.facebook.com\/plataformadecomunicacio\/","article_published_time":"2024-05-16T13:07:56+00:00","article_modified_time":"2024-05-24T08:06:06+00:00","og_image":[{"width":1280,"height":1280,"url":"https:\/\/www.plataformadecomunicacio.com\/wp-content\/uploads\/2024\/05\/public-8757616_1280.png","type":"image\/png"}],"author":"Plataforma de Comunicaci\u00f3","twitter_card":"summary_large_image","twitter_creator":"@PlataformadeCom","twitter_site":"@PlataformadeCom","twitter_misc":{"Escrito por":"Plataforma de Comunicaci\u00f3","Tiempo de lectura":"2 minutos"},"schema":{"@context":"https:\/\/schema.org","@graph":[{"@type":"Article","@id":"https:\/\/www.plataformadecomunicacio.com\/es\/explorando-las-bases-de-la-comunicacion-corporativa-personalizacion-y-storytelling\/#article","isPartOf":{"@id":"https:\/\/www.plataformadecomunicacio.com\/es\/explorando-las-bases-de-la-comunicacion-corporativa-personalizacion-y-storytelling\/"},"author":{"name":"Plataforma de Comunicaci\u00f3","@id":"https:\/\/www.plataformadecomunicacio.com\/#\/schema\/person\/a10597ea5a25cad7b4aac14e6a1672ed"},"headline":"Explorando las bases de la Comunicaci\u00f3n Corporativa: Personalizaci\u00f3n y Storytelling","datePublished":"2024-05-16T13:07:56+00:00","dateModified":"2024-05-24T08:06:06+00:00","mainEntityOfPage":{"@id":"https:\/\/www.plataformadecomunicacio.com\/es\/explorando-las-bases-de-la-comunicacion-corporativa-personalizacion-y-storytelling\/"},"wordCount":324,"publisher":{"@id":"https:\/\/www.plataformadecomunicacio.com\/#organization"},"image":{"@id":"https:\/\/www.plataformadecomunicacio.com\/es\/explorando-las-bases-de-la-comunicacion-corporativa-personalizacion-y-storytelling\/#primaryimage"},"thumbnailUrl":"https:\/\/www.plataformadecomunicacio.com\/wp-content\/uploads\/2024\/05\/public-8757616_1280.png","articleSection":["Comunicaci\u00f3","News"],"inLanguage":"es"},{"@type":"WebPage","@id":"https:\/\/www.plataformadecomunicacio.com\/es\/explorando-las-bases-de-la-comunicacion-corporativa-personalizacion-y-storytelling\/","url":"https:\/\/www.plataformadecomunicacio.com\/es\/explorando-las-bases-de-la-comunicacion-corporativa-personalizacion-y-storytelling\/","name":"Explorando las bases de la Comunicaci\u00f3n Corporativa: Personalizaci\u00f3n y Storytelling - Plataforma de comunicaci\u00f3","isPartOf":{"@id":"https:\/\/www.plataformadecomunicacio.com\/#website"},"primaryImageOfPage":{"@id":"https:\/\/www.plataformadecomunicacio.com\/es\/explorando-las-bases-de-la-comunicacion-corporativa-personalizacion-y-storytelling\/#primaryimage"},"image":{"@id":"https:\/\/www.plataformadecomunicacio.com\/es\/explorando-las-bases-de-la-comunicacion-corporativa-personalizacion-y-storytelling\/#primaryimage"},"thumbnailUrl":"https:\/\/www.plataformadecomunicacio.com\/wp-content\/uploads\/2024\/05\/public-8757616_1280.png","datePublished":"2024-05-16T13:07:56+00:00","dateModified":"2024-05-24T08:06:06+00:00","breadcrumb":{"@id":"https:\/\/www.plataformadecomunicacio.com\/es\/explorando-las-bases-de-la-comunicacion-corporativa-personalizacion-y-storytelling\/#breadcrumb"},"inLanguage":"es","potentialAction":[{"@type":"ReadAction","target":["https:\/\/www.plataformadecomunicacio.com\/es\/explorando-las-bases-de-la-comunicacion-corporativa-personalizacion-y-storytelling\/"]}]},{"@type":"ImageObject","inLanguage":"es","@id":"https:\/\/www.plataformadecomunicacio.com\/es\/explorando-las-bases-de-la-comunicacion-corporativa-personalizacion-y-storytelling\/#primaryimage","url":"https:\/\/www.plataformadecomunicacio.com\/wp-content\/uploads\/2024\/05\/public-8757616_1280.png","contentUrl":"https:\/\/www.plataformadecomunicacio.com\/wp-content\/uploads\/2024\/05\/public-8757616_1280.png","width":1280,"height":1280,"caption":"comunicaci\u00f3n"},{"@type":"BreadcrumbList","@id":"https:\/\/www.plataformadecomunicacio.com\/es\/explorando-las-bases-de-la-comunicacion-corporativa-personalizacion-y-storytelling\/#breadcrumb","itemListElement":[{"@type":"ListItem","position":1,"name":"Home","item":"https:\/\/www.plataformadecomunicacio.com\/es\/inicio\/"},{"@type":"ListItem","position":2,"name":"Explorando las bases de la Comunicaci\u00f3n Corporativa: Personalizaci\u00f3n y Storytelling"}]},{"@type":"WebSite","@id":"https:\/\/www.plataformadecomunicacio.com\/#website","url":"https:\/\/www.plataformadecomunicacio.com\/","name":"Plataforma de comunicaci\u00f3","description":"Comuniquem junts","publisher":{"@id":"https:\/\/www.plataformadecomunicacio.com\/#organization"},"potentialAction":[{"@type":"SearchAction","target":{"@type":"EntryPoint","urlTemplate":"https:\/\/www.plataformadecomunicacio.com\/?s={search_term_string}"},"query-input":{"@type":"PropertyValueSpecification","valueRequired":true,"valueName":"search_term_string"}}],"inLanguage":"es"},{"@type":"Organization","@id":"https:\/\/www.plataformadecomunicacio.com\/#organization","name":"Plataforma de comunicaci\u00f3","url":"https:\/\/www.plataformadecomunicacio.com\/","logo":{"@type":"ImageObject","inLanguage":"es","@id":"https:\/\/www.plataformadecomunicacio.com\/#\/schema\/logo\/image\/","url":"https:\/\/www.plataformadecomunicacio.com\/wp-content\/uploads\/2019\/02\/Logo_plataforma.png","contentUrl":"https:\/\/www.plataformadecomunicacio.com\/wp-content\/uploads\/2019\/02\/Logo_plataforma.png","width":505,"height":320,"caption":"Plataforma de comunicaci\u00f3"},"image":{"@id":"https:\/\/www.plataformadecomunicacio.com\/#\/schema\/logo\/image\/"},"sameAs":["https:\/\/www.facebook.com\/plataformadecomunicacio\/","https:\/\/x.com\/PlataformadeCom","https:\/\/www.linkedin.com\/company\/plataforma-de-comunicaci\u00f3\/","https:\/\/www.youtube.com\/channel\/UCQ4-7CGw0atul0BbEAN5S9w"]},{"@type":"Person","@id":"https:\/\/www.plataformadecomunicacio.com\/#\/schema\/person\/a10597ea5a25cad7b4aac14e6a1672ed","name":"Plataforma de Comunicaci\u00f3","image":{"@type":"ImageObject","inLanguage":"es","@id":"https:\/\/www.plataformadecomunicacio.com\/#\/schema\/person\/image\/","url":"https:\/\/secure.gravatar.com\/avatar\/cd26adb9e219d2135afc19eaeefcbaa63ae195f53dcce0bebf04fcc05c3dc7b4?s=96&d=mm&r=g","contentUrl":"https:\/\/secure.gravatar.com\/avatar\/cd26adb9e219d2135afc19eaeefcbaa63ae195f53dcce0bebf04fcc05c3dc7b4?s=96&d=mm&r=g","caption":"Plataforma de Comunicaci\u00f3"},"sameAs":["http:\/\/plataformadecomunicacio.com"],"url":"https:\/\/www.plataformadecomunicacio.com\/es\/author\/plataforma\/"}]}},"_links":{"self":[{"href":"https:\/\/www.plataformadecomunicacio.com\/es\/wp-json\/wp\/v2\/posts\/11453","targetHints":{"allow":["GET"]}}],"collection":[{"href":"https:\/\/www.plataformadecomunicacio.com\/es\/wp-json\/wp\/v2\/posts"}],"about":[{"href":"https:\/\/www.plataformadecomunicacio.com\/es\/wp-json\/wp\/v2\/types\/post"}],"author":[{"embeddable":true,"href":"https:\/\/www.plataformadecomunicacio.com\/es\/wp-json\/wp\/v2\/users\/2"}],"replies":[{"embeddable":true,"href":"https:\/\/www.plataformadecomunicacio.com\/es\/wp-json\/wp\/v2\/comments?post=11453"}],"version-history":[{"count":2,"href":"https:\/\/www.plataformadecomunicacio.com\/es\/wp-json\/wp\/v2\/posts\/11453\/revisions"}],"predecessor-version":[{"id":11457,"href":"https:\/\/www.plataformadecomunicacio.com\/es\/wp-json\/wp\/v2\/posts\/11453\/revisions\/11457"}],"wp:featuredmedia":[{"embeddable":true,"href":"https:\/\/www.plataformadecomunicacio.com\/es\/wp-json\/wp\/v2\/media\/11454"}],"wp:attachment":[{"href":"https:\/\/www.plataformadecomunicacio.com\/es\/wp-json\/wp\/v2\/media?parent=11453"}],"wp:term":[{"taxonomy":"category","embeddable":true,"href":"https:\/\/www.plataformadecomunicacio.com\/es\/wp-json\/wp\/v2\/categories?post=11453"},{"taxonomy":"post_tag","embeddable":true,"href":"https:\/\/www.plataformadecomunicacio.com\/es\/wp-json\/wp\/v2\/tags?post=11453"}],"curies":[{"name":"wp","href":"https:\/\/api.w.org\/{rel}","templated":true}]}}