{"id":11508,"date":"2024-05-28T13:09:15","date_gmt":"2024-05-28T12:09:15","guid":{"rendered":"https:\/\/www.plataformadecomunicacio.com\/?p=11508"},"modified":"2024-05-28T13:10:27","modified_gmt":"2024-05-28T12:10:27","slug":"como-combatir-las-fake-news","status":"publish","type":"post","link":"https:\/\/www.plataformadecomunicacio.com\/es\/como-combatir-las-fake-news\/","title":{"rendered":"\u00bfC\u00f3mo combatir las fake news?"},"content":{"rendered":"\n<p>Las fake news, o noticias falsas, lamentablemente tan de moda, son un problema creciente que afecta a la sociedad a muchas escalas. Desde la desinformaci\u00f3n hasta la manipulaci\u00f3n deliberada, las fake news pueden tener consecuencias negativas para la democracia, la cohesi\u00f3n social y la toma de decisiones informadas.<\/p>\n\n\n\n<p>Las fake news representan un desaf\u00edo serio, pero no insuperable. Si tomamos medidas y fomentamos una cultura de responsabilidad y pensamiento cr\u00edtico, podemos reducir la propagaci\u00f3n de desinformaci\u00f3n y crear una sociedad m\u00e1s informada y conectada. Como individuos, comunidades e instituciones, tenemos el poder de hacer frente a las fake news y proteger la integridad de la informaci\u00f3n.<\/p>\n\n\n\n<p>Por eso, es importante empezar a actuar y a definir estrategias para combatirlas, como, por ejemplo:<\/p>\n\n\n\n<p><\/p>\n\n\n\n<p><strong>1. Educar en alfabetizaci\u00f3n medi\u00e1tica<\/strong><\/p>\n\n\n\n<p>Una forma efectiva de combatir las fake news es a trav\u00e9s de la educaci\u00f3n en alfabetizaci\u00f3n medi\u00e1tica. Esto implica ense\u00f1ar a las personas a:<\/p>\n\n\n\n<p>&#8211; Identificar fuentes confiables y distinguidas de fuentes dudosas.<\/p>\n\n\n\n<p>&#8211; Comprender c\u00f3mo funciona el periodismo y las normas \u00e9ticas de los medios.<\/p>\n\n\n\n<p>&#8211; Evaluar cr\u00edticamente la informaci\u00f3n, verificando la autenticidad de las fuentes y el contexto de las noticias.<\/p>\n\n\n\n<p>Los programas educativos y talleres para escolares y adultos pueden ser herramientas efectivas para mejorar la alfabetizaci\u00f3n medi\u00e1tica y reducir la propagaci\u00f3n de noticias falsas.<\/p>\n\n\n\n<p><\/p>\n\n\n\n<p><strong>2. Utilizar herramientas de verificaci\u00f3n de hechos<\/strong><\/p>\n\n\n\n<p>Existen herramientas y sitios web especializados en la verificaci\u00f3n de hechos (fact-checking) que pueden ser \u00fatiles para detectar y desmentir fake news. Algunos de los m\u00e1s conocidos incluyen Snopes, PolitiFact, y FactCheck.org. Al utilizar estas herramientas, se puede validar la informaci\u00f3n antes de compartirla y contribuir a la difusi\u00f3n de datos ver\u00eddicos.<\/p>\n\n\n\n<p><\/p>\n\n\n\n<p><strong>3. Fomentar la transparencia y el pensamiento cr\u00edtico<\/strong><\/p>\n\n\n\n<p>La transparencia es clave para reducir la propagaci\u00f3n de fake news. Tanto las instituciones p\u00fablicas como privadas deben ser claras y abiertas sobre sus procesos, decisiones y datos. Esto ayuda a construir confianza con el p\u00fablico.<\/p>\n\n\n\n<p>Adem\u00e1s, es fundamental fomentar el pensamiento cr\u00edtico entre los consumidores de informaci\u00f3n. Las personas deben preguntarse \u00ab\u00bfqui\u00e9n es la fuente?\u00bb y \u00ab\u00bfcu\u00e1les son las motivaciones detr\u00e1s de esta noticia?\u00bb antes de aceptar y compartir contenido.<\/p>\n\n\n\n<p><\/p>\n\n\n\n<p><strong>4. Promover la responsabilidad en redes sociales<\/strong><\/p>\n\n\n\n<p>Las redes sociales son un terreno f\u00e9rtil para la propagaci\u00f3n de fake news debido a su r\u00e1pido alcance y facilidad para compartir contenido. Las plataformas como Facebook, X (Twitter) e Instagram est\u00e1n implementando medidas para combatir la desinformaci\u00f3n, pero los usuarios tambi\u00e9n tienen responsabilidad. Para ello, se puede:<\/p>\n\n\n\n<p>&#8211; Revisar las fuentes antes de compartir informaci\u00f3n.<\/p>\n\n\n\n<p>&#8211; Reportar contenido falso o enga\u00f1oso a las plataformas.<\/p>\n\n\n\n<p>&#8211; Seguir cuentas confiables y fuentes acreditadas.<\/p>\n\n\n\n<p><\/p>\n\n\n\n<p><strong>5. Apoyar al periodismo de calidad<\/strong><\/p>\n\n\n\n<p>El periodismo de calidad es una barrera fundamental contra las fake news. Apoyar a medios de comunicaci\u00f3n independientes y responsables puede ayudar a reducir la propagaci\u00f3n de desinformaci\u00f3n. La suscripci\u00f3n a peri\u00f3dicos, la donaci\u00f3n a medios sin fines de lucro y el consumo de noticias de fuentes confiables son formas efectivas de apoyar al periodismo \u00e9tico.<\/p>\n\n\n\n<p><\/p>\n\n\n\n<p><strong>6. Crear un entorno de di\u00e1logo y colaboraci\u00f3n<\/strong><\/p>\n\n\n\n<p>Para combatir las fake news, es importante fomentar un entorno donde el di\u00e1logo y la colaboraci\u00f3n sean valorados. Esto incluye:<\/p>\n\n\n\n<p>&#8211; Promover el intercambio de ideas y perspectivas para combatir la polarizaci\u00f3n.<\/p>\n\n\n\n<p>&#8211; Colaborar con organizaciones, instituciones educativas y gobiernos para crear campa\u00f1as de concienciaci\u00f3n.<\/p>\n\n\n\n<p>&#8211; Fomentar la participaci\u00f3n ciudadana y el compromiso c\u00edvico para construir una comunidad informada y resiliente.<\/p>\n\n\n\n<p><\/p>\n\n\n\n<p>En Plataforma de Comunicaci\u00f3 ofrecemos formaci\u00f3n en materia de fake news, que incluye tanto aprender a detectarlas como conocer las herramientas y recursos para combatirlas.<\/p>\n\n\n\n<p>Adem\u00e1s, asesoramos y acompa\u00f1amos a los ayuntamientos en la elaboraci\u00f3n de un Plan de Acci\u00f3n que defina una estrategia para hacer frente a las fake news y establecezca un sistema de circulaci\u00f3n de la informaci\u00f3n confiable.<\/p>\n","protected":false},"excerpt":{"rendered":"<p>Las fake news, o noticias falsas, lamentablemente tan de moda, son un problema creciente que afecta a la sociedad a muchas escalas.<\/p>\n","protected":false},"author":2,"featured_media":11506,"comment_status":"closed","ping_status":"open","sticky":false,"template":"","format":"standard","meta":{"footnotes":""},"categories":[55,56],"tags":[],"class_list":["post-11508","post","type-post","status-publish","format-standard","has-post-thumbnail","hentry","category-comunicacio-es","category-news-es"],"yoast_head":"<!-- This site is optimized with the Yoast SEO plugin v26.1 - https:\/\/yoast.com\/wordpress\/plugins\/seo\/ -->\n<title>\u00bfC\u00f3mo combatir las fake news? - Plataforma de comunicaci\u00f3<\/title>\n<meta name=\"description\" content=\"Las fake news, o noticias falsas, lamentablemente tan de moda, son un problema creciente que afecta a la sociedad a muchas escalas.\" \/>\n<meta name=\"robots\" content=\"index, follow, max-snippet:-1, max-image-preview:large, max-video-preview:-1\" \/>\n<link rel=\"canonical\" href=\"https:\/\/www.plataformadecomunicacio.com\/es\/como-combatir-las-fake-news\/\" \/>\n<meta property=\"og:locale\" content=\"es_ES\" \/>\n<meta property=\"og:type\" content=\"article\" \/>\n<meta property=\"og:title\" content=\"\u00bfC\u00f3mo combatir las fake news? - Plataforma de comunicaci\u00f3\" \/>\n<meta property=\"og:description\" content=\"Las fake news, o noticias falsas, lamentablemente tan de moda, son un problema creciente que afecta a la sociedad a muchas escalas.\" \/>\n<meta property=\"og:url\" content=\"https:\/\/www.plataformadecomunicacio.com\/es\/como-combatir-las-fake-news\/\" \/>\n<meta property=\"og:site_name\" content=\"Plataforma de comunicaci\u00f3\" \/>\n<meta property=\"article:publisher\" content=\"https:\/\/www.facebook.com\/plataformadecomunicacio\/\" \/>\n<meta property=\"article:published_time\" content=\"2024-05-28T12:09:15+00:00\" \/>\n<meta property=\"article:modified_time\" content=\"2024-05-28T12:10:27+00:00\" \/>\n<meta property=\"og:image\" content=\"https:\/\/www.plataformadecomunicacio.com\/wp-content\/uploads\/2024\/05\/fake-2355686_1280.jpg\" \/>\n\t<meta property=\"og:image:width\" content=\"1280\" \/>\n\t<meta property=\"og:image:height\" content=\"853\" \/>\n\t<meta property=\"og:image:type\" content=\"image\/jpeg\" \/>\n<meta name=\"author\" content=\"Plataforma de Comunicaci\u00f3\" \/>\n<meta name=\"twitter:card\" content=\"summary_large_image\" \/>\n<meta name=\"twitter:creator\" content=\"@PlataformadeCom\" \/>\n<meta name=\"twitter:site\" content=\"@PlataformadeCom\" \/>\n<meta name=\"twitter:label1\" content=\"Escrito por\" \/>\n\t<meta name=\"twitter:data1\" content=\"Plataforma de Comunicaci\u00f3\" \/>\n\t<meta name=\"twitter:label2\" content=\"Tiempo de lectura\" \/>\n\t<meta name=\"twitter:data2\" content=\"4 minutos\" \/>\n<script type=\"application\/ld+json\" class=\"yoast-schema-graph\">{\"@context\":\"https:\/\/schema.org\",\"@graph\":[{\"@type\":\"Article\",\"@id\":\"https:\/\/www.plataformadecomunicacio.com\/es\/como-combatir-las-fake-news\/#article\",\"isPartOf\":{\"@id\":\"https:\/\/www.plataformadecomunicacio.com\/es\/como-combatir-las-fake-news\/\"},\"author\":{\"name\":\"Plataforma de Comunicaci\u00f3\",\"@id\":\"https:\/\/www.plataformadecomunicacio.com\/#\/schema\/person\/a10597ea5a25cad7b4aac14e6a1672ed\"},\"headline\":\"\u00bfC\u00f3mo combatir las fake news?\",\"datePublished\":\"2024-05-28T12:09:15+00:00\",\"dateModified\":\"2024-05-28T12:10:27+00:00\",\"mainEntityOfPage\":{\"@id\":\"https:\/\/www.plataformadecomunicacio.com\/es\/como-combatir-las-fake-news\/\"},\"wordCount\":693,\"publisher\":{\"@id\":\"https:\/\/www.plataformadecomunicacio.com\/#organization\"},\"image\":{\"@id\":\"https:\/\/www.plataformadecomunicacio.com\/es\/como-combatir-las-fake-news\/#primaryimage\"},\"thumbnailUrl\":\"https:\/\/www.plataformadecomunicacio.com\/wp-content\/uploads\/2024\/05\/fake-2355686_1280.jpg\",\"articleSection\":[\"Comunicaci\u00f3\",\"News\"],\"inLanguage\":\"es\"},{\"@type\":\"WebPage\",\"@id\":\"https:\/\/www.plataformadecomunicacio.com\/es\/como-combatir-las-fake-news\/\",\"url\":\"https:\/\/www.plataformadecomunicacio.com\/es\/como-combatir-las-fake-news\/\",\"name\":\"\u00bfC\u00f3mo combatir las fake news? - Plataforma de comunicaci\u00f3\",\"isPartOf\":{\"@id\":\"https:\/\/www.plataformadecomunicacio.com\/#website\"},\"primaryImageOfPage\":{\"@id\":\"https:\/\/www.plataformadecomunicacio.com\/es\/como-combatir-las-fake-news\/#primaryimage\"},\"image\":{\"@id\":\"https:\/\/www.plataformadecomunicacio.com\/es\/como-combatir-las-fake-news\/#primaryimage\"},\"thumbnailUrl\":\"https:\/\/www.plataformadecomunicacio.com\/wp-content\/uploads\/2024\/05\/fake-2355686_1280.jpg\",\"datePublished\":\"2024-05-28T12:09:15+00:00\",\"dateModified\":\"2024-05-28T12:10:27+00:00\",\"description\":\"Las fake news, o noticias falsas, lamentablemente tan de moda, son un problema creciente que afecta a la sociedad a muchas escalas.\",\"breadcrumb\":{\"@id\":\"https:\/\/www.plataformadecomunicacio.com\/es\/como-combatir-las-fake-news\/#breadcrumb\"},\"inLanguage\":\"es\",\"potentialAction\":[{\"@type\":\"ReadAction\",\"target\":[\"https:\/\/www.plataformadecomunicacio.com\/es\/como-combatir-las-fake-news\/\"]}]},{\"@type\":\"ImageObject\",\"inLanguage\":\"es\",\"@id\":\"https:\/\/www.plataformadecomunicacio.com\/es\/como-combatir-las-fake-news\/#primaryimage\",\"url\":\"https:\/\/www.plataformadecomunicacio.com\/wp-content\/uploads\/2024\/05\/fake-2355686_1280.jpg\",\"contentUrl\":\"https:\/\/www.plataformadecomunicacio.com\/wp-content\/uploads\/2024\/05\/fake-2355686_1280.jpg\",\"width\":1280,\"height\":853},{\"@type\":\"BreadcrumbList\",\"@id\":\"https:\/\/www.plataformadecomunicacio.com\/es\/como-combatir-las-fake-news\/#breadcrumb\",\"itemListElement\":[{\"@type\":\"ListItem\",\"position\":1,\"name\":\"Home\",\"item\":\"https:\/\/www.plataformadecomunicacio.com\/es\/inicio\/\"},{\"@type\":\"ListItem\",\"position\":2,\"name\":\"\u00bfC\u00f3mo combatir las fake news?\"}]},{\"@type\":\"WebSite\",\"@id\":\"https:\/\/www.plataformadecomunicacio.com\/#website\",\"url\":\"https:\/\/www.plataformadecomunicacio.com\/\",\"name\":\"Plataforma de comunicaci\u00f3\",\"description\":\"Comuniquem junts\",\"publisher\":{\"@id\":\"https:\/\/www.plataformadecomunicacio.com\/#organization\"},\"potentialAction\":[{\"@type\":\"SearchAction\",\"target\":{\"@type\":\"EntryPoint\",\"urlTemplate\":\"https:\/\/www.plataformadecomunicacio.com\/?s={search_term_string}\"},\"query-input\":{\"@type\":\"PropertyValueSpecification\",\"valueRequired\":true,\"valueName\":\"search_term_string\"}}],\"inLanguage\":\"es\"},{\"@type\":\"Organization\",\"@id\":\"https:\/\/www.plataformadecomunicacio.com\/#organization\",\"name\":\"Plataforma de comunicaci\u00f3\",\"url\":\"https:\/\/www.plataformadecomunicacio.com\/\",\"logo\":{\"@type\":\"ImageObject\",\"inLanguage\":\"es\",\"@id\":\"https:\/\/www.plataformadecomunicacio.com\/#\/schema\/logo\/image\/\",\"url\":\"https:\/\/www.plataformadecomunicacio.com\/wp-content\/uploads\/2019\/02\/Logo_plataforma.png\",\"contentUrl\":\"https:\/\/www.plataformadecomunicacio.com\/wp-content\/uploads\/2019\/02\/Logo_plataforma.png\",\"width\":505,\"height\":320,\"caption\":\"Plataforma de comunicaci\u00f3\"},\"image\":{\"@id\":\"https:\/\/www.plataformadecomunicacio.com\/#\/schema\/logo\/image\/\"},\"sameAs\":[\"https:\/\/www.facebook.com\/plataformadecomunicacio\/\",\"https:\/\/x.com\/PlataformadeCom\",\"https:\/\/www.linkedin.com\/company\/plataforma-de-comunicaci\u00f3\/\",\"https:\/\/www.youtube.com\/channel\/UCQ4-7CGw0atul0BbEAN5S9w\"]},{\"@type\":\"Person\",\"@id\":\"https:\/\/www.plataformadecomunicacio.com\/#\/schema\/person\/a10597ea5a25cad7b4aac14e6a1672ed\",\"name\":\"Plataforma de Comunicaci\u00f3\",\"image\":{\"@type\":\"ImageObject\",\"inLanguage\":\"es\",\"@id\":\"https:\/\/www.plataformadecomunicacio.com\/#\/schema\/person\/image\/\",\"url\":\"https:\/\/secure.gravatar.com\/avatar\/cd26adb9e219d2135afc19eaeefcbaa63ae195f53dcce0bebf04fcc05c3dc7b4?s=96&d=mm&r=g\",\"contentUrl\":\"https:\/\/secure.gravatar.com\/avatar\/cd26adb9e219d2135afc19eaeefcbaa63ae195f53dcce0bebf04fcc05c3dc7b4?s=96&d=mm&r=g\",\"caption\":\"Plataforma de Comunicaci\u00f3\"},\"sameAs\":[\"http:\/\/plataformadecomunicacio.com\"],\"url\":\"https:\/\/www.plataformadecomunicacio.com\/es\/author\/plataforma\/\"}]}<\/script>\n<!-- \/ Yoast SEO plugin. -->","yoast_head_json":{"title":"\u00bfC\u00f3mo combatir las fake news? - Plataforma de comunicaci\u00f3","description":"Las fake news, o noticias falsas, lamentablemente tan de moda, son un problema creciente que afecta a la sociedad a muchas escalas.","robots":{"index":"index","follow":"follow","max-snippet":"max-snippet:-1","max-image-preview":"max-image-preview:large","max-video-preview":"max-video-preview:-1"},"canonical":"https:\/\/www.plataformadecomunicacio.com\/es\/como-combatir-las-fake-news\/","og_locale":"es_ES","og_type":"article","og_title":"\u00bfC\u00f3mo combatir las fake news? - Plataforma de comunicaci\u00f3","og_description":"Las fake news, o noticias falsas, lamentablemente tan de moda, son un problema creciente que afecta a la sociedad a muchas escalas.","og_url":"https:\/\/www.plataformadecomunicacio.com\/es\/como-combatir-las-fake-news\/","og_site_name":"Plataforma de comunicaci\u00f3","article_publisher":"https:\/\/www.facebook.com\/plataformadecomunicacio\/","article_published_time":"2024-05-28T12:09:15+00:00","article_modified_time":"2024-05-28T12:10:27+00:00","og_image":[{"width":1280,"height":853,"url":"https:\/\/www.plataformadecomunicacio.com\/wp-content\/uploads\/2024\/05\/fake-2355686_1280.jpg","type":"image\/jpeg"}],"author":"Plataforma de Comunicaci\u00f3","twitter_card":"summary_large_image","twitter_creator":"@PlataformadeCom","twitter_site":"@PlataformadeCom","twitter_misc":{"Escrito por":"Plataforma de Comunicaci\u00f3","Tiempo de lectura":"4 minutos"},"schema":{"@context":"https:\/\/schema.org","@graph":[{"@type":"Article","@id":"https:\/\/www.plataformadecomunicacio.com\/es\/como-combatir-las-fake-news\/#article","isPartOf":{"@id":"https:\/\/www.plataformadecomunicacio.com\/es\/como-combatir-las-fake-news\/"},"author":{"name":"Plataforma de Comunicaci\u00f3","@id":"https:\/\/www.plataformadecomunicacio.com\/#\/schema\/person\/a10597ea5a25cad7b4aac14e6a1672ed"},"headline":"\u00bfC\u00f3mo combatir las fake news?","datePublished":"2024-05-28T12:09:15+00:00","dateModified":"2024-05-28T12:10:27+00:00","mainEntityOfPage":{"@id":"https:\/\/www.plataformadecomunicacio.com\/es\/como-combatir-las-fake-news\/"},"wordCount":693,"publisher":{"@id":"https:\/\/www.plataformadecomunicacio.com\/#organization"},"image":{"@id":"https:\/\/www.plataformadecomunicacio.com\/es\/como-combatir-las-fake-news\/#primaryimage"},"thumbnailUrl":"https:\/\/www.plataformadecomunicacio.com\/wp-content\/uploads\/2024\/05\/fake-2355686_1280.jpg","articleSection":["Comunicaci\u00f3","News"],"inLanguage":"es"},{"@type":"WebPage","@id":"https:\/\/www.plataformadecomunicacio.com\/es\/como-combatir-las-fake-news\/","url":"https:\/\/www.plataformadecomunicacio.com\/es\/como-combatir-las-fake-news\/","name":"\u00bfC\u00f3mo combatir las fake news? - Plataforma de comunicaci\u00f3","isPartOf":{"@id":"https:\/\/www.plataformadecomunicacio.com\/#website"},"primaryImageOfPage":{"@id":"https:\/\/www.plataformadecomunicacio.com\/es\/como-combatir-las-fake-news\/#primaryimage"},"image":{"@id":"https:\/\/www.plataformadecomunicacio.com\/es\/como-combatir-las-fake-news\/#primaryimage"},"thumbnailUrl":"https:\/\/www.plataformadecomunicacio.com\/wp-content\/uploads\/2024\/05\/fake-2355686_1280.jpg","datePublished":"2024-05-28T12:09:15+00:00","dateModified":"2024-05-28T12:10:27+00:00","description":"Las fake news, o noticias falsas, lamentablemente tan de moda, son un problema creciente que afecta a la sociedad a muchas escalas.","breadcrumb":{"@id":"https:\/\/www.plataformadecomunicacio.com\/es\/como-combatir-las-fake-news\/#breadcrumb"},"inLanguage":"es","potentialAction":[{"@type":"ReadAction","target":["https:\/\/www.plataformadecomunicacio.com\/es\/como-combatir-las-fake-news\/"]}]},{"@type":"ImageObject","inLanguage":"es","@id":"https:\/\/www.plataformadecomunicacio.com\/es\/como-combatir-las-fake-news\/#primaryimage","url":"https:\/\/www.plataformadecomunicacio.com\/wp-content\/uploads\/2024\/05\/fake-2355686_1280.jpg","contentUrl":"https:\/\/www.plataformadecomunicacio.com\/wp-content\/uploads\/2024\/05\/fake-2355686_1280.jpg","width":1280,"height":853},{"@type":"BreadcrumbList","@id":"https:\/\/www.plataformadecomunicacio.com\/es\/como-combatir-las-fake-news\/#breadcrumb","itemListElement":[{"@type":"ListItem","position":1,"name":"Home","item":"https:\/\/www.plataformadecomunicacio.com\/es\/inicio\/"},{"@type":"ListItem","position":2,"name":"\u00bfC\u00f3mo combatir las fake news?"}]},{"@type":"WebSite","@id":"https:\/\/www.plataformadecomunicacio.com\/#website","url":"https:\/\/www.plataformadecomunicacio.com\/","name":"Plataforma de comunicaci\u00f3","description":"Comuniquem junts","publisher":{"@id":"https:\/\/www.plataformadecomunicacio.com\/#organization"},"potentialAction":[{"@type":"SearchAction","target":{"@type":"EntryPoint","urlTemplate":"https:\/\/www.plataformadecomunicacio.com\/?s={search_term_string}"},"query-input":{"@type":"PropertyValueSpecification","valueRequired":true,"valueName":"search_term_string"}}],"inLanguage":"es"},{"@type":"Organization","@id":"https:\/\/www.plataformadecomunicacio.com\/#organization","name":"Plataforma de comunicaci\u00f3","url":"https:\/\/www.plataformadecomunicacio.com\/","logo":{"@type":"ImageObject","inLanguage":"es","@id":"https:\/\/www.plataformadecomunicacio.com\/#\/schema\/logo\/image\/","url":"https:\/\/www.plataformadecomunicacio.com\/wp-content\/uploads\/2019\/02\/Logo_plataforma.png","contentUrl":"https:\/\/www.plataformadecomunicacio.com\/wp-content\/uploads\/2019\/02\/Logo_plataforma.png","width":505,"height":320,"caption":"Plataforma de comunicaci\u00f3"},"image":{"@id":"https:\/\/www.plataformadecomunicacio.com\/#\/schema\/logo\/image\/"},"sameAs":["https:\/\/www.facebook.com\/plataformadecomunicacio\/","https:\/\/x.com\/PlataformadeCom","https:\/\/www.linkedin.com\/company\/plataforma-de-comunicaci\u00f3\/","https:\/\/www.youtube.com\/channel\/UCQ4-7CGw0atul0BbEAN5S9w"]},{"@type":"Person","@id":"https:\/\/www.plataformadecomunicacio.com\/#\/schema\/person\/a10597ea5a25cad7b4aac14e6a1672ed","name":"Plataforma de Comunicaci\u00f3","image":{"@type":"ImageObject","inLanguage":"es","@id":"https:\/\/www.plataformadecomunicacio.com\/#\/schema\/person\/image\/","url":"https:\/\/secure.gravatar.com\/avatar\/cd26adb9e219d2135afc19eaeefcbaa63ae195f53dcce0bebf04fcc05c3dc7b4?s=96&d=mm&r=g","contentUrl":"https:\/\/secure.gravatar.com\/avatar\/cd26adb9e219d2135afc19eaeefcbaa63ae195f53dcce0bebf04fcc05c3dc7b4?s=96&d=mm&r=g","caption":"Plataforma de Comunicaci\u00f3"},"sameAs":["http:\/\/plataformadecomunicacio.com"],"url":"https:\/\/www.plataformadecomunicacio.com\/es\/author\/plataforma\/"}]}},"_links":{"self":[{"href":"https:\/\/www.plataformadecomunicacio.com\/es\/wp-json\/wp\/v2\/posts\/11508","targetHints":{"allow":["GET"]}}],"collection":[{"href":"https:\/\/www.plataformadecomunicacio.com\/es\/wp-json\/wp\/v2\/posts"}],"about":[{"href":"https:\/\/www.plataformadecomunicacio.com\/es\/wp-json\/wp\/v2\/types\/post"}],"author":[{"embeddable":true,"href":"https:\/\/www.plataformadecomunicacio.com\/es\/wp-json\/wp\/v2\/users\/2"}],"replies":[{"embeddable":true,"href":"https:\/\/www.plataformadecomunicacio.com\/es\/wp-json\/wp\/v2\/comments?post=11508"}],"version-history":[{"count":2,"href":"https:\/\/www.plataformadecomunicacio.com\/es\/wp-json\/wp\/v2\/posts\/11508\/revisions"}],"predecessor-version":[{"id":11510,"href":"https:\/\/www.plataformadecomunicacio.com\/es\/wp-json\/wp\/v2\/posts\/11508\/revisions\/11510"}],"wp:featuredmedia":[{"embeddable":true,"href":"https:\/\/www.plataformadecomunicacio.com\/es\/wp-json\/wp\/v2\/media\/11506"}],"wp:attachment":[{"href":"https:\/\/www.plataformadecomunicacio.com\/es\/wp-json\/wp\/v2\/media?parent=11508"}],"wp:term":[{"taxonomy":"category","embeddable":true,"href":"https:\/\/www.plataformadecomunicacio.com\/es\/wp-json\/wp\/v2\/categories?post=11508"},{"taxonomy":"post_tag","embeddable":true,"href":"https:\/\/www.plataformadecomunicacio.com\/es\/wp-json\/wp\/v2\/tags?post=11508"}],"curies":[{"name":"wp","href":"https:\/\/api.w.org\/{rel}","templated":true}]}}