{"id":11688,"date":"2025-01-31T13:39:18","date_gmt":"2025-01-31T12:39:18","guid":{"rendered":"https:\/\/www.plataformadecomunicacio.com\/?p=11688"},"modified":"2025-01-31T13:39:20","modified_gmt":"2025-01-31T12:39:20","slug":"transforma-tu-municipio-en-un-espacio-seguro-e-inclusivo","status":"publish","type":"post","link":"https:\/\/www.plataformadecomunicacio.com\/es\/transforma-tu-municipio-en-un-espacio-seguro-e-inclusivo\/","title":{"rendered":"Transforma tu municipio en un espacio seguro e inclusivo"},"content":{"rendered":"\n<ul class=\"wp-block-list\">\n<li><strong>Las marchas exploratorias son una herramienta clave para analizar c\u00f3mo se percibe y se vive la seguridad en el espacio p\u00fablico desde una perspectiva feminista e interseccional<\/strong>.<\/li>\n\n\n\n<li><strong>A trav\u00e9s de estos recorridos participativos, se detectan elementos que favorecen o dificultan la movilidad y la autonom\u00eda, permitiendo transformar los municipios en entornos m\u00e1s accesibles, seguros y equitativos para todos.<\/strong><\/li>\n<\/ul>\n\n\n\n<p>La desigualdad de g\u00e9nero tambi\u00e9n se refleja en la forma en que se construye, se utiliza y se ocupa el espacio urbano. Por este motivo, las marchas exploratorias son una herramienta esencial para repensar los espacios p\u00fablicos y garantizar que respondan a las necesidades de todas las personas, especialmente de las mujeres.<\/p>\n\n\n\n<p><strong>\u00bfQu\u00e9 son las marchas exploratorias?<\/strong><\/p>\n\n\n\n<p>Las marchas exploratorias son recorridos grupales por entornos urbanos liderados por mujeres y guiados por una dinamizadora. El objetivo no es solo analizar los espacios desde el punto de vista f\u00edsico, sino tambi\u00e9n social y simb\u00f3lico, para entender c\u00f3mo condicionan la percepci\u00f3n de inseguridad y autonom\u00eda.<\/p>\n\n\n\n<p>Esta metodolog\u00eda, propia del urbanismo feminista, da voz a las mujeres como expertas del territorio donde viven y se mueven. Su participaci\u00f3n permite detectar elementos favorables y desfavorables y generar cambios para asegurar la seguridad y mejorar el bienestar de todos.<\/p>\n\n\n\n<p><strong>Objetivos de las marchas exploratorias<\/strong><\/p>\n\n\n\n<ul class=\"wp-block-list\">\n<li>Detectar espacios favorables y desfavorables, analizando c\u00f3mo el g\u00e9nero y otras variables influyen en la seguridad.<\/li>\n\n\n\n<li>Valorar el conocimiento de las participantes, convirtiendo sus experiencias en criterios para mejorar el entorno urbano.<\/li>\n\n\n\n<li>Promover el empoderamiento colectivo, fomentando la participaci\u00f3n activa de las mujeres en la transformaci\u00f3n de su municipio.<\/li>\n<\/ul>\n\n\n\n<p><strong>Seguridad con perspectiva feminista<\/strong><\/p>\n\n\n\n<p>El urbanismo tradicional a menudo prioriza la productividad y la funcionalidad por encima de las necesidades relacionadas con el cuidado, la comunidad y la vida cotidiana. El urbanismo feminista, en cambio, entiende la seguridad de manera integral y reconoce la conexi\u00f3n entre las violencias que se viven en el espacio p\u00fablico y las del \u00e1mbito privado.<\/p>\n\n\n\n<p>Mediante las marchas exploratorias, se analizan elementos f\u00edsicos como la iluminaci\u00f3n, la accesibilidad o la se\u00f1alizaci\u00f3n, y tambi\u00e9n aspectos sociales, como la vitalidad del espacio o la vigilancia informal. El objetivo es garantizar que todos puedan moverse libremente, con autonom\u00eda y sin miedo.<\/p>\n\n\n\n<p><strong>Principios para entornos urbanos seguros<\/strong><\/p>\n\n\n\n<p>A partir del an\u00e1lisis colectivo y participativo, las marchas exploratorias permiten identificar factores clave que influyen en la seguridad y el bienestar en los espacios p\u00fablicos. Algunos de los aspectos m\u00e1s relevantes que se tienen en cuenta son:<\/p>\n\n\n\n<ul class=\"wp-block-list\">\n<li>Iluminaci\u00f3n adecuada: una buena iluminaci\u00f3n reduce la percepci\u00f3n de inseguridad y mejora la visibilidad.<\/li>\n\n\n\n<li>Accesibilidad universal: los espacios deben ser transitables para todos, independientemente de su movilidad.<\/li>\n\n\n\n<li>Visibilidad y apertura de los espacios: evitar rincones ocultos o zonas con poca visibilidad que generen sensaci\u00f3n de aislamiento.<\/li>\n\n\n\n<li>Presencia y actividad social: fomentar un uso diverso de los espacios para garantizar su vitalidad y ocupaci\u00f3n continua.<\/li>\n\n\n\n<li>Mantenimiento y limpieza: un espacio cuidado transmite seguridad y favorece su apropiaci\u00f3n por parte de la comunidad.<\/li>\n\n\n\n<li>Se\u00f1alizaci\u00f3n clara e intuitiva: la informaci\u00f3n debe ser accesible y comprensible para facilitar la movilidad y la orientaci\u00f3n.<\/li>\n<\/ul>\n\n\n\n<p><strong>\u00bfC\u00f3mo desarrollamos las marchas exploratorias?<\/strong><\/p>\n\n\n\n<p>Nos encargamos de todo el proceso, desde las reuniones iniciales para definir objetivos hasta el dise\u00f1o y dinamizaci\u00f3n de la marcha. Tambi\u00e9n preparamos el informe final con recomendaciones y presentamos los resultados en las reuniones de retorno.<\/p>\n\n\n\n<p><strong>Hacia ciudades m\u00e1s seguras e igualitarias<\/strong><\/p>\n\n\n\n<p>El urbanismo no es neutro y tiene un impacto directo en la vida cotidiana de las personas. Con las marchas exploratorias se promueve un modelo de ciudad que prioriza la seguridad, la accesibilidad y la inclusi\u00f3n. Transformar los espacios urbanos desde esta perspectiva permite garantizar entornos m\u00e1s seguros para todos.<\/p>\n\n\n\n<p><strong>Ponte en contacto con nosotros para impulsar una marcha exploratoria en tu municipio y trabajar juntas por una ciudad m\u00e1s segura e igualitaria.<\/strong><\/p>\n","protected":false},"excerpt":{"rendered":"<p>La desigualdad de g\u00e9nero tambi\u00e9n se refleja en la forma en que se construye, se utiliza y se ocupa el espacio urbano. Por este motivo, las marchas exploratorias son una herramienta esencial para repensar los espacios p\u00fablicos y garantizar que respondan a las necesidades de todas las personas, especialmente de las mujeres. \u00bfQu\u00e9 son las [&hellip;]<\/p>\n","protected":false},"author":2,"featured_media":11687,"comment_status":"closed","ping_status":"open","sticky":false,"template":"","format":"standard","meta":{"footnotes":""},"categories":[56,168],"tags":[273,274,169],"class_list":["post-11688","post","type-post","status-publish","format-standard","has-post-thumbnail","hentry","category-news-es","category-punto-lila","tag-marcha-exploratoria","tag-municipio-inclusivo","tag-punto-lila"],"yoast_head":"<!-- This site is optimized with the Yoast SEO plugin v26.1 - https:\/\/yoast.com\/wordpress\/plugins\/seo\/ -->\n<title>Transforma tu municipio en un espacio seguro e inclusivo - Plataforma de comunicaci\u00f3<\/title>\n<meta name=\"description\" content=\"Las marchas exploratorias son una herramienta clave para analizar c\u00f3mo se percibe y se vive la seguridad en el espacio p\u00fablico desde una perspectiva feminista e interseccional.\" \/>\n<meta name=\"robots\" content=\"index, follow, max-snippet:-1, max-image-preview:large, max-video-preview:-1\" \/>\n<link rel=\"canonical\" href=\"https:\/\/www.plataformadecomunicacio.com\/es\/transforma-tu-municipio-en-un-espacio-seguro-e-inclusivo\/\" \/>\n<meta property=\"og:locale\" content=\"es_ES\" \/>\n<meta property=\"og:type\" content=\"article\" \/>\n<meta property=\"og:title\" content=\"Transforma tu municipio en un espacio seguro e inclusivo - Plataforma de comunicaci\u00f3\" \/>\n<meta property=\"og:description\" content=\"Las marchas exploratorias son una herramienta clave para analizar c\u00f3mo se percibe y se vive la seguridad en el espacio p\u00fablico desde una perspectiva feminista e interseccional.\" \/>\n<meta property=\"og:url\" content=\"https:\/\/www.plataformadecomunicacio.com\/es\/transforma-tu-municipio-en-un-espacio-seguro-e-inclusivo\/\" \/>\n<meta property=\"og:site_name\" content=\"Plataforma de comunicaci\u00f3\" \/>\n<meta property=\"article:publisher\" content=\"https:\/\/www.facebook.com\/plataformadecomunicacio\/\" \/>\n<meta property=\"article:published_time\" content=\"2025-01-31T12:39:18+00:00\" \/>\n<meta property=\"article:modified_time\" content=\"2025-01-31T12:39:20+00:00\" \/>\n<meta property=\"og:image\" content=\"https:\/\/www.plataformadecomunicacio.com\/wp-content\/uploads\/2025\/01\/Marxes-exploratories-3.png\" \/>\n\t<meta property=\"og:image:width\" content=\"1920\" \/>\n\t<meta property=\"og:image:height\" content=\"1080\" \/>\n\t<meta property=\"og:image:type\" content=\"image\/png\" \/>\n<meta name=\"author\" content=\"Plataforma de Comunicaci\u00f3\" \/>\n<meta name=\"twitter:card\" content=\"summary_large_image\" \/>\n<meta name=\"twitter:creator\" content=\"@PlataformadeCom\" \/>\n<meta name=\"twitter:site\" content=\"@PlataformadeCom\" \/>\n<meta name=\"twitter:label1\" content=\"Escrito por\" \/>\n\t<meta name=\"twitter:data1\" content=\"Plataforma de Comunicaci\u00f3\" \/>\n\t<meta name=\"twitter:label2\" content=\"Tiempo de lectura\" \/>\n\t<meta name=\"twitter:data2\" content=\"4 minutos\" \/>\n<script type=\"application\/ld+json\" class=\"yoast-schema-graph\">{\"@context\":\"https:\/\/schema.org\",\"@graph\":[{\"@type\":\"Article\",\"@id\":\"https:\/\/www.plataformadecomunicacio.com\/es\/transforma-tu-municipio-en-un-espacio-seguro-e-inclusivo\/#article\",\"isPartOf\":{\"@id\":\"https:\/\/www.plataformadecomunicacio.com\/es\/transforma-tu-municipio-en-un-espacio-seguro-e-inclusivo\/\"},\"author\":{\"name\":\"Plataforma de Comunicaci\u00f3\",\"@id\":\"https:\/\/www.plataformadecomunicacio.com\/#\/schema\/person\/a10597ea5a25cad7b4aac14e6a1672ed\"},\"headline\":\"Transforma tu municipio en un espacio seguro e inclusivo\",\"datePublished\":\"2025-01-31T12:39:18+00:00\",\"dateModified\":\"2025-01-31T12:39:20+00:00\",\"mainEntityOfPage\":{\"@id\":\"https:\/\/www.plataformadecomunicacio.com\/es\/transforma-tu-municipio-en-un-espacio-seguro-e-inclusivo\/\"},\"wordCount\":680,\"publisher\":{\"@id\":\"https:\/\/www.plataformadecomunicacio.com\/#organization\"},\"image\":{\"@id\":\"https:\/\/www.plataformadecomunicacio.com\/es\/transforma-tu-municipio-en-un-espacio-seguro-e-inclusivo\/#primaryimage\"},\"thumbnailUrl\":\"https:\/\/www.plataformadecomunicacio.com\/wp-content\/uploads\/2025\/01\/Marxes-exploratories-3.png\",\"keywords\":[\"marcha exploratoria\",\"municipio inclusivo\",\"punto lila\"],\"articleSection\":[\"News\",\"Punto Lila\"],\"inLanguage\":\"es\"},{\"@type\":\"WebPage\",\"@id\":\"https:\/\/www.plataformadecomunicacio.com\/es\/transforma-tu-municipio-en-un-espacio-seguro-e-inclusivo\/\",\"url\":\"https:\/\/www.plataformadecomunicacio.com\/es\/transforma-tu-municipio-en-un-espacio-seguro-e-inclusivo\/\",\"name\":\"Transforma tu municipio en un espacio seguro e inclusivo - Plataforma de comunicaci\u00f3\",\"isPartOf\":{\"@id\":\"https:\/\/www.plataformadecomunicacio.com\/#website\"},\"primaryImageOfPage\":{\"@id\":\"https:\/\/www.plataformadecomunicacio.com\/es\/transforma-tu-municipio-en-un-espacio-seguro-e-inclusivo\/#primaryimage\"},\"image\":{\"@id\":\"https:\/\/www.plataformadecomunicacio.com\/es\/transforma-tu-municipio-en-un-espacio-seguro-e-inclusivo\/#primaryimage\"},\"thumbnailUrl\":\"https:\/\/www.plataformadecomunicacio.com\/wp-content\/uploads\/2025\/01\/Marxes-exploratories-3.png\",\"datePublished\":\"2025-01-31T12:39:18+00:00\",\"dateModified\":\"2025-01-31T12:39:20+00:00\",\"description\":\"Las marchas exploratorias son una herramienta clave para analizar c\u00f3mo se percibe y se vive la seguridad en el espacio p\u00fablico desde una perspectiva feminista e interseccional.\",\"breadcrumb\":{\"@id\":\"https:\/\/www.plataformadecomunicacio.com\/es\/transforma-tu-municipio-en-un-espacio-seguro-e-inclusivo\/#breadcrumb\"},\"inLanguage\":\"es\",\"potentialAction\":[{\"@type\":\"ReadAction\",\"target\":[\"https:\/\/www.plataformadecomunicacio.com\/es\/transforma-tu-municipio-en-un-espacio-seguro-e-inclusivo\/\"]}]},{\"@type\":\"ImageObject\",\"inLanguage\":\"es\",\"@id\":\"https:\/\/www.plataformadecomunicacio.com\/es\/transforma-tu-municipio-en-un-espacio-seguro-e-inclusivo\/#primaryimage\",\"url\":\"https:\/\/www.plataformadecomunicacio.com\/wp-content\/uploads\/2025\/01\/Marxes-exploratories-3.png\",\"contentUrl\":\"https:\/\/www.plataformadecomunicacio.com\/wp-content\/uploads\/2025\/01\/Marxes-exploratories-3.png\",\"width\":1920,\"height\":1080},{\"@type\":\"BreadcrumbList\",\"@id\":\"https:\/\/www.plataformadecomunicacio.com\/es\/transforma-tu-municipio-en-un-espacio-seguro-e-inclusivo\/#breadcrumb\",\"itemListElement\":[{\"@type\":\"ListItem\",\"position\":1,\"name\":\"Home\",\"item\":\"https:\/\/www.plataformadecomunicacio.com\/es\/inicio\/\"},{\"@type\":\"ListItem\",\"position\":2,\"name\":\"Transforma tu municipio en un espacio seguro e inclusivo\"}]},{\"@type\":\"WebSite\",\"@id\":\"https:\/\/www.plataformadecomunicacio.com\/#website\",\"url\":\"https:\/\/www.plataformadecomunicacio.com\/\",\"name\":\"Plataforma de comunicaci\u00f3\",\"description\":\"Comuniquem junts\",\"publisher\":{\"@id\":\"https:\/\/www.plataformadecomunicacio.com\/#organization\"},\"potentialAction\":[{\"@type\":\"SearchAction\",\"target\":{\"@type\":\"EntryPoint\",\"urlTemplate\":\"https:\/\/www.plataformadecomunicacio.com\/?s={search_term_string}\"},\"query-input\":{\"@type\":\"PropertyValueSpecification\",\"valueRequired\":true,\"valueName\":\"search_term_string\"}}],\"inLanguage\":\"es\"},{\"@type\":\"Organization\",\"@id\":\"https:\/\/www.plataformadecomunicacio.com\/#organization\",\"name\":\"Plataforma de comunicaci\u00f3\",\"url\":\"https:\/\/www.plataformadecomunicacio.com\/\",\"logo\":{\"@type\":\"ImageObject\",\"inLanguage\":\"es\",\"@id\":\"https:\/\/www.plataformadecomunicacio.com\/#\/schema\/logo\/image\/\",\"url\":\"https:\/\/www.plataformadecomunicacio.com\/wp-content\/uploads\/2019\/02\/Logo_plataforma.png\",\"contentUrl\":\"https:\/\/www.plataformadecomunicacio.com\/wp-content\/uploads\/2019\/02\/Logo_plataforma.png\",\"width\":505,\"height\":320,\"caption\":\"Plataforma de comunicaci\u00f3\"},\"image\":{\"@id\":\"https:\/\/www.plataformadecomunicacio.com\/#\/schema\/logo\/image\/\"},\"sameAs\":[\"https:\/\/www.facebook.com\/plataformadecomunicacio\/\",\"https:\/\/x.com\/PlataformadeCom\",\"https:\/\/www.linkedin.com\/company\/plataforma-de-comunicaci\u00f3\/\",\"https:\/\/www.youtube.com\/channel\/UCQ4-7CGw0atul0BbEAN5S9w\"]},{\"@type\":\"Person\",\"@id\":\"https:\/\/www.plataformadecomunicacio.com\/#\/schema\/person\/a10597ea5a25cad7b4aac14e6a1672ed\",\"name\":\"Plataforma de Comunicaci\u00f3\",\"image\":{\"@type\":\"ImageObject\",\"inLanguage\":\"es\",\"@id\":\"https:\/\/www.plataformadecomunicacio.com\/#\/schema\/person\/image\/\",\"url\":\"https:\/\/secure.gravatar.com\/avatar\/cd26adb9e219d2135afc19eaeefcbaa63ae195f53dcce0bebf04fcc05c3dc7b4?s=96&d=mm&r=g\",\"contentUrl\":\"https:\/\/secure.gravatar.com\/avatar\/cd26adb9e219d2135afc19eaeefcbaa63ae195f53dcce0bebf04fcc05c3dc7b4?s=96&d=mm&r=g\",\"caption\":\"Plataforma de Comunicaci\u00f3\"},\"sameAs\":[\"http:\/\/plataformadecomunicacio.com\"],\"url\":\"https:\/\/www.plataformadecomunicacio.com\/es\/author\/plataforma\/\"}]}<\/script>\n<!-- \/ Yoast SEO plugin. -->","yoast_head_json":{"title":"Transforma tu municipio en un espacio seguro e inclusivo - Plataforma de comunicaci\u00f3","description":"Las marchas exploratorias son una herramienta clave para analizar c\u00f3mo se percibe y se vive la seguridad en el espacio p\u00fablico desde una perspectiva feminista e interseccional.","robots":{"index":"index","follow":"follow","max-snippet":"max-snippet:-1","max-image-preview":"max-image-preview:large","max-video-preview":"max-video-preview:-1"},"canonical":"https:\/\/www.plataformadecomunicacio.com\/es\/transforma-tu-municipio-en-un-espacio-seguro-e-inclusivo\/","og_locale":"es_ES","og_type":"article","og_title":"Transforma tu municipio en un espacio seguro e inclusivo - Plataforma de comunicaci\u00f3","og_description":"Las marchas exploratorias son una herramienta clave para analizar c\u00f3mo se percibe y se vive la seguridad en el espacio p\u00fablico desde una perspectiva feminista e interseccional.","og_url":"https:\/\/www.plataformadecomunicacio.com\/es\/transforma-tu-municipio-en-un-espacio-seguro-e-inclusivo\/","og_site_name":"Plataforma de comunicaci\u00f3","article_publisher":"https:\/\/www.facebook.com\/plataformadecomunicacio\/","article_published_time":"2025-01-31T12:39:18+00:00","article_modified_time":"2025-01-31T12:39:20+00:00","og_image":[{"width":1920,"height":1080,"url":"https:\/\/www.plataformadecomunicacio.com\/wp-content\/uploads\/2025\/01\/Marxes-exploratories-3.png","type":"image\/png"}],"author":"Plataforma de Comunicaci\u00f3","twitter_card":"summary_large_image","twitter_creator":"@PlataformadeCom","twitter_site":"@PlataformadeCom","twitter_misc":{"Escrito por":"Plataforma de Comunicaci\u00f3","Tiempo de lectura":"4 minutos"},"schema":{"@context":"https:\/\/schema.org","@graph":[{"@type":"Article","@id":"https:\/\/www.plataformadecomunicacio.com\/es\/transforma-tu-municipio-en-un-espacio-seguro-e-inclusivo\/#article","isPartOf":{"@id":"https:\/\/www.plataformadecomunicacio.com\/es\/transforma-tu-municipio-en-un-espacio-seguro-e-inclusivo\/"},"author":{"name":"Plataforma de Comunicaci\u00f3","@id":"https:\/\/www.plataformadecomunicacio.com\/#\/schema\/person\/a10597ea5a25cad7b4aac14e6a1672ed"},"headline":"Transforma tu municipio en un espacio seguro e inclusivo","datePublished":"2025-01-31T12:39:18+00:00","dateModified":"2025-01-31T12:39:20+00:00","mainEntityOfPage":{"@id":"https:\/\/www.plataformadecomunicacio.com\/es\/transforma-tu-municipio-en-un-espacio-seguro-e-inclusivo\/"},"wordCount":680,"publisher":{"@id":"https:\/\/www.plataformadecomunicacio.com\/#organization"},"image":{"@id":"https:\/\/www.plataformadecomunicacio.com\/es\/transforma-tu-municipio-en-un-espacio-seguro-e-inclusivo\/#primaryimage"},"thumbnailUrl":"https:\/\/www.plataformadecomunicacio.com\/wp-content\/uploads\/2025\/01\/Marxes-exploratories-3.png","keywords":["marcha exploratoria","municipio inclusivo","punto lila"],"articleSection":["News","Punto Lila"],"inLanguage":"es"},{"@type":"WebPage","@id":"https:\/\/www.plataformadecomunicacio.com\/es\/transforma-tu-municipio-en-un-espacio-seguro-e-inclusivo\/","url":"https:\/\/www.plataformadecomunicacio.com\/es\/transforma-tu-municipio-en-un-espacio-seguro-e-inclusivo\/","name":"Transforma tu municipio en un espacio seguro e inclusivo - Plataforma de comunicaci\u00f3","isPartOf":{"@id":"https:\/\/www.plataformadecomunicacio.com\/#website"},"primaryImageOfPage":{"@id":"https:\/\/www.plataformadecomunicacio.com\/es\/transforma-tu-municipio-en-un-espacio-seguro-e-inclusivo\/#primaryimage"},"image":{"@id":"https:\/\/www.plataformadecomunicacio.com\/es\/transforma-tu-municipio-en-un-espacio-seguro-e-inclusivo\/#primaryimage"},"thumbnailUrl":"https:\/\/www.plataformadecomunicacio.com\/wp-content\/uploads\/2025\/01\/Marxes-exploratories-3.png","datePublished":"2025-01-31T12:39:18+00:00","dateModified":"2025-01-31T12:39:20+00:00","description":"Las marchas exploratorias son una herramienta clave para analizar c\u00f3mo se percibe y se vive la seguridad en el espacio p\u00fablico desde una perspectiva feminista e interseccional.","breadcrumb":{"@id":"https:\/\/www.plataformadecomunicacio.com\/es\/transforma-tu-municipio-en-un-espacio-seguro-e-inclusivo\/#breadcrumb"},"inLanguage":"es","potentialAction":[{"@type":"ReadAction","target":["https:\/\/www.plataformadecomunicacio.com\/es\/transforma-tu-municipio-en-un-espacio-seguro-e-inclusivo\/"]}]},{"@type":"ImageObject","inLanguage":"es","@id":"https:\/\/www.plataformadecomunicacio.com\/es\/transforma-tu-municipio-en-un-espacio-seguro-e-inclusivo\/#primaryimage","url":"https:\/\/www.plataformadecomunicacio.com\/wp-content\/uploads\/2025\/01\/Marxes-exploratories-3.png","contentUrl":"https:\/\/www.plataformadecomunicacio.com\/wp-content\/uploads\/2025\/01\/Marxes-exploratories-3.png","width":1920,"height":1080},{"@type":"BreadcrumbList","@id":"https:\/\/www.plataformadecomunicacio.com\/es\/transforma-tu-municipio-en-un-espacio-seguro-e-inclusivo\/#breadcrumb","itemListElement":[{"@type":"ListItem","position":1,"name":"Home","item":"https:\/\/www.plataformadecomunicacio.com\/es\/inicio\/"},{"@type":"ListItem","position":2,"name":"Transforma tu municipio en un espacio seguro e inclusivo"}]},{"@type":"WebSite","@id":"https:\/\/www.plataformadecomunicacio.com\/#website","url":"https:\/\/www.plataformadecomunicacio.com\/","name":"Plataforma de comunicaci\u00f3","description":"Comuniquem junts","publisher":{"@id":"https:\/\/www.plataformadecomunicacio.com\/#organization"},"potentialAction":[{"@type":"SearchAction","target":{"@type":"EntryPoint","urlTemplate":"https:\/\/www.plataformadecomunicacio.com\/?s={search_term_string}"},"query-input":{"@type":"PropertyValueSpecification","valueRequired":true,"valueName":"search_term_string"}}],"inLanguage":"es"},{"@type":"Organization","@id":"https:\/\/www.plataformadecomunicacio.com\/#organization","name":"Plataforma de comunicaci\u00f3","url":"https:\/\/www.plataformadecomunicacio.com\/","logo":{"@type":"ImageObject","inLanguage":"es","@id":"https:\/\/www.plataformadecomunicacio.com\/#\/schema\/logo\/image\/","url":"https:\/\/www.plataformadecomunicacio.com\/wp-content\/uploads\/2019\/02\/Logo_plataforma.png","contentUrl":"https:\/\/www.plataformadecomunicacio.com\/wp-content\/uploads\/2019\/02\/Logo_plataforma.png","width":505,"height":320,"caption":"Plataforma de comunicaci\u00f3"},"image":{"@id":"https:\/\/www.plataformadecomunicacio.com\/#\/schema\/logo\/image\/"},"sameAs":["https:\/\/www.facebook.com\/plataformadecomunicacio\/","https:\/\/x.com\/PlataformadeCom","https:\/\/www.linkedin.com\/company\/plataforma-de-comunicaci\u00f3\/","https:\/\/www.youtube.com\/channel\/UCQ4-7CGw0atul0BbEAN5S9w"]},{"@type":"Person","@id":"https:\/\/www.plataformadecomunicacio.com\/#\/schema\/person\/a10597ea5a25cad7b4aac14e6a1672ed","name":"Plataforma de Comunicaci\u00f3","image":{"@type":"ImageObject","inLanguage":"es","@id":"https:\/\/www.plataformadecomunicacio.com\/#\/schema\/person\/image\/","url":"https:\/\/secure.gravatar.com\/avatar\/cd26adb9e219d2135afc19eaeefcbaa63ae195f53dcce0bebf04fcc05c3dc7b4?s=96&d=mm&r=g","contentUrl":"https:\/\/secure.gravatar.com\/avatar\/cd26adb9e219d2135afc19eaeefcbaa63ae195f53dcce0bebf04fcc05c3dc7b4?s=96&d=mm&r=g","caption":"Plataforma de Comunicaci\u00f3"},"sameAs":["http:\/\/plataformadecomunicacio.com"],"url":"https:\/\/www.plataformadecomunicacio.com\/es\/author\/plataforma\/"}]}},"_links":{"self":[{"href":"https:\/\/www.plataformadecomunicacio.com\/es\/wp-json\/wp\/v2\/posts\/11688","targetHints":{"allow":["GET"]}}],"collection":[{"href":"https:\/\/www.plataformadecomunicacio.com\/es\/wp-json\/wp\/v2\/posts"}],"about":[{"href":"https:\/\/www.plataformadecomunicacio.com\/es\/wp-json\/wp\/v2\/types\/post"}],"author":[{"embeddable":true,"href":"https:\/\/www.plataformadecomunicacio.com\/es\/wp-json\/wp\/v2\/users\/2"}],"replies":[{"embeddable":true,"href":"https:\/\/www.plataformadecomunicacio.com\/es\/wp-json\/wp\/v2\/comments?post=11688"}],"version-history":[{"count":1,"href":"https:\/\/www.plataformadecomunicacio.com\/es\/wp-json\/wp\/v2\/posts\/11688\/revisions"}],"predecessor-version":[{"id":11690,"href":"https:\/\/www.plataformadecomunicacio.com\/es\/wp-json\/wp\/v2\/posts\/11688\/revisions\/11690"}],"wp:featuredmedia":[{"embeddable":true,"href":"https:\/\/www.plataformadecomunicacio.com\/es\/wp-json\/wp\/v2\/media\/11687"}],"wp:attachment":[{"href":"https:\/\/www.plataformadecomunicacio.com\/es\/wp-json\/wp\/v2\/media?parent=11688"}],"wp:term":[{"taxonomy":"category","embeddable":true,"href":"https:\/\/www.plataformadecomunicacio.com\/es\/wp-json\/wp\/v2\/categories?post=11688"},{"taxonomy":"post_tag","embeddable":true,"href":"https:\/\/www.plataformadecomunicacio.com\/es\/wp-json\/wp\/v2\/tags?post=11688"}],"curies":[{"name":"wp","href":"https:\/\/api.w.org\/{rel}","templated":true}]}}