{"id":11786,"date":"2025-08-29T10:25:02","date_gmt":"2025-08-29T09:25:02","guid":{"rendered":"https:\/\/www.plataformadecomunicacio.com\/mas-alla-de-la-comunicacion-acompanar-para-transformar\/"},"modified":"2025-08-29T10:25:02","modified_gmt":"2025-08-29T09:25:02","slug":"mas-alla-de-la-comunicacion-acompanar-para-transformar","status":"publish","type":"post","link":"https:\/\/www.plataformadecomunicacio.com\/es\/mas-alla-de-la-comunicacion-acompanar-para-transformar\/","title":{"rendered":"M\u00e1s all\u00e1 de la comunicaci\u00f3n: acompa\u00f1ar para transformar"},"content":{"rendered":"<p data-start=\"0\" data-end=\"486\">En el tercer sector, la comunicaci\u00f3n no es solo una herramienta para dar visibilidad, sino tambi\u00e9n una estrategia para hacer crecer proyectos que transforman la sociedad. En Plataforma de Comunicaci\u00f3 lo sabemos bien: cuando actuamos como gabinete de comunicaci\u00f3n, nuestro papel no termina con la redacci\u00f3n de una nota de prensa o la gesti\u00f3n de redes sociales. <strong>Acompa\u00f1amos a las entidades en la planificaci\u00f3n, organizaci\u00f3n de actos, presentaci\u00f3n de proyectos y b\u00fasqueda de financiaci\u00f3n.<\/strong><\/p>\n<p data-start=\"488\" data-end=\"1050\">Nos gusta ser la empresa de confianza que ayuda a crecer a las entidades con las que trabajamos, pero tambi\u00e9n crecer nosotras mismas en aquellos temas que nos motivan y comprometen. Por eso colaboramos con <strong>entidades feministas<\/strong>, con organizaciones que trabajan en la <strong>prevenci\u00f3n de adicciones sociales<\/strong>, con entidades vinculadas a <strong>personas con discapacidad<\/strong> y con colectivos que defienden los derechos y la dignidad de las <strong>personas mayores<\/strong>. Cada \u00e1mbito nos interpela, nos hace aprender y nos reafirma en la idea de que la comunicaci\u00f3n es tambi\u00e9n un servicio p\u00fablico.<\/p>\n<p data-start=\"1052\" data-end=\"1515\">Adem\u00e1s, sabemos que los canales cambian y que hay que adaptarse. Por eso hemos creado un espacio propio para la<strong> producci\u00f3n de p\u00f3dcasts<\/strong>, una herramienta que se ha consolidado como una forma fresca, profunda y directa de llegar a nuevos p\u00fablicos. Junto a ello, seguimos ofreciendo <strong>producci\u00f3n audiovisual, estrategias de presencia digital, acompa\u00f1amiento en reuniones y procesos internos, planificaci\u00f3n estrat\u00e9gica e incluso apoyo administrativo<\/strong> cuando es necesario.<\/p>\n<p data-start=\"1517\" data-end=\"1763\" data-is-last-node=\"\" data-is-only-node=\"\">Entendemos la comunicaci\u00f3n como un<strong> proceso integral de acompa\u00f1amiento<\/strong>. Porque en el tercer sector, comunicar es tambi\u00e9n <strong>hacer comunidad, dar solidez a los proyectos y amplificar la voz de quienes trabajan d\u00eda a d\u00eda por un mundo m\u00e1s justo e igualitario.<\/strong><\/p>\n","protected":false},"excerpt":{"rendered":"<p>En el tercer sector, la comunicaci\u00f3n no es solo una herramienta para dar visibilidad, sino tambi\u00e9n una estrategia para hacer crecer proyectos que transforman la sociedad. En Plataforma de Comunicaci\u00f3 lo sabemos bien: cuando actuamos como gabinete de comunicaci\u00f3n, nuestro papel no termina con la redacci\u00f3n de una nota de prensa o la gesti\u00f3n de [&hellip;]<\/p>\n","protected":false},"author":2,"featured_media":11784,"comment_status":"closed","ping_status":"open","sticky":false,"template":"","format":"standard","meta":{"footnotes":""},"categories":[55,282],"tags":[57,58,162,59],"class_list":["post-11786","post","type-post","status-publish","format-standard","has-post-thumbnail","hentry","category-comunicacio-es","category-empresa-es","tag-comunicacio-es","tag-comunicacio-corporativa-es","tag-comunicacion-externa-es","tag-plataforma-de-comunicacio-es"],"yoast_head":"<!-- This site is optimized with the Yoast SEO plugin v26.1 - https:\/\/yoast.com\/wordpress\/plugins\/seo\/ -->\n<title>M\u00e1s all\u00e1 de la comunicaci\u00f3n: acompa\u00f1ar para transformar - Plataforma de comunicaci\u00f3<\/title>\n<meta name=\"robots\" content=\"index, follow, max-snippet:-1, max-image-preview:large, max-video-preview:-1\" \/>\n<link rel=\"canonical\" href=\"https:\/\/www.plataformadecomunicacio.com\/mes-enlla-de-la-comunicacio-acompanyar-per-transformar\/\" \/>\n<meta property=\"og:locale\" content=\"es_ES\" \/>\n<meta property=\"og:type\" content=\"article\" \/>\n<meta property=\"og:title\" content=\"M\u00e1s all\u00e1 de la comunicaci\u00f3n: acompa\u00f1ar para transformar - Plataforma de comunicaci\u00f3\" \/>\n<meta property=\"og:description\" content=\"En el tercer sector, la comunicaci\u00f3n no es solo una herramienta para dar visibilidad, sino tambi\u00e9n una estrategia para hacer crecer proyectos que transforman la sociedad. En Plataforma de Comunicaci\u00f3 lo sabemos bien: cuando actuamos como gabinete de comunicaci\u00f3n, nuestro papel no termina con la redacci\u00f3n de una nota de prensa o la gesti\u00f3n de [&hellip;]\" \/>\n<meta property=\"og:url\" content=\"https:\/\/www.plataformadecomunicacio.com\/mes-enlla-de-la-comunicacio-acompanyar-per-transformar\/\" \/>\n<meta property=\"og:site_name\" content=\"Plataforma de comunicaci\u00f3\" \/>\n<meta property=\"article:publisher\" content=\"https:\/\/www.facebook.com\/plataformadecomunicacio\/\" \/>\n<meta property=\"article:published_time\" content=\"2025-08-29T09:25:02+00:00\" \/>\n<meta property=\"og:image\" content=\"https:\/\/www.plataformadecomunicacio.com\/wp-content\/uploads\/2025\/08\/20250731-PREMSA-PROYECTO-CROACIA.jpg\" \/>\n\t<meta property=\"og:image:width\" content=\"1920\" \/>\n\t<meta property=\"og:image:height\" content=\"1080\" \/>\n\t<meta property=\"og:image:type\" content=\"image\/jpeg\" \/>\n<meta name=\"author\" content=\"Plataforma de Comunicaci\u00f3\" \/>\n<meta name=\"twitter:card\" content=\"summary_large_image\" \/>\n<meta name=\"twitter:creator\" content=\"@PlataformadeCom\" \/>\n<meta name=\"twitter:site\" content=\"@PlataformadeCom\" \/>\n<meta name=\"twitter:label1\" content=\"Escrito por\" \/>\n\t<meta name=\"twitter:data1\" content=\"Plataforma de Comunicaci\u00f3\" \/>\n\t<meta name=\"twitter:label2\" content=\"Tiempo de lectura\" \/>\n\t<meta name=\"twitter:data2\" content=\"2 minutos\" \/>\n<script type=\"application\/ld+json\" class=\"yoast-schema-graph\">{\"@context\":\"https:\/\/schema.org\",\"@graph\":[{\"@type\":\"Article\",\"@id\":\"https:\/\/www.plataformadecomunicacio.com\/mes-enlla-de-la-comunicacio-acompanyar-per-transformar\/#article\",\"isPartOf\":{\"@id\":\"https:\/\/www.plataformadecomunicacio.com\/mes-enlla-de-la-comunicacio-acompanyar-per-transformar\/\"},\"author\":{\"name\":\"Plataforma de Comunicaci\u00f3\",\"@id\":\"https:\/\/www.plataformadecomunicacio.com\/#\/schema\/person\/a10597ea5a25cad7b4aac14e6a1672ed\"},\"headline\":\"M\u00e1s all\u00e1 de la comunicaci\u00f3n: acompa\u00f1ar para transformar\",\"datePublished\":\"2025-08-29T09:25:02+00:00\",\"mainEntityOfPage\":{\"@id\":\"https:\/\/www.plataformadecomunicacio.com\/mes-enlla-de-la-comunicacio-acompanyar-per-transformar\/\"},\"wordCount\":313,\"publisher\":{\"@id\":\"https:\/\/www.plataformadecomunicacio.com\/#organization\"},\"image\":{\"@id\":\"https:\/\/www.plataformadecomunicacio.com\/mes-enlla-de-la-comunicacio-acompanyar-per-transformar\/#primaryimage\"},\"thumbnailUrl\":\"https:\/\/www.plataformadecomunicacio.com\/wp-content\/uploads\/2025\/08\/20250731-PREMSA-PROYECTO-CROACIA.jpg\",\"keywords\":[\"comunicaci\u00f3\",\"comunicaci\u00f3 corporativa\",\"comunicaci\u00f3n externa\",\"Plataforma de Comunicaci\u00f3\"],\"articleSection\":[\"Comunicaci\u00f3\",\"Empresa\"],\"inLanguage\":\"es\"},{\"@type\":\"WebPage\",\"@id\":\"https:\/\/www.plataformadecomunicacio.com\/mes-enlla-de-la-comunicacio-acompanyar-per-transformar\/\",\"url\":\"https:\/\/www.plataformadecomunicacio.com\/mes-enlla-de-la-comunicacio-acompanyar-per-transformar\/\",\"name\":\"M\u00e1s all\u00e1 de la comunicaci\u00f3n: acompa\u00f1ar para transformar - Plataforma de comunicaci\u00f3\",\"isPartOf\":{\"@id\":\"https:\/\/www.plataformadecomunicacio.com\/#website\"},\"primaryImageOfPage\":{\"@id\":\"https:\/\/www.plataformadecomunicacio.com\/mes-enlla-de-la-comunicacio-acompanyar-per-transformar\/#primaryimage\"},\"image\":{\"@id\":\"https:\/\/www.plataformadecomunicacio.com\/mes-enlla-de-la-comunicacio-acompanyar-per-transformar\/#primaryimage\"},\"thumbnailUrl\":\"https:\/\/www.plataformadecomunicacio.com\/wp-content\/uploads\/2025\/08\/20250731-PREMSA-PROYECTO-CROACIA.jpg\",\"datePublished\":\"2025-08-29T09:25:02+00:00\",\"breadcrumb\":{\"@id\":\"https:\/\/www.plataformadecomunicacio.com\/mes-enlla-de-la-comunicacio-acompanyar-per-transformar\/#breadcrumb\"},\"inLanguage\":\"es\",\"potentialAction\":[{\"@type\":\"ReadAction\",\"target\":[\"https:\/\/www.plataformadecomunicacio.com\/mes-enlla-de-la-comunicacio-acompanyar-per-transformar\/\"]}]},{\"@type\":\"ImageObject\",\"inLanguage\":\"es\",\"@id\":\"https:\/\/www.plataformadecomunicacio.com\/mes-enlla-de-la-comunicacio-acompanyar-per-transformar\/#primaryimage\",\"url\":\"https:\/\/www.plataformadecomunicacio.com\/wp-content\/uploads\/2025\/08\/20250731-PREMSA-PROYECTO-CROACIA.jpg\",\"contentUrl\":\"https:\/\/www.plataformadecomunicacio.com\/wp-content\/uploads\/2025\/08\/20250731-PREMSA-PROYECTO-CROACIA.jpg\",\"width\":1920,\"height\":1080},{\"@type\":\"BreadcrumbList\",\"@id\":\"https:\/\/www.plataformadecomunicacio.com\/mes-enlla-de-la-comunicacio-acompanyar-per-transformar\/#breadcrumb\",\"itemListElement\":[{\"@type\":\"ListItem\",\"position\":1,\"name\":\"Home\",\"item\":\"https:\/\/www.plataformadecomunicacio.com\/es\/inicio\/\"},{\"@type\":\"ListItem\",\"position\":2,\"name\":\"M\u00e1s all\u00e1 de la comunicaci\u00f3n: acompa\u00f1ar para transformar\"}]},{\"@type\":\"WebSite\",\"@id\":\"https:\/\/www.plataformadecomunicacio.com\/#website\",\"url\":\"https:\/\/www.plataformadecomunicacio.com\/\",\"name\":\"Plataforma de comunicaci\u00f3\",\"description\":\"Comuniquem junts\",\"publisher\":{\"@id\":\"https:\/\/www.plataformadecomunicacio.com\/#organization\"},\"potentialAction\":[{\"@type\":\"SearchAction\",\"target\":{\"@type\":\"EntryPoint\",\"urlTemplate\":\"https:\/\/www.plataformadecomunicacio.com\/?s={search_term_string}\"},\"query-input\":{\"@type\":\"PropertyValueSpecification\",\"valueRequired\":true,\"valueName\":\"search_term_string\"}}],\"inLanguage\":\"es\"},{\"@type\":\"Organization\",\"@id\":\"https:\/\/www.plataformadecomunicacio.com\/#organization\",\"name\":\"Plataforma de comunicaci\u00f3\",\"url\":\"https:\/\/www.plataformadecomunicacio.com\/\",\"logo\":{\"@type\":\"ImageObject\",\"inLanguage\":\"es\",\"@id\":\"https:\/\/www.plataformadecomunicacio.com\/#\/schema\/logo\/image\/\",\"url\":\"https:\/\/www.plataformadecomunicacio.com\/wp-content\/uploads\/2019\/02\/Logo_plataforma.png\",\"contentUrl\":\"https:\/\/www.plataformadecomunicacio.com\/wp-content\/uploads\/2019\/02\/Logo_plataforma.png\",\"width\":505,\"height\":320,\"caption\":\"Plataforma de comunicaci\u00f3\"},\"image\":{\"@id\":\"https:\/\/www.plataformadecomunicacio.com\/#\/schema\/logo\/image\/\"},\"sameAs\":[\"https:\/\/www.facebook.com\/plataformadecomunicacio\/\",\"https:\/\/x.com\/PlataformadeCom\",\"https:\/\/www.linkedin.com\/company\/plataforma-de-comunicaci\u00f3\/\",\"https:\/\/www.youtube.com\/channel\/UCQ4-7CGw0atul0BbEAN5S9w\"]},{\"@type\":\"Person\",\"@id\":\"https:\/\/www.plataformadecomunicacio.com\/#\/schema\/person\/a10597ea5a25cad7b4aac14e6a1672ed\",\"name\":\"Plataforma de Comunicaci\u00f3\",\"image\":{\"@type\":\"ImageObject\",\"inLanguage\":\"es\",\"@id\":\"https:\/\/www.plataformadecomunicacio.com\/#\/schema\/person\/image\/\",\"url\":\"https:\/\/secure.gravatar.com\/avatar\/cd26adb9e219d2135afc19eaeefcbaa63ae195f53dcce0bebf04fcc05c3dc7b4?s=96&d=mm&r=g\",\"contentUrl\":\"https:\/\/secure.gravatar.com\/avatar\/cd26adb9e219d2135afc19eaeefcbaa63ae195f53dcce0bebf04fcc05c3dc7b4?s=96&d=mm&r=g\",\"caption\":\"Plataforma de Comunicaci\u00f3\"},\"sameAs\":[\"http:\/\/plataformadecomunicacio.com\"],\"url\":\"https:\/\/www.plataformadecomunicacio.com\/es\/author\/plataforma\/\"}]}<\/script>\n<!-- \/ Yoast SEO plugin. -->","yoast_head_json":{"title":"M\u00e1s all\u00e1 de la comunicaci\u00f3n: acompa\u00f1ar para transformar - Plataforma de comunicaci\u00f3","robots":{"index":"index","follow":"follow","max-snippet":"max-snippet:-1","max-image-preview":"max-image-preview:large","max-video-preview":"max-video-preview:-1"},"canonical":"https:\/\/www.plataformadecomunicacio.com\/mes-enlla-de-la-comunicacio-acompanyar-per-transformar\/","og_locale":"es_ES","og_type":"article","og_title":"M\u00e1s all\u00e1 de la comunicaci\u00f3n: acompa\u00f1ar para transformar - Plataforma de comunicaci\u00f3","og_description":"En el tercer sector, la comunicaci\u00f3n no es solo una herramienta para dar visibilidad, sino tambi\u00e9n una estrategia para hacer crecer proyectos que transforman la sociedad. En Plataforma de Comunicaci\u00f3 lo sabemos bien: cuando actuamos como gabinete de comunicaci\u00f3n, nuestro papel no termina con la redacci\u00f3n de una nota de prensa o la gesti\u00f3n de [&hellip;]","og_url":"https:\/\/www.plataformadecomunicacio.com\/mes-enlla-de-la-comunicacio-acompanyar-per-transformar\/","og_site_name":"Plataforma de comunicaci\u00f3","article_publisher":"https:\/\/www.facebook.com\/plataformadecomunicacio\/","article_published_time":"2025-08-29T09:25:02+00:00","og_image":[{"width":1920,"height":1080,"url":"https:\/\/www.plataformadecomunicacio.com\/wp-content\/uploads\/2025\/08\/20250731-PREMSA-PROYECTO-CROACIA.jpg","type":"image\/jpeg"}],"author":"Plataforma de Comunicaci\u00f3","twitter_card":"summary_large_image","twitter_creator":"@PlataformadeCom","twitter_site":"@PlataformadeCom","twitter_misc":{"Escrito por":"Plataforma de Comunicaci\u00f3","Tiempo de lectura":"2 minutos"},"schema":{"@context":"https:\/\/schema.org","@graph":[{"@type":"Article","@id":"https:\/\/www.plataformadecomunicacio.com\/mes-enlla-de-la-comunicacio-acompanyar-per-transformar\/#article","isPartOf":{"@id":"https:\/\/www.plataformadecomunicacio.com\/mes-enlla-de-la-comunicacio-acompanyar-per-transformar\/"},"author":{"name":"Plataforma de Comunicaci\u00f3","@id":"https:\/\/www.plataformadecomunicacio.com\/#\/schema\/person\/a10597ea5a25cad7b4aac14e6a1672ed"},"headline":"M\u00e1s all\u00e1 de la comunicaci\u00f3n: acompa\u00f1ar para transformar","datePublished":"2025-08-29T09:25:02+00:00","mainEntityOfPage":{"@id":"https:\/\/www.plataformadecomunicacio.com\/mes-enlla-de-la-comunicacio-acompanyar-per-transformar\/"},"wordCount":313,"publisher":{"@id":"https:\/\/www.plataformadecomunicacio.com\/#organization"},"image":{"@id":"https:\/\/www.plataformadecomunicacio.com\/mes-enlla-de-la-comunicacio-acompanyar-per-transformar\/#primaryimage"},"thumbnailUrl":"https:\/\/www.plataformadecomunicacio.com\/wp-content\/uploads\/2025\/08\/20250731-PREMSA-PROYECTO-CROACIA.jpg","keywords":["comunicaci\u00f3","comunicaci\u00f3 corporativa","comunicaci\u00f3n externa","Plataforma de Comunicaci\u00f3"],"articleSection":["Comunicaci\u00f3","Empresa"],"inLanguage":"es"},{"@type":"WebPage","@id":"https:\/\/www.plataformadecomunicacio.com\/mes-enlla-de-la-comunicacio-acompanyar-per-transformar\/","url":"https:\/\/www.plataformadecomunicacio.com\/mes-enlla-de-la-comunicacio-acompanyar-per-transformar\/","name":"M\u00e1s all\u00e1 de la comunicaci\u00f3n: acompa\u00f1ar para transformar - Plataforma de comunicaci\u00f3","isPartOf":{"@id":"https:\/\/www.plataformadecomunicacio.com\/#website"},"primaryImageOfPage":{"@id":"https:\/\/www.plataformadecomunicacio.com\/mes-enlla-de-la-comunicacio-acompanyar-per-transformar\/#primaryimage"},"image":{"@id":"https:\/\/www.plataformadecomunicacio.com\/mes-enlla-de-la-comunicacio-acompanyar-per-transformar\/#primaryimage"},"thumbnailUrl":"https:\/\/www.plataformadecomunicacio.com\/wp-content\/uploads\/2025\/08\/20250731-PREMSA-PROYECTO-CROACIA.jpg","datePublished":"2025-08-29T09:25:02+00:00","breadcrumb":{"@id":"https:\/\/www.plataformadecomunicacio.com\/mes-enlla-de-la-comunicacio-acompanyar-per-transformar\/#breadcrumb"},"inLanguage":"es","potentialAction":[{"@type":"ReadAction","target":["https:\/\/www.plataformadecomunicacio.com\/mes-enlla-de-la-comunicacio-acompanyar-per-transformar\/"]}]},{"@type":"ImageObject","inLanguage":"es","@id":"https:\/\/www.plataformadecomunicacio.com\/mes-enlla-de-la-comunicacio-acompanyar-per-transformar\/#primaryimage","url":"https:\/\/www.plataformadecomunicacio.com\/wp-content\/uploads\/2025\/08\/20250731-PREMSA-PROYECTO-CROACIA.jpg","contentUrl":"https:\/\/www.plataformadecomunicacio.com\/wp-content\/uploads\/2025\/08\/20250731-PREMSA-PROYECTO-CROACIA.jpg","width":1920,"height":1080},{"@type":"BreadcrumbList","@id":"https:\/\/www.plataformadecomunicacio.com\/mes-enlla-de-la-comunicacio-acompanyar-per-transformar\/#breadcrumb","itemListElement":[{"@type":"ListItem","position":1,"name":"Home","item":"https:\/\/www.plataformadecomunicacio.com\/es\/inicio\/"},{"@type":"ListItem","position":2,"name":"M\u00e1s all\u00e1 de la comunicaci\u00f3n: acompa\u00f1ar para transformar"}]},{"@type":"WebSite","@id":"https:\/\/www.plataformadecomunicacio.com\/#website","url":"https:\/\/www.plataformadecomunicacio.com\/","name":"Plataforma de comunicaci\u00f3","description":"Comuniquem junts","publisher":{"@id":"https:\/\/www.plataformadecomunicacio.com\/#organization"},"potentialAction":[{"@type":"SearchAction","target":{"@type":"EntryPoint","urlTemplate":"https:\/\/www.plataformadecomunicacio.com\/?s={search_term_string}"},"query-input":{"@type":"PropertyValueSpecification","valueRequired":true,"valueName":"search_term_string"}}],"inLanguage":"es"},{"@type":"Organization","@id":"https:\/\/www.plataformadecomunicacio.com\/#organization","name":"Plataforma de comunicaci\u00f3","url":"https:\/\/www.plataformadecomunicacio.com\/","logo":{"@type":"ImageObject","inLanguage":"es","@id":"https:\/\/www.plataformadecomunicacio.com\/#\/schema\/logo\/image\/","url":"https:\/\/www.plataformadecomunicacio.com\/wp-content\/uploads\/2019\/02\/Logo_plataforma.png","contentUrl":"https:\/\/www.plataformadecomunicacio.com\/wp-content\/uploads\/2019\/02\/Logo_plataforma.png","width":505,"height":320,"caption":"Plataforma de comunicaci\u00f3"},"image":{"@id":"https:\/\/www.plataformadecomunicacio.com\/#\/schema\/logo\/image\/"},"sameAs":["https:\/\/www.facebook.com\/plataformadecomunicacio\/","https:\/\/x.com\/PlataformadeCom","https:\/\/www.linkedin.com\/company\/plataforma-de-comunicaci\u00f3\/","https:\/\/www.youtube.com\/channel\/UCQ4-7CGw0atul0BbEAN5S9w"]},{"@type":"Person","@id":"https:\/\/www.plataformadecomunicacio.com\/#\/schema\/person\/a10597ea5a25cad7b4aac14e6a1672ed","name":"Plataforma de Comunicaci\u00f3","image":{"@type":"ImageObject","inLanguage":"es","@id":"https:\/\/www.plataformadecomunicacio.com\/#\/schema\/person\/image\/","url":"https:\/\/secure.gravatar.com\/avatar\/cd26adb9e219d2135afc19eaeefcbaa63ae195f53dcce0bebf04fcc05c3dc7b4?s=96&d=mm&r=g","contentUrl":"https:\/\/secure.gravatar.com\/avatar\/cd26adb9e219d2135afc19eaeefcbaa63ae195f53dcce0bebf04fcc05c3dc7b4?s=96&d=mm&r=g","caption":"Plataforma de Comunicaci\u00f3"},"sameAs":["http:\/\/plataformadecomunicacio.com"],"url":"https:\/\/www.plataformadecomunicacio.com\/es\/author\/plataforma\/"}]}},"_links":{"self":[{"href":"https:\/\/www.plataformadecomunicacio.com\/es\/wp-json\/wp\/v2\/posts\/11786","targetHints":{"allow":["GET"]}}],"collection":[{"href":"https:\/\/www.plataformadecomunicacio.com\/es\/wp-json\/wp\/v2\/posts"}],"about":[{"href":"https:\/\/www.plataformadecomunicacio.com\/es\/wp-json\/wp\/v2\/types\/post"}],"author":[{"embeddable":true,"href":"https:\/\/www.plataformadecomunicacio.com\/es\/wp-json\/wp\/v2\/users\/2"}],"replies":[{"embeddable":true,"href":"https:\/\/www.plataformadecomunicacio.com\/es\/wp-json\/wp\/v2\/comments?post=11786"}],"version-history":[{"count":0,"href":"https:\/\/www.plataformadecomunicacio.com\/es\/wp-json\/wp\/v2\/posts\/11786\/revisions"}],"wp:featuredmedia":[{"embeddable":true,"href":"https:\/\/www.plataformadecomunicacio.com\/es\/wp-json\/wp\/v2\/media\/11784"}],"wp:attachment":[{"href":"https:\/\/www.plataformadecomunicacio.com\/es\/wp-json\/wp\/v2\/media?parent=11786"}],"wp:term":[{"taxonomy":"category","embeddable":true,"href":"https:\/\/www.plataformadecomunicacio.com\/es\/wp-json\/wp\/v2\/categories?post=11786"},{"taxonomy":"post_tag","embeddable":true,"href":"https:\/\/www.plataformadecomunicacio.com\/es\/wp-json\/wp\/v2\/tags?post=11786"}],"curies":[{"name":"wp","href":"https:\/\/api.w.org\/{rel}","templated":true}]}}