{"id":11818,"date":"2025-09-04T11:15:45","date_gmt":"2025-09-04T10:15:45","guid":{"rendered":"https:\/\/www.plataformadecomunicacio.com\/un-nuevo-curso-nuevos-retos-y-mas-fuerza-que-nunca\/"},"modified":"2025-09-04T11:15:45","modified_gmt":"2025-09-04T10:15:45","slug":"un-nuevo-curso-nuevos-retos-y-mas-fuerza-que-nunca","status":"publish","type":"post","link":"https:\/\/www.plataformadecomunicacio.com\/es\/un-nuevo-curso-nuevos-retos-y-mas-fuerza-que-nunca\/","title":{"rendered":"Un nuevo curso, nuevos retos y m\u00e1s fuerza que nunca"},"content":{"rendered":"<p>En Plataforma de comunicaci\u00f3 encaramos este nuevo curso 2025 con ilusi\u00f3n y con las herramientas necesarias para crecer. Los primeros meses del a\u00f1o han sido un tiempo de adaptaci\u00f3n, de ponernos manos a la obra y de consolidar cambios importantes que nos permitir\u00e1n ofrecer servicios m\u00e1s completos y de mayor calidad.<\/p>\n<p>Hemos ampliado las oficinas para poder trabajar mejor y tambi\u00e9n para disponer de un<strong> espacio propio de producci\u00f3n audiovisual y de podcast<\/strong>, un recurso\u00a0 que sabemos que ser\u00e1 clave en las estrategias comunicativas de los pr\u00f3ximos tiempos. La comunicaci\u00f3n se transforma y nosotros nos transformamos con ella, incorporando la tecnolog\u00eda necesaria para que cada proyecto tenga el formato y el lenguaje que necesita.<\/p>\n<p>Somos un equipo de m\u00e1s de\u00a0<strong>ocho profesionales<\/strong>\u2014periodistas, soci\u00f3logas, comunicadoras, especialistas en audiovisual y en estrategia\u2014que trabajamos codo con codo para afrontar los retos que nos plantean las entidades, las instituciones y los clientes. En Plataforma de Comunicaci\u00f3 entendemos nuestro trabajo como un servicio integral: <strong>comunicamos, planificamos y desarrollamos proyectos sociales,\u00a0<\/strong>como planes de igualdad o estrategias de prevenci\u00f3n de adicciones sociales. Al mismo tiempo, acompa\u00f1amos en el \u00e1mbito de la\u00a0<strong>comunicaci\u00f3n pol\u00edtica y electoral<\/strong>, con el objetivo de aportar profesionalidad y solidez a procesos que son determinantes para el futuro colectivo.<\/p>\n<p>Este curso queremos seguir siendo\u00a0<strong>la empresa de confianza<\/strong> para aquellas organizaciones que saben que comunicar es mucho m\u00e1s que difundir: es planificar, es establecer conexiones, es tener una estrategia clara y es disponer de todas las herramientas para llegar a la ciudadan\u00eda con mensajes s\u00f3lidos y transformadores.<\/p>\n<p>Arrancamos este 2025 <strong>preparados para todo:\u00a0<\/strong>para acompa\u00f1ar, para innovar y para crecer al lado de quienes conf\u00edan en nosotros. El camino que tenemos por delante es intenso, pero tambi\u00e9n apasionante. Y en Plataforma de Comunicaci\u00f3 llegamos a \u00e9l con la seguridad de que tenemos lo m\u00e1s importante: <strong>un equipo implicado, un espacio renovado y la experiencia de muchos a\u00f1os al servicio de la comunicaci\u00f3n en un sentido social.<\/strong><\/p>\n","protected":false},"excerpt":{"rendered":"<p>En Plataforma de comunicaci\u00f3 encaramos este nuevo curso 2025 con ilusi\u00f3n y con las herramientas necesarias para crecer. Los primeros meses del a\u00f1o han sido un tiempo de adaptaci\u00f3n, de ponernos manos a la obra y de consolidar cambios importantes que nos permitir\u00e1n ofrecer servicios m\u00e1s completos y de mayor calidad. Hemos ampliado las oficinas [&hellip;]<\/p>\n","protected":false},"author":2,"featured_media":11815,"comment_status":"closed","ping_status":"open","sticky":false,"template":"","format":"standard","meta":{"footnotes":""},"categories":[55,282],"tags":[57,59,286],"class_list":["post-11818","post","type-post","status-publish","format-standard","has-post-thumbnail","hentry","category-comunicacio-es","category-empresa-es","tag-comunicacio-es","tag-plataforma-de-comunicacio-es","tag-podcast-es"],"yoast_head":"<!-- This site is optimized with the Yoast SEO plugin v26.1 - https:\/\/yoast.com\/wordpress\/plugins\/seo\/ -->\n<title>Un nuevo curso, nuevos retos y m\u00e1s fuerza que nunca - Plataforma de comunicaci\u00f3<\/title>\n<meta name=\"robots\" content=\"index, follow, max-snippet:-1, max-image-preview:large, max-video-preview:-1\" \/>\n<link rel=\"canonical\" href=\"https:\/\/www.plataformadecomunicacio.com\/un-nou-curs-nous-reptes-i-mes-forca-que-mai\/\" \/>\n<meta property=\"og:locale\" content=\"es_ES\" \/>\n<meta property=\"og:type\" content=\"article\" \/>\n<meta property=\"og:title\" content=\"Un nuevo curso, nuevos retos y m\u00e1s fuerza que nunca - Plataforma de comunicaci\u00f3\" \/>\n<meta property=\"og:description\" content=\"En Plataforma de comunicaci\u00f3 encaramos este nuevo curso 2025 con ilusi\u00f3n y con las herramientas necesarias para crecer. Los primeros meses del a\u00f1o han sido un tiempo de adaptaci\u00f3n, de ponernos manos a la obra y de consolidar cambios importantes que nos permitir\u00e1n ofrecer servicios m\u00e1s completos y de mayor calidad. Hemos ampliado las oficinas [&hellip;]\" \/>\n<meta property=\"og:url\" content=\"https:\/\/www.plataformadecomunicacio.com\/un-nou-curs-nous-reptes-i-mes-forca-que-mai\/\" \/>\n<meta property=\"og:site_name\" content=\"Plataforma de comunicaci\u00f3\" \/>\n<meta property=\"article:publisher\" content=\"https:\/\/www.facebook.com\/plataformadecomunicacio\/\" \/>\n<meta property=\"article:published_time\" content=\"2025-09-04T10:15:45+00:00\" \/>\n<meta property=\"og:image\" content=\"https:\/\/www.plataformadecomunicacio.com\/wp-content\/uploads\/2025\/09\/Instagram-Plataforma-1.jpg\" \/>\n\t<meta property=\"og:image:width\" content=\"1071\" \/>\n\t<meta property=\"og:image:height\" content=\"808\" \/>\n\t<meta property=\"og:image:type\" content=\"image\/jpeg\" \/>\n<meta name=\"author\" content=\"Plataforma de Comunicaci\u00f3\" \/>\n<meta name=\"twitter:card\" content=\"summary_large_image\" \/>\n<meta name=\"twitter:creator\" content=\"@PlataformadeCom\" \/>\n<meta name=\"twitter:site\" content=\"@PlataformadeCom\" \/>\n<meta name=\"twitter:label1\" content=\"Escrito por\" \/>\n\t<meta name=\"twitter:data1\" content=\"Plataforma de Comunicaci\u00f3\" \/>\n\t<meta name=\"twitter:label2\" content=\"Tiempo de lectura\" \/>\n\t<meta name=\"twitter:data2\" content=\"2 minutos\" \/>\n<script type=\"application\/ld+json\" class=\"yoast-schema-graph\">{\"@context\":\"https:\/\/schema.org\",\"@graph\":[{\"@type\":\"Article\",\"@id\":\"https:\/\/www.plataformadecomunicacio.com\/un-nou-curs-nous-reptes-i-mes-forca-que-mai\/#article\",\"isPartOf\":{\"@id\":\"https:\/\/www.plataformadecomunicacio.com\/un-nou-curs-nous-reptes-i-mes-forca-que-mai\/\"},\"author\":{\"name\":\"Plataforma de Comunicaci\u00f3\",\"@id\":\"https:\/\/www.plataformadecomunicacio.com\/#\/schema\/person\/a10597ea5a25cad7b4aac14e6a1672ed\"},\"headline\":\"Un nuevo curso, nuevos retos y m\u00e1s fuerza que nunca\",\"datePublished\":\"2025-09-04T10:15:45+00:00\",\"mainEntityOfPage\":{\"@id\":\"https:\/\/www.plataformadecomunicacio.com\/un-nou-curs-nous-reptes-i-mes-forca-que-mai\/\"},\"wordCount\":359,\"publisher\":{\"@id\":\"https:\/\/www.plataformadecomunicacio.com\/#organization\"},\"image\":{\"@id\":\"https:\/\/www.plataformadecomunicacio.com\/un-nou-curs-nous-reptes-i-mes-forca-que-mai\/#primaryimage\"},\"thumbnailUrl\":\"https:\/\/www.plataformadecomunicacio.com\/wp-content\/uploads\/2025\/09\/Instagram-Plataforma-1.jpg\",\"keywords\":[\"comunicaci\u00f3\",\"Plataforma de Comunicaci\u00f3\",\"podcast\"],\"articleSection\":[\"Comunicaci\u00f3\",\"Empresa\"],\"inLanguage\":\"es\"},{\"@type\":\"WebPage\",\"@id\":\"https:\/\/www.plataformadecomunicacio.com\/un-nou-curs-nous-reptes-i-mes-forca-que-mai\/\",\"url\":\"https:\/\/www.plataformadecomunicacio.com\/un-nou-curs-nous-reptes-i-mes-forca-que-mai\/\",\"name\":\"Un nuevo curso, nuevos retos y m\u00e1s fuerza que nunca - Plataforma de comunicaci\u00f3\",\"isPartOf\":{\"@id\":\"https:\/\/www.plataformadecomunicacio.com\/#website\"},\"primaryImageOfPage\":{\"@id\":\"https:\/\/www.plataformadecomunicacio.com\/un-nou-curs-nous-reptes-i-mes-forca-que-mai\/#primaryimage\"},\"image\":{\"@id\":\"https:\/\/www.plataformadecomunicacio.com\/un-nou-curs-nous-reptes-i-mes-forca-que-mai\/#primaryimage\"},\"thumbnailUrl\":\"https:\/\/www.plataformadecomunicacio.com\/wp-content\/uploads\/2025\/09\/Instagram-Plataforma-1.jpg\",\"datePublished\":\"2025-09-04T10:15:45+00:00\",\"breadcrumb\":{\"@id\":\"https:\/\/www.plataformadecomunicacio.com\/un-nou-curs-nous-reptes-i-mes-forca-que-mai\/#breadcrumb\"},\"inLanguage\":\"es\",\"potentialAction\":[{\"@type\":\"ReadAction\",\"target\":[\"https:\/\/www.plataformadecomunicacio.com\/un-nou-curs-nous-reptes-i-mes-forca-que-mai\/\"]}]},{\"@type\":\"ImageObject\",\"inLanguage\":\"es\",\"@id\":\"https:\/\/www.plataformadecomunicacio.com\/un-nou-curs-nous-reptes-i-mes-forca-que-mai\/#primaryimage\",\"url\":\"https:\/\/www.plataformadecomunicacio.com\/wp-content\/uploads\/2025\/09\/Instagram-Plataforma-1.jpg\",\"contentUrl\":\"https:\/\/www.plataformadecomunicacio.com\/wp-content\/uploads\/2025\/09\/Instagram-Plataforma-1.jpg\",\"width\":1071,\"height\":808},{\"@type\":\"BreadcrumbList\",\"@id\":\"https:\/\/www.plataformadecomunicacio.com\/un-nou-curs-nous-reptes-i-mes-forca-que-mai\/#breadcrumb\",\"itemListElement\":[{\"@type\":\"ListItem\",\"position\":1,\"name\":\"Home\",\"item\":\"https:\/\/www.plataformadecomunicacio.com\/es\/inicio\/\"},{\"@type\":\"ListItem\",\"position\":2,\"name\":\"Un nuevo curso, nuevos retos y m\u00e1s fuerza que nunca\"}]},{\"@type\":\"WebSite\",\"@id\":\"https:\/\/www.plataformadecomunicacio.com\/#website\",\"url\":\"https:\/\/www.plataformadecomunicacio.com\/\",\"name\":\"Plataforma de comunicaci\u00f3\",\"description\":\"Comuniquem junts\",\"publisher\":{\"@id\":\"https:\/\/www.plataformadecomunicacio.com\/#organization\"},\"potentialAction\":[{\"@type\":\"SearchAction\",\"target\":{\"@type\":\"EntryPoint\",\"urlTemplate\":\"https:\/\/www.plataformadecomunicacio.com\/?s={search_term_string}\"},\"query-input\":{\"@type\":\"PropertyValueSpecification\",\"valueRequired\":true,\"valueName\":\"search_term_string\"}}],\"inLanguage\":\"es\"},{\"@type\":\"Organization\",\"@id\":\"https:\/\/www.plataformadecomunicacio.com\/#organization\",\"name\":\"Plataforma de comunicaci\u00f3\",\"url\":\"https:\/\/www.plataformadecomunicacio.com\/\",\"logo\":{\"@type\":\"ImageObject\",\"inLanguage\":\"es\",\"@id\":\"https:\/\/www.plataformadecomunicacio.com\/#\/schema\/logo\/image\/\",\"url\":\"https:\/\/www.plataformadecomunicacio.com\/wp-content\/uploads\/2019\/02\/Logo_plataforma.png\",\"contentUrl\":\"https:\/\/www.plataformadecomunicacio.com\/wp-content\/uploads\/2019\/02\/Logo_plataforma.png\",\"width\":505,\"height\":320,\"caption\":\"Plataforma de comunicaci\u00f3\"},\"image\":{\"@id\":\"https:\/\/www.plataformadecomunicacio.com\/#\/schema\/logo\/image\/\"},\"sameAs\":[\"https:\/\/www.facebook.com\/plataformadecomunicacio\/\",\"https:\/\/x.com\/PlataformadeCom\",\"https:\/\/www.linkedin.com\/company\/plataforma-de-comunicaci\u00f3\/\",\"https:\/\/www.youtube.com\/channel\/UCQ4-7CGw0atul0BbEAN5S9w\"]},{\"@type\":\"Person\",\"@id\":\"https:\/\/www.plataformadecomunicacio.com\/#\/schema\/person\/a10597ea5a25cad7b4aac14e6a1672ed\",\"name\":\"Plataforma de Comunicaci\u00f3\",\"image\":{\"@type\":\"ImageObject\",\"inLanguage\":\"es\",\"@id\":\"https:\/\/www.plataformadecomunicacio.com\/#\/schema\/person\/image\/\",\"url\":\"https:\/\/secure.gravatar.com\/avatar\/cd26adb9e219d2135afc19eaeefcbaa63ae195f53dcce0bebf04fcc05c3dc7b4?s=96&d=mm&r=g\",\"contentUrl\":\"https:\/\/secure.gravatar.com\/avatar\/cd26adb9e219d2135afc19eaeefcbaa63ae195f53dcce0bebf04fcc05c3dc7b4?s=96&d=mm&r=g\",\"caption\":\"Plataforma de Comunicaci\u00f3\"},\"sameAs\":[\"http:\/\/plataformadecomunicacio.com\"],\"url\":\"https:\/\/www.plataformadecomunicacio.com\/es\/author\/plataforma\/\"}]}<\/script>\n<!-- \/ Yoast SEO plugin. -->","yoast_head_json":{"title":"Un nuevo curso, nuevos retos y m\u00e1s fuerza que nunca - Plataforma de comunicaci\u00f3","robots":{"index":"index","follow":"follow","max-snippet":"max-snippet:-1","max-image-preview":"max-image-preview:large","max-video-preview":"max-video-preview:-1"},"canonical":"https:\/\/www.plataformadecomunicacio.com\/un-nou-curs-nous-reptes-i-mes-forca-que-mai\/","og_locale":"es_ES","og_type":"article","og_title":"Un nuevo curso, nuevos retos y m\u00e1s fuerza que nunca - Plataforma de comunicaci\u00f3","og_description":"En Plataforma de comunicaci\u00f3 encaramos este nuevo curso 2025 con ilusi\u00f3n y con las herramientas necesarias para crecer. Los primeros meses del a\u00f1o han sido un tiempo de adaptaci\u00f3n, de ponernos manos a la obra y de consolidar cambios importantes que nos permitir\u00e1n ofrecer servicios m\u00e1s completos y de mayor calidad. Hemos ampliado las oficinas [&hellip;]","og_url":"https:\/\/www.plataformadecomunicacio.com\/un-nou-curs-nous-reptes-i-mes-forca-que-mai\/","og_site_name":"Plataforma de comunicaci\u00f3","article_publisher":"https:\/\/www.facebook.com\/plataformadecomunicacio\/","article_published_time":"2025-09-04T10:15:45+00:00","og_image":[{"width":1071,"height":808,"url":"https:\/\/www.plataformadecomunicacio.com\/wp-content\/uploads\/2025\/09\/Instagram-Plataforma-1.jpg","type":"image\/jpeg"}],"author":"Plataforma de Comunicaci\u00f3","twitter_card":"summary_large_image","twitter_creator":"@PlataformadeCom","twitter_site":"@PlataformadeCom","twitter_misc":{"Escrito por":"Plataforma de Comunicaci\u00f3","Tiempo de lectura":"2 minutos"},"schema":{"@context":"https:\/\/schema.org","@graph":[{"@type":"Article","@id":"https:\/\/www.plataformadecomunicacio.com\/un-nou-curs-nous-reptes-i-mes-forca-que-mai\/#article","isPartOf":{"@id":"https:\/\/www.plataformadecomunicacio.com\/un-nou-curs-nous-reptes-i-mes-forca-que-mai\/"},"author":{"name":"Plataforma de Comunicaci\u00f3","@id":"https:\/\/www.plataformadecomunicacio.com\/#\/schema\/person\/a10597ea5a25cad7b4aac14e6a1672ed"},"headline":"Un nuevo curso, nuevos retos y m\u00e1s fuerza que nunca","datePublished":"2025-09-04T10:15:45+00:00","mainEntityOfPage":{"@id":"https:\/\/www.plataformadecomunicacio.com\/un-nou-curs-nous-reptes-i-mes-forca-que-mai\/"},"wordCount":359,"publisher":{"@id":"https:\/\/www.plataformadecomunicacio.com\/#organization"},"image":{"@id":"https:\/\/www.plataformadecomunicacio.com\/un-nou-curs-nous-reptes-i-mes-forca-que-mai\/#primaryimage"},"thumbnailUrl":"https:\/\/www.plataformadecomunicacio.com\/wp-content\/uploads\/2025\/09\/Instagram-Plataforma-1.jpg","keywords":["comunicaci\u00f3","Plataforma de Comunicaci\u00f3","podcast"],"articleSection":["Comunicaci\u00f3","Empresa"],"inLanguage":"es"},{"@type":"WebPage","@id":"https:\/\/www.plataformadecomunicacio.com\/un-nou-curs-nous-reptes-i-mes-forca-que-mai\/","url":"https:\/\/www.plataformadecomunicacio.com\/un-nou-curs-nous-reptes-i-mes-forca-que-mai\/","name":"Un nuevo curso, nuevos retos y m\u00e1s fuerza que nunca - Plataforma de comunicaci\u00f3","isPartOf":{"@id":"https:\/\/www.plataformadecomunicacio.com\/#website"},"primaryImageOfPage":{"@id":"https:\/\/www.plataformadecomunicacio.com\/un-nou-curs-nous-reptes-i-mes-forca-que-mai\/#primaryimage"},"image":{"@id":"https:\/\/www.plataformadecomunicacio.com\/un-nou-curs-nous-reptes-i-mes-forca-que-mai\/#primaryimage"},"thumbnailUrl":"https:\/\/www.plataformadecomunicacio.com\/wp-content\/uploads\/2025\/09\/Instagram-Plataforma-1.jpg","datePublished":"2025-09-04T10:15:45+00:00","breadcrumb":{"@id":"https:\/\/www.plataformadecomunicacio.com\/un-nou-curs-nous-reptes-i-mes-forca-que-mai\/#breadcrumb"},"inLanguage":"es","potentialAction":[{"@type":"ReadAction","target":["https:\/\/www.plataformadecomunicacio.com\/un-nou-curs-nous-reptes-i-mes-forca-que-mai\/"]}]},{"@type":"ImageObject","inLanguage":"es","@id":"https:\/\/www.plataformadecomunicacio.com\/un-nou-curs-nous-reptes-i-mes-forca-que-mai\/#primaryimage","url":"https:\/\/www.plataformadecomunicacio.com\/wp-content\/uploads\/2025\/09\/Instagram-Plataforma-1.jpg","contentUrl":"https:\/\/www.plataformadecomunicacio.com\/wp-content\/uploads\/2025\/09\/Instagram-Plataforma-1.jpg","width":1071,"height":808},{"@type":"BreadcrumbList","@id":"https:\/\/www.plataformadecomunicacio.com\/un-nou-curs-nous-reptes-i-mes-forca-que-mai\/#breadcrumb","itemListElement":[{"@type":"ListItem","position":1,"name":"Home","item":"https:\/\/www.plataformadecomunicacio.com\/es\/inicio\/"},{"@type":"ListItem","position":2,"name":"Un nuevo curso, nuevos retos y m\u00e1s fuerza que nunca"}]},{"@type":"WebSite","@id":"https:\/\/www.plataformadecomunicacio.com\/#website","url":"https:\/\/www.plataformadecomunicacio.com\/","name":"Plataforma de comunicaci\u00f3","description":"Comuniquem junts","publisher":{"@id":"https:\/\/www.plataformadecomunicacio.com\/#organization"},"potentialAction":[{"@type":"SearchAction","target":{"@type":"EntryPoint","urlTemplate":"https:\/\/www.plataformadecomunicacio.com\/?s={search_term_string}"},"query-input":{"@type":"PropertyValueSpecification","valueRequired":true,"valueName":"search_term_string"}}],"inLanguage":"es"},{"@type":"Organization","@id":"https:\/\/www.plataformadecomunicacio.com\/#organization","name":"Plataforma de comunicaci\u00f3","url":"https:\/\/www.plataformadecomunicacio.com\/","logo":{"@type":"ImageObject","inLanguage":"es","@id":"https:\/\/www.plataformadecomunicacio.com\/#\/schema\/logo\/image\/","url":"https:\/\/www.plataformadecomunicacio.com\/wp-content\/uploads\/2019\/02\/Logo_plataforma.png","contentUrl":"https:\/\/www.plataformadecomunicacio.com\/wp-content\/uploads\/2019\/02\/Logo_plataforma.png","width":505,"height":320,"caption":"Plataforma de comunicaci\u00f3"},"image":{"@id":"https:\/\/www.plataformadecomunicacio.com\/#\/schema\/logo\/image\/"},"sameAs":["https:\/\/www.facebook.com\/plataformadecomunicacio\/","https:\/\/x.com\/PlataformadeCom","https:\/\/www.linkedin.com\/company\/plataforma-de-comunicaci\u00f3\/","https:\/\/www.youtube.com\/channel\/UCQ4-7CGw0atul0BbEAN5S9w"]},{"@type":"Person","@id":"https:\/\/www.plataformadecomunicacio.com\/#\/schema\/person\/a10597ea5a25cad7b4aac14e6a1672ed","name":"Plataforma de Comunicaci\u00f3","image":{"@type":"ImageObject","inLanguage":"es","@id":"https:\/\/www.plataformadecomunicacio.com\/#\/schema\/person\/image\/","url":"https:\/\/secure.gravatar.com\/avatar\/cd26adb9e219d2135afc19eaeefcbaa63ae195f53dcce0bebf04fcc05c3dc7b4?s=96&d=mm&r=g","contentUrl":"https:\/\/secure.gravatar.com\/avatar\/cd26adb9e219d2135afc19eaeefcbaa63ae195f53dcce0bebf04fcc05c3dc7b4?s=96&d=mm&r=g","caption":"Plataforma de Comunicaci\u00f3"},"sameAs":["http:\/\/plataformadecomunicacio.com"],"url":"https:\/\/www.plataformadecomunicacio.com\/es\/author\/plataforma\/"}]}},"_links":{"self":[{"href":"https:\/\/www.plataformadecomunicacio.com\/es\/wp-json\/wp\/v2\/posts\/11818","targetHints":{"allow":["GET"]}}],"collection":[{"href":"https:\/\/www.plataformadecomunicacio.com\/es\/wp-json\/wp\/v2\/posts"}],"about":[{"href":"https:\/\/www.plataformadecomunicacio.com\/es\/wp-json\/wp\/v2\/types\/post"}],"author":[{"embeddable":true,"href":"https:\/\/www.plataformadecomunicacio.com\/es\/wp-json\/wp\/v2\/users\/2"}],"replies":[{"embeddable":true,"href":"https:\/\/www.plataformadecomunicacio.com\/es\/wp-json\/wp\/v2\/comments?post=11818"}],"version-history":[{"count":0,"href":"https:\/\/www.plataformadecomunicacio.com\/es\/wp-json\/wp\/v2\/posts\/11818\/revisions"}],"wp:featuredmedia":[{"embeddable":true,"href":"https:\/\/www.plataformadecomunicacio.com\/es\/wp-json\/wp\/v2\/media\/11815"}],"wp:attachment":[{"href":"https:\/\/www.plataformadecomunicacio.com\/es\/wp-json\/wp\/v2\/media?parent=11818"}],"wp:term":[{"taxonomy":"category","embeddable":true,"href":"https:\/\/www.plataformadecomunicacio.com\/es\/wp-json\/wp\/v2\/categories?post=11818"},{"taxonomy":"post_tag","embeddable":true,"href":"https:\/\/www.plataformadecomunicacio.com\/es\/wp-json\/wp\/v2\/tags?post=11818"}],"curies":[{"name":"wp","href":"https:\/\/api.w.org\/{rel}","templated":true}]}}