{"id":11840,"date":"2025-10-24T10:37:38","date_gmt":"2025-10-24T09:37:38","guid":{"rendered":"https:\/\/www.plataformadecomunicacio.com\/?p=11840"},"modified":"2025-10-24T10:37:39","modified_gmt":"2025-10-24T09:37:39","slug":"estrategia-comunicacio-institucional","status":"publish","type":"post","link":"https:\/\/www.plataformadecomunicacio.com\/es\/estrategia-comunicacio-institucional\/","title":{"rendered":"Estrat\u00e8gia de comunicaci\u00f3 institucional: com crear un pla efectiu per a la teva organitzaci\u00f3"},"content":{"rendered":"\n<h2 class=\"wp-block-heading\">Qu\u00e8 \u00e9s una estrat\u00e8gia de comunicaci\u00f3 institucional<\/h2>\n\n\n\n<p>La comunicaci\u00f3 institucional \u00e9s molt m\u00e9s que la transmissi\u00f3 de missatges. \u00c9s la manera com una organitzaci\u00f3 \u2014ja sigui una administraci\u00f3 p\u00fablica, una empresa o una entitat\u2014 construeix el seu relat, projecta la seva identitat i estableix vincles de confian\u00e7a amb la ciutadania. Una estrat\u00e8gia de comunicaci\u00f3 institucional defineix el cam\u00ed per fer-ho amb coher\u00e8ncia, planificaci\u00f3 i sentit.<\/p>\n\n\n\n<p>En un context on la informaci\u00f3 circula de forma constant, planificar la comunicaci\u00f3 ja no \u00e9s una opci\u00f3, sin\u00f3 una necessitat. Una estrat\u00e8gia ben dissenyada permet que cada acci\u00f3 comunicativa respongui a objectius concrets, reforci la credibilitat de la instituci\u00f3 i garanteixi una relaci\u00f3 fluida amb els seus p\u00fablics.<\/p>\n\n\n\n<h3 class=\"wp-block-heading\">El paper de la comunicaci\u00f3 institucional en el sector p\u00fablic<\/h3>\n\n\n\n<p>A l\u2019\u00e0mbit p\u00fablic, la comunicaci\u00f3 institucional juga un paper essencial en la transpar\u00e8ncia, la rendici\u00f3 de comptes i la proximitat amb la ciutadania. No es tracta nom\u00e9s d\u2019informar sobre serveis o iniciatives, sin\u00f3 de construir un di\u00e0leg obert i constant que enforteixi la confian\u00e7a i la percepci\u00f3 de legitimitat.<\/p>\n\n\n\n<h3 class=\"wp-block-heading\">Per qu\u00e8 \u00e9s essencial planificar la comunicaci\u00f3<\/h3>\n\n\n\n<p>Sense planificaci\u00f3, la comunicaci\u00f3 institucional pot esdevenir reactiva i dispersa. Una bona estrat\u00e8gia permet anticipar necessitats, definir missatges clau i assegurar que totes les accions \u2014des d\u2019una nota de premsa fins a una campanya institucional\u2014 responguin a una mateixa visi\u00f3. Aquesta coher\u00e8ncia \u00e9s la base d\u2019una comunicaci\u00f3 s\u00f2lida, efectiva i alineada amb els objectius de l\u2019organitzaci\u00f3.<\/p>\n\n\n\n<figure class=\"wp-block-image aligncenter size-large\"><img loading=\"lazy\" decoding=\"async\" width=\"1030\" height=\"687\" src=\"https:\/\/www.plataformadecomunicacio.com\/wp-content\/uploads\/2024\/08\/influencer-1030x687.jpg\" alt=\"\" class=\"wp-image-11556\" srcset=\"https:\/\/www.plataformadecomunicacio.com\/wp-content\/uploads\/2024\/08\/influencer-1030x687.jpg 1030w, https:\/\/www.plataformadecomunicacio.com\/wp-content\/uploads\/2024\/08\/influencer-300x200.jpg 300w, https:\/\/www.plataformadecomunicacio.com\/wp-content\/uploads\/2024\/08\/influencer-768x512.jpg 768w, https:\/\/www.plataformadecomunicacio.com\/wp-content\/uploads\/2024\/08\/influencer-1536x1024.jpg 1536w, https:\/\/www.plataformadecomunicacio.com\/wp-content\/uploads\/2024\/08\/influencer-2048x1365.jpg 2048w, https:\/\/www.plataformadecomunicacio.com\/wp-content\/uploads\/2024\/08\/influencer-1500x1000.jpg 1500w, https:\/\/www.plataformadecomunicacio.com\/wp-content\/uploads\/2024\/08\/influencer-705x470.jpg 705w\" sizes=\"auto, (max-width: 1030px) 100vw, 1030px\" \/><\/figure>\n\n\n\n<h2 class=\"wp-block-heading\">Els pilars d\u2019una bona estrat\u00e8gia de comunicaci\u00f3 institucional<\/h2>\n\n\n\n<p>Una estrat\u00e8gia de comunicaci\u00f3 institucional efica\u00e7 es construeix sobre una base s\u00f2lida, que combina an\u00e0lisi, planificaci\u00f3 i coher\u00e8ncia. No n\u2019hi ha prou amb definir accions a curt termini; cal una visi\u00f3 que integri la comunicaci\u00f3 com a part estructural del projecte institucional.<\/p>\n\n\n\n<h3 class=\"wp-block-heading\">Objectius clars i missatges coherents<\/h3>\n\n\n\n<p>Tot pla de comunicaci\u00f3 institucional ha de partir d\u2019uns objectius concrets i mesurables. Saber qu\u00e8 es vol aconseguir \u2014millorar la imatge p\u00fablica, augmentar la participaci\u00f3 ciutadana o refor\u00e7ar la reputaci\u00f3\u2014 \u00e9s essencial per orientar les accions. Els missatges, per la seva banda, han de transmetre els valors i la missi\u00f3 de la instituci\u00f3 de manera consistent en tots els canals. La coher\u00e8ncia entre el que es diu i el que es fa \u00e9s un dels elements que m\u00e9s incideix en la credibilitat.<\/p>\n\n\n\n<h3 class=\"wp-block-heading\">P\u00fablics i canals de comunicaci\u00f3 adequats<\/h3>\n\n\n\n<p>Cada p\u00fablic t\u00e9 necessitats, expectatives i llenguatges diferents. Identificar correctament els grups d\u2019inter\u00e8s \u2014ciutadania, mitjans, treballadors, entitats col\u00b7laboradores o altres institucions\u2014 \u00e9s clau per adaptar el missatge i triar els canals m\u00e9s efectius: des de la comunicaci\u00f3 presencial fins a l\u2019entorn digital. Una bona estrat\u00e8gia institucional combina la proximitat del contacte directe amb la pot\u00e8ncia de les plataformes digitals.<\/p>\n\n\n\n<h3 class=\"wp-block-heading\">Seguiment i avaluaci\u00f3 dels resultats<\/h3>\n\n\n\n<p>Cap estrat\u00e8gia \u00e9s completa si no preveu mecanismes per mesurar-ne l\u2019impacte. Avaluar els resultats permet ajustar missatges, millorar processos i garantir que els recursos s\u2019utilitzen de manera eficient. L\u2019an\u00e0lisi de dades, la revisi\u00f3 peri\u00f2dica dels objectius i l\u2019escolta activa de la ciutadania s\u00f3n eines imprescindibles per a una comunicaci\u00f3 institucional sostenible i efica\u00e7.<\/p>\n\n\n\n<figure class=\"wp-block-image aligncenter size-large\"><img loading=\"lazy\" decoding=\"async\" width=\"1030\" height=\"1030\" src=\"https:\/\/www.plataformadecomunicacio.com\/wp-content\/uploads\/2024\/05\/public-8757616_1280-1030x1030.png\" alt=\"comunicaci\u00f3n\" class=\"wp-image-11454\" srcset=\"https:\/\/www.plataformadecomunicacio.com\/wp-content\/uploads\/2024\/05\/public-8757616_1280-1030x1030.png 1030w, https:\/\/www.plataformadecomunicacio.com\/wp-content\/uploads\/2024\/05\/public-8757616_1280-300x300.png 300w, https:\/\/www.plataformadecomunicacio.com\/wp-content\/uploads\/2024\/05\/public-8757616_1280-80x80.png 80w, https:\/\/www.plataformadecomunicacio.com\/wp-content\/uploads\/2024\/05\/public-8757616_1280-768x768.png 768w, https:\/\/www.plataformadecomunicacio.com\/wp-content\/uploads\/2024\/05\/public-8757616_1280-36x36.png 36w, https:\/\/www.plataformadecomunicacio.com\/wp-content\/uploads\/2024\/05\/public-8757616_1280-180x180.png 180w, https:\/\/www.plataformadecomunicacio.com\/wp-content\/uploads\/2024\/05\/public-8757616_1280-705x705.png 705w, https:\/\/www.plataformadecomunicacio.com\/wp-content\/uploads\/2024\/05\/public-8757616_1280.png 1280w\" sizes=\"auto, (max-width: 1030px) 100vw, 1030px\" \/><\/figure>\n\n\n\n<h2 class=\"wp-block-heading\">Com posar en marxa el teu pla de comunicaci\u00f3 institucional<\/h2>\n\n\n\n<p>Posar en pr\u00e0ctica una estrat\u00e8gia de comunicaci\u00f3 institucional requereix organitzaci\u00f3, criteri i una visi\u00f3 global del projecte. M\u00e9s enll\u00e0 de definir qu\u00e8 es vol comunicar, cal establir com i amb quins recursos es far\u00e0, assegurant que cada acci\u00f3 contribueixi als objectius generals de l\u2019organitzaci\u00f3.<\/p>\n\n\n\n<h3 class=\"wp-block-heading\">Diagnosi inicial i definici\u00f3 d\u2019estrat\u00e8gia<\/h3>\n\n\n\n<p>Tot comen\u00e7a amb una bona diagnosi. Analitzar la situaci\u00f3 actual \u2014com es comunica, quins canals s\u2019utilitzen i com percep la ciutadania la instituci\u00f3\u2014 permet detectar fortaleses i \u00e0rees de millora. A partir d\u2019aqu\u00ed, es defineixen els eixos estrat\u00e8gics, els objectius i els missatges clau que marcaran el full de ruta comunicatiu.<\/p>\n\n\n\n<p>Aquesta fase \u00e9s tamb\u00e9 el moment d\u2019alinear la comunicaci\u00f3 amb els valors institucionals i les pol\u00edtiques p\u00fabliques que es volen potenciar. Una estrat\u00e8gia coherent reflecteix la identitat de la instituci\u00f3 i refor\u00e7a la seva posici\u00f3 com a referent de transpar\u00e8ncia i servei.<\/p>\n\n\n\n<h3 class=\"wp-block-heading\">Implementaci\u00f3 i gesti\u00f3 del pla<\/h3>\n\n\n\n<p>Amb l\u2019estrat\u00e8gia definida, arriba el moment d\u2019executar-la. Cal planificar les accions al llarg del temps, assignar responsabilitats i garantir la coordinaci\u00f3 entre equips. L\u2019\u00e8xit d\u2019un pla de comunicaci\u00f3 institucional dep\u00e8n tant de la seva planificaci\u00f3 com de la capacitat d\u2019adaptar-se a situacions imprevistes.<\/p>\n\n\n\n<p>\u00c9s fonamental mantenir una comunicaci\u00f3 interna fluida, actualitzar continguts i valorar peri\u00f2dicament els resultats. La flexibilitat i l\u2019avaluaci\u00f3 constant s\u00f3n les claus perqu\u00e8 la comunicaci\u00f3 institucional sigui realment efectiva i contribueixi al prop\u00f2sit de l\u2019organitzaci\u00f3.<\/p>\n","protected":false},"excerpt":{"rendered":"<p>Qu\u00e8 \u00e9s una estrat\u00e8gia de comunicaci\u00f3 institucional La comunicaci\u00f3 institucional \u00e9s molt m\u00e9s que la transmissi\u00f3 de missatges. \u00c9s la manera com una organitzaci\u00f3 \u2014ja sigui una administraci\u00f3 p\u00fablica, una empresa o una entitat\u2014 construeix el seu relat, projecta la seva identitat i estableix vincles de confian\u00e7a amb la ciutadania. Una estrat\u00e8gia de comunicaci\u00f3 institucional [&hellip;]<\/p>\n","protected":false},"author":2,"featured_media":11842,"comment_status":"closed","ping_status":"open","sticky":false,"template":"","format":"standard","meta":{"footnotes":""},"categories":[55],"tags":[],"class_list":["post-11840","post","type-post","status-publish","format-standard","has-post-thumbnail","hentry","category-comunicacio-es"],"yoast_head":"<!-- This site is optimized with the Yoast SEO plugin v26.1 - https:\/\/yoast.com\/wordpress\/plugins\/seo\/ -->\n<title>Estrat\u00e8gia de comunicaci\u00f3 institucional efectiva | Plat. Comunicaci\u00f3<\/title>\n<meta name=\"description\" content=\"Apr\u00e8n com dissenyar una estrat\u00e8gia de comunicaci\u00f3 institucional clara, coherent i orientada a resultats per a la teva organitzaci\u00f3.\" \/>\n<meta name=\"robots\" content=\"index, follow, max-snippet:-1, max-image-preview:large, max-video-preview:-1\" \/>\n<link rel=\"canonical\" href=\"https:\/\/www.plataformadecomunicacio.com\/es\/estrategia-comunicacio-institucional\/\" \/>\n<meta property=\"og:locale\" content=\"es_ES\" \/>\n<meta property=\"og:type\" content=\"article\" \/>\n<meta property=\"og:title\" content=\"Estrat\u00e8gia de comunicaci\u00f3 institucional efectiva | Plat. Comunicaci\u00f3\" \/>\n<meta property=\"og:description\" content=\"Apr\u00e8n com dissenyar una estrat\u00e8gia de comunicaci\u00f3 institucional clara, coherent i orientada a resultats per a la teva organitzaci\u00f3.\" \/>\n<meta property=\"og:url\" content=\"https:\/\/www.plataformadecomunicacio.com\/es\/estrategia-comunicacio-institucional\/\" \/>\n<meta property=\"og:site_name\" content=\"Plataforma de comunicaci\u00f3\" \/>\n<meta property=\"article:publisher\" content=\"https:\/\/www.facebook.com\/plataformadecomunicacio\/\" \/>\n<meta property=\"article:published_time\" content=\"2025-10-24T09:37:38+00:00\" \/>\n<meta property=\"article:modified_time\" content=\"2025-10-24T09:37:39+00:00\" \/>\n<meta property=\"og:image\" content=\"https:\/\/www.plataformadecomunicacio.com\/wp-content\/uploads\/2025\/10\/Depositphotos_805788276_S.jpg\" \/>\n\t<meta property=\"og:image:width\" content=\"1000\" \/>\n\t<meta property=\"og:image:height\" content=\"508\" \/>\n\t<meta property=\"og:image:type\" content=\"image\/jpeg\" \/>\n<meta name=\"author\" content=\"Plataforma de Comunicaci\u00f3\" \/>\n<meta name=\"twitter:card\" content=\"summary_large_image\" \/>\n<meta name=\"twitter:creator\" content=\"@PlataformadeCom\" \/>\n<meta name=\"twitter:site\" content=\"@PlataformadeCom\" \/>\n<meta name=\"twitter:label1\" content=\"Escrito por\" \/>\n\t<meta name=\"twitter:data1\" content=\"Plataforma de Comunicaci\u00f3\" \/>\n\t<meta name=\"twitter:label2\" content=\"Tiempo de lectura\" \/>\n\t<meta name=\"twitter:data2\" content=\"4 minutos\" \/>\n<script type=\"application\/ld+json\" class=\"yoast-schema-graph\">{\"@context\":\"https:\/\/schema.org\",\"@graph\":[{\"@type\":\"Article\",\"@id\":\"https:\/\/www.plataformadecomunicacio.com\/es\/estrategia-comunicacio-institucional\/#article\",\"isPartOf\":{\"@id\":\"https:\/\/www.plataformadecomunicacio.com\/es\/estrategia-comunicacio-institucional\/\"},\"author\":{\"name\":\"Plataforma de Comunicaci\u00f3\",\"@id\":\"https:\/\/www.plataformadecomunicacio.com\/#\/schema\/person\/a10597ea5a25cad7b4aac14e6a1672ed\"},\"headline\":\"Estrat\u00e8gia de comunicaci\u00f3 institucional: com crear un pla efectiu per a la teva organitzaci\u00f3\",\"datePublished\":\"2025-10-24T09:37:38+00:00\",\"dateModified\":\"2025-10-24T09:37:39+00:00\",\"mainEntityOfPage\":{\"@id\":\"https:\/\/www.plataformadecomunicacio.com\/es\/estrategia-comunicacio-institucional\/\"},\"wordCount\":825,\"publisher\":{\"@id\":\"https:\/\/www.plataformadecomunicacio.com\/#organization\"},\"image\":{\"@id\":\"https:\/\/www.plataformadecomunicacio.com\/es\/estrategia-comunicacio-institucional\/#primaryimage\"},\"thumbnailUrl\":\"https:\/\/www.plataformadecomunicacio.com\/wp-content\/uploads\/2025\/10\/Depositphotos_805788276_S.jpg\",\"articleSection\":[\"Comunicaci\u00f3\"],\"inLanguage\":\"es\"},{\"@type\":\"WebPage\",\"@id\":\"https:\/\/www.plataformadecomunicacio.com\/es\/estrategia-comunicacio-institucional\/\",\"url\":\"https:\/\/www.plataformadecomunicacio.com\/es\/estrategia-comunicacio-institucional\/\",\"name\":\"Estrat\u00e8gia de comunicaci\u00f3 institucional efectiva | Plat. Comunicaci\u00f3\",\"isPartOf\":{\"@id\":\"https:\/\/www.plataformadecomunicacio.com\/#website\"},\"primaryImageOfPage\":{\"@id\":\"https:\/\/www.plataformadecomunicacio.com\/es\/estrategia-comunicacio-institucional\/#primaryimage\"},\"image\":{\"@id\":\"https:\/\/www.plataformadecomunicacio.com\/es\/estrategia-comunicacio-institucional\/#primaryimage\"},\"thumbnailUrl\":\"https:\/\/www.plataformadecomunicacio.com\/wp-content\/uploads\/2025\/10\/Depositphotos_805788276_S.jpg\",\"datePublished\":\"2025-10-24T09:37:38+00:00\",\"dateModified\":\"2025-10-24T09:37:39+00:00\",\"description\":\"Apr\u00e8n com dissenyar una estrat\u00e8gia de comunicaci\u00f3 institucional clara, coherent i orientada a resultats per a la teva organitzaci\u00f3.\",\"breadcrumb\":{\"@id\":\"https:\/\/www.plataformadecomunicacio.com\/es\/estrategia-comunicacio-institucional\/#breadcrumb\"},\"inLanguage\":\"es\",\"potentialAction\":[{\"@type\":\"ReadAction\",\"target\":[\"https:\/\/www.plataformadecomunicacio.com\/es\/estrategia-comunicacio-institucional\/\"]}]},{\"@type\":\"ImageObject\",\"inLanguage\":\"es\",\"@id\":\"https:\/\/www.plataformadecomunicacio.com\/es\/estrategia-comunicacio-institucional\/#primaryimage\",\"url\":\"https:\/\/www.plataformadecomunicacio.com\/wp-content\/uploads\/2025\/10\/Depositphotos_805788276_S.jpg\",\"contentUrl\":\"https:\/\/www.plataformadecomunicacio.com\/wp-content\/uploads\/2025\/10\/Depositphotos_805788276_S.jpg\",\"width\":1000,\"height\":508,\"caption\":\"Estrat\u00e8gia de comunicaci\u00f3 institucional\"},{\"@type\":\"BreadcrumbList\",\"@id\":\"https:\/\/www.plataformadecomunicacio.com\/es\/estrategia-comunicacio-institucional\/#breadcrumb\",\"itemListElement\":[{\"@type\":\"ListItem\",\"position\":1,\"name\":\"Home\",\"item\":\"https:\/\/www.plataformadecomunicacio.com\/es\/inicio\/\"},{\"@type\":\"ListItem\",\"position\":2,\"name\":\"Estrat\u00e8gia de comunicaci\u00f3 institucional: com crear un pla efectiu per a la teva organitzaci\u00f3\"}]},{\"@type\":\"WebSite\",\"@id\":\"https:\/\/www.plataformadecomunicacio.com\/#website\",\"url\":\"https:\/\/www.plataformadecomunicacio.com\/\",\"name\":\"Plataforma de comunicaci\u00f3\",\"description\":\"Comuniquem junts\",\"publisher\":{\"@id\":\"https:\/\/www.plataformadecomunicacio.com\/#organization\"},\"potentialAction\":[{\"@type\":\"SearchAction\",\"target\":{\"@type\":\"EntryPoint\",\"urlTemplate\":\"https:\/\/www.plataformadecomunicacio.com\/?s={search_term_string}\"},\"query-input\":{\"@type\":\"PropertyValueSpecification\",\"valueRequired\":true,\"valueName\":\"search_term_string\"}}],\"inLanguage\":\"es\"},{\"@type\":\"Organization\",\"@id\":\"https:\/\/www.plataformadecomunicacio.com\/#organization\",\"name\":\"Plataforma de comunicaci\u00f3\",\"url\":\"https:\/\/www.plataformadecomunicacio.com\/\",\"logo\":{\"@type\":\"ImageObject\",\"inLanguage\":\"es\",\"@id\":\"https:\/\/www.plataformadecomunicacio.com\/#\/schema\/logo\/image\/\",\"url\":\"https:\/\/www.plataformadecomunicacio.com\/wp-content\/uploads\/2019\/02\/Logo_plataforma.png\",\"contentUrl\":\"https:\/\/www.plataformadecomunicacio.com\/wp-content\/uploads\/2019\/02\/Logo_plataforma.png\",\"width\":505,\"height\":320,\"caption\":\"Plataforma de comunicaci\u00f3\"},\"image\":{\"@id\":\"https:\/\/www.plataformadecomunicacio.com\/#\/schema\/logo\/image\/\"},\"sameAs\":[\"https:\/\/www.facebook.com\/plataformadecomunicacio\/\",\"https:\/\/x.com\/PlataformadeCom\",\"https:\/\/www.linkedin.com\/company\/plataforma-de-comunicaci\u00f3\/\",\"https:\/\/www.youtube.com\/channel\/UCQ4-7CGw0atul0BbEAN5S9w\"]},{\"@type\":\"Person\",\"@id\":\"https:\/\/www.plataformadecomunicacio.com\/#\/schema\/person\/a10597ea5a25cad7b4aac14e6a1672ed\",\"name\":\"Plataforma de Comunicaci\u00f3\",\"image\":{\"@type\":\"ImageObject\",\"inLanguage\":\"es\",\"@id\":\"https:\/\/www.plataformadecomunicacio.com\/#\/schema\/person\/image\/\",\"url\":\"https:\/\/secure.gravatar.com\/avatar\/cd26adb9e219d2135afc19eaeefcbaa63ae195f53dcce0bebf04fcc05c3dc7b4?s=96&d=mm&r=g\",\"contentUrl\":\"https:\/\/secure.gravatar.com\/avatar\/cd26adb9e219d2135afc19eaeefcbaa63ae195f53dcce0bebf04fcc05c3dc7b4?s=96&d=mm&r=g\",\"caption\":\"Plataforma de Comunicaci\u00f3\"},\"sameAs\":[\"http:\/\/plataformadecomunicacio.com\"],\"url\":\"https:\/\/www.plataformadecomunicacio.com\/es\/author\/plataforma\/\"}]}<\/script>\n<!-- \/ Yoast SEO plugin. -->","yoast_head_json":{"title":"Estrat\u00e8gia de comunicaci\u00f3 institucional efectiva | Plat. Comunicaci\u00f3","description":"Apr\u00e8n com dissenyar una estrat\u00e8gia de comunicaci\u00f3 institucional clara, coherent i orientada a resultats per a la teva organitzaci\u00f3.","robots":{"index":"index","follow":"follow","max-snippet":"max-snippet:-1","max-image-preview":"max-image-preview:large","max-video-preview":"max-video-preview:-1"},"canonical":"https:\/\/www.plataformadecomunicacio.com\/es\/estrategia-comunicacio-institucional\/","og_locale":"es_ES","og_type":"article","og_title":"Estrat\u00e8gia de comunicaci\u00f3 institucional efectiva | Plat. Comunicaci\u00f3","og_description":"Apr\u00e8n com dissenyar una estrat\u00e8gia de comunicaci\u00f3 institucional clara, coherent i orientada a resultats per a la teva organitzaci\u00f3.","og_url":"https:\/\/www.plataformadecomunicacio.com\/es\/estrategia-comunicacio-institucional\/","og_site_name":"Plataforma de comunicaci\u00f3","article_publisher":"https:\/\/www.facebook.com\/plataformadecomunicacio\/","article_published_time":"2025-10-24T09:37:38+00:00","article_modified_time":"2025-10-24T09:37:39+00:00","og_image":[{"width":1000,"height":508,"url":"https:\/\/www.plataformadecomunicacio.com\/wp-content\/uploads\/2025\/10\/Depositphotos_805788276_S.jpg","type":"image\/jpeg"}],"author":"Plataforma de Comunicaci\u00f3","twitter_card":"summary_large_image","twitter_creator":"@PlataformadeCom","twitter_site":"@PlataformadeCom","twitter_misc":{"Escrito por":"Plataforma de Comunicaci\u00f3","Tiempo de lectura":"4 minutos"},"schema":{"@context":"https:\/\/schema.org","@graph":[{"@type":"Article","@id":"https:\/\/www.plataformadecomunicacio.com\/es\/estrategia-comunicacio-institucional\/#article","isPartOf":{"@id":"https:\/\/www.plataformadecomunicacio.com\/es\/estrategia-comunicacio-institucional\/"},"author":{"name":"Plataforma de Comunicaci\u00f3","@id":"https:\/\/www.plataformadecomunicacio.com\/#\/schema\/person\/a10597ea5a25cad7b4aac14e6a1672ed"},"headline":"Estrat\u00e8gia de comunicaci\u00f3 institucional: com crear un pla efectiu per a la teva organitzaci\u00f3","datePublished":"2025-10-24T09:37:38+00:00","dateModified":"2025-10-24T09:37:39+00:00","mainEntityOfPage":{"@id":"https:\/\/www.plataformadecomunicacio.com\/es\/estrategia-comunicacio-institucional\/"},"wordCount":825,"publisher":{"@id":"https:\/\/www.plataformadecomunicacio.com\/#organization"},"image":{"@id":"https:\/\/www.plataformadecomunicacio.com\/es\/estrategia-comunicacio-institucional\/#primaryimage"},"thumbnailUrl":"https:\/\/www.plataformadecomunicacio.com\/wp-content\/uploads\/2025\/10\/Depositphotos_805788276_S.jpg","articleSection":["Comunicaci\u00f3"],"inLanguage":"es"},{"@type":"WebPage","@id":"https:\/\/www.plataformadecomunicacio.com\/es\/estrategia-comunicacio-institucional\/","url":"https:\/\/www.plataformadecomunicacio.com\/es\/estrategia-comunicacio-institucional\/","name":"Estrat\u00e8gia de comunicaci\u00f3 institucional efectiva | Plat. Comunicaci\u00f3","isPartOf":{"@id":"https:\/\/www.plataformadecomunicacio.com\/#website"},"primaryImageOfPage":{"@id":"https:\/\/www.plataformadecomunicacio.com\/es\/estrategia-comunicacio-institucional\/#primaryimage"},"image":{"@id":"https:\/\/www.plataformadecomunicacio.com\/es\/estrategia-comunicacio-institucional\/#primaryimage"},"thumbnailUrl":"https:\/\/www.plataformadecomunicacio.com\/wp-content\/uploads\/2025\/10\/Depositphotos_805788276_S.jpg","datePublished":"2025-10-24T09:37:38+00:00","dateModified":"2025-10-24T09:37:39+00:00","description":"Apr\u00e8n com dissenyar una estrat\u00e8gia de comunicaci\u00f3 institucional clara, coherent i orientada a resultats per a la teva organitzaci\u00f3.","breadcrumb":{"@id":"https:\/\/www.plataformadecomunicacio.com\/es\/estrategia-comunicacio-institucional\/#breadcrumb"},"inLanguage":"es","potentialAction":[{"@type":"ReadAction","target":["https:\/\/www.plataformadecomunicacio.com\/es\/estrategia-comunicacio-institucional\/"]}]},{"@type":"ImageObject","inLanguage":"es","@id":"https:\/\/www.plataformadecomunicacio.com\/es\/estrategia-comunicacio-institucional\/#primaryimage","url":"https:\/\/www.plataformadecomunicacio.com\/wp-content\/uploads\/2025\/10\/Depositphotos_805788276_S.jpg","contentUrl":"https:\/\/www.plataformadecomunicacio.com\/wp-content\/uploads\/2025\/10\/Depositphotos_805788276_S.jpg","width":1000,"height":508,"caption":"Estrat\u00e8gia de comunicaci\u00f3 institucional"},{"@type":"BreadcrumbList","@id":"https:\/\/www.plataformadecomunicacio.com\/es\/estrategia-comunicacio-institucional\/#breadcrumb","itemListElement":[{"@type":"ListItem","position":1,"name":"Home","item":"https:\/\/www.plataformadecomunicacio.com\/es\/inicio\/"},{"@type":"ListItem","position":2,"name":"Estrat\u00e8gia de comunicaci\u00f3 institucional: com crear un pla efectiu per a la teva organitzaci\u00f3"}]},{"@type":"WebSite","@id":"https:\/\/www.plataformadecomunicacio.com\/#website","url":"https:\/\/www.plataformadecomunicacio.com\/","name":"Plataforma de comunicaci\u00f3","description":"Comuniquem junts","publisher":{"@id":"https:\/\/www.plataformadecomunicacio.com\/#organization"},"potentialAction":[{"@type":"SearchAction","target":{"@type":"EntryPoint","urlTemplate":"https:\/\/www.plataformadecomunicacio.com\/?s={search_term_string}"},"query-input":{"@type":"PropertyValueSpecification","valueRequired":true,"valueName":"search_term_string"}}],"inLanguage":"es"},{"@type":"Organization","@id":"https:\/\/www.plataformadecomunicacio.com\/#organization","name":"Plataforma de comunicaci\u00f3","url":"https:\/\/www.plataformadecomunicacio.com\/","logo":{"@type":"ImageObject","inLanguage":"es","@id":"https:\/\/www.plataformadecomunicacio.com\/#\/schema\/logo\/image\/","url":"https:\/\/www.plataformadecomunicacio.com\/wp-content\/uploads\/2019\/02\/Logo_plataforma.png","contentUrl":"https:\/\/www.plataformadecomunicacio.com\/wp-content\/uploads\/2019\/02\/Logo_plataforma.png","width":505,"height":320,"caption":"Plataforma de comunicaci\u00f3"},"image":{"@id":"https:\/\/www.plataformadecomunicacio.com\/#\/schema\/logo\/image\/"},"sameAs":["https:\/\/www.facebook.com\/plataformadecomunicacio\/","https:\/\/x.com\/PlataformadeCom","https:\/\/www.linkedin.com\/company\/plataforma-de-comunicaci\u00f3\/","https:\/\/www.youtube.com\/channel\/UCQ4-7CGw0atul0BbEAN5S9w"]},{"@type":"Person","@id":"https:\/\/www.plataformadecomunicacio.com\/#\/schema\/person\/a10597ea5a25cad7b4aac14e6a1672ed","name":"Plataforma de Comunicaci\u00f3","image":{"@type":"ImageObject","inLanguage":"es","@id":"https:\/\/www.plataformadecomunicacio.com\/#\/schema\/person\/image\/","url":"https:\/\/secure.gravatar.com\/avatar\/cd26adb9e219d2135afc19eaeefcbaa63ae195f53dcce0bebf04fcc05c3dc7b4?s=96&d=mm&r=g","contentUrl":"https:\/\/secure.gravatar.com\/avatar\/cd26adb9e219d2135afc19eaeefcbaa63ae195f53dcce0bebf04fcc05c3dc7b4?s=96&d=mm&r=g","caption":"Plataforma de Comunicaci\u00f3"},"sameAs":["http:\/\/plataformadecomunicacio.com"],"url":"https:\/\/www.plataformadecomunicacio.com\/es\/author\/plataforma\/"}]}},"_links":{"self":[{"href":"https:\/\/www.plataformadecomunicacio.com\/es\/wp-json\/wp\/v2\/posts\/11840","targetHints":{"allow":["GET"]}}],"collection":[{"href":"https:\/\/www.plataformadecomunicacio.com\/es\/wp-json\/wp\/v2\/posts"}],"about":[{"href":"https:\/\/www.plataformadecomunicacio.com\/es\/wp-json\/wp\/v2\/types\/post"}],"author":[{"embeddable":true,"href":"https:\/\/www.plataformadecomunicacio.com\/es\/wp-json\/wp\/v2\/users\/2"}],"replies":[{"embeddable":true,"href":"https:\/\/www.plataformadecomunicacio.com\/es\/wp-json\/wp\/v2\/comments?post=11840"}],"version-history":[{"count":2,"href":"https:\/\/www.plataformadecomunicacio.com\/es\/wp-json\/wp\/v2\/posts\/11840\/revisions"}],"predecessor-version":[{"id":11844,"href":"https:\/\/www.plataformadecomunicacio.com\/es\/wp-json\/wp\/v2\/posts\/11840\/revisions\/11844"}],"wp:featuredmedia":[{"embeddable":true,"href":"https:\/\/www.plataformadecomunicacio.com\/es\/wp-json\/wp\/v2\/media\/11842"}],"wp:attachment":[{"href":"https:\/\/www.plataformadecomunicacio.com\/es\/wp-json\/wp\/v2\/media?parent=11840"}],"wp:term":[{"taxonomy":"category","embeddable":true,"href":"https:\/\/www.plataformadecomunicacio.com\/es\/wp-json\/wp\/v2\/categories?post=11840"},{"taxonomy":"post_tag","embeddable":true,"href":"https:\/\/www.plataformadecomunicacio.com\/es\/wp-json\/wp\/v2\/tags?post=11840"}],"curies":[{"name":"wp","href":"https:\/\/api.w.org\/{rel}","templated":true}]}}