{"id":11906,"date":"2025-11-06T10:53:31","date_gmt":"2025-11-06T09:53:31","guid":{"rendered":"https:\/\/www.plataformadecomunicacio.com\/?p=11906"},"modified":"2025-11-06T10:58:48","modified_gmt":"2025-11-06T09:58:48","slug":"innovacio-social-i-comunicacio","status":"publish","type":"post","link":"https:\/\/www.plataformadecomunicacio.com\/es\/innovacio-social-i-comunicacio\/","title":{"rendered":"Innovaci\u00f3 social i comunicaci\u00f3: el t\u00e0ndem per transformar organitzacions"},"content":{"rendered":"\n<h2 class=\"wp-block-heading\">Qu\u00e8 entenem per innovaci\u00f3 social<\/h2>\n\n\n\n<p>La innovaci\u00f3 social \u00e9s la capacitat d\u2019imaginar i posar en marxa noves respostes davant els reptes socials, econ\u00f2mics i ambientals que afecten la ciutadania. No es tracta nom\u00e9s d\u2019introduir canvis tecnol\u00f2gics o de millorar processos interns, sin\u00f3 de generar un impacte positiu i sostenible en la societat.<\/p>\n\n\n\n<p>Quan una instituci\u00f3 aposta per la innovaci\u00f3 social, incorpora una mirada que combina creativitat, comprom\u00eds i responsabilitat col\u00b7lectiva. Aquest enfocament impulsa la transformaci\u00f3 no nom\u00e9s de les pol\u00edtiques o serveis, sin\u00f3 tamb\u00e9 de la manera com les organitzacions s\u2019entenen a si mateixes i es relacionen amb el seu entorn.<\/p>\n\n\n\n<h3 class=\"wp-block-heading\">La relaci\u00f3 entre innovaci\u00f3 i canvi social<\/h3>\n\n\n\n<p>Innovar en l\u2019\u00e0mbit social implica trencar in\u00e8rcies i obrir espais per a la participaci\u00f3. Les iniciatives que aposten per noves formes d\u2019organitzaci\u00f3, comunicaci\u00f3 i col\u00b7laboraci\u00f3 contribueixen a refor\u00e7ar la cohesi\u00f3 comunit\u00e0ria i a donar resposta a necessitats reals de la ciutadania.<\/p>\n\n\n\n<p>Des d\u2019un punt de vista institucional, la innovaci\u00f3 social permet repensar la gesti\u00f3 p\u00fablica, fomentar la corresponsabilitat i construir models m\u00e9s inclusius. Cada projecte innovador \u00e9s una oportunitat per convertir les idees en resultats tangibles que millorin la qualitat de vida de les persones.<\/p>\n\n\n\n<h3 class=\"wp-block-heading\">Exemples d\u2019innovaci\u00f3 social aplicada a entorns institucionals<\/h3>\n\n\n\n<p>Molts ajuntaments, entitats i empreses p\u00fabliques ja incorporen la innovaci\u00f3 social com a part de la seva estrat\u00e8gia. Programes de participaci\u00f3 ciutadana, projectes d\u2019inclusi\u00f3 digital o iniciatives per reduir l\u2019impacte ambiental s\u00f3n alguns exemples. En tots els casos, el factor clau \u00e9s la capacitat de combinar visi\u00f3 estrat\u00e8gica amb una comunicaci\u00f3 efectiva que faci arribar el valor del projecte a la comunitat.<\/p>\n\n\n\n<figure class=\"wp-block-image size-full\"><img loading=\"lazy\" decoding=\"async\" width=\"1000\" height=\"823\" src=\"https:\/\/www.plataformadecomunicacio.com\/wp-content\/uploads\/2025\/11\/Depositphotos_53015743_S.jpg\" alt=\"comunicaci\u00f3 transformadora\n\nimpacte social\n\nparticipaci\u00f3 ciutadana\n\ntransformaci\u00f3 institucional\" class=\"wp-image-11914\" srcset=\"https:\/\/www.plataformadecomunicacio.com\/wp-content\/uploads\/2025\/11\/Depositphotos_53015743_S.jpg 1000w, https:\/\/www.plataformadecomunicacio.com\/wp-content\/uploads\/2025\/11\/Depositphotos_53015743_S-300x247.jpg 300w, https:\/\/www.plataformadecomunicacio.com\/wp-content\/uploads\/2025\/11\/Depositphotos_53015743_S-768x632.jpg 768w, https:\/\/www.plataformadecomunicacio.com\/wp-content\/uploads\/2025\/11\/Depositphotos_53015743_S-705x580.jpg 705w\" sizes=\"auto, (max-width: 1000px) 100vw, 1000px\" \/><\/figure>\n\n\n\n<h2 class=\"wp-block-heading\">El paper de la comunicaci\u00f3 en la innovaci\u00f3 social<\/h2>\n\n\n\n<p>L\u2019\u00e8xit de qualsevol projecte d\u2019innovaci\u00f3 social dep\u00e8n, en gran mesura, de la seva capacitat per comunicar-se. La comunicaci\u00f3 no \u00e9s nom\u00e9s una eina de difusi\u00f3, sin\u00f3 un component essencial del proc\u00e9s d\u2019innovaci\u00f3: permet explicar el prop\u00f2sit, implicar la ciutadania i generar confian\u00e7a.<\/p>\n\n\n\n<p>Una estrat\u00e8gia de comunicaci\u00f3 ben dissenyada fa visible el valor de les iniciatives, connecta persones i fomenta la participaci\u00f3. Quan la comunicaci\u00f3 acompanya el projecte des de l\u2019inici, contribueix a crear un relat compartit que refor\u00e7a la coher\u00e8ncia entre el que es fa i el que es vol aconseguir.<\/p>\n\n\n\n<h3 class=\"wp-block-heading\">Com comunicar projectes que generen impacte<\/h3>\n\n\n\n<p>Els projectes d\u2019innovaci\u00f3 social necessiten una comunicaci\u00f3 clara, propera i orientada a resultats. Explicar el \u201cper qu\u00e8\u201d i el \u201ccom\u201d d\u2019una iniciativa ajuda a implicar els p\u00fablics i a despertar inter\u00e8s. M\u00e9s enll\u00e0 de les dades, cal posar en valor les hist\u00f2ries i les persones que hi ha darrere de cada acci\u00f3.<\/p>\n\n\n\n<p>En l\u2019\u00e0mbit institucional, comunicar b\u00e9 significa fer accessible la informaci\u00f3, utilitzar un llenguatge comprensible i mantenir una actitud d\u2019escolta activa. La transpar\u00e8ncia i la coher\u00e8ncia entre el discurs i les accions s\u00f3n fonamentals per construir credibilitat i refor\u00e7ar la legitimitat del projecte.<\/p>\n\n\n\n<h3 class=\"wp-block-heading\">El valor del relat en la transformaci\u00f3 social<\/h3>\n\n\n\n<p>Tot proc\u00e9s de transformaci\u00f3 necessita un relat que l\u2019expliqui. El relat dona sentit al canvi i permet que la comunitat s\u2019hi identifiqui. En la innovaci\u00f3 social, aquest relat ha de transmetre valors com la col\u00b7laboraci\u00f3, la igualtat d\u2019oportunitats o la sostenibilitat.<\/p>\n\n\n\n<p>Les institucions que saben construir relats potents no nom\u00e9s comuniquen el que fan, sin\u00f3 tamb\u00e9 el perqu\u00e8 ho fan. D\u2019aquesta manera, converteixen cada acci\u00f3 en una oportunitat per refor\u00e7ar la seva missi\u00f3 i demostrar que la innovaci\u00f3 i la comunicaci\u00f3 poden ser motors reals de canvi social.<\/p>\n\n\n\n<figure class=\"wp-block-image aligncenter size-full\"><img loading=\"lazy\" decoding=\"async\" width=\"1000\" height=\"310\" src=\"https:\/\/www.plataformadecomunicacio.com\/wp-content\/uploads\/2025\/11\/Depositphotos_736414936_S.jpg\" alt=\"comunicaci\u00f3 transformadora\n\nimpacte social\n\nparticipaci\u00f3 ciutadana\n\ntransformaci\u00f3 institucional\" class=\"wp-image-11910\" srcset=\"https:\/\/www.plataformadecomunicacio.com\/wp-content\/uploads\/2025\/11\/Depositphotos_736414936_S.jpg 1000w, https:\/\/www.plataformadecomunicacio.com\/wp-content\/uploads\/2025\/11\/Depositphotos_736414936_S-300x93.jpg 300w, https:\/\/www.plataformadecomunicacio.com\/wp-content\/uploads\/2025\/11\/Depositphotos_736414936_S-768x238.jpg 768w, https:\/\/www.plataformadecomunicacio.com\/wp-content\/uploads\/2025\/11\/Depositphotos_736414936_S-705x219.jpg 705w\" sizes=\"auto, (max-width: 1000px) 100vw, 1000px\" \/><\/figure>\n\n\n\n<h2 class=\"wp-block-heading\">Claus per integrar innovaci\u00f3 social i comunicaci\u00f3 en les organitzacions<\/h2>\n\n\n\n<p>Integrar la innovaci\u00f3 social dins d\u2019una instituci\u00f3 no \u00e9s nom\u00e9s q\u00fcesti\u00f3 de voluntat: requereix una cultura organitzativa oberta, participativa i orientada a l\u2019aprenentatge. La comunicaci\u00f3, en aquest context, actua com a fil conductor que uneix equips, projectes i objectius compartits.<\/p>\n\n\n\n<h3 class=\"wp-block-heading\">Cultura col\u00b7laborativa i escolta activa<\/h3>\n\n\n\n<p>Cap innovaci\u00f3 \u00e9s possible sense la implicaci\u00f3 de les persones. Fomentar una cultura col\u00b7laborativa on tothom se senti part del proc\u00e9s \u00e9s clau per impulsar canvis reals. Aix\u00f2 implica escoltar activament, recollir idees, generar espais de di\u00e0leg i recon\u00e8ixer les aportacions individuals i col\u00b7lectives.<\/p>\n\n\n\n<p>Les organitzacions que practiquen l\u2019escolta activa milloren la seva capacitat d\u2019adaptaci\u00f3 i responen millor a les necessitats del seu entorn. Aquesta actitud oberta \u00e9s el punt de partida per desenvolupar projectes innovadors amb impacte social i comunicatiu.<\/p>\n\n\n\n<h3 class=\"wp-block-heading\">Estrat\u00e8gies de comunicaci\u00f3 que impulsen la participaci\u00f3<\/h3>\n\n\n\n<p>Una comunicaci\u00f3 efectiva no nom\u00e9s informa: inspira i convida a participar. Les institucions que aposten per la innovaci\u00f3 social han de comunicar des de la proximitat i la transpar\u00e8ncia, fent servir formats que afavoreixin la interacci\u00f3 i la cocreaci\u00f3.<\/p>\n\n\n\n<p>Campanyes participatives, tallers oberts, canals digitals de feedback o iniciatives audiovisuals s\u00f3n exemples d\u2019eines que poden convertir la ciutadania en agent actiu del canvi. Quan la comunicaci\u00f3 es posa al servei de la innovaci\u00f3 social, es construeixen relats compartits que donen sentit a l\u2019acci\u00f3 col\u00b7lectiva i reforcen la confian\u00e7a en les institucions.<\/p>\n\n\n\n<figure class=\"wp-block-image size-full\"><img loading=\"lazy\" decoding=\"async\" width=\"1000\" height=\"667\" src=\"https:\/\/www.plataformadecomunicacio.com\/wp-content\/uploads\/2025\/11\/Depositphotos_221725518_S.jpg\" alt=\"comunicaci\u00f3 transformadora\n\nimpacte social\n\nparticipaci\u00f3 ciutadana\n\ntransformaci\u00f3 institucional\" class=\"wp-image-11912\" srcset=\"https:\/\/www.plataformadecomunicacio.com\/wp-content\/uploads\/2025\/11\/Depositphotos_221725518_S.jpg 1000w, https:\/\/www.plataformadecomunicacio.com\/wp-content\/uploads\/2025\/11\/Depositphotos_221725518_S-300x200.jpg 300w, https:\/\/www.plataformadecomunicacio.com\/wp-content\/uploads\/2025\/11\/Depositphotos_221725518_S-768x512.jpg 768w, https:\/\/www.plataformadecomunicacio.com\/wp-content\/uploads\/2025\/11\/Depositphotos_221725518_S-705x470.jpg 705w\" sizes=\"auto, (max-width: 1000px) 100vw, 1000px\" \/><\/figure>\n","protected":false},"excerpt":{"rendered":"<p>Qu\u00e8 entenem per innovaci\u00f3 social La innovaci\u00f3 social \u00e9s la capacitat d\u2019imaginar i posar en marxa noves respostes davant els reptes socials, econ\u00f2mics i ambientals que afecten la ciutadania. No es tracta nom\u00e9s d\u2019introduir canvis tecnol\u00f2gics o de millorar processos interns, sin\u00f3 de generar un impacte positiu i sostenible en la societat. Quan una instituci\u00f3 [&hellip;]<\/p>\n","protected":false},"author":2,"featured_media":11916,"comment_status":"closed","ping_status":"open","sticky":false,"template":"","format":"standard","meta":{"footnotes":""},"categories":[56],"tags":[],"class_list":["post-11906","post","type-post","status-publish","format-standard","has-post-thumbnail","hentry","category-news-es"],"yoast_head":"<!-- This site is optimized with the Yoast SEO plugin v26.1 - https:\/\/yoast.com\/wordpress\/plugins\/seo\/ -->\n<title>Innovaci\u00f3 social i comunicaci\u00f3 | Plataforma de Comunicaci\u00f3<\/title>\n<meta name=\"description\" content=\"Descobreix com la innovaci\u00f3 social i la comunicaci\u00f3 transformen organitzacions i generen impacte positiu a la societat.\" \/>\n<meta name=\"robots\" content=\"index, follow, max-snippet:-1, max-image-preview:large, max-video-preview:-1\" \/>\n<link rel=\"canonical\" href=\"https:\/\/www.plataformadecomunicacio.com\/es\/innovacio-social-i-comunicacio\/\" \/>\n<meta property=\"og:locale\" content=\"es_ES\" \/>\n<meta property=\"og:type\" content=\"article\" \/>\n<meta property=\"og:title\" content=\"Innovaci\u00f3 social i comunicaci\u00f3 | Plataforma de Comunicaci\u00f3\" \/>\n<meta property=\"og:description\" content=\"Descobreix com la innovaci\u00f3 social i la comunicaci\u00f3 transformen organitzacions i generen impacte positiu a la societat.\" \/>\n<meta property=\"og:url\" content=\"https:\/\/www.plataformadecomunicacio.com\/es\/innovacio-social-i-comunicacio\/\" \/>\n<meta property=\"og:site_name\" content=\"Plataforma de comunicaci\u00f3\" \/>\n<meta property=\"article:publisher\" content=\"https:\/\/www.facebook.com\/plataformadecomunicacio\/\" \/>\n<meta property=\"article:published_time\" content=\"2025-11-06T09:53:31+00:00\" \/>\n<meta property=\"article:modified_time\" content=\"2025-11-06T09:58:48+00:00\" \/>\n<meta property=\"og:image\" content=\"https:\/\/www.plataformadecomunicacio.com\/wp-content\/uploads\/2025\/11\/Depositphotos_703635921_S-1.jpg\" \/>\n\t<meta property=\"og:image:width\" content=\"1000\" \/>\n\t<meta property=\"og:image:height\" content=\"665\" \/>\n\t<meta property=\"og:image:type\" content=\"image\/jpeg\" \/>\n<meta name=\"author\" content=\"Plataforma de Comunicaci\u00f3\" \/>\n<meta name=\"twitter:card\" content=\"summary_large_image\" \/>\n<meta name=\"twitter:creator\" content=\"@PlataformadeCom\" \/>\n<meta name=\"twitter:site\" content=\"@PlataformadeCom\" \/>\n<meta name=\"twitter:label1\" content=\"Escrito por\" \/>\n\t<meta name=\"twitter:data1\" content=\"Plataforma de Comunicaci\u00f3\" \/>\n\t<meta name=\"twitter:label2\" content=\"Tiempo de lectura\" \/>\n\t<meta name=\"twitter:data2\" content=\"5 minutos\" \/>\n<script type=\"application\/ld+json\" class=\"yoast-schema-graph\">{\"@context\":\"https:\/\/schema.org\",\"@graph\":[{\"@type\":\"Article\",\"@id\":\"https:\/\/www.plataformadecomunicacio.com\/es\/innovacio-social-i-comunicacio\/#article\",\"isPartOf\":{\"@id\":\"https:\/\/www.plataformadecomunicacio.com\/es\/innovacio-social-i-comunicacio\/\"},\"author\":{\"name\":\"Plataforma de Comunicaci\u00f3\",\"@id\":\"https:\/\/www.plataformadecomunicacio.com\/#\/schema\/person\/a10597ea5a25cad7b4aac14e6a1672ed\"},\"headline\":\"Innovaci\u00f3 social i comunicaci\u00f3: el t\u00e0ndem per transformar organitzacions\",\"datePublished\":\"2025-11-06T09:53:31+00:00\",\"dateModified\":\"2025-11-06T09:58:48+00:00\",\"mainEntityOfPage\":{\"@id\":\"https:\/\/www.plataformadecomunicacio.com\/es\/innovacio-social-i-comunicacio\/\"},\"wordCount\":880,\"publisher\":{\"@id\":\"https:\/\/www.plataformadecomunicacio.com\/#organization\"},\"image\":{\"@id\":\"https:\/\/www.plataformadecomunicacio.com\/es\/innovacio-social-i-comunicacio\/#primaryimage\"},\"thumbnailUrl\":\"https:\/\/www.plataformadecomunicacio.com\/wp-content\/uploads\/2025\/11\/Depositphotos_703635921_S-1.jpg\",\"articleSection\":[\"News\"],\"inLanguage\":\"es\"},{\"@type\":\"WebPage\",\"@id\":\"https:\/\/www.plataformadecomunicacio.com\/es\/innovacio-social-i-comunicacio\/\",\"url\":\"https:\/\/www.plataformadecomunicacio.com\/es\/innovacio-social-i-comunicacio\/\",\"name\":\"Innovaci\u00f3 social i comunicaci\u00f3 | Plataforma de Comunicaci\u00f3\",\"isPartOf\":{\"@id\":\"https:\/\/www.plataformadecomunicacio.com\/#website\"},\"primaryImageOfPage\":{\"@id\":\"https:\/\/www.plataformadecomunicacio.com\/es\/innovacio-social-i-comunicacio\/#primaryimage\"},\"image\":{\"@id\":\"https:\/\/www.plataformadecomunicacio.com\/es\/innovacio-social-i-comunicacio\/#primaryimage\"},\"thumbnailUrl\":\"https:\/\/www.plataformadecomunicacio.com\/wp-content\/uploads\/2025\/11\/Depositphotos_703635921_S-1.jpg\",\"datePublished\":\"2025-11-06T09:53:31+00:00\",\"dateModified\":\"2025-11-06T09:58:48+00:00\",\"description\":\"Descobreix com la innovaci\u00f3 social i la comunicaci\u00f3 transformen organitzacions i generen impacte positiu a la societat.\",\"breadcrumb\":{\"@id\":\"https:\/\/www.plataformadecomunicacio.com\/es\/innovacio-social-i-comunicacio\/#breadcrumb\"},\"inLanguage\":\"es\",\"potentialAction\":[{\"@type\":\"ReadAction\",\"target\":[\"https:\/\/www.plataformadecomunicacio.com\/es\/innovacio-social-i-comunicacio\/\"]}]},{\"@type\":\"ImageObject\",\"inLanguage\":\"es\",\"@id\":\"https:\/\/www.plataformadecomunicacio.com\/es\/innovacio-social-i-comunicacio\/#primaryimage\",\"url\":\"https:\/\/www.plataformadecomunicacio.com\/wp-content\/uploads\/2025\/11\/Depositphotos_703635921_S-1.jpg\",\"contentUrl\":\"https:\/\/www.plataformadecomunicacio.com\/wp-content\/uploads\/2025\/11\/Depositphotos_703635921_S-1.jpg\",\"width\":1000,\"height\":665,\"caption\":\"comunicaci\u00f3 transformadora impacte social participaci\u00f3 ciutadana transformaci\u00f3 institucional\"},{\"@type\":\"BreadcrumbList\",\"@id\":\"https:\/\/www.plataformadecomunicacio.com\/es\/innovacio-social-i-comunicacio\/#breadcrumb\",\"itemListElement\":[{\"@type\":\"ListItem\",\"position\":1,\"name\":\"Home\",\"item\":\"https:\/\/www.plataformadecomunicacio.com\/es\/inicio\/\"},{\"@type\":\"ListItem\",\"position\":2,\"name\":\"Innovaci\u00f3 social i comunicaci\u00f3: el t\u00e0ndem per transformar organitzacions\"}]},{\"@type\":\"WebSite\",\"@id\":\"https:\/\/www.plataformadecomunicacio.com\/#website\",\"url\":\"https:\/\/www.plataformadecomunicacio.com\/\",\"name\":\"Plataforma de comunicaci\u00f3\",\"description\":\"Comuniquem junts\",\"publisher\":{\"@id\":\"https:\/\/www.plataformadecomunicacio.com\/#organization\"},\"potentialAction\":[{\"@type\":\"SearchAction\",\"target\":{\"@type\":\"EntryPoint\",\"urlTemplate\":\"https:\/\/www.plataformadecomunicacio.com\/?s={search_term_string}\"},\"query-input\":{\"@type\":\"PropertyValueSpecification\",\"valueRequired\":true,\"valueName\":\"search_term_string\"}}],\"inLanguage\":\"es\"},{\"@type\":\"Organization\",\"@id\":\"https:\/\/www.plataformadecomunicacio.com\/#organization\",\"name\":\"Plataforma de comunicaci\u00f3\",\"url\":\"https:\/\/www.plataformadecomunicacio.com\/\",\"logo\":{\"@type\":\"ImageObject\",\"inLanguage\":\"es\",\"@id\":\"https:\/\/www.plataformadecomunicacio.com\/#\/schema\/logo\/image\/\",\"url\":\"https:\/\/www.plataformadecomunicacio.com\/wp-content\/uploads\/2019\/02\/Logo_plataforma.png\",\"contentUrl\":\"https:\/\/www.plataformadecomunicacio.com\/wp-content\/uploads\/2019\/02\/Logo_plataforma.png\",\"width\":505,\"height\":320,\"caption\":\"Plataforma de comunicaci\u00f3\"},\"image\":{\"@id\":\"https:\/\/www.plataformadecomunicacio.com\/#\/schema\/logo\/image\/\"},\"sameAs\":[\"https:\/\/www.facebook.com\/plataformadecomunicacio\/\",\"https:\/\/x.com\/PlataformadeCom\",\"https:\/\/www.linkedin.com\/company\/plataforma-de-comunicaci\u00f3\/\",\"https:\/\/www.youtube.com\/channel\/UCQ4-7CGw0atul0BbEAN5S9w\"]},{\"@type\":\"Person\",\"@id\":\"https:\/\/www.plataformadecomunicacio.com\/#\/schema\/person\/a10597ea5a25cad7b4aac14e6a1672ed\",\"name\":\"Plataforma de Comunicaci\u00f3\",\"image\":{\"@type\":\"ImageObject\",\"inLanguage\":\"es\",\"@id\":\"https:\/\/www.plataformadecomunicacio.com\/#\/schema\/person\/image\/\",\"url\":\"https:\/\/secure.gravatar.com\/avatar\/cd26adb9e219d2135afc19eaeefcbaa63ae195f53dcce0bebf04fcc05c3dc7b4?s=96&d=mm&r=g\",\"contentUrl\":\"https:\/\/secure.gravatar.com\/avatar\/cd26adb9e219d2135afc19eaeefcbaa63ae195f53dcce0bebf04fcc05c3dc7b4?s=96&d=mm&r=g\",\"caption\":\"Plataforma de Comunicaci\u00f3\"},\"sameAs\":[\"http:\/\/plataformadecomunicacio.com\"],\"url\":\"https:\/\/www.plataformadecomunicacio.com\/es\/author\/plataforma\/\"}]}<\/script>\n<!-- \/ Yoast SEO plugin. -->","yoast_head_json":{"title":"Innovaci\u00f3 social i comunicaci\u00f3 | Plataforma de Comunicaci\u00f3","description":"Descobreix com la innovaci\u00f3 social i la comunicaci\u00f3 transformen organitzacions i generen impacte positiu a la societat.","robots":{"index":"index","follow":"follow","max-snippet":"max-snippet:-1","max-image-preview":"max-image-preview:large","max-video-preview":"max-video-preview:-1"},"canonical":"https:\/\/www.plataformadecomunicacio.com\/es\/innovacio-social-i-comunicacio\/","og_locale":"es_ES","og_type":"article","og_title":"Innovaci\u00f3 social i comunicaci\u00f3 | Plataforma de Comunicaci\u00f3","og_description":"Descobreix com la innovaci\u00f3 social i la comunicaci\u00f3 transformen organitzacions i generen impacte positiu a la societat.","og_url":"https:\/\/www.plataformadecomunicacio.com\/es\/innovacio-social-i-comunicacio\/","og_site_name":"Plataforma de comunicaci\u00f3","article_publisher":"https:\/\/www.facebook.com\/plataformadecomunicacio\/","article_published_time":"2025-11-06T09:53:31+00:00","article_modified_time":"2025-11-06T09:58:48+00:00","og_image":[{"width":1000,"height":665,"url":"https:\/\/www.plataformadecomunicacio.com\/wp-content\/uploads\/2025\/11\/Depositphotos_703635921_S-1.jpg","type":"image\/jpeg"}],"author":"Plataforma de Comunicaci\u00f3","twitter_card":"summary_large_image","twitter_creator":"@PlataformadeCom","twitter_site":"@PlataformadeCom","twitter_misc":{"Escrito por":"Plataforma de Comunicaci\u00f3","Tiempo de lectura":"5 minutos"},"schema":{"@context":"https:\/\/schema.org","@graph":[{"@type":"Article","@id":"https:\/\/www.plataformadecomunicacio.com\/es\/innovacio-social-i-comunicacio\/#article","isPartOf":{"@id":"https:\/\/www.plataformadecomunicacio.com\/es\/innovacio-social-i-comunicacio\/"},"author":{"name":"Plataforma de Comunicaci\u00f3","@id":"https:\/\/www.plataformadecomunicacio.com\/#\/schema\/person\/a10597ea5a25cad7b4aac14e6a1672ed"},"headline":"Innovaci\u00f3 social i comunicaci\u00f3: el t\u00e0ndem per transformar organitzacions","datePublished":"2025-11-06T09:53:31+00:00","dateModified":"2025-11-06T09:58:48+00:00","mainEntityOfPage":{"@id":"https:\/\/www.plataformadecomunicacio.com\/es\/innovacio-social-i-comunicacio\/"},"wordCount":880,"publisher":{"@id":"https:\/\/www.plataformadecomunicacio.com\/#organization"},"image":{"@id":"https:\/\/www.plataformadecomunicacio.com\/es\/innovacio-social-i-comunicacio\/#primaryimage"},"thumbnailUrl":"https:\/\/www.plataformadecomunicacio.com\/wp-content\/uploads\/2025\/11\/Depositphotos_703635921_S-1.jpg","articleSection":["News"],"inLanguage":"es"},{"@type":"WebPage","@id":"https:\/\/www.plataformadecomunicacio.com\/es\/innovacio-social-i-comunicacio\/","url":"https:\/\/www.plataformadecomunicacio.com\/es\/innovacio-social-i-comunicacio\/","name":"Innovaci\u00f3 social i comunicaci\u00f3 | Plataforma de Comunicaci\u00f3","isPartOf":{"@id":"https:\/\/www.plataformadecomunicacio.com\/#website"},"primaryImageOfPage":{"@id":"https:\/\/www.plataformadecomunicacio.com\/es\/innovacio-social-i-comunicacio\/#primaryimage"},"image":{"@id":"https:\/\/www.plataformadecomunicacio.com\/es\/innovacio-social-i-comunicacio\/#primaryimage"},"thumbnailUrl":"https:\/\/www.plataformadecomunicacio.com\/wp-content\/uploads\/2025\/11\/Depositphotos_703635921_S-1.jpg","datePublished":"2025-11-06T09:53:31+00:00","dateModified":"2025-11-06T09:58:48+00:00","description":"Descobreix com la innovaci\u00f3 social i la comunicaci\u00f3 transformen organitzacions i generen impacte positiu a la societat.","breadcrumb":{"@id":"https:\/\/www.plataformadecomunicacio.com\/es\/innovacio-social-i-comunicacio\/#breadcrumb"},"inLanguage":"es","potentialAction":[{"@type":"ReadAction","target":["https:\/\/www.plataformadecomunicacio.com\/es\/innovacio-social-i-comunicacio\/"]}]},{"@type":"ImageObject","inLanguage":"es","@id":"https:\/\/www.plataformadecomunicacio.com\/es\/innovacio-social-i-comunicacio\/#primaryimage","url":"https:\/\/www.plataformadecomunicacio.com\/wp-content\/uploads\/2025\/11\/Depositphotos_703635921_S-1.jpg","contentUrl":"https:\/\/www.plataformadecomunicacio.com\/wp-content\/uploads\/2025\/11\/Depositphotos_703635921_S-1.jpg","width":1000,"height":665,"caption":"comunicaci\u00f3 transformadora impacte social participaci\u00f3 ciutadana transformaci\u00f3 institucional"},{"@type":"BreadcrumbList","@id":"https:\/\/www.plataformadecomunicacio.com\/es\/innovacio-social-i-comunicacio\/#breadcrumb","itemListElement":[{"@type":"ListItem","position":1,"name":"Home","item":"https:\/\/www.plataformadecomunicacio.com\/es\/inicio\/"},{"@type":"ListItem","position":2,"name":"Innovaci\u00f3 social i comunicaci\u00f3: el t\u00e0ndem per transformar organitzacions"}]},{"@type":"WebSite","@id":"https:\/\/www.plataformadecomunicacio.com\/#website","url":"https:\/\/www.plataformadecomunicacio.com\/","name":"Plataforma de comunicaci\u00f3","description":"Comuniquem junts","publisher":{"@id":"https:\/\/www.plataformadecomunicacio.com\/#organization"},"potentialAction":[{"@type":"SearchAction","target":{"@type":"EntryPoint","urlTemplate":"https:\/\/www.plataformadecomunicacio.com\/?s={search_term_string}"},"query-input":{"@type":"PropertyValueSpecification","valueRequired":true,"valueName":"search_term_string"}}],"inLanguage":"es"},{"@type":"Organization","@id":"https:\/\/www.plataformadecomunicacio.com\/#organization","name":"Plataforma de comunicaci\u00f3","url":"https:\/\/www.plataformadecomunicacio.com\/","logo":{"@type":"ImageObject","inLanguage":"es","@id":"https:\/\/www.plataformadecomunicacio.com\/#\/schema\/logo\/image\/","url":"https:\/\/www.plataformadecomunicacio.com\/wp-content\/uploads\/2019\/02\/Logo_plataforma.png","contentUrl":"https:\/\/www.plataformadecomunicacio.com\/wp-content\/uploads\/2019\/02\/Logo_plataforma.png","width":505,"height":320,"caption":"Plataforma de comunicaci\u00f3"},"image":{"@id":"https:\/\/www.plataformadecomunicacio.com\/#\/schema\/logo\/image\/"},"sameAs":["https:\/\/www.facebook.com\/plataformadecomunicacio\/","https:\/\/x.com\/PlataformadeCom","https:\/\/www.linkedin.com\/company\/plataforma-de-comunicaci\u00f3\/","https:\/\/www.youtube.com\/channel\/UCQ4-7CGw0atul0BbEAN5S9w"]},{"@type":"Person","@id":"https:\/\/www.plataformadecomunicacio.com\/#\/schema\/person\/a10597ea5a25cad7b4aac14e6a1672ed","name":"Plataforma de Comunicaci\u00f3","image":{"@type":"ImageObject","inLanguage":"es","@id":"https:\/\/www.plataformadecomunicacio.com\/#\/schema\/person\/image\/","url":"https:\/\/secure.gravatar.com\/avatar\/cd26adb9e219d2135afc19eaeefcbaa63ae195f53dcce0bebf04fcc05c3dc7b4?s=96&d=mm&r=g","contentUrl":"https:\/\/secure.gravatar.com\/avatar\/cd26adb9e219d2135afc19eaeefcbaa63ae195f53dcce0bebf04fcc05c3dc7b4?s=96&d=mm&r=g","caption":"Plataforma de Comunicaci\u00f3"},"sameAs":["http:\/\/plataformadecomunicacio.com"],"url":"https:\/\/www.plataformadecomunicacio.com\/es\/author\/plataforma\/"}]}},"_links":{"self":[{"href":"https:\/\/www.plataformadecomunicacio.com\/es\/wp-json\/wp\/v2\/posts\/11906","targetHints":{"allow":["GET"]}}],"collection":[{"href":"https:\/\/www.plataformadecomunicacio.com\/es\/wp-json\/wp\/v2\/posts"}],"about":[{"href":"https:\/\/www.plataformadecomunicacio.com\/es\/wp-json\/wp\/v2\/types\/post"}],"author":[{"embeddable":true,"href":"https:\/\/www.plataformadecomunicacio.com\/es\/wp-json\/wp\/v2\/users\/2"}],"replies":[{"embeddable":true,"href":"https:\/\/www.plataformadecomunicacio.com\/es\/wp-json\/wp\/v2\/comments?post=11906"}],"version-history":[{"count":2,"href":"https:\/\/www.plataformadecomunicacio.com\/es\/wp-json\/wp\/v2\/posts\/11906\/revisions"}],"predecessor-version":[{"id":11918,"href":"https:\/\/www.plataformadecomunicacio.com\/es\/wp-json\/wp\/v2\/posts\/11906\/revisions\/11918"}],"wp:featuredmedia":[{"embeddable":true,"href":"https:\/\/www.plataformadecomunicacio.com\/es\/wp-json\/wp\/v2\/media\/11916"}],"wp:attachment":[{"href":"https:\/\/www.plataformadecomunicacio.com\/es\/wp-json\/wp\/v2\/media?parent=11906"}],"wp:term":[{"taxonomy":"category","embeddable":true,"href":"https:\/\/www.plataformadecomunicacio.com\/es\/wp-json\/wp\/v2\/categories?post=11906"},{"taxonomy":"post_tag","embeddable":true,"href":"https:\/\/www.plataformadecomunicacio.com\/es\/wp-json\/wp\/v2\/tags?post=11906"}],"curies":[{"name":"wp","href":"https:\/\/api.w.org\/{rel}","templated":true}]}}