{"id":12542,"date":"2026-04-20T11:05:18","date_gmt":"2026-04-20T10:05:18","guid":{"rendered":"https:\/\/www.plataformadecomunicacio.com\/la-global-progressive-mobilisation-en-barcelona-que-ha-pasado-realmente-en-las-redes\/"},"modified":"2026-04-20T12:01:21","modified_gmt":"2026-04-20T11:01:21","slug":"la-global-progressive-mobilisation-en-barcelona-que-ha-pasado-realmente-en-las-redes","status":"publish","type":"post","link":"https:\/\/www.plataformadecomunicacio.com\/es\/la-global-progressive-mobilisation-en-barcelona-que-ha-pasado-realmente-en-las-redes\/","title":{"rendered":"La Global Progressive Mobilisation en Barcelona: \u00bfqu\u00e9 ha pasado realmente en las redes?"},"content":{"rendered":"\n<p><strong>HELENA ROYES<\/strong><\/p>\n\n\n\n<p><p data-start=\"89\" data-end=\"447\">El cierre de la cumbre In Defence of Democracy, celebrada en Barcelona en el marco de la Global Progressive Mobilisation (GPM), no solo ha tenido impacto pol\u00edtico. Tambi\u00e9n ha dejado una huella digital muy destacada. Y no es una forma de hablar: los datos muestran que ha habido una movilizaci\u00f3n en las redes nada habitual, tanto por volumen como por calidad.<\/p><\/p>\n\n\n\n<p>Barcelona ha sido estos d\u00edas mucho m\u00e1s que un escenario institucional. Ha sido tambi\u00e9n un gran altavoz digital. Mientras la cumbre empezaba a terminar, la conversaci\u00f3n en internet crec\u00eda de forma sostenida, con m\u00e1s de <strong>3,5 millones de impresiones <\/strong>potenciales. Es decir, millones de personas expuestas a los contenidos vinculados al evento.<\/p>\n\n\n\n<p>Pero lo m\u00e1s relevante no es solo la cantidad. Seg\u00fan el an\u00e1lisis realizado con la metodolog\u00eda <strong>ListenMa<\/strong>p, hay una participaci\u00f3n real y activa de la ciudadan\u00eda. No se trata de un ruido artificial, sino de una conversaci\u00f3n con implicaci\u00f3n e interacci\u00f3n.<\/p>\n\n\n\n<p>Y aqu\u00ed est\u00e1 una de las claves: ListenMap no se limita a contar impactos, sino que permite <strong>distinguir la conversaci\u00f3n real del ruido automatizado,<\/strong> identificando patrones de comportamiento y filtrando bots y din\u00e1micas artificiales. Esto hace que los datos que se presentan no sean solo volumen, sino una fotograf\u00eda fiable de lo que realmente est\u00e1 ocurriendo en las redes.<\/p>\n\n\n\n<h2 class=\"wp-block-heading\">Una conversaci\u00f3n global y con sentido<\/h2>\n\n\n\n<p>El lema de la cumbre, <strong>\u201cLa alternativa al miedo\u201d<\/strong>, ha tenido una presencia clara en las redes. Los contenidos vinculados a la defensa de la democracia han conectado con el p\u00fablico y han generado debate, pero tambi\u00e9n apoyo.<\/p>\n\n\n\n<p>En total, se han analizado <strong>9.242 interacciones humanas reales<\/strong>, tras este proceso de filtrado avanzado. La conversaci\u00f3n ha sido especialmente activa en pa\u00edses como Espa\u00f1a, Brasil, M\u00e9xico, Sud\u00e1frica, Colombia y Estados Unidos, en una ventana de solo 24 horas clave (del 17 de abril a las 18 h hasta el 18 de abril a las 18 h).<\/p>\n\n\n\n<p>Las plataformas analizadas incluyen prensa digital, X (Twitter), Facebook, Instagram y TikTok.<\/p>\n\n\n\n<h2 class=\"wp-block-heading\">M\u00e1s apoyo que cr\u00edtica<\/h2>\n\n\n\n<figure class=\"wp-block-image size-large\"><img loading=\"lazy\" decoding=\"async\" width=\"1030\" height=\"590\" src=\"https:\/\/www.plataformadecomunicacio.com\/wp-content\/uploads\/2026\/04\/grafico-xxss-sentimiento-1030x590.png\" alt=\"\" class=\"wp-image-12550\" srcset=\"https:\/\/www.plataformadecomunicacio.com\/wp-content\/uploads\/2026\/04\/grafico-xxss-sentimiento-1030x590.png 1030w, https:\/\/www.plataformadecomunicacio.com\/wp-content\/uploads\/2026\/04\/grafico-xxss-sentimiento-300x172.png 300w, https:\/\/www.plataformadecomunicacio.com\/wp-content\/uploads\/2026\/04\/grafico-xxss-sentimiento-768x440.png 768w, https:\/\/www.plataformadecomunicacio.com\/wp-content\/uploads\/2026\/04\/grafico-xxss-sentimiento-1536x880.png 1536w, https:\/\/www.plataformadecomunicacio.com\/wp-content\/uploads\/2026\/04\/grafico-xxss-sentimiento-1500x859.png 1500w, https:\/\/www.plataformadecomunicacio.com\/wp-content\/uploads\/2026\/04\/grafico-xxss-sentimiento-705x404.png 705w, https:\/\/www.plataformadecomunicacio.com\/wp-content\/uploads\/2026\/04\/grafico-xxss-sentimiento.png 1920w\" sizes=\"auto, (max-width: 1030px) 100vw, 1030px\" \/><\/figure>\n\n\n\n<p>Uno de los indicadores m\u00e1s claros es el sentimiento de la conversaci\u00f3n. El balance es positivo:<\/p>\n\n\n\n<p><strong>48% de sentimiento positivo<\/strong><br><strong>28% neutral<\/strong><br><strong>24% negativo<\/strong><\/p>\n\n\n\n<p>Es decir, el apoyo pr\u00e1cticamente duplica a las cr\u00edticas.<\/p>\n\n\n\n<p>Ahora bien, este comportamiento var\u00eda seg\u00fan la red:<\/p>\n\n\n\n<p><strong>Instagram y TikTok: muy favorables (65% positivo)<\/strong><br><strong>Facebook: tambi\u00e9n positivo (55%)<\/strong><br><strong>X (Twitter): m\u00e1s polarizado (45% negativo)<\/strong><br><strong>Medios digitales: mayoritariamente neutrales (45%)<\/strong><\/p>\n\n\n\n<p>Esto confirma una tendencia clara: las plataformas m\u00e1s visuales conectan mejor con mensajes vinculados a la justicia global y el activismo, especialmente entre p\u00fablico joven. En cambio, X sigue siendo un espacio de debate m\u00e1s intenso y confrontado.<\/p>\n\n\n\n<p><\/p>\n\n\n\n<h2 class=\"wp-block-heading\">El papel de los medios<\/h2>\n\n\n\n<p>Los medios digitales representan un <strong>10% del volumen total de la conversaci\u00f3n<\/strong>, actuando como cuarto actor en importancia.<\/p>\n\n\n\n<p>Los principales contenidos provienen de:<\/p>\n\n\n\n<p><strong>Portales nacionales (45%)<\/strong><br><strong>Agencias (40%)<\/strong><br><strong>Blogs especializados (15%)<\/strong><\/p>\n\n\n\n<p>Los temas predominantes son:<\/p>\n\n\n\n<p><strong>Defensa de la democracia (55%)<\/strong><br><strong>Alianzas globales (25%)<\/strong><\/p>\n\n\n\n<p>Un detalle interesante: cada noticia publicada genera, de media, <strong>12 menciones en las redes<\/strong>, y estas se disparan aproximadamente dos horas despu\u00e9s de la publicaci\u00f3n. Esto confirma el papel de los medios como generadores de agenda y amplificadores del debate.<\/p>\n\n\n\n<h2 class=\"wp-block-heading\"><strong>\u00bfQu\u00e9 se dice realmente en las redes?<\/strong><\/h2>\n\n\n\n<p>El tipo de conversaci\u00f3n cambia mucho seg\u00fan la plataforma.<\/p>\n\n\n\n<p>En Instagram y TikTok, el tono es claramente optimista, con un <strong>65% de comentarios positivos<\/strong>, centrados en valores como la justicia global o el compromiso social.<\/p>\n\n\n\n<p>En X, en cambio, el debate es m\u00e1s intenso y polarizado, con un <strong>45% de negatividad<\/strong>, reflejando la confrontaci\u00f3n pol\u00edtica.<\/p>\n\n\n\n<p>En cualquier caso, hay un tema que domina por encima de todos: la <strong>defensa de la democracia<\/strong>, que concentra el <strong>40% de la atenci\u00f3n digital<\/strong>. Esto indica que hay un inter\u00e9s real y amplio por el estado de las instituciones y el futuro democr\u00e1tico.<\/p>\n\n\n\n<figure class=\"wp-block-image size-large\"><img loading=\"lazy\" decoding=\"async\" width=\"1030\" height=\"590\" src=\"https:\/\/www.plataformadecomunicacio.com\/wp-content\/uploads\/2026\/04\/canva03-1030x590.png\" alt=\"\" class=\"wp-image-12527\" srcset=\"https:\/\/www.plataformadecomunicacio.com\/wp-content\/uploads\/2026\/04\/canva03-1030x590.png 1030w, https:\/\/www.plataformadecomunicacio.com\/wp-content\/uploads\/2026\/04\/canva03-300x172.png 300w, https:\/\/www.plataformadecomunicacio.com\/wp-content\/uploads\/2026\/04\/canva03-768x440.png 768w, https:\/\/www.plataformadecomunicacio.com\/wp-content\/uploads\/2026\/04\/canva03-1536x880.png 1536w, https:\/\/www.plataformadecomunicacio.com\/wp-content\/uploads\/2026\/04\/canva03-1500x859.png 1500w, https:\/\/www.plataformadecomunicacio.com\/wp-content\/uploads\/2026\/04\/canva03-705x404.png 705w, https:\/\/www.plataformadecomunicacio.com\/wp-content\/uploads\/2026\/04\/canva03.png 1920w\" sizes=\"auto, (max-width: 1030px) 100vw, 1030px\" \/><\/figure>\n\n\n\n<h2 class=\"wp-block-heading\">Un impacto que va m\u00e1s all\u00e1 de Europa<\/h2>\n\n\n\n<p>La conversaci\u00f3n no se ha quedado solo en el \u00e1mbito local. La participaci\u00f3n de pa\u00edses del Sur Global \u2014como Brasil, Colombia, M\u00e9xico o Sud\u00e1frica\u2014 ha ampliado el foco y ha dado m\u00e1s fuerza al mensaje.<\/p>\n\n\n\n<p>Conceptos como la paz, el multilateralismo y la cooperaci\u00f3n internacional han ganado peso, y muchos usuarios han coincidido en la necesidad de reforzar las alianzas globales para preservar la estabilidad democr\u00e1tica.<\/p>\n\n\n\n<h2 class=\"wp-block-heading\"><strong>La gran preocupaci\u00f3n: la desinformaci\u00f3n<\/strong><\/h2>\n\n\n\n<p>Uno de los elementos m\u00e1s destacados de la conversaci\u00f3n es la preocupaci\u00f3n por el impacto de la inteligencia artificial y la desinformaci\u00f3n.<\/p>\n\n\n\n<p>El an\u00e1lisis, de nuevo a partir del sistema ListenMap, permite identificar tres grandes ejes:<\/p>\n\n\n\n<p><strong>Manipulaci\u00f3n algor\u00edtmica:<\/strong> el <strong>45% de las menciones en X<\/strong> cuestionan la neutralidad de las plataformas y reclaman m\u00e1s transparencia.<\/p>\n\n\n\n<p><strong>Contenidos manipulados:<\/strong> las referencias a <strong>\u201cv\u00eddeos manipulados\u201d<\/strong> han crecido un <strong>150% en pocas horas<\/strong>.<\/p>\n\n\n\n<p><strong>Soberan\u00eda informativa:<\/strong> un <strong>60% de los participantes<\/strong> en debates sobre democracia piden m\u00e1s herramientas para proteger la veracidad de la informaci\u00f3n.<\/p>\n\n\n\n<p>Este tipo de an\u00e1lisis es posible porque ListenMap no solo mide volumen, sino que interpreta narrativas y evoluci\u00f3n del debate en tiempo real, detectando tendencias emergentes y preocupaciones sociales con precisi\u00f3n.<\/p>\n\n\n\n<p>Este \u201ctemor tecnol\u00f3gico\u201d no es menor. Forma parte central del debate actual y apunta a una demanda clara: que la seguridad digital sea un pilar b\u00e1sico de cualquier estrategia democr\u00e1tica.<\/p>\n\n\n\n<h2 class=\"wp-block-heading\">Una huella que va m\u00e1s all\u00e1 del evento<\/h2>\n\n\n\n<p>La conclusi\u00f3n es clara: el impacto de la cumbre no se mide solo en asistencia o titulares, sino en la conversaci\u00f3n que ha provocado.<\/p>\n\n\n\n<p>Y esta conversaci\u00f3n \u2014masiva, global y en gran parte positiva\u2014 demuestra que la defensa de la democracia sigue siendo un tema central para la ciudadan\u00eda, tambi\u00e9n (y cada vez m\u00e1s) en las redes.<\/p>\n\n\n\n<p>Con una herramienta como <strong>ListenMap<\/strong>, capaz de separar el ruido de la conversaci\u00f3n real y de interpretar su significado, esta huella digital no solo se puede medir, sino tambi\u00e9n entender y convertir en conocimiento \u00fatil para instituciones, organizaciones y proyectos que quieran leer mejor qu\u00e9 est\u00e1 pasando en el mundo digital.<\/p>\n","protected":false},"excerpt":{"rendered":"<p>ListenMap no se limita a contar impactos, sino que permite distinguir la conversaci\u00f3n real del ruido automatizado, identificando patrones de comportamiento y filtrando bots y din\u00e1micas artificiales. Esto hace que los datos que se presentan no sean solo volumen, sino una fotograf\u00eda fiable de lo que realmente est\u00e1 ocurriendo en las redes.<\/p>\n","protected":false},"author":2,"featured_media":12525,"comment_status":"closed","ping_status":"open","sticky":false,"template":"","format":"standard","meta":{"footnotes":""},"categories":[297],"tags":[],"class_list":["post-12542","post","type-post","status-publish","format-standard","has-post-thumbnail","hentry","category-listenmap"],"yoast_head":"<!-- This site is optimized with the Yoast SEO plugin v26.1 - https:\/\/yoast.com\/wordpress\/plugins\/seo\/ -->\n<title>La Global Progressive Mobilisation en Barcelona: \u00bfqu\u00e9 ha pasado realmente en las redes? - Plataforma de comunicaci\u00f3<\/title>\n<meta name=\"robots\" content=\"index, follow, max-snippet:-1, max-image-preview:large, max-video-preview:-1\" \/>\n<link rel=\"canonical\" href=\"https:\/\/www.plataformadecomunicacio.com\/es\/la-global-progressive-mobilisation-en-barcelona-que-ha-pasado-realmente-en-las-redes\/\" \/>\n<meta property=\"og:locale\" content=\"es_ES\" \/>\n<meta property=\"og:type\" content=\"article\" \/>\n<meta property=\"og:title\" content=\"La Global Progressive Mobilisation en Barcelona: \u00bfqu\u00e9 ha pasado realmente en las redes? - Plataforma de comunicaci\u00f3\" \/>\n<meta property=\"og:description\" content=\"ListenMap no se limita a contar impactos, sino que permite distinguir la conversaci\u00f3n real del ruido automatizado, identificando patrones de comportamiento y filtrando bots y din\u00e1micas artificiales. Esto hace que los datos que se presentan no sean solo volumen, sino una fotograf\u00eda fiable de lo que realmente est\u00e1 ocurriendo en las redes.\" \/>\n<meta property=\"og:url\" content=\"https:\/\/www.plataformadecomunicacio.com\/es\/la-global-progressive-mobilisation-en-barcelona-que-ha-pasado-realmente-en-las-redes\/\" \/>\n<meta property=\"og:site_name\" content=\"Plataforma de comunicaci\u00f3\" \/>\n<meta property=\"article:publisher\" content=\"https:\/\/www.facebook.com\/plataformadecomunicacio\/\" \/>\n<meta property=\"article:published_time\" content=\"2026-04-20T10:05:18+00:00\" \/>\n<meta property=\"article:modified_time\" content=\"2026-04-20T11:01:21+00:00\" \/>\n<meta property=\"og:image\" content=\"https:\/\/www.plataformadecomunicacio.com\/wp-content\/uploads\/2026\/04\/canva04.png\" \/>\n\t<meta property=\"og:image:width\" content=\"1920\" \/>\n\t<meta property=\"og:image:height\" content=\"1100\" \/>\n\t<meta property=\"og:image:type\" content=\"image\/png\" \/>\n<meta name=\"author\" content=\"Plataforma de Comunicaci\u00f3\" \/>\n<meta name=\"twitter:card\" content=\"summary_large_image\" \/>\n<meta name=\"twitter:creator\" content=\"@PlataformadeCom\" \/>\n<meta name=\"twitter:site\" content=\"@PlataformadeCom\" \/>\n<meta name=\"twitter:label1\" content=\"Escrito por\" \/>\n\t<meta name=\"twitter:data1\" content=\"Plataforma de Comunicaci\u00f3\" \/>\n\t<meta name=\"twitter:label2\" content=\"Tiempo de lectura\" \/>\n\t<meta name=\"twitter:data2\" content=\"5 minutos\" \/>\n<script type=\"application\/ld+json\" class=\"yoast-schema-graph\">{\"@context\":\"https:\/\/schema.org\",\"@graph\":[{\"@type\":\"Article\",\"@id\":\"https:\/\/www.plataformadecomunicacio.com\/es\/la-global-progressive-mobilisation-en-barcelona-que-ha-pasado-realmente-en-las-redes\/#article\",\"isPartOf\":{\"@id\":\"https:\/\/www.plataformadecomunicacio.com\/es\/la-global-progressive-mobilisation-en-barcelona-que-ha-pasado-realmente-en-las-redes\/\"},\"author\":{\"name\":\"Plataforma de Comunicaci\u00f3\",\"@id\":\"https:\/\/www.plataformadecomunicacio.com\/#\/schema\/person\/a10597ea5a25cad7b4aac14e6a1672ed\"},\"headline\":\"La Global Progressive Mobilisation en Barcelona: \u00bfqu\u00e9 ha pasado realmente en las redes?\",\"datePublished\":\"2026-04-20T10:05:18+00:00\",\"dateModified\":\"2026-04-20T11:01:21+00:00\",\"mainEntityOfPage\":{\"@id\":\"https:\/\/www.plataformadecomunicacio.com\/es\/la-global-progressive-mobilisation-en-barcelona-que-ha-pasado-realmente-en-las-redes\/\"},\"wordCount\":1050,\"publisher\":{\"@id\":\"https:\/\/www.plataformadecomunicacio.com\/#organization\"},\"image\":{\"@id\":\"https:\/\/www.plataformadecomunicacio.com\/es\/la-global-progressive-mobilisation-en-barcelona-que-ha-pasado-realmente-en-las-redes\/#primaryimage\"},\"thumbnailUrl\":\"https:\/\/www.plataformadecomunicacio.com\/wp-content\/uploads\/2026\/04\/canva04.png\",\"articleSection\":[\"LISTENMAP\"],\"inLanguage\":\"es\"},{\"@type\":\"WebPage\",\"@id\":\"https:\/\/www.plataformadecomunicacio.com\/es\/la-global-progressive-mobilisation-en-barcelona-que-ha-pasado-realmente-en-las-redes\/\",\"url\":\"https:\/\/www.plataformadecomunicacio.com\/es\/la-global-progressive-mobilisation-en-barcelona-que-ha-pasado-realmente-en-las-redes\/\",\"name\":\"La Global Progressive Mobilisation en Barcelona: \u00bfqu\u00e9 ha pasado realmente en las redes? - Plataforma de comunicaci\u00f3\",\"isPartOf\":{\"@id\":\"https:\/\/www.plataformadecomunicacio.com\/#website\"},\"primaryImageOfPage\":{\"@id\":\"https:\/\/www.plataformadecomunicacio.com\/es\/la-global-progressive-mobilisation-en-barcelona-que-ha-pasado-realmente-en-las-redes\/#primaryimage\"},\"image\":{\"@id\":\"https:\/\/www.plataformadecomunicacio.com\/es\/la-global-progressive-mobilisation-en-barcelona-que-ha-pasado-realmente-en-las-redes\/#primaryimage\"},\"thumbnailUrl\":\"https:\/\/www.plataformadecomunicacio.com\/wp-content\/uploads\/2026\/04\/canva04.png\",\"datePublished\":\"2026-04-20T10:05:18+00:00\",\"dateModified\":\"2026-04-20T11:01:21+00:00\",\"breadcrumb\":{\"@id\":\"https:\/\/www.plataformadecomunicacio.com\/es\/la-global-progressive-mobilisation-en-barcelona-que-ha-pasado-realmente-en-las-redes\/#breadcrumb\"},\"inLanguage\":\"es\",\"potentialAction\":[{\"@type\":\"ReadAction\",\"target\":[\"https:\/\/www.plataformadecomunicacio.com\/es\/la-global-progressive-mobilisation-en-barcelona-que-ha-pasado-realmente-en-las-redes\/\"]}]},{\"@type\":\"ImageObject\",\"inLanguage\":\"es\",\"@id\":\"https:\/\/www.plataformadecomunicacio.com\/es\/la-global-progressive-mobilisation-en-barcelona-que-ha-pasado-realmente-en-las-redes\/#primaryimage\",\"url\":\"https:\/\/www.plataformadecomunicacio.com\/wp-content\/uploads\/2026\/04\/canva04.png\",\"contentUrl\":\"https:\/\/www.plataformadecomunicacio.com\/wp-content\/uploads\/2026\/04\/canva04.png\",\"width\":1920,\"height\":1100},{\"@type\":\"BreadcrumbList\",\"@id\":\"https:\/\/www.plataformadecomunicacio.com\/es\/la-global-progressive-mobilisation-en-barcelona-que-ha-pasado-realmente-en-las-redes\/#breadcrumb\",\"itemListElement\":[{\"@type\":\"ListItem\",\"position\":1,\"name\":\"Home\",\"item\":\"https:\/\/www.plataformadecomunicacio.com\/es\/inicio\/\"},{\"@type\":\"ListItem\",\"position\":2,\"name\":\"La Global Progressive Mobilisation en Barcelona: \u00bfqu\u00e9 ha pasado realmente en las redes?\"}]},{\"@type\":\"WebSite\",\"@id\":\"https:\/\/www.plataformadecomunicacio.com\/#website\",\"url\":\"https:\/\/www.plataformadecomunicacio.com\/\",\"name\":\"Plataforma de comunicaci\u00f3\",\"description\":\"Comuniquem junts\",\"publisher\":{\"@id\":\"https:\/\/www.plataformadecomunicacio.com\/#organization\"},\"potentialAction\":[{\"@type\":\"SearchAction\",\"target\":{\"@type\":\"EntryPoint\",\"urlTemplate\":\"https:\/\/www.plataformadecomunicacio.com\/?s={search_term_string}\"},\"query-input\":{\"@type\":\"PropertyValueSpecification\",\"valueRequired\":true,\"valueName\":\"search_term_string\"}}],\"inLanguage\":\"es\"},{\"@type\":\"Organization\",\"@id\":\"https:\/\/www.plataformadecomunicacio.com\/#organization\",\"name\":\"Plataforma de comunicaci\u00f3\",\"url\":\"https:\/\/www.plataformadecomunicacio.com\/\",\"logo\":{\"@type\":\"ImageObject\",\"inLanguage\":\"es\",\"@id\":\"https:\/\/www.plataformadecomunicacio.com\/#\/schema\/logo\/image\/\",\"url\":\"https:\/\/www.plataformadecomunicacio.com\/wp-content\/uploads\/2019\/02\/Logo_plataforma.png\",\"contentUrl\":\"https:\/\/www.plataformadecomunicacio.com\/wp-content\/uploads\/2019\/02\/Logo_plataforma.png\",\"width\":505,\"height\":320,\"caption\":\"Plataforma de comunicaci\u00f3\"},\"image\":{\"@id\":\"https:\/\/www.plataformadecomunicacio.com\/#\/schema\/logo\/image\/\"},\"sameAs\":[\"https:\/\/www.facebook.com\/plataformadecomunicacio\/\",\"https:\/\/x.com\/PlataformadeCom\",\"https:\/\/www.linkedin.com\/company\/plataforma-de-comunicaci\u00f3\/\",\"https:\/\/www.youtube.com\/channel\/UCQ4-7CGw0atul0BbEAN5S9w\"]},{\"@type\":\"Person\",\"@id\":\"https:\/\/www.plataformadecomunicacio.com\/#\/schema\/person\/a10597ea5a25cad7b4aac14e6a1672ed\",\"name\":\"Plataforma de Comunicaci\u00f3\",\"image\":{\"@type\":\"ImageObject\",\"inLanguage\":\"es\",\"@id\":\"https:\/\/www.plataformadecomunicacio.com\/#\/schema\/person\/image\/\",\"url\":\"https:\/\/secure.gravatar.com\/avatar\/cd26adb9e219d2135afc19eaeefcbaa63ae195f53dcce0bebf04fcc05c3dc7b4?s=96&d=mm&r=g\",\"contentUrl\":\"https:\/\/secure.gravatar.com\/avatar\/cd26adb9e219d2135afc19eaeefcbaa63ae195f53dcce0bebf04fcc05c3dc7b4?s=96&d=mm&r=g\",\"caption\":\"Plataforma de Comunicaci\u00f3\"},\"sameAs\":[\"http:\/\/plataformadecomunicacio.com\"],\"url\":\"https:\/\/www.plataformadecomunicacio.com\/es\/author\/plataforma\/\"}]}<\/script>\n<!-- \/ Yoast SEO plugin. -->","yoast_head_json":{"title":"La Global Progressive Mobilisation en Barcelona: \u00bfqu\u00e9 ha pasado realmente en las redes? - Plataforma de comunicaci\u00f3","robots":{"index":"index","follow":"follow","max-snippet":"max-snippet:-1","max-image-preview":"max-image-preview:large","max-video-preview":"max-video-preview:-1"},"canonical":"https:\/\/www.plataformadecomunicacio.com\/es\/la-global-progressive-mobilisation-en-barcelona-que-ha-pasado-realmente-en-las-redes\/","og_locale":"es_ES","og_type":"article","og_title":"La Global Progressive Mobilisation en Barcelona: \u00bfqu\u00e9 ha pasado realmente en las redes? - Plataforma de comunicaci\u00f3","og_description":"ListenMap no se limita a contar impactos, sino que permite distinguir la conversaci\u00f3n real del ruido automatizado, identificando patrones de comportamiento y filtrando bots y din\u00e1micas artificiales. Esto hace que los datos que se presentan no sean solo volumen, sino una fotograf\u00eda fiable de lo que realmente est\u00e1 ocurriendo en las redes.","og_url":"https:\/\/www.plataformadecomunicacio.com\/es\/la-global-progressive-mobilisation-en-barcelona-que-ha-pasado-realmente-en-las-redes\/","og_site_name":"Plataforma de comunicaci\u00f3","article_publisher":"https:\/\/www.facebook.com\/plataformadecomunicacio\/","article_published_time":"2026-04-20T10:05:18+00:00","article_modified_time":"2026-04-20T11:01:21+00:00","og_image":[{"width":1920,"height":1100,"url":"https:\/\/www.plataformadecomunicacio.com\/wp-content\/uploads\/2026\/04\/canva04.png","type":"image\/png"}],"author":"Plataforma de Comunicaci\u00f3","twitter_card":"summary_large_image","twitter_creator":"@PlataformadeCom","twitter_site":"@PlataformadeCom","twitter_misc":{"Escrito por":"Plataforma de Comunicaci\u00f3","Tiempo de lectura":"5 minutos"},"schema":{"@context":"https:\/\/schema.org","@graph":[{"@type":"Article","@id":"https:\/\/www.plataformadecomunicacio.com\/es\/la-global-progressive-mobilisation-en-barcelona-que-ha-pasado-realmente-en-las-redes\/#article","isPartOf":{"@id":"https:\/\/www.plataformadecomunicacio.com\/es\/la-global-progressive-mobilisation-en-barcelona-que-ha-pasado-realmente-en-las-redes\/"},"author":{"name":"Plataforma de Comunicaci\u00f3","@id":"https:\/\/www.plataformadecomunicacio.com\/#\/schema\/person\/a10597ea5a25cad7b4aac14e6a1672ed"},"headline":"La Global Progressive Mobilisation en Barcelona: \u00bfqu\u00e9 ha pasado realmente en las redes?","datePublished":"2026-04-20T10:05:18+00:00","dateModified":"2026-04-20T11:01:21+00:00","mainEntityOfPage":{"@id":"https:\/\/www.plataformadecomunicacio.com\/es\/la-global-progressive-mobilisation-en-barcelona-que-ha-pasado-realmente-en-las-redes\/"},"wordCount":1050,"publisher":{"@id":"https:\/\/www.plataformadecomunicacio.com\/#organization"},"image":{"@id":"https:\/\/www.plataformadecomunicacio.com\/es\/la-global-progressive-mobilisation-en-barcelona-que-ha-pasado-realmente-en-las-redes\/#primaryimage"},"thumbnailUrl":"https:\/\/www.plataformadecomunicacio.com\/wp-content\/uploads\/2026\/04\/canva04.png","articleSection":["LISTENMAP"],"inLanguage":"es"},{"@type":"WebPage","@id":"https:\/\/www.plataformadecomunicacio.com\/es\/la-global-progressive-mobilisation-en-barcelona-que-ha-pasado-realmente-en-las-redes\/","url":"https:\/\/www.plataformadecomunicacio.com\/es\/la-global-progressive-mobilisation-en-barcelona-que-ha-pasado-realmente-en-las-redes\/","name":"La Global Progressive Mobilisation en Barcelona: \u00bfqu\u00e9 ha pasado realmente en las redes? - Plataforma de comunicaci\u00f3","isPartOf":{"@id":"https:\/\/www.plataformadecomunicacio.com\/#website"},"primaryImageOfPage":{"@id":"https:\/\/www.plataformadecomunicacio.com\/es\/la-global-progressive-mobilisation-en-barcelona-que-ha-pasado-realmente-en-las-redes\/#primaryimage"},"image":{"@id":"https:\/\/www.plataformadecomunicacio.com\/es\/la-global-progressive-mobilisation-en-barcelona-que-ha-pasado-realmente-en-las-redes\/#primaryimage"},"thumbnailUrl":"https:\/\/www.plataformadecomunicacio.com\/wp-content\/uploads\/2026\/04\/canva04.png","datePublished":"2026-04-20T10:05:18+00:00","dateModified":"2026-04-20T11:01:21+00:00","breadcrumb":{"@id":"https:\/\/www.plataformadecomunicacio.com\/es\/la-global-progressive-mobilisation-en-barcelona-que-ha-pasado-realmente-en-las-redes\/#breadcrumb"},"inLanguage":"es","potentialAction":[{"@type":"ReadAction","target":["https:\/\/www.plataformadecomunicacio.com\/es\/la-global-progressive-mobilisation-en-barcelona-que-ha-pasado-realmente-en-las-redes\/"]}]},{"@type":"ImageObject","inLanguage":"es","@id":"https:\/\/www.plataformadecomunicacio.com\/es\/la-global-progressive-mobilisation-en-barcelona-que-ha-pasado-realmente-en-las-redes\/#primaryimage","url":"https:\/\/www.plataformadecomunicacio.com\/wp-content\/uploads\/2026\/04\/canva04.png","contentUrl":"https:\/\/www.plataformadecomunicacio.com\/wp-content\/uploads\/2026\/04\/canva04.png","width":1920,"height":1100},{"@type":"BreadcrumbList","@id":"https:\/\/www.plataformadecomunicacio.com\/es\/la-global-progressive-mobilisation-en-barcelona-que-ha-pasado-realmente-en-las-redes\/#breadcrumb","itemListElement":[{"@type":"ListItem","position":1,"name":"Home","item":"https:\/\/www.plataformadecomunicacio.com\/es\/inicio\/"},{"@type":"ListItem","position":2,"name":"La Global Progressive Mobilisation en Barcelona: \u00bfqu\u00e9 ha pasado realmente en las redes?"}]},{"@type":"WebSite","@id":"https:\/\/www.plataformadecomunicacio.com\/#website","url":"https:\/\/www.plataformadecomunicacio.com\/","name":"Plataforma de comunicaci\u00f3","description":"Comuniquem junts","publisher":{"@id":"https:\/\/www.plataformadecomunicacio.com\/#organization"},"potentialAction":[{"@type":"SearchAction","target":{"@type":"EntryPoint","urlTemplate":"https:\/\/www.plataformadecomunicacio.com\/?s={search_term_string}"},"query-input":{"@type":"PropertyValueSpecification","valueRequired":true,"valueName":"search_term_string"}}],"inLanguage":"es"},{"@type":"Organization","@id":"https:\/\/www.plataformadecomunicacio.com\/#organization","name":"Plataforma de comunicaci\u00f3","url":"https:\/\/www.plataformadecomunicacio.com\/","logo":{"@type":"ImageObject","inLanguage":"es","@id":"https:\/\/www.plataformadecomunicacio.com\/#\/schema\/logo\/image\/","url":"https:\/\/www.plataformadecomunicacio.com\/wp-content\/uploads\/2019\/02\/Logo_plataforma.png","contentUrl":"https:\/\/www.plataformadecomunicacio.com\/wp-content\/uploads\/2019\/02\/Logo_plataforma.png","width":505,"height":320,"caption":"Plataforma de comunicaci\u00f3"},"image":{"@id":"https:\/\/www.plataformadecomunicacio.com\/#\/schema\/logo\/image\/"},"sameAs":["https:\/\/www.facebook.com\/plataformadecomunicacio\/","https:\/\/x.com\/PlataformadeCom","https:\/\/www.linkedin.com\/company\/plataforma-de-comunicaci\u00f3\/","https:\/\/www.youtube.com\/channel\/UCQ4-7CGw0atul0BbEAN5S9w"]},{"@type":"Person","@id":"https:\/\/www.plataformadecomunicacio.com\/#\/schema\/person\/a10597ea5a25cad7b4aac14e6a1672ed","name":"Plataforma de Comunicaci\u00f3","image":{"@type":"ImageObject","inLanguage":"es","@id":"https:\/\/www.plataformadecomunicacio.com\/#\/schema\/person\/image\/","url":"https:\/\/secure.gravatar.com\/avatar\/cd26adb9e219d2135afc19eaeefcbaa63ae195f53dcce0bebf04fcc05c3dc7b4?s=96&d=mm&r=g","contentUrl":"https:\/\/secure.gravatar.com\/avatar\/cd26adb9e219d2135afc19eaeefcbaa63ae195f53dcce0bebf04fcc05c3dc7b4?s=96&d=mm&r=g","caption":"Plataforma de Comunicaci\u00f3"},"sameAs":["http:\/\/plataformadecomunicacio.com"],"url":"https:\/\/www.plataformadecomunicacio.com\/es\/author\/plataforma\/"}]}},"_links":{"self":[{"href":"https:\/\/www.plataformadecomunicacio.com\/es\/wp-json\/wp\/v2\/posts\/12542","targetHints":{"allow":["GET"]}}],"collection":[{"href":"https:\/\/www.plataformadecomunicacio.com\/es\/wp-json\/wp\/v2\/posts"}],"about":[{"href":"https:\/\/www.plataformadecomunicacio.com\/es\/wp-json\/wp\/v2\/types\/post"}],"author":[{"embeddable":true,"href":"https:\/\/www.plataformadecomunicacio.com\/es\/wp-json\/wp\/v2\/users\/2"}],"replies":[{"embeddable":true,"href":"https:\/\/www.plataformadecomunicacio.com\/es\/wp-json\/wp\/v2\/comments?post=12542"}],"version-history":[{"count":9,"href":"https:\/\/www.plataformadecomunicacio.com\/es\/wp-json\/wp\/v2\/posts\/12542\/revisions"}],"predecessor-version":[{"id":12560,"href":"https:\/\/www.plataformadecomunicacio.com\/es\/wp-json\/wp\/v2\/posts\/12542\/revisions\/12560"}],"wp:featuredmedia":[{"embeddable":true,"href":"https:\/\/www.plataformadecomunicacio.com\/es\/wp-json\/wp\/v2\/media\/12525"}],"wp:attachment":[{"href":"https:\/\/www.plataformadecomunicacio.com\/es\/wp-json\/wp\/v2\/media?parent=12542"}],"wp:term":[{"taxonomy":"category","embeddable":true,"href":"https:\/\/www.plataformadecomunicacio.com\/es\/wp-json\/wp\/v2\/categories?post=12542"},{"taxonomy":"post_tag","embeddable":true,"href":"https:\/\/www.plataformadecomunicacio.com\/es\/wp-json\/wp\/v2\/tags?post=12542"}],"curies":[{"name":"wp","href":"https:\/\/api.w.org\/{rel}","templated":true}]}}