{"id":8849,"date":"2020-04-15T10:16:24","date_gmt":"2020-04-15T10:16:24","guid":{"rendered":"https:\/\/www.plataformadecomunicacio.com\/?p=8849"},"modified":"2020-04-15T10:16:26","modified_gmt":"2020-04-15T10:16:26","slug":"comunicacion-tiempos-de-crisis","status":"publish","type":"post","link":"https:\/\/www.plataformadecomunicacio.com\/es\/comunicacion-tiempos-de-crisis\/","title":{"rendered":"La comunicaci\u00f3n cobra protagonismo en tiempos de crisis"},"content":{"rendered":"\n<h4 class=\"wp-block-heading\"><strong>La estrategia que seguimos para comunicarnos tanto interna como externamente definir\u00e1 la respuesta de clientes y trabajadores.<\/strong><\/h4>\n\n\n\n<p>Las personas, las empresas, las ciudades\u2026 la sociedad en general ha alterado sus ritmos habituales para hacer frente a la pandemia del COVID-19 y es en momentos de cambio y, especialmente, en tiempo de crisis, donde la comunicaci\u00f3n corporativa, tanto interna como externa, adquiere m\u00e1s relevancia que nunca.<\/p>\n\n\n\n<p>El silencio ante los acontecimientos puede tener un impacto negativo en clientes, trabajadores y medios. En cambio, <strong>una correcta estrategia de comunicaci\u00f3n ayuda a proteger la marca en tiempo de crisis<\/strong> y demuestra el inter\u00e9s de la compa\u00f1\u00eda a adaptarse a los cambios y buscar soluciones.<\/p>\n\n\n\n<div class=\"wp-block-image\"><figure class=\"aligncenter\"><img loading=\"lazy\" decoding=\"async\" width=\"959\" height=\"540\" src=\"https:\/\/www.plataformadecomunicacio.com\/wp-content\/uploads\/2020\/04\/92006949_2543250672671119_1176707626197581824_o.jpg\" alt=\"comunicaci\u00f3n en tiempos de crisis\" class=\"wp-image-8799\" srcset=\"https:\/\/www.plataformadecomunicacio.com\/wp-content\/uploads\/2020\/04\/92006949_2543250672671119_1176707626197581824_o.jpg 959w, https:\/\/www.plataformadecomunicacio.com\/wp-content\/uploads\/2020\/04\/92006949_2543250672671119_1176707626197581824_o-300x169.jpg 300w, https:\/\/www.plataformadecomunicacio.com\/wp-content\/uploads\/2020\/04\/92006949_2543250672671119_1176707626197581824_o-768x432.jpg 768w, https:\/\/www.plataformadecomunicacio.com\/wp-content\/uploads\/2020\/04\/92006949_2543250672671119_1176707626197581824_o-705x397.jpg 705w, https:\/\/www.plataformadecomunicacio.com\/wp-content\/uploads\/2020\/04\/92006949_2543250672671119_1176707626197581824_o-450x253.jpg 450w\" sizes=\"auto, (max-width: 959px) 100vw, 959px\" \/><figcaption>comunicaci\u00f3n en tiempos de crisis<\/figcaption><\/figure><\/div>\n\n\n\n<h3 class=\"wp-block-heading\">\n\nComunicaci\u00f3n externa\n\n<\/h3>\n\n\n\n<p>Es importante comunicar cuanto antes a clientes y proveedores las medidas que la empresa ha tomado y la afectaci\u00f3n que puede tener para ellos. Conviene ser proactivos y avanzarse a las dudas que puedan surgir en cuanto a la prestaci\u00f3n de nuestros servicios.<br>Adem\u00e1s, es importante mantener la actividad en los canales de comunicaci\u00f3n para trasladar el mensaje que seguimos aqu\u00ed, con un contenido que aporte valor.<\/p>\n\n\n\n<h3 class=\"wp-block-heading\">\n\nComunicaci\u00f3n interna\n\n<\/h3>\n\n\n\n<p>En situaciones complejas como la crisis del coronavirus se genera miedo y ansiedad en la plantilla, por lo que es recomendable comunicar con la mayor brevedad posible las decisiones y hacerlo con transparencia. Tener informados a los trabajadores transmite confianza. Es fundamental transmitir un mensaje en clave positiva para ayudar a paliar las malas emociones y conseguir una buena actitud.<\/p>\n\n\n\n<p>\u00bfSabes c\u00f3mo gestionar la comunicaci\u00f3n interna y cu\u00e1les son las claves para conseguir buenos resultados? <a href=\"https:\/\/www.plataformadecomunicacio.com\/es\/beneficios-comunicacion-interna-empresas\/\">Aqu\u00ed te damos unos cu\u00e1ntos consejos<\/a>.<\/p>\n\n\n\n<h3 class=\"wp-block-heading\"> <strong>La gesti\u00f3n, base del \u00e9xito <\/strong><\/h3>\n\n\n\n<p>Una buena gesti\u00f3n de la comunicaci\u00f3n en tiempos de crisis conseguir\u00e1 que tanto trabajadores como clientes conf\u00eden en la marca, lo cual ayudar\u00e1 a superarla antes. Adem\u00e1s, las relaciones pueden salir fortalecidas de cara al futuro.<\/p>\n\n\n\n<p>En La Plataforma estamos a tu lado para ayudarte en los momentos buenos y en los no tan buenos. P\u00eddenos asesoramiento. <\/p>\n","protected":false},"excerpt":{"rendered":"<p>La estrategia que seguimos para comunicarnos tanto interna como externamente definir\u00e1 la respuesta de clientes y trabajadores. Las personas, las empresas, las ciudades\u2026 la sociedad en general ha alterado sus ritmos habituales para hacer frente a la pandemia del COVID-19 y es en momentos de cambio y, especialmente, en tiempo de crisis, donde la comunicaci\u00f3n [&hellip;]<\/p>\n","protected":false},"author":2,"featured_media":8798,"comment_status":"open","ping_status":"open","sticky":false,"template":"","format":"standard","meta":{"footnotes":""},"categories":[54,14],"tags":[101,98,96,97,99,92,53],"class_list":["post-8849","post","type-post","status-publish","format-standard","has-post-thumbnail","hentry","category-comunicacio","category-news","tag-comunicacion-coronavirus","tag-comunicacion-corporativa","tag-comunicacion-covid-19","tag-comunicacion-crisis","tag-comunicacion-externa","tag-comunicacion-interna","tag-plataforma-de-comunicacio"],"yoast_head":"<!-- This site is optimized with the Yoast SEO plugin v26.1 - https:\/\/yoast.com\/wordpress\/plugins\/seo\/ -->\n<title>La comunicaci\u00f3n cobra protagonismo en tiempos de crisis<\/title>\n<meta name=\"description\" content=\"La estrategia de comunicaci\u00f3n que seguimos en tiempos de crisis tanto interna com externa definir\u00e1 la respuesta de nuestros clientes y trabajadores.\" \/>\n<meta name=\"robots\" content=\"index, follow, max-snippet:-1, max-image-preview:large, max-video-preview:-1\" \/>\n<link rel=\"canonical\" href=\"https:\/\/www.plataformadecomunicacio.com\/es\/comunicacion-tiempos-de-crisis\/\" \/>\n<meta property=\"og:locale\" content=\"es_ES\" \/>\n<meta property=\"og:type\" content=\"article\" \/>\n<meta property=\"og:title\" content=\"La comunicaci\u00f3n cobra protagonismo en tiempos de crisis\" \/>\n<meta property=\"og:description\" content=\"La estrategia de comunicaci\u00f3n que seguimos en tiempos de crisis tanto interna com externa definir\u00e1 la respuesta de nuestros clientes y trabajadores.\" \/>\n<meta property=\"og:url\" content=\"https:\/\/www.plataformadecomunicacio.com\/es\/comunicacion-tiempos-de-crisis\/\" \/>\n<meta property=\"og:site_name\" content=\"Plataforma de comunicaci\u00f3\" \/>\n<meta property=\"article:publisher\" content=\"https:\/\/www.facebook.com\/plataformadecomunicacio\/\" \/>\n<meta property=\"article:published_time\" content=\"2020-04-15T10:16:24+00:00\" \/>\n<meta property=\"article:modified_time\" content=\"2020-04-15T10:16:26+00:00\" \/>\n<meta property=\"og:image\" content=\"https:\/\/www.plataformadecomunicacio.com\/wp-content\/uploads\/2020\/04\/92006949_2543250672671119_1176707626197581824_o.jpg\" \/>\n\t<meta property=\"og:image:width\" content=\"959\" \/>\n\t<meta property=\"og:image:height\" content=\"540\" \/>\n\t<meta property=\"og:image:type\" content=\"image\/jpeg\" \/>\n<meta name=\"author\" content=\"Plataforma de Comunicaci\u00f3\" \/>\n<meta name=\"twitter:card\" content=\"summary_large_image\" \/>\n<meta name=\"twitter:creator\" content=\"@PlataformadeCom\" \/>\n<meta name=\"twitter:site\" content=\"@PlataformadeCom\" \/>\n<meta name=\"twitter:label1\" content=\"Escrito por\" \/>\n\t<meta name=\"twitter:data1\" content=\"Plataforma de Comunicaci\u00f3\" \/>\n\t<meta name=\"twitter:label2\" content=\"Tiempo de lectura\" \/>\n\t<meta name=\"twitter:data2\" content=\"2 minutos\" \/>\n<script type=\"application\/ld+json\" class=\"yoast-schema-graph\">{\"@context\":\"https:\/\/schema.org\",\"@graph\":[{\"@type\":\"Article\",\"@id\":\"https:\/\/www.plataformadecomunicacio.com\/es\/comunicacion-tiempos-de-crisis\/#article\",\"isPartOf\":{\"@id\":\"https:\/\/www.plataformadecomunicacio.com\/es\/comunicacion-tiempos-de-crisis\/\"},\"author\":{\"name\":\"Plataforma de Comunicaci\u00f3\",\"@id\":\"https:\/\/www.plataformadecomunicacio.com\/#\/schema\/person\/a10597ea5a25cad7b4aac14e6a1672ed\"},\"headline\":\"La comunicaci\u00f3n cobra protagonismo en tiempos de crisis\",\"datePublished\":\"2020-04-15T10:16:24+00:00\",\"dateModified\":\"2020-04-15T10:16:26+00:00\",\"mainEntityOfPage\":{\"@id\":\"https:\/\/www.plataformadecomunicacio.com\/es\/comunicacion-tiempos-de-crisis\/\"},\"wordCount\":361,\"commentCount\":0,\"publisher\":{\"@id\":\"https:\/\/www.plataformadecomunicacio.com\/#organization\"},\"image\":{\"@id\":\"https:\/\/www.plataformadecomunicacio.com\/es\/comunicacion-tiempos-de-crisis\/#primaryimage\"},\"thumbnailUrl\":\"https:\/\/www.plataformadecomunicacio.com\/wp-content\/uploads\/2020\/04\/92006949_2543250672671119_1176707626197581824_o.jpg\",\"keywords\":[\"comunicaci\u00f3n coronavirus\",\"comunicaci\u00f3n corporativa\",\"comunicaci\u00f3n Covid-19\",\"Comunicaci\u00f3n crisis\",\"comunicaci\u00f3n externa\",\"comunicaci\u00f3n interna\",\"Plataforma de Comunicaci\u00f3\"],\"articleSection\":[\"Comunicaci\u00f3\",\"News\"],\"inLanguage\":\"es\",\"potentialAction\":[{\"@type\":\"CommentAction\",\"name\":\"Comment\",\"target\":[\"https:\/\/www.plataformadecomunicacio.com\/es\/comunicacion-tiempos-de-crisis\/#respond\"]}]},{\"@type\":\"WebPage\",\"@id\":\"https:\/\/www.plataformadecomunicacio.com\/es\/comunicacion-tiempos-de-crisis\/\",\"url\":\"https:\/\/www.plataformadecomunicacio.com\/es\/comunicacion-tiempos-de-crisis\/\",\"name\":\"La comunicaci\u00f3n cobra protagonismo en tiempos de crisis\",\"isPartOf\":{\"@id\":\"https:\/\/www.plataformadecomunicacio.com\/#website\"},\"primaryImageOfPage\":{\"@id\":\"https:\/\/www.plataformadecomunicacio.com\/es\/comunicacion-tiempos-de-crisis\/#primaryimage\"},\"image\":{\"@id\":\"https:\/\/www.plataformadecomunicacio.com\/es\/comunicacion-tiempos-de-crisis\/#primaryimage\"},\"thumbnailUrl\":\"https:\/\/www.plataformadecomunicacio.com\/wp-content\/uploads\/2020\/04\/92006949_2543250672671119_1176707626197581824_o.jpg\",\"datePublished\":\"2020-04-15T10:16:24+00:00\",\"dateModified\":\"2020-04-15T10:16:26+00:00\",\"description\":\"La estrategia de comunicaci\u00f3n que seguimos en tiempos de crisis tanto interna com externa definir\u00e1 la respuesta de nuestros clientes y trabajadores.\",\"breadcrumb\":{\"@id\":\"https:\/\/www.plataformadecomunicacio.com\/es\/comunicacion-tiempos-de-crisis\/#breadcrumb\"},\"inLanguage\":\"es\",\"potentialAction\":[{\"@type\":\"ReadAction\",\"target\":[\"https:\/\/www.plataformadecomunicacio.com\/es\/comunicacion-tiempos-de-crisis\/\"]}]},{\"@type\":\"ImageObject\",\"inLanguage\":\"es\",\"@id\":\"https:\/\/www.plataformadecomunicacio.com\/es\/comunicacion-tiempos-de-crisis\/#primaryimage\",\"url\":\"https:\/\/www.plataformadecomunicacio.com\/wp-content\/uploads\/2020\/04\/92006949_2543250672671119_1176707626197581824_o.jpg\",\"contentUrl\":\"https:\/\/www.plataformadecomunicacio.com\/wp-content\/uploads\/2020\/04\/92006949_2543250672671119_1176707626197581824_o.jpg\",\"width\":959,\"height\":540,\"caption\":\"comunicaci\u00f3n en tiempos de crisis\"},{\"@type\":\"BreadcrumbList\",\"@id\":\"https:\/\/www.plataformadecomunicacio.com\/es\/comunicacion-tiempos-de-crisis\/#breadcrumb\",\"itemListElement\":[{\"@type\":\"ListItem\",\"position\":1,\"name\":\"Home\",\"item\":\"https:\/\/www.plataformadecomunicacio.com\/es\/inicio\/\"},{\"@type\":\"ListItem\",\"position\":2,\"name\":\"La comunicaci\u00f3n cobra protagonismo en tiempos de crisis\"}]},{\"@type\":\"WebSite\",\"@id\":\"https:\/\/www.plataformadecomunicacio.com\/#website\",\"url\":\"https:\/\/www.plataformadecomunicacio.com\/\",\"name\":\"Plataforma de comunicaci\u00f3\",\"description\":\"Comuniquem junts\",\"publisher\":{\"@id\":\"https:\/\/www.plataformadecomunicacio.com\/#organization\"},\"potentialAction\":[{\"@type\":\"SearchAction\",\"target\":{\"@type\":\"EntryPoint\",\"urlTemplate\":\"https:\/\/www.plataformadecomunicacio.com\/?s={search_term_string}\"},\"query-input\":{\"@type\":\"PropertyValueSpecification\",\"valueRequired\":true,\"valueName\":\"search_term_string\"}}],\"inLanguage\":\"es\"},{\"@type\":\"Organization\",\"@id\":\"https:\/\/www.plataformadecomunicacio.com\/#organization\",\"name\":\"Plataforma de comunicaci\u00f3\",\"url\":\"https:\/\/www.plataformadecomunicacio.com\/\",\"logo\":{\"@type\":\"ImageObject\",\"inLanguage\":\"es\",\"@id\":\"https:\/\/www.plataformadecomunicacio.com\/#\/schema\/logo\/image\/\",\"url\":\"https:\/\/www.plataformadecomunicacio.com\/wp-content\/uploads\/2019\/02\/Logo_plataforma.png\",\"contentUrl\":\"https:\/\/www.plataformadecomunicacio.com\/wp-content\/uploads\/2019\/02\/Logo_plataforma.png\",\"width\":505,\"height\":320,\"caption\":\"Plataforma de comunicaci\u00f3\"},\"image\":{\"@id\":\"https:\/\/www.plataformadecomunicacio.com\/#\/schema\/logo\/image\/\"},\"sameAs\":[\"https:\/\/www.facebook.com\/plataformadecomunicacio\/\",\"https:\/\/x.com\/PlataformadeCom\",\"https:\/\/www.linkedin.com\/company\/plataforma-de-comunicaci\u00f3\/\",\"https:\/\/www.youtube.com\/channel\/UCQ4-7CGw0atul0BbEAN5S9w\"]},{\"@type\":\"Person\",\"@id\":\"https:\/\/www.plataformadecomunicacio.com\/#\/schema\/person\/a10597ea5a25cad7b4aac14e6a1672ed\",\"name\":\"Plataforma de Comunicaci\u00f3\",\"image\":{\"@type\":\"ImageObject\",\"inLanguage\":\"es\",\"@id\":\"https:\/\/www.plataformadecomunicacio.com\/#\/schema\/person\/image\/\",\"url\":\"https:\/\/secure.gravatar.com\/avatar\/cd26adb9e219d2135afc19eaeefcbaa63ae195f53dcce0bebf04fcc05c3dc7b4?s=96&d=mm&r=g\",\"contentUrl\":\"https:\/\/secure.gravatar.com\/avatar\/cd26adb9e219d2135afc19eaeefcbaa63ae195f53dcce0bebf04fcc05c3dc7b4?s=96&d=mm&r=g\",\"caption\":\"Plataforma de Comunicaci\u00f3\"},\"sameAs\":[\"http:\/\/plataformadecomunicacio.com\"],\"url\":\"https:\/\/www.plataformadecomunicacio.com\/es\/author\/plataforma\/\"}]}<\/script>\n<!-- \/ Yoast SEO plugin. -->","yoast_head_json":{"title":"La comunicaci\u00f3n cobra protagonismo en tiempos de crisis","description":"La estrategia de comunicaci\u00f3n que seguimos en tiempos de crisis tanto interna com externa definir\u00e1 la respuesta de nuestros clientes y trabajadores.","robots":{"index":"index","follow":"follow","max-snippet":"max-snippet:-1","max-image-preview":"max-image-preview:large","max-video-preview":"max-video-preview:-1"},"canonical":"https:\/\/www.plataformadecomunicacio.com\/es\/comunicacion-tiempos-de-crisis\/","og_locale":"es_ES","og_type":"article","og_title":"La comunicaci\u00f3n cobra protagonismo en tiempos de crisis","og_description":"La estrategia de comunicaci\u00f3n que seguimos en tiempos de crisis tanto interna com externa definir\u00e1 la respuesta de nuestros clientes y trabajadores.","og_url":"https:\/\/www.plataformadecomunicacio.com\/es\/comunicacion-tiempos-de-crisis\/","og_site_name":"Plataforma de comunicaci\u00f3","article_publisher":"https:\/\/www.facebook.com\/plataformadecomunicacio\/","article_published_time":"2020-04-15T10:16:24+00:00","article_modified_time":"2020-04-15T10:16:26+00:00","og_image":[{"width":959,"height":540,"url":"https:\/\/www.plataformadecomunicacio.com\/wp-content\/uploads\/2020\/04\/92006949_2543250672671119_1176707626197581824_o.jpg","type":"image\/jpeg"}],"author":"Plataforma de Comunicaci\u00f3","twitter_card":"summary_large_image","twitter_creator":"@PlataformadeCom","twitter_site":"@PlataformadeCom","twitter_misc":{"Escrito por":"Plataforma de Comunicaci\u00f3","Tiempo de lectura":"2 minutos"},"schema":{"@context":"https:\/\/schema.org","@graph":[{"@type":"Article","@id":"https:\/\/www.plataformadecomunicacio.com\/es\/comunicacion-tiempos-de-crisis\/#article","isPartOf":{"@id":"https:\/\/www.plataformadecomunicacio.com\/es\/comunicacion-tiempos-de-crisis\/"},"author":{"name":"Plataforma de Comunicaci\u00f3","@id":"https:\/\/www.plataformadecomunicacio.com\/#\/schema\/person\/a10597ea5a25cad7b4aac14e6a1672ed"},"headline":"La comunicaci\u00f3n cobra protagonismo en tiempos de crisis","datePublished":"2020-04-15T10:16:24+00:00","dateModified":"2020-04-15T10:16:26+00:00","mainEntityOfPage":{"@id":"https:\/\/www.plataformadecomunicacio.com\/es\/comunicacion-tiempos-de-crisis\/"},"wordCount":361,"commentCount":0,"publisher":{"@id":"https:\/\/www.plataformadecomunicacio.com\/#organization"},"image":{"@id":"https:\/\/www.plataformadecomunicacio.com\/es\/comunicacion-tiempos-de-crisis\/#primaryimage"},"thumbnailUrl":"https:\/\/www.plataformadecomunicacio.com\/wp-content\/uploads\/2020\/04\/92006949_2543250672671119_1176707626197581824_o.jpg","keywords":["comunicaci\u00f3n coronavirus","comunicaci\u00f3n corporativa","comunicaci\u00f3n Covid-19","Comunicaci\u00f3n crisis","comunicaci\u00f3n externa","comunicaci\u00f3n interna","Plataforma de Comunicaci\u00f3"],"articleSection":["Comunicaci\u00f3","News"],"inLanguage":"es","potentialAction":[{"@type":"CommentAction","name":"Comment","target":["https:\/\/www.plataformadecomunicacio.com\/es\/comunicacion-tiempos-de-crisis\/#respond"]}]},{"@type":"WebPage","@id":"https:\/\/www.plataformadecomunicacio.com\/es\/comunicacion-tiempos-de-crisis\/","url":"https:\/\/www.plataformadecomunicacio.com\/es\/comunicacion-tiempos-de-crisis\/","name":"La comunicaci\u00f3n cobra protagonismo en tiempos de crisis","isPartOf":{"@id":"https:\/\/www.plataformadecomunicacio.com\/#website"},"primaryImageOfPage":{"@id":"https:\/\/www.plataformadecomunicacio.com\/es\/comunicacion-tiempos-de-crisis\/#primaryimage"},"image":{"@id":"https:\/\/www.plataformadecomunicacio.com\/es\/comunicacion-tiempos-de-crisis\/#primaryimage"},"thumbnailUrl":"https:\/\/www.plataformadecomunicacio.com\/wp-content\/uploads\/2020\/04\/92006949_2543250672671119_1176707626197581824_o.jpg","datePublished":"2020-04-15T10:16:24+00:00","dateModified":"2020-04-15T10:16:26+00:00","description":"La estrategia de comunicaci\u00f3n que seguimos en tiempos de crisis tanto interna com externa definir\u00e1 la respuesta de nuestros clientes y trabajadores.","breadcrumb":{"@id":"https:\/\/www.plataformadecomunicacio.com\/es\/comunicacion-tiempos-de-crisis\/#breadcrumb"},"inLanguage":"es","potentialAction":[{"@type":"ReadAction","target":["https:\/\/www.plataformadecomunicacio.com\/es\/comunicacion-tiempos-de-crisis\/"]}]},{"@type":"ImageObject","inLanguage":"es","@id":"https:\/\/www.plataformadecomunicacio.com\/es\/comunicacion-tiempos-de-crisis\/#primaryimage","url":"https:\/\/www.plataformadecomunicacio.com\/wp-content\/uploads\/2020\/04\/92006949_2543250672671119_1176707626197581824_o.jpg","contentUrl":"https:\/\/www.plataformadecomunicacio.com\/wp-content\/uploads\/2020\/04\/92006949_2543250672671119_1176707626197581824_o.jpg","width":959,"height":540,"caption":"comunicaci\u00f3n en tiempos de crisis"},{"@type":"BreadcrumbList","@id":"https:\/\/www.plataformadecomunicacio.com\/es\/comunicacion-tiempos-de-crisis\/#breadcrumb","itemListElement":[{"@type":"ListItem","position":1,"name":"Home","item":"https:\/\/www.plataformadecomunicacio.com\/es\/inicio\/"},{"@type":"ListItem","position":2,"name":"La comunicaci\u00f3n cobra protagonismo en tiempos de crisis"}]},{"@type":"WebSite","@id":"https:\/\/www.plataformadecomunicacio.com\/#website","url":"https:\/\/www.plataformadecomunicacio.com\/","name":"Plataforma de comunicaci\u00f3","description":"Comuniquem junts","publisher":{"@id":"https:\/\/www.plataformadecomunicacio.com\/#organization"},"potentialAction":[{"@type":"SearchAction","target":{"@type":"EntryPoint","urlTemplate":"https:\/\/www.plataformadecomunicacio.com\/?s={search_term_string}"},"query-input":{"@type":"PropertyValueSpecification","valueRequired":true,"valueName":"search_term_string"}}],"inLanguage":"es"},{"@type":"Organization","@id":"https:\/\/www.plataformadecomunicacio.com\/#organization","name":"Plataforma de comunicaci\u00f3","url":"https:\/\/www.plataformadecomunicacio.com\/","logo":{"@type":"ImageObject","inLanguage":"es","@id":"https:\/\/www.plataformadecomunicacio.com\/#\/schema\/logo\/image\/","url":"https:\/\/www.plataformadecomunicacio.com\/wp-content\/uploads\/2019\/02\/Logo_plataforma.png","contentUrl":"https:\/\/www.plataformadecomunicacio.com\/wp-content\/uploads\/2019\/02\/Logo_plataforma.png","width":505,"height":320,"caption":"Plataforma de comunicaci\u00f3"},"image":{"@id":"https:\/\/www.plataformadecomunicacio.com\/#\/schema\/logo\/image\/"},"sameAs":["https:\/\/www.facebook.com\/plataformadecomunicacio\/","https:\/\/x.com\/PlataformadeCom","https:\/\/www.linkedin.com\/company\/plataforma-de-comunicaci\u00f3\/","https:\/\/www.youtube.com\/channel\/UCQ4-7CGw0atul0BbEAN5S9w"]},{"@type":"Person","@id":"https:\/\/www.plataformadecomunicacio.com\/#\/schema\/person\/a10597ea5a25cad7b4aac14e6a1672ed","name":"Plataforma de Comunicaci\u00f3","image":{"@type":"ImageObject","inLanguage":"es","@id":"https:\/\/www.plataformadecomunicacio.com\/#\/schema\/person\/image\/","url":"https:\/\/secure.gravatar.com\/avatar\/cd26adb9e219d2135afc19eaeefcbaa63ae195f53dcce0bebf04fcc05c3dc7b4?s=96&d=mm&r=g","contentUrl":"https:\/\/secure.gravatar.com\/avatar\/cd26adb9e219d2135afc19eaeefcbaa63ae195f53dcce0bebf04fcc05c3dc7b4?s=96&d=mm&r=g","caption":"Plataforma de Comunicaci\u00f3"},"sameAs":["http:\/\/plataformadecomunicacio.com"],"url":"https:\/\/www.plataformadecomunicacio.com\/es\/author\/plataforma\/"}]}},"_links":{"self":[{"href":"https:\/\/www.plataformadecomunicacio.com\/es\/wp-json\/wp\/v2\/posts\/8849","targetHints":{"allow":["GET"]}}],"collection":[{"href":"https:\/\/www.plataformadecomunicacio.com\/es\/wp-json\/wp\/v2\/posts"}],"about":[{"href":"https:\/\/www.plataformadecomunicacio.com\/es\/wp-json\/wp\/v2\/types\/post"}],"author":[{"embeddable":true,"href":"https:\/\/www.plataformadecomunicacio.com\/es\/wp-json\/wp\/v2\/users\/2"}],"replies":[{"embeddable":true,"href":"https:\/\/www.plataformadecomunicacio.com\/es\/wp-json\/wp\/v2\/comments?post=8849"}],"version-history":[{"count":2,"href":"https:\/\/www.plataformadecomunicacio.com\/es\/wp-json\/wp\/v2\/posts\/8849\/revisions"}],"predecessor-version":[{"id":8852,"href":"https:\/\/www.plataformadecomunicacio.com\/es\/wp-json\/wp\/v2\/posts\/8849\/revisions\/8852"}],"wp:featuredmedia":[{"embeddable":true,"href":"https:\/\/www.plataformadecomunicacio.com\/es\/wp-json\/wp\/v2\/media\/8798"}],"wp:attachment":[{"href":"https:\/\/www.plataformadecomunicacio.com\/es\/wp-json\/wp\/v2\/media?parent=8849"}],"wp:term":[{"taxonomy":"category","embeddable":true,"href":"https:\/\/www.plataformadecomunicacio.com\/es\/wp-json\/wp\/v2\/categories?post=8849"},{"taxonomy":"post_tag","embeddable":true,"href":"https:\/\/www.plataformadecomunicacio.com\/es\/wp-json\/wp\/v2\/tags?post=8849"}],"curies":[{"name":"wp","href":"https:\/\/api.w.org\/{rel}","templated":true}]}}