{"id":9285,"date":"2021-06-08T09:23:10","date_gmt":"2021-06-08T09:23:10","guid":{"rendered":"https:\/\/www.plataformadecomunicacio.com\/como-aumentar-la-visibilidad-de-tu-negocio-a-traves-de-la-comunicacion\/"},"modified":"2021-06-08T09:24:28","modified_gmt":"2021-06-08T09:24:28","slug":"como-aumentar-la-visibilidad-de-tu-negocio-a-traves-de-la-comunicacion","status":"publish","type":"post","link":"https:\/\/www.plataformadecomunicacio.com\/es\/como-aumentar-la-visibilidad-de-tu-negocio-a-traves-de-la-comunicacion\/","title":{"rendered":"\u00bfC\u00f3mo aumentar la visibilidad de tu negocio a trav\u00e9s de la comunicaci\u00f3n?"},"content":{"rendered":"\n<p>La vuelta de las vacaciones de verano suele coincidir con una \u00e9poca de cambios en las empresas, donde se hacen reestructuraciones y movimientos en la plantilla, pero sobre todo se inician nuevos proyectos y se exploran nuevas l\u00edneas de negocio para seguir creciendo. Pero, \u00bfc\u00f3mo se puede ganar visibilidad de una forma efectiva y eficiente a trav\u00e9s de la comunicaci\u00f3n?<\/p>\n\n<p>A la hora de poner en marcha un nuevo proyecto uno de los retos a los que se enfrentan las compa\u00f1\u00edas es conseguir que tenga visibilidad de cara a la galer\u00eda y que sus clientes y su target est\u00e9n al corriente de este nuevo servicio y producto que acaban de presentar. Es en esta tesitura donde la comunicaci\u00f3n juega un papel fundamental, pues ser\u00e1 la herramienta para llamar la atenci\u00f3n y destacar en un mercado cada vez m\u00e1s competitivo.<\/p>\n\n<p>Para conseguir este objetivo, toda acci\u00f3n de comunicaci\u00f3n exitosa debe seguir las siguientes pautas:<\/p>\n\n<h4 class=\"wp-block-heading\"><strong>Hacer un plan de comunicaci\u00f3n<\/strong><\/h4>\n\n<p>Todo hito debe tener un recorrido y es imprescindible hacer un plan de comunicaci\u00f3n que fije los pasos a seguir para llegar a conseguirlo. Un buen plan de comunicaci\u00f3n debe presentar el contexto en el que se encuentra la empresa, sus objetivos, el p\u00fablico al que se dirige y qu\u00e9 mensaje se quiere transmitir. Adem\u00e1s, es imprescindible establecer un presupuesto, fijar los canales donde se desarrollar\u00e1n las acciones, marcar un calendario y, por \u00faltimo, evaluar los resultados. Todas estas acciones van enfocadas a mejorar tu visibilidad, ganar credibilidad y generar confianza.<\/p>\n\n<h4 class=\"wp-block-heading\"><strong>Contemplar todos los canales de comunicaci\u00f3n<\/strong><\/h4>\n\n<p>La irrupci\u00f3n de las nuevas tecnolog\u00edas ha multiplicado exponencialmente las posibilidades de comunicarse y aumentar la visibilidad. Si hasta ahora s\u00f3lo cont\u00e1bamos con la publicidad y los medios tradicionales como los peri\u00f3dicos, la radio y la televisi\u00f3n para llegar a nuestro p\u00fablico objetivo, internet ha abierto un nuevo camino lleno de posibilidades. Los medios de comunicaci\u00f3n online, las newsletters, blogs, webs y las redes sociales son una nueva forma de dirigirte directamente a tu target con muy buenos resultados.<\/p>\n\n<h4 class=\"wp-block-heading\"><strong>Crea un buen relato y un mensaje potente<\/strong><\/h4>\n\n<p>Con el fin de aumentar tu visibilidad y atraer a tu p\u00fablico potencial es importante crear una buena historia que enganche a la audiencia. Es importante encontrar el toque diferenciador respecto a tu competencia para que tu servicio o producto sobresalga respecto al resto de empresas del sector. Por eso hay que crear un mensaje interesante, innovador y pionero.<\/p>\n\n<h4 class=\"wp-block-heading\"><strong>La imagen es una de las claves del \u00e9xito<\/strong><\/h4>\n\n<p>El contenido que ofrecemos debe ser atractivo para nuestros clientes y llamar la atenci\u00f3n del p\u00fablico para generar inter\u00e9s en lo que estamos promocionando. El mundo actual est\u00e1 regido por la imagen, por lo que todo lo relacionado con el audiovisual tendr\u00e1 mejores resultados. Con la aparici\u00f3n de Youtube, una forma eficaz de llegar al p\u00fablico es fomentando la producci\u00f3n de v\u00eddeos din\u00e1micos que ofrezcan informaci\u00f3n sobre la empresa.<\/p>\n\n<p>En Plataforma de Comunicaci\u00f3 somos expertos en comunicaci\u00f3n corporativa y nos gusta ayudar a las empresas a conseguir su objetivo, sea cual sea. Por eso nos adaptamos a tus necesidades y trabajamos para mejorar la visibilidad de tu negocio a trav\u00e9s de todas las herramientas que nos proporciona la comunicaci\u00f3n.<\/p>\n\n<p>Cu\u00e9ntanos tus necesidades y crearemos un plan de comunicaci\u00f3n personalizado que consiga hacer realidad tus metas.<\/p>\n\n<div class=\"wp-block-button aligncenter is-style-outline is-style-outline--1\"><a class=\"wp-block-button__link has-text-color has-very-dark-gray-color has-background has-luminous-vivid-orange-background-color\" href=\"https:\/\/www.plataformadecomunicacio.com\/es\/plataforma-de-comunicacion\/\">M\u00c1S INFORMACI\u00d3N SOBRE NUESTROS SERVICIOS DE COMUNICACI\u00d3N<\/a><\/div>\n","protected":false},"excerpt":{"rendered":"<p>La vuelta de las vacaciones de verano suele coincidir con una \u00e9poca de cambios en las empresas, donde se hacen reestructuraciones y movimientos en la plantilla, pero sobre todo se inician nuevos proyectos y se exploran nuevas l\u00edneas de negocio para seguir creciendo. Pero, \u00bfc\u00f3mo se puede ganar visibilidad de una forma efectiva y eficiente [&hellip;]<\/p>\n","protected":false},"author":2,"featured_media":7120,"comment_status":"open","ping_status":"open","sticky":false,"template":"","format":"standard","meta":{"footnotes":""},"categories":[55,56],"tags":[57,58,143,59,61],"class_list":["post-9285","post","type-post","status-publish","format-standard","has-post-thumbnail","hentry","category-comunicacio-es","category-news-es","tag-comunicacio-es","tag-comunicacio-corporativa-es","tag-plan-de-comunicacion-es","tag-plataforma-de-comunicacio-es","tag-visibilitat-es"],"yoast_head":"<!-- This site is optimized with the Yoast SEO plugin v26.1 - https:\/\/yoast.com\/wordpress\/plugins\/seo\/ -->\n<title>C\u00f3mo aumentar la visibilidad de tu negocio a trav\u00e9s de la comunicaci\u00f3n<\/title>\n<meta name=\"description\" content=\"En Plataforma de Comunicaci\u00f3 somos expertos en comunicaci\u00f3n corporativa y ayudamos a las empresas a mejorar y aumentar la visibilidad a trav\u00e9s de la comunicaci\u00f3n.\" \/>\n<meta name=\"robots\" content=\"index, follow, max-snippet:-1, max-image-preview:large, max-video-preview:-1\" \/>\n<link rel=\"canonical\" href=\"https:\/\/www.plataformadecomunicacio.com\/es\/como-aumentar-la-visibilidad-de-tu-negocio-a-traves-de-la-comunicacion\/\" \/>\n<meta property=\"og:locale\" content=\"es_ES\" \/>\n<meta property=\"og:type\" content=\"article\" \/>\n<meta property=\"og:title\" content=\"C\u00f3mo aumentar la visibilidad de tu negocio a trav\u00e9s de la comunicaci\u00f3n\" \/>\n<meta property=\"og:description\" content=\"En Plataforma de Comunicaci\u00f3 somos expertos en comunicaci\u00f3n corporativa y ayudamos a las empresas a mejorar y aumentar la visibilidad a trav\u00e9s de la comunicaci\u00f3n.\" \/>\n<meta property=\"og:url\" content=\"https:\/\/www.plataformadecomunicacio.com\/es\/como-aumentar-la-visibilidad-de-tu-negocio-a-traves-de-la-comunicacion\/\" \/>\n<meta property=\"og:site_name\" content=\"Plataforma de comunicaci\u00f3\" \/>\n<meta property=\"article:publisher\" content=\"https:\/\/www.facebook.com\/plataformadecomunicacio\/\" \/>\n<meta property=\"article:published_time\" content=\"2021-06-08T09:23:10+00:00\" \/>\n<meta property=\"article:modified_time\" content=\"2021-06-08T09:24:28+00:00\" \/>\n<meta property=\"og:image\" content=\"https:\/\/www.plataformadecomunicacio.com\/wp-content\/uploads\/2019\/09\/Comunicaci\u00f3n-para-PYMES-caratula.jpg\" \/>\n\t<meta property=\"og:image:width\" content=\"445\" \/>\n\t<meta property=\"og:image:height\" content=\"316\" \/>\n\t<meta property=\"og:image:type\" content=\"image\/jpeg\" \/>\n<meta name=\"author\" content=\"Plataforma de Comunicaci\u00f3\" \/>\n<meta name=\"twitter:card\" content=\"summary_large_image\" \/>\n<meta name=\"twitter:creator\" content=\"@PlataformadeCom\" \/>\n<meta name=\"twitter:site\" content=\"@PlataformadeCom\" \/>\n<meta name=\"twitter:label1\" content=\"Escrito por\" \/>\n\t<meta name=\"twitter:data1\" content=\"Plataforma de Comunicaci\u00f3\" \/>\n\t<meta name=\"twitter:label2\" content=\"Tiempo de lectura\" \/>\n\t<meta name=\"twitter:data2\" content=\"3 minutos\" \/>\n<script type=\"application\/ld+json\" class=\"yoast-schema-graph\">{\"@context\":\"https:\/\/schema.org\",\"@graph\":[{\"@type\":\"Article\",\"@id\":\"https:\/\/www.plataformadecomunicacio.com\/es\/como-aumentar-la-visibilidad-de-tu-negocio-a-traves-de-la-comunicacion\/#article\",\"isPartOf\":{\"@id\":\"https:\/\/www.plataformadecomunicacio.com\/es\/como-aumentar-la-visibilidad-de-tu-negocio-a-traves-de-la-comunicacion\/\"},\"author\":{\"name\":\"Plataforma de Comunicaci\u00f3\",\"@id\":\"https:\/\/www.plataformadecomunicacio.com\/#\/schema\/person\/a10597ea5a25cad7b4aac14e6a1672ed\"},\"headline\":\"\u00bfC\u00f3mo aumentar la visibilidad de tu negocio a trav\u00e9s de la comunicaci\u00f3n?\",\"datePublished\":\"2021-06-08T09:23:10+00:00\",\"dateModified\":\"2021-06-08T09:24:28+00:00\",\"mainEntityOfPage\":{\"@id\":\"https:\/\/www.plataformadecomunicacio.com\/es\/como-aumentar-la-visibilidad-de-tu-negocio-a-traves-de-la-comunicacion\/\"},\"wordCount\":612,\"commentCount\":0,\"publisher\":{\"@id\":\"https:\/\/www.plataformadecomunicacio.com\/#organization\"},\"image\":{\"@id\":\"https:\/\/www.plataformadecomunicacio.com\/es\/como-aumentar-la-visibilidad-de-tu-negocio-a-traves-de-la-comunicacion\/#primaryimage\"},\"thumbnailUrl\":\"https:\/\/www.plataformadecomunicacio.com\/wp-content\/uploads\/2019\/09\/Comunicaci\u00f3n-para-PYMES-caratula.jpg\",\"keywords\":[\"comunicaci\u00f3\",\"comunicaci\u00f3 corporativa\",\"plan de comunicaci\u00f3n\",\"Plataforma de Comunicaci\u00f3\",\"visibilitat\"],\"articleSection\":[\"Comunicaci\u00f3\",\"News\"],\"inLanguage\":\"es\",\"potentialAction\":[{\"@type\":\"CommentAction\",\"name\":\"Comment\",\"target\":[\"https:\/\/www.plataformadecomunicacio.com\/es\/como-aumentar-la-visibilidad-de-tu-negocio-a-traves-de-la-comunicacion\/#respond\"]}]},{\"@type\":\"WebPage\",\"@id\":\"https:\/\/www.plataformadecomunicacio.com\/es\/como-aumentar-la-visibilidad-de-tu-negocio-a-traves-de-la-comunicacion\/\",\"url\":\"https:\/\/www.plataformadecomunicacio.com\/es\/como-aumentar-la-visibilidad-de-tu-negocio-a-traves-de-la-comunicacion\/\",\"name\":\"C\u00f3mo aumentar la visibilidad de tu negocio a trav\u00e9s de la comunicaci\u00f3n\",\"isPartOf\":{\"@id\":\"https:\/\/www.plataformadecomunicacio.com\/#website\"},\"primaryImageOfPage\":{\"@id\":\"https:\/\/www.plataformadecomunicacio.com\/es\/como-aumentar-la-visibilidad-de-tu-negocio-a-traves-de-la-comunicacion\/#primaryimage\"},\"image\":{\"@id\":\"https:\/\/www.plataformadecomunicacio.com\/es\/como-aumentar-la-visibilidad-de-tu-negocio-a-traves-de-la-comunicacion\/#primaryimage\"},\"thumbnailUrl\":\"https:\/\/www.plataformadecomunicacio.com\/wp-content\/uploads\/2019\/09\/Comunicaci\u00f3n-para-PYMES-caratula.jpg\",\"datePublished\":\"2021-06-08T09:23:10+00:00\",\"dateModified\":\"2021-06-08T09:24:28+00:00\",\"description\":\"En Plataforma de Comunicaci\u00f3 somos expertos en comunicaci\u00f3n corporativa y ayudamos a las empresas a mejorar y aumentar la visibilidad a trav\u00e9s de la comunicaci\u00f3n.\",\"breadcrumb\":{\"@id\":\"https:\/\/www.plataformadecomunicacio.com\/es\/como-aumentar-la-visibilidad-de-tu-negocio-a-traves-de-la-comunicacion\/#breadcrumb\"},\"inLanguage\":\"es\",\"potentialAction\":[{\"@type\":\"ReadAction\",\"target\":[\"https:\/\/www.plataformadecomunicacio.com\/es\/como-aumentar-la-visibilidad-de-tu-negocio-a-traves-de-la-comunicacion\/\"]}]},{\"@type\":\"ImageObject\",\"inLanguage\":\"es\",\"@id\":\"https:\/\/www.plataformadecomunicacio.com\/es\/como-aumentar-la-visibilidad-de-tu-negocio-a-traves-de-la-comunicacion\/#primaryimage\",\"url\":\"https:\/\/www.plataformadecomunicacio.com\/wp-content\/uploads\/2019\/09\/Comunicaci\u00f3n-para-PYMES-caratula.jpg\",\"contentUrl\":\"https:\/\/www.plataformadecomunicacio.com\/wp-content\/uploads\/2019\/09\/Comunicaci\u00f3n-para-PYMES-caratula.jpg\",\"width\":445,\"height\":316,\"caption\":\"Aumentar visibilidad con comunicaci\u00f3n\"},{\"@type\":\"BreadcrumbList\",\"@id\":\"https:\/\/www.plataformadecomunicacio.com\/es\/como-aumentar-la-visibilidad-de-tu-negocio-a-traves-de-la-comunicacion\/#breadcrumb\",\"itemListElement\":[{\"@type\":\"ListItem\",\"position\":1,\"name\":\"Home\",\"item\":\"https:\/\/www.plataformadecomunicacio.com\/es\/inicio\/\"},{\"@type\":\"ListItem\",\"position\":2,\"name\":\"\u00bfC\u00f3mo aumentar la visibilidad de tu negocio a trav\u00e9s de la comunicaci\u00f3n?\"}]},{\"@type\":\"WebSite\",\"@id\":\"https:\/\/www.plataformadecomunicacio.com\/#website\",\"url\":\"https:\/\/www.plataformadecomunicacio.com\/\",\"name\":\"Plataforma de comunicaci\u00f3\",\"description\":\"Comuniquem junts\",\"publisher\":{\"@id\":\"https:\/\/www.plataformadecomunicacio.com\/#organization\"},\"potentialAction\":[{\"@type\":\"SearchAction\",\"target\":{\"@type\":\"EntryPoint\",\"urlTemplate\":\"https:\/\/www.plataformadecomunicacio.com\/?s={search_term_string}\"},\"query-input\":{\"@type\":\"PropertyValueSpecification\",\"valueRequired\":true,\"valueName\":\"search_term_string\"}}],\"inLanguage\":\"es\"},{\"@type\":\"Organization\",\"@id\":\"https:\/\/www.plataformadecomunicacio.com\/#organization\",\"name\":\"Plataforma de comunicaci\u00f3\",\"url\":\"https:\/\/www.plataformadecomunicacio.com\/\",\"logo\":{\"@type\":\"ImageObject\",\"inLanguage\":\"es\",\"@id\":\"https:\/\/www.plataformadecomunicacio.com\/#\/schema\/logo\/image\/\",\"url\":\"https:\/\/www.plataformadecomunicacio.com\/wp-content\/uploads\/2019\/02\/Logo_plataforma.png\",\"contentUrl\":\"https:\/\/www.plataformadecomunicacio.com\/wp-content\/uploads\/2019\/02\/Logo_plataforma.png\",\"width\":505,\"height\":320,\"caption\":\"Plataforma de comunicaci\u00f3\"},\"image\":{\"@id\":\"https:\/\/www.plataformadecomunicacio.com\/#\/schema\/logo\/image\/\"},\"sameAs\":[\"https:\/\/www.facebook.com\/plataformadecomunicacio\/\",\"https:\/\/x.com\/PlataformadeCom\",\"https:\/\/www.linkedin.com\/company\/plataforma-de-comunicaci\u00f3\/\",\"https:\/\/www.youtube.com\/channel\/UCQ4-7CGw0atul0BbEAN5S9w\"]},{\"@type\":\"Person\",\"@id\":\"https:\/\/www.plataformadecomunicacio.com\/#\/schema\/person\/a10597ea5a25cad7b4aac14e6a1672ed\",\"name\":\"Plataforma de Comunicaci\u00f3\",\"image\":{\"@type\":\"ImageObject\",\"inLanguage\":\"es\",\"@id\":\"https:\/\/www.plataformadecomunicacio.com\/#\/schema\/person\/image\/\",\"url\":\"https:\/\/secure.gravatar.com\/avatar\/cd26adb9e219d2135afc19eaeefcbaa63ae195f53dcce0bebf04fcc05c3dc7b4?s=96&d=mm&r=g\",\"contentUrl\":\"https:\/\/secure.gravatar.com\/avatar\/cd26adb9e219d2135afc19eaeefcbaa63ae195f53dcce0bebf04fcc05c3dc7b4?s=96&d=mm&r=g\",\"caption\":\"Plataforma de Comunicaci\u00f3\"},\"sameAs\":[\"http:\/\/plataformadecomunicacio.com\"],\"url\":\"https:\/\/www.plataformadecomunicacio.com\/es\/author\/plataforma\/\"}]}<\/script>\n<!-- \/ Yoast SEO plugin. -->","yoast_head_json":{"title":"C\u00f3mo aumentar la visibilidad de tu negocio a trav\u00e9s de la comunicaci\u00f3n","description":"En Plataforma de Comunicaci\u00f3 somos expertos en comunicaci\u00f3n corporativa y ayudamos a las empresas a mejorar y aumentar la visibilidad a trav\u00e9s de la comunicaci\u00f3n.","robots":{"index":"index","follow":"follow","max-snippet":"max-snippet:-1","max-image-preview":"max-image-preview:large","max-video-preview":"max-video-preview:-1"},"canonical":"https:\/\/www.plataformadecomunicacio.com\/es\/como-aumentar-la-visibilidad-de-tu-negocio-a-traves-de-la-comunicacion\/","og_locale":"es_ES","og_type":"article","og_title":"C\u00f3mo aumentar la visibilidad de tu negocio a trav\u00e9s de la comunicaci\u00f3n","og_description":"En Plataforma de Comunicaci\u00f3 somos expertos en comunicaci\u00f3n corporativa y ayudamos a las empresas a mejorar y aumentar la visibilidad a trav\u00e9s de la comunicaci\u00f3n.","og_url":"https:\/\/www.plataformadecomunicacio.com\/es\/como-aumentar-la-visibilidad-de-tu-negocio-a-traves-de-la-comunicacion\/","og_site_name":"Plataforma de comunicaci\u00f3","article_publisher":"https:\/\/www.facebook.com\/plataformadecomunicacio\/","article_published_time":"2021-06-08T09:23:10+00:00","article_modified_time":"2021-06-08T09:24:28+00:00","og_image":[{"width":445,"height":316,"url":"https:\/\/www.plataformadecomunicacio.com\/wp-content\/uploads\/2019\/09\/Comunicaci\u00f3n-para-PYMES-caratula.jpg","type":"image\/jpeg"}],"author":"Plataforma de Comunicaci\u00f3","twitter_card":"summary_large_image","twitter_creator":"@PlataformadeCom","twitter_site":"@PlataformadeCom","twitter_misc":{"Escrito por":"Plataforma de Comunicaci\u00f3","Tiempo de lectura":"3 minutos"},"schema":{"@context":"https:\/\/schema.org","@graph":[{"@type":"Article","@id":"https:\/\/www.plataformadecomunicacio.com\/es\/como-aumentar-la-visibilidad-de-tu-negocio-a-traves-de-la-comunicacion\/#article","isPartOf":{"@id":"https:\/\/www.plataformadecomunicacio.com\/es\/como-aumentar-la-visibilidad-de-tu-negocio-a-traves-de-la-comunicacion\/"},"author":{"name":"Plataforma de Comunicaci\u00f3","@id":"https:\/\/www.plataformadecomunicacio.com\/#\/schema\/person\/a10597ea5a25cad7b4aac14e6a1672ed"},"headline":"\u00bfC\u00f3mo aumentar la visibilidad de tu negocio a trav\u00e9s de la comunicaci\u00f3n?","datePublished":"2021-06-08T09:23:10+00:00","dateModified":"2021-06-08T09:24:28+00:00","mainEntityOfPage":{"@id":"https:\/\/www.plataformadecomunicacio.com\/es\/como-aumentar-la-visibilidad-de-tu-negocio-a-traves-de-la-comunicacion\/"},"wordCount":612,"commentCount":0,"publisher":{"@id":"https:\/\/www.plataformadecomunicacio.com\/#organization"},"image":{"@id":"https:\/\/www.plataformadecomunicacio.com\/es\/como-aumentar-la-visibilidad-de-tu-negocio-a-traves-de-la-comunicacion\/#primaryimage"},"thumbnailUrl":"https:\/\/www.plataformadecomunicacio.com\/wp-content\/uploads\/2019\/09\/Comunicaci\u00f3n-para-PYMES-caratula.jpg","keywords":["comunicaci\u00f3","comunicaci\u00f3 corporativa","plan de comunicaci\u00f3n","Plataforma de Comunicaci\u00f3","visibilitat"],"articleSection":["Comunicaci\u00f3","News"],"inLanguage":"es","potentialAction":[{"@type":"CommentAction","name":"Comment","target":["https:\/\/www.plataformadecomunicacio.com\/es\/como-aumentar-la-visibilidad-de-tu-negocio-a-traves-de-la-comunicacion\/#respond"]}]},{"@type":"WebPage","@id":"https:\/\/www.plataformadecomunicacio.com\/es\/como-aumentar-la-visibilidad-de-tu-negocio-a-traves-de-la-comunicacion\/","url":"https:\/\/www.plataformadecomunicacio.com\/es\/como-aumentar-la-visibilidad-de-tu-negocio-a-traves-de-la-comunicacion\/","name":"C\u00f3mo aumentar la visibilidad de tu negocio a trav\u00e9s de la comunicaci\u00f3n","isPartOf":{"@id":"https:\/\/www.plataformadecomunicacio.com\/#website"},"primaryImageOfPage":{"@id":"https:\/\/www.plataformadecomunicacio.com\/es\/como-aumentar-la-visibilidad-de-tu-negocio-a-traves-de-la-comunicacion\/#primaryimage"},"image":{"@id":"https:\/\/www.plataformadecomunicacio.com\/es\/como-aumentar-la-visibilidad-de-tu-negocio-a-traves-de-la-comunicacion\/#primaryimage"},"thumbnailUrl":"https:\/\/www.plataformadecomunicacio.com\/wp-content\/uploads\/2019\/09\/Comunicaci\u00f3n-para-PYMES-caratula.jpg","datePublished":"2021-06-08T09:23:10+00:00","dateModified":"2021-06-08T09:24:28+00:00","description":"En Plataforma de Comunicaci\u00f3 somos expertos en comunicaci\u00f3n corporativa y ayudamos a las empresas a mejorar y aumentar la visibilidad a trav\u00e9s de la comunicaci\u00f3n.","breadcrumb":{"@id":"https:\/\/www.plataformadecomunicacio.com\/es\/como-aumentar-la-visibilidad-de-tu-negocio-a-traves-de-la-comunicacion\/#breadcrumb"},"inLanguage":"es","potentialAction":[{"@type":"ReadAction","target":["https:\/\/www.plataformadecomunicacio.com\/es\/como-aumentar-la-visibilidad-de-tu-negocio-a-traves-de-la-comunicacion\/"]}]},{"@type":"ImageObject","inLanguage":"es","@id":"https:\/\/www.plataformadecomunicacio.com\/es\/como-aumentar-la-visibilidad-de-tu-negocio-a-traves-de-la-comunicacion\/#primaryimage","url":"https:\/\/www.plataformadecomunicacio.com\/wp-content\/uploads\/2019\/09\/Comunicaci\u00f3n-para-PYMES-caratula.jpg","contentUrl":"https:\/\/www.plataformadecomunicacio.com\/wp-content\/uploads\/2019\/09\/Comunicaci\u00f3n-para-PYMES-caratula.jpg","width":445,"height":316,"caption":"Aumentar visibilidad con comunicaci\u00f3n"},{"@type":"BreadcrumbList","@id":"https:\/\/www.plataformadecomunicacio.com\/es\/como-aumentar-la-visibilidad-de-tu-negocio-a-traves-de-la-comunicacion\/#breadcrumb","itemListElement":[{"@type":"ListItem","position":1,"name":"Home","item":"https:\/\/www.plataformadecomunicacio.com\/es\/inicio\/"},{"@type":"ListItem","position":2,"name":"\u00bfC\u00f3mo aumentar la visibilidad de tu negocio a trav\u00e9s de la comunicaci\u00f3n?"}]},{"@type":"WebSite","@id":"https:\/\/www.plataformadecomunicacio.com\/#website","url":"https:\/\/www.plataformadecomunicacio.com\/","name":"Plataforma de comunicaci\u00f3","description":"Comuniquem junts","publisher":{"@id":"https:\/\/www.plataformadecomunicacio.com\/#organization"},"potentialAction":[{"@type":"SearchAction","target":{"@type":"EntryPoint","urlTemplate":"https:\/\/www.plataformadecomunicacio.com\/?s={search_term_string}"},"query-input":{"@type":"PropertyValueSpecification","valueRequired":true,"valueName":"search_term_string"}}],"inLanguage":"es"},{"@type":"Organization","@id":"https:\/\/www.plataformadecomunicacio.com\/#organization","name":"Plataforma de comunicaci\u00f3","url":"https:\/\/www.plataformadecomunicacio.com\/","logo":{"@type":"ImageObject","inLanguage":"es","@id":"https:\/\/www.plataformadecomunicacio.com\/#\/schema\/logo\/image\/","url":"https:\/\/www.plataformadecomunicacio.com\/wp-content\/uploads\/2019\/02\/Logo_plataforma.png","contentUrl":"https:\/\/www.plataformadecomunicacio.com\/wp-content\/uploads\/2019\/02\/Logo_plataforma.png","width":505,"height":320,"caption":"Plataforma de comunicaci\u00f3"},"image":{"@id":"https:\/\/www.plataformadecomunicacio.com\/#\/schema\/logo\/image\/"},"sameAs":["https:\/\/www.facebook.com\/plataformadecomunicacio\/","https:\/\/x.com\/PlataformadeCom","https:\/\/www.linkedin.com\/company\/plataforma-de-comunicaci\u00f3\/","https:\/\/www.youtube.com\/channel\/UCQ4-7CGw0atul0BbEAN5S9w"]},{"@type":"Person","@id":"https:\/\/www.plataformadecomunicacio.com\/#\/schema\/person\/a10597ea5a25cad7b4aac14e6a1672ed","name":"Plataforma de Comunicaci\u00f3","image":{"@type":"ImageObject","inLanguage":"es","@id":"https:\/\/www.plataformadecomunicacio.com\/#\/schema\/person\/image\/","url":"https:\/\/secure.gravatar.com\/avatar\/cd26adb9e219d2135afc19eaeefcbaa63ae195f53dcce0bebf04fcc05c3dc7b4?s=96&d=mm&r=g","contentUrl":"https:\/\/secure.gravatar.com\/avatar\/cd26adb9e219d2135afc19eaeefcbaa63ae195f53dcce0bebf04fcc05c3dc7b4?s=96&d=mm&r=g","caption":"Plataforma de Comunicaci\u00f3"},"sameAs":["http:\/\/plataformadecomunicacio.com"],"url":"https:\/\/www.plataformadecomunicacio.com\/es\/author\/plataforma\/"}]}},"_links":{"self":[{"href":"https:\/\/www.plataformadecomunicacio.com\/es\/wp-json\/wp\/v2\/posts\/9285","targetHints":{"allow":["GET"]}}],"collection":[{"href":"https:\/\/www.plataformadecomunicacio.com\/es\/wp-json\/wp\/v2\/posts"}],"about":[{"href":"https:\/\/www.plataformadecomunicacio.com\/es\/wp-json\/wp\/v2\/types\/post"}],"author":[{"embeddable":true,"href":"https:\/\/www.plataformadecomunicacio.com\/es\/wp-json\/wp\/v2\/users\/2"}],"replies":[{"embeddable":true,"href":"https:\/\/www.plataformadecomunicacio.com\/es\/wp-json\/wp\/v2\/comments?post=9285"}],"version-history":[{"count":3,"href":"https:\/\/www.plataformadecomunicacio.com\/es\/wp-json\/wp\/v2\/posts\/9285\/revisions"}],"predecessor-version":[{"id":9288,"href":"https:\/\/www.plataformadecomunicacio.com\/es\/wp-json\/wp\/v2\/posts\/9285\/revisions\/9288"}],"wp:featuredmedia":[{"embeddable":true,"href":"https:\/\/www.plataformadecomunicacio.com\/es\/wp-json\/wp\/v2\/media\/7120"}],"wp:attachment":[{"href":"https:\/\/www.plataformadecomunicacio.com\/es\/wp-json\/wp\/v2\/media?parent=9285"}],"wp:term":[{"taxonomy":"category","embeddable":true,"href":"https:\/\/www.plataformadecomunicacio.com\/es\/wp-json\/wp\/v2\/categories?post=9285"},{"taxonomy":"post_tag","embeddable":true,"href":"https:\/\/www.plataformadecomunicacio.com\/es\/wp-json\/wp\/v2\/tags?post=9285"}],"curies":[{"name":"wp","href":"https:\/\/api.w.org\/{rel}","templated":true}]}}