{"id":9289,"date":"2021-06-08T09:32:15","date_gmt":"2021-06-08T09:32:15","guid":{"rendered":"https:\/\/www.plataformadecomunicacio.com\/felicita-la-navidad-con-un-diseno-personalizado\/"},"modified":"2021-06-08T09:32:16","modified_gmt":"2021-06-08T09:32:16","slug":"felicita-la-navidad-con-un-diseno-personalizado","status":"publish","type":"post","link":"https:\/\/www.plataformadecomunicacio.com\/es\/felicita-la-navidad-con-un-diseno-personalizado\/","title":{"rendered":"\u00a1Felicita la Navidad con un dise\u00f1o personalizado!"},"content":{"rendered":"\n<div class=\"wp-block-image\"><figure class=\"aligncenter is-resized\"><img loading=\"lazy\" decoding=\"async\" src=\"https:\/\/www.plataformadecomunicacio.com\/wp-content\/uploads\/2019\/11\/Felicitaci&#xF3;.jpg\" alt=\"\" class=\"wp-image-7133\" width=\"550\" height=\"550\"\/><figcaption>La Plataforma hace dise\u00f1os totalmente a medida que transmiten los valores de la empresa<\/figcaption><\/figure><\/div>\n\n<p>Se acerca la Navidad, y las empresas empiezan a pensar la forma de felicitar las fiestas a sus trabajadores, directivos, clientes y proveedores de una forma original.<\/p>\n\n<p>La Navidad es una \u00e9poca perfecta para retomar el contacto con tus clientes, as\u00ed que enviar una felicitaci\u00f3n para desear unas Felices Fiestas y una buena entrada en el a\u00f1o 2020 es una buena excusa para que te recuerden. Tambi\u00e9n es una forma simp\u00e1tica de escribir a clientes potenciales, recordarles que tu empresa est\u00e1 a su disposici\u00f3n y que te tengan presente en el futuro. Es importante aprovechar esta oportunidad para retomar la comunicaci\u00f3n, \u00a1as\u00ed que no la pierdas!<\/p>\n\n<p>La postal de Navidad es una de las tradiciones m\u00e1s arraigadas en nuestro pa\u00eds, no s\u00f3lo a nivel empresarial sino tambi\u00e9n entre familiares y amigos. Ya sea en papel o digital, son muchas las organizaciones que apuestan por enviarla en estas fechas, ya que es un detalle muy apreciado por todos. Por lo tanto, es fundamental llamar la atenci\u00f3n de aquellas personas a las que les env\u00edes, pues es probable que ese mismo d\u00eda hayan recibido m\u00e1s de una.<\/p>\n\n<h4 class=\"wp-block-heading\">Te dise\u00f1amos una postal a medida<\/h4>\n\n<p>Si este a\u00f1o quieres ser original y no enviar la misma postal que utilizan muchas otras compa\u00f1\u00edas, \u00a1contacta con nosotros! El equipo de dise\u00f1o de la Plataforma te har\u00e1 una propuesta personalizado y totalmente a medida de tus gustos y necesidades. Las postales personalizadas permiten transmitir los valores de tu compa\u00f1\u00eda y reforzar la imagen de marca.<\/p>\n\n<p>Si realmente quieres sorprender con tu felicitaci\u00f3n, deja que te asesoremos. En La Plataforma somos expertos en comunicaci\u00f3n y, por tanto, damos mucho valor al mensaje a transmitir. Cu\u00e9ntanos qu\u00e9 necesitas y qu\u00e9 quieres comunicar y haremos un dise\u00f1o \u00fanico, original y creativo para que tus contactos guarden un buen recuerdo de tu postal de Navidad de este a\u00f1o.<\/p>\n\n<h4 class=\"wp-block-heading\">La imagen, una de las claves del \u00e9xito<\/h4>\n\n<p>Tanto si apuestas por la postal tradicional en papel como si prefieres hacerlo en formato digital, \u00a1tenemos una propuesta para ti! Las felicitaciones tradicionales ganan mucho peso en estas fechas, pero las nuevas tecnolog\u00edas nos aportan muchas herramientas para ir m\u00e1s all\u00e1 y hacer dise\u00f1os m\u00e1s originales. \u00bfPor qu\u00e9 no apostar por los GIFS? Las postales digitales en movimiento aportan un plus de creatividad que estamos seguros que gustar\u00e1 a todos que las reciba.<\/p>\n\n<p>Cu\u00e9ntanos tu propuesta y plasmaremos tus ideas, tus valores de marca y la esencia de tu compa\u00f1\u00eda en una felicitaci\u00f3n a medida.<\/p>\n\n<p>Esta Navidad no tienes excusa, \u00a1apuesta por las postales personalizadas!<\/p>\n","protected":false},"excerpt":{"rendered":"<p>Se acerca la Navidad, y las empresas empiezan a pensar la forma de felicitar las fiestas a sus trabajadores, directivos, clientes y proveedores de una forma original. La Navidad es una \u00e9poca perfecta para retomar el contacto con tus clientes, as\u00ed que enviar una felicitaci\u00f3n para desear unas Felices Fiestas y una buena entrada en [&hellip;]<\/p>\n","protected":false},"author":2,"featured_media":7134,"comment_status":"open","ping_status":"open","sticky":false,"template":"","format":"standard","meta":{"footnotes":""},"categories":[55,56],"tags":[57,147,146,59,145,144],"class_list":["post-9289","post","type-post","status-publish","format-standard","has-post-thumbnail","hentry","category-comunicacio-es","category-news-es","tag-comunicacio-es","tag-diseno-personalizado","tag-felicitacion-de-navidad","tag-plataforma-de-comunicacio-es","tag-postal-de-navidad","tag-postal-personalizada"],"yoast_head":"<!-- This site is optimized with the Yoast SEO plugin v26.1 - https:\/\/yoast.com\/wordpress\/plugins\/seo\/ -->\n<title>\u00a1Este a\u00f1o felicita la Navidad con una postal personalizada!<\/title>\n<meta name=\"description\" content=\"La Plataforma te dise\u00f1a una postal de Navidad personalizada para transmitir los valores de tu empresa y reforzar la imagen de marca.\" \/>\n<meta name=\"robots\" content=\"index, follow, max-snippet:-1, max-image-preview:large, max-video-preview:-1\" \/>\n<link rel=\"canonical\" href=\"https:\/\/www.plataformadecomunicacio.com\/es\/felicita-la-navidad-con-un-diseno-personalizado\/\" \/>\n<meta property=\"og:locale\" content=\"es_ES\" \/>\n<meta property=\"og:type\" content=\"article\" \/>\n<meta property=\"og:title\" content=\"\u00a1Este a\u00f1o felicita la Navidad con una postal personalizada!\" \/>\n<meta property=\"og:description\" content=\"La Plataforma te dise\u00f1a una postal de Navidad personalizada para transmitir los valores de tu empresa y reforzar la imagen de marca.\" \/>\n<meta property=\"og:url\" content=\"https:\/\/www.plataformadecomunicacio.com\/es\/felicita-la-navidad-con-un-diseno-personalizado\/\" \/>\n<meta property=\"og:site_name\" content=\"Plataforma de comunicaci\u00f3\" \/>\n<meta property=\"article:publisher\" content=\"https:\/\/www.facebook.com\/plataformadecomunicacio\/\" \/>\n<meta property=\"article:published_time\" content=\"2021-06-08T09:32:15+00:00\" \/>\n<meta property=\"article:modified_time\" content=\"2021-06-08T09:32:16+00:00\" \/>\n<meta property=\"og:image\" content=\"https:\/\/www.plataformadecomunicacio.com\/wp-content\/uploads\/2019\/11\/Felicitaci\u00f3.jpg\" \/>\n\t<meta property=\"og:image:width\" content=\"886\" \/>\n\t<meta property=\"og:image:height\" content=\"886\" \/>\n\t<meta property=\"og:image:type\" content=\"image\/jpeg\" \/>\n<meta name=\"author\" content=\"Plataforma de Comunicaci\u00f3\" \/>\n<meta name=\"twitter:card\" content=\"summary_large_image\" \/>\n<meta name=\"twitter:creator\" content=\"@PlataformadeCom\" \/>\n<meta name=\"twitter:site\" content=\"@PlataformadeCom\" \/>\n<meta name=\"twitter:label1\" content=\"Escrito por\" \/>\n\t<meta name=\"twitter:data1\" content=\"Plataforma de Comunicaci\u00f3\" \/>\n\t<meta name=\"twitter:label2\" content=\"Tiempo de lectura\" \/>\n\t<meta name=\"twitter:data2\" content=\"2 minutos\" \/>\n<script type=\"application\/ld+json\" class=\"yoast-schema-graph\">{\"@context\":\"https:\/\/schema.org\",\"@graph\":[{\"@type\":\"Article\",\"@id\":\"https:\/\/www.plataformadecomunicacio.com\/es\/felicita-la-navidad-con-un-diseno-personalizado\/#article\",\"isPartOf\":{\"@id\":\"https:\/\/www.plataformadecomunicacio.com\/es\/felicita-la-navidad-con-un-diseno-personalizado\/\"},\"author\":{\"name\":\"Plataforma de Comunicaci\u00f3\",\"@id\":\"https:\/\/www.plataformadecomunicacio.com\/#\/schema\/person\/a10597ea5a25cad7b4aac14e6a1672ed\"},\"headline\":\"\u00a1Felicita la Navidad con un dise\u00f1o personalizado!\",\"datePublished\":\"2021-06-08T09:32:15+00:00\",\"dateModified\":\"2021-06-08T09:32:16+00:00\",\"mainEntityOfPage\":{\"@id\":\"https:\/\/www.plataformadecomunicacio.com\/es\/felicita-la-navidad-con-un-diseno-personalizado\/\"},\"wordCount\":474,\"commentCount\":0,\"publisher\":{\"@id\":\"https:\/\/www.plataformadecomunicacio.com\/#organization\"},\"image\":{\"@id\":\"https:\/\/www.plataformadecomunicacio.com\/es\/felicita-la-navidad-con-un-diseno-personalizado\/#primaryimage\"},\"thumbnailUrl\":\"https:\/\/www.plataformadecomunicacio.com\/wp-content\/uploads\/2019\/11\/Felicitaci\u00f3.jpg\",\"keywords\":[\"comunicaci\u00f3\",\"dise\u00f1o personalizado\",\"felicitaci\u00f3n de navidad\",\"Plataforma de Comunicaci\u00f3\",\"postal de navidad\",\"postal personalizada\"],\"articleSection\":[\"Comunicaci\u00f3\",\"News\"],\"inLanguage\":\"es\",\"potentialAction\":[{\"@type\":\"CommentAction\",\"name\":\"Comment\",\"target\":[\"https:\/\/www.plataformadecomunicacio.com\/es\/felicita-la-navidad-con-un-diseno-personalizado\/#respond\"]}]},{\"@type\":\"WebPage\",\"@id\":\"https:\/\/www.plataformadecomunicacio.com\/es\/felicita-la-navidad-con-un-diseno-personalizado\/\",\"url\":\"https:\/\/www.plataformadecomunicacio.com\/es\/felicita-la-navidad-con-un-diseno-personalizado\/\",\"name\":\"\u00a1Este a\u00f1o felicita la Navidad con una postal personalizada!\",\"isPartOf\":{\"@id\":\"https:\/\/www.plataformadecomunicacio.com\/#website\"},\"primaryImageOfPage\":{\"@id\":\"https:\/\/www.plataformadecomunicacio.com\/es\/felicita-la-navidad-con-un-diseno-personalizado\/#primaryimage\"},\"image\":{\"@id\":\"https:\/\/www.plataformadecomunicacio.com\/es\/felicita-la-navidad-con-un-diseno-personalizado\/#primaryimage\"},\"thumbnailUrl\":\"https:\/\/www.plataformadecomunicacio.com\/wp-content\/uploads\/2019\/11\/Felicitaci\u00f3.jpg\",\"datePublished\":\"2021-06-08T09:32:15+00:00\",\"dateModified\":\"2021-06-08T09:32:16+00:00\",\"description\":\"La Plataforma te dise\u00f1a una postal de Navidad personalizada para transmitir los valores de tu empresa y reforzar la imagen de marca.\",\"breadcrumb\":{\"@id\":\"https:\/\/www.plataformadecomunicacio.com\/es\/felicita-la-navidad-con-un-diseno-personalizado\/#breadcrumb\"},\"inLanguage\":\"es\",\"potentialAction\":[{\"@type\":\"ReadAction\",\"target\":[\"https:\/\/www.plataformadecomunicacio.com\/es\/felicita-la-navidad-con-un-diseno-personalizado\/\"]}]},{\"@type\":\"ImageObject\",\"inLanguage\":\"es\",\"@id\":\"https:\/\/www.plataformadecomunicacio.com\/es\/felicita-la-navidad-con-un-diseno-personalizado\/#primaryimage\",\"url\":\"https:\/\/www.plataformadecomunicacio.com\/wp-content\/uploads\/2019\/11\/Felicitaci\u00f3.jpg\",\"contentUrl\":\"https:\/\/www.plataformadecomunicacio.com\/wp-content\/uploads\/2019\/11\/Felicitaci\u00f3.jpg\",\"width\":886,\"height\":886,\"caption\":\"Postal Navidad\"},{\"@type\":\"BreadcrumbList\",\"@id\":\"https:\/\/www.plataformadecomunicacio.com\/es\/felicita-la-navidad-con-un-diseno-personalizado\/#breadcrumb\",\"itemListElement\":[{\"@type\":\"ListItem\",\"position\":1,\"name\":\"Home\",\"item\":\"https:\/\/www.plataformadecomunicacio.com\/es\/inicio\/\"},{\"@type\":\"ListItem\",\"position\":2,\"name\":\"\u00a1Felicita la Navidad con un dise\u00f1o personalizado!\"}]},{\"@type\":\"WebSite\",\"@id\":\"https:\/\/www.plataformadecomunicacio.com\/#website\",\"url\":\"https:\/\/www.plataformadecomunicacio.com\/\",\"name\":\"Plataforma de comunicaci\u00f3\",\"description\":\"Comuniquem junts\",\"publisher\":{\"@id\":\"https:\/\/www.plataformadecomunicacio.com\/#organization\"},\"potentialAction\":[{\"@type\":\"SearchAction\",\"target\":{\"@type\":\"EntryPoint\",\"urlTemplate\":\"https:\/\/www.plataformadecomunicacio.com\/?s={search_term_string}\"},\"query-input\":{\"@type\":\"PropertyValueSpecification\",\"valueRequired\":true,\"valueName\":\"search_term_string\"}}],\"inLanguage\":\"es\"},{\"@type\":\"Organization\",\"@id\":\"https:\/\/www.plataformadecomunicacio.com\/#organization\",\"name\":\"Plataforma de comunicaci\u00f3\",\"url\":\"https:\/\/www.plataformadecomunicacio.com\/\",\"logo\":{\"@type\":\"ImageObject\",\"inLanguage\":\"es\",\"@id\":\"https:\/\/www.plataformadecomunicacio.com\/#\/schema\/logo\/image\/\",\"url\":\"https:\/\/www.plataformadecomunicacio.com\/wp-content\/uploads\/2019\/02\/Logo_plataforma.png\",\"contentUrl\":\"https:\/\/www.plataformadecomunicacio.com\/wp-content\/uploads\/2019\/02\/Logo_plataforma.png\",\"width\":505,\"height\":320,\"caption\":\"Plataforma de comunicaci\u00f3\"},\"image\":{\"@id\":\"https:\/\/www.plataformadecomunicacio.com\/#\/schema\/logo\/image\/\"},\"sameAs\":[\"https:\/\/www.facebook.com\/plataformadecomunicacio\/\",\"https:\/\/x.com\/PlataformadeCom\",\"https:\/\/www.linkedin.com\/company\/plataforma-de-comunicaci\u00f3\/\",\"https:\/\/www.youtube.com\/channel\/UCQ4-7CGw0atul0BbEAN5S9w\"]},{\"@type\":\"Person\",\"@id\":\"https:\/\/www.plataformadecomunicacio.com\/#\/schema\/person\/a10597ea5a25cad7b4aac14e6a1672ed\",\"name\":\"Plataforma de Comunicaci\u00f3\",\"image\":{\"@type\":\"ImageObject\",\"inLanguage\":\"es\",\"@id\":\"https:\/\/www.plataformadecomunicacio.com\/#\/schema\/person\/image\/\",\"url\":\"https:\/\/secure.gravatar.com\/avatar\/cd26adb9e219d2135afc19eaeefcbaa63ae195f53dcce0bebf04fcc05c3dc7b4?s=96&d=mm&r=g\",\"contentUrl\":\"https:\/\/secure.gravatar.com\/avatar\/cd26adb9e219d2135afc19eaeefcbaa63ae195f53dcce0bebf04fcc05c3dc7b4?s=96&d=mm&r=g\",\"caption\":\"Plataforma de Comunicaci\u00f3\"},\"sameAs\":[\"http:\/\/plataformadecomunicacio.com\"],\"url\":\"https:\/\/www.plataformadecomunicacio.com\/es\/author\/plataforma\/\"}]}<\/script>\n<!-- \/ Yoast SEO plugin. -->","yoast_head_json":{"title":"\u00a1Este a\u00f1o felicita la Navidad con una postal personalizada!","description":"La Plataforma te dise\u00f1a una postal de Navidad personalizada para transmitir los valores de tu empresa y reforzar la imagen de marca.","robots":{"index":"index","follow":"follow","max-snippet":"max-snippet:-1","max-image-preview":"max-image-preview:large","max-video-preview":"max-video-preview:-1"},"canonical":"https:\/\/www.plataformadecomunicacio.com\/es\/felicita-la-navidad-con-un-diseno-personalizado\/","og_locale":"es_ES","og_type":"article","og_title":"\u00a1Este a\u00f1o felicita la Navidad con una postal personalizada!","og_description":"La Plataforma te dise\u00f1a una postal de Navidad personalizada para transmitir los valores de tu empresa y reforzar la imagen de marca.","og_url":"https:\/\/www.plataformadecomunicacio.com\/es\/felicita-la-navidad-con-un-diseno-personalizado\/","og_site_name":"Plataforma de comunicaci\u00f3","article_publisher":"https:\/\/www.facebook.com\/plataformadecomunicacio\/","article_published_time":"2021-06-08T09:32:15+00:00","article_modified_time":"2021-06-08T09:32:16+00:00","og_image":[{"width":886,"height":886,"url":"https:\/\/www.plataformadecomunicacio.com\/wp-content\/uploads\/2019\/11\/Felicitaci\u00f3.jpg","type":"image\/jpeg"}],"author":"Plataforma de Comunicaci\u00f3","twitter_card":"summary_large_image","twitter_creator":"@PlataformadeCom","twitter_site":"@PlataformadeCom","twitter_misc":{"Escrito por":"Plataforma de Comunicaci\u00f3","Tiempo de lectura":"2 minutos"},"schema":{"@context":"https:\/\/schema.org","@graph":[{"@type":"Article","@id":"https:\/\/www.plataformadecomunicacio.com\/es\/felicita-la-navidad-con-un-diseno-personalizado\/#article","isPartOf":{"@id":"https:\/\/www.plataformadecomunicacio.com\/es\/felicita-la-navidad-con-un-diseno-personalizado\/"},"author":{"name":"Plataforma de Comunicaci\u00f3","@id":"https:\/\/www.plataformadecomunicacio.com\/#\/schema\/person\/a10597ea5a25cad7b4aac14e6a1672ed"},"headline":"\u00a1Felicita la Navidad con un dise\u00f1o personalizado!","datePublished":"2021-06-08T09:32:15+00:00","dateModified":"2021-06-08T09:32:16+00:00","mainEntityOfPage":{"@id":"https:\/\/www.plataformadecomunicacio.com\/es\/felicita-la-navidad-con-un-diseno-personalizado\/"},"wordCount":474,"commentCount":0,"publisher":{"@id":"https:\/\/www.plataformadecomunicacio.com\/#organization"},"image":{"@id":"https:\/\/www.plataformadecomunicacio.com\/es\/felicita-la-navidad-con-un-diseno-personalizado\/#primaryimage"},"thumbnailUrl":"https:\/\/www.plataformadecomunicacio.com\/wp-content\/uploads\/2019\/11\/Felicitaci\u00f3.jpg","keywords":["comunicaci\u00f3","dise\u00f1o personalizado","felicitaci\u00f3n de navidad","Plataforma de Comunicaci\u00f3","postal de navidad","postal personalizada"],"articleSection":["Comunicaci\u00f3","News"],"inLanguage":"es","potentialAction":[{"@type":"CommentAction","name":"Comment","target":["https:\/\/www.plataformadecomunicacio.com\/es\/felicita-la-navidad-con-un-diseno-personalizado\/#respond"]}]},{"@type":"WebPage","@id":"https:\/\/www.plataformadecomunicacio.com\/es\/felicita-la-navidad-con-un-diseno-personalizado\/","url":"https:\/\/www.plataformadecomunicacio.com\/es\/felicita-la-navidad-con-un-diseno-personalizado\/","name":"\u00a1Este a\u00f1o felicita la Navidad con una postal personalizada!","isPartOf":{"@id":"https:\/\/www.plataformadecomunicacio.com\/#website"},"primaryImageOfPage":{"@id":"https:\/\/www.plataformadecomunicacio.com\/es\/felicita-la-navidad-con-un-diseno-personalizado\/#primaryimage"},"image":{"@id":"https:\/\/www.plataformadecomunicacio.com\/es\/felicita-la-navidad-con-un-diseno-personalizado\/#primaryimage"},"thumbnailUrl":"https:\/\/www.plataformadecomunicacio.com\/wp-content\/uploads\/2019\/11\/Felicitaci\u00f3.jpg","datePublished":"2021-06-08T09:32:15+00:00","dateModified":"2021-06-08T09:32:16+00:00","description":"La Plataforma te dise\u00f1a una postal de Navidad personalizada para transmitir los valores de tu empresa y reforzar la imagen de marca.","breadcrumb":{"@id":"https:\/\/www.plataformadecomunicacio.com\/es\/felicita-la-navidad-con-un-diseno-personalizado\/#breadcrumb"},"inLanguage":"es","potentialAction":[{"@type":"ReadAction","target":["https:\/\/www.plataformadecomunicacio.com\/es\/felicita-la-navidad-con-un-diseno-personalizado\/"]}]},{"@type":"ImageObject","inLanguage":"es","@id":"https:\/\/www.plataformadecomunicacio.com\/es\/felicita-la-navidad-con-un-diseno-personalizado\/#primaryimage","url":"https:\/\/www.plataformadecomunicacio.com\/wp-content\/uploads\/2019\/11\/Felicitaci\u00f3.jpg","contentUrl":"https:\/\/www.plataformadecomunicacio.com\/wp-content\/uploads\/2019\/11\/Felicitaci\u00f3.jpg","width":886,"height":886,"caption":"Postal Navidad"},{"@type":"BreadcrumbList","@id":"https:\/\/www.plataformadecomunicacio.com\/es\/felicita-la-navidad-con-un-diseno-personalizado\/#breadcrumb","itemListElement":[{"@type":"ListItem","position":1,"name":"Home","item":"https:\/\/www.plataformadecomunicacio.com\/es\/inicio\/"},{"@type":"ListItem","position":2,"name":"\u00a1Felicita la Navidad con un dise\u00f1o personalizado!"}]},{"@type":"WebSite","@id":"https:\/\/www.plataformadecomunicacio.com\/#website","url":"https:\/\/www.plataformadecomunicacio.com\/","name":"Plataforma de comunicaci\u00f3","description":"Comuniquem junts","publisher":{"@id":"https:\/\/www.plataformadecomunicacio.com\/#organization"},"potentialAction":[{"@type":"SearchAction","target":{"@type":"EntryPoint","urlTemplate":"https:\/\/www.plataformadecomunicacio.com\/?s={search_term_string}"},"query-input":{"@type":"PropertyValueSpecification","valueRequired":true,"valueName":"search_term_string"}}],"inLanguage":"es"},{"@type":"Organization","@id":"https:\/\/www.plataformadecomunicacio.com\/#organization","name":"Plataforma de comunicaci\u00f3","url":"https:\/\/www.plataformadecomunicacio.com\/","logo":{"@type":"ImageObject","inLanguage":"es","@id":"https:\/\/www.plataformadecomunicacio.com\/#\/schema\/logo\/image\/","url":"https:\/\/www.plataformadecomunicacio.com\/wp-content\/uploads\/2019\/02\/Logo_plataforma.png","contentUrl":"https:\/\/www.plataformadecomunicacio.com\/wp-content\/uploads\/2019\/02\/Logo_plataforma.png","width":505,"height":320,"caption":"Plataforma de comunicaci\u00f3"},"image":{"@id":"https:\/\/www.plataformadecomunicacio.com\/#\/schema\/logo\/image\/"},"sameAs":["https:\/\/www.facebook.com\/plataformadecomunicacio\/","https:\/\/x.com\/PlataformadeCom","https:\/\/www.linkedin.com\/company\/plataforma-de-comunicaci\u00f3\/","https:\/\/www.youtube.com\/channel\/UCQ4-7CGw0atul0BbEAN5S9w"]},{"@type":"Person","@id":"https:\/\/www.plataformadecomunicacio.com\/#\/schema\/person\/a10597ea5a25cad7b4aac14e6a1672ed","name":"Plataforma de Comunicaci\u00f3","image":{"@type":"ImageObject","inLanguage":"es","@id":"https:\/\/www.plataformadecomunicacio.com\/#\/schema\/person\/image\/","url":"https:\/\/secure.gravatar.com\/avatar\/cd26adb9e219d2135afc19eaeefcbaa63ae195f53dcce0bebf04fcc05c3dc7b4?s=96&d=mm&r=g","contentUrl":"https:\/\/secure.gravatar.com\/avatar\/cd26adb9e219d2135afc19eaeefcbaa63ae195f53dcce0bebf04fcc05c3dc7b4?s=96&d=mm&r=g","caption":"Plataforma de Comunicaci\u00f3"},"sameAs":["http:\/\/plataformadecomunicacio.com"],"url":"https:\/\/www.plataformadecomunicacio.com\/es\/author\/plataforma\/"}]}},"_links":{"self":[{"href":"https:\/\/www.plataformadecomunicacio.com\/es\/wp-json\/wp\/v2\/posts\/9289","targetHints":{"allow":["GET"]}}],"collection":[{"href":"https:\/\/www.plataformadecomunicacio.com\/es\/wp-json\/wp\/v2\/posts"}],"about":[{"href":"https:\/\/www.plataformadecomunicacio.com\/es\/wp-json\/wp\/v2\/types\/post"}],"author":[{"embeddable":true,"href":"https:\/\/www.plataformadecomunicacio.com\/es\/wp-json\/wp\/v2\/users\/2"}],"replies":[{"embeddable":true,"href":"https:\/\/www.plataformadecomunicacio.com\/es\/wp-json\/wp\/v2\/comments?post=9289"}],"version-history":[{"count":1,"href":"https:\/\/www.plataformadecomunicacio.com\/es\/wp-json\/wp\/v2\/posts\/9289\/revisions"}],"predecessor-version":[{"id":9290,"href":"https:\/\/www.plataformadecomunicacio.com\/es\/wp-json\/wp\/v2\/posts\/9289\/revisions\/9290"}],"wp:featuredmedia":[{"embeddable":true,"href":"https:\/\/www.plataformadecomunicacio.com\/es\/wp-json\/wp\/v2\/media\/7134"}],"wp:attachment":[{"href":"https:\/\/www.plataformadecomunicacio.com\/es\/wp-json\/wp\/v2\/media?parent=9289"}],"wp:term":[{"taxonomy":"category","embeddable":true,"href":"https:\/\/www.plataformadecomunicacio.com\/es\/wp-json\/wp\/v2\/categories?post=9289"},{"taxonomy":"post_tag","embeddable":true,"href":"https:\/\/www.plataformadecomunicacio.com\/es\/wp-json\/wp\/v2\/tags?post=9289"}],"curies":[{"name":"wp","href":"https:\/\/api.w.org\/{rel}","templated":true}]}}