{"id":9295,"date":"2021-06-08T09:56:31","date_gmt":"2021-06-08T09:56:31","guid":{"rendered":"https:\/\/www.plataformadecomunicacio.com\/este-8-de-marzo-reivindica-la-igualdad-en-tu-empresa\/"},"modified":"2021-06-08T09:56:32","modified_gmt":"2021-06-08T09:56:32","slug":"este-8-de-marzo-reivindica-la-igualdad-en-tu-empresa","status":"publish","type":"post","link":"https:\/\/www.plataformadecomunicacio.com\/es\/este-8-de-marzo-reivindica-la-igualdad-en-tu-empresa\/","title":{"rendered":"Este 8 de marzo reivindica la igualdad en tu empresa"},"content":{"rendered":"\n<p>A lo largo de las \u00faltimas d\u00e9cadas, la incorporaci\u00f3n de la mujer al mundo laboral ha avanzado a un ritmo vertiginoso y actualmente su papel dentro de las empresas ya representa la mitad de la poblaci\u00f3n activa. Desgraciadamente, todav\u00eda se encuentra en una situaci\u00f3n m\u00e1s vulnerable, con sueldos m\u00e1s bajos y un dif\u00edcil acceso a las posiciones de poder en las empresas.<\/p>\n\n<div class=\"wp-block-image\"><figure class=\"aligncenter is-resized\"><img loading=\"lazy\" decoding=\"async\" src=\"https:\/\/www.plataformadecomunicacio.com\/wp-content\/uploads\/2020\/02\/8-de-mar&#xE7;-1030x728.jpg\" alt=\"\" class=\"wp-image-7266\" width=\"724\" height=\"512\"\/><figcaption>El 8 de marzo revindica la igualdad en tu empresa<\/figcaption><\/figure><\/div>\n\n<p>Aunque en los \u00faltimos a\u00f1os ha aumentado la sensibilidad hacia la igualdad de g\u00e9nero y de oportunidades, aunque hay una desigualdad notable en la participaci\u00f3n de las mujeres en posiciones directivas en las empresas. En la peque\u00f1a y mediana empresa, que supone el 95% del tejido empresarial del pa\u00eds, actualmente s\u00f3lo el 26% de ellas cuentan con m\u00e1s de un 40% de mujeres en sus consejos de administraci\u00f3n. Un dato que muestra la infrarrepresentaci\u00f3n femenina en los cargos de responsabilidad. Adem\u00e1s, s\u00f3lo el 2,8% de los CEO son mujeres.<\/p>\n\n<p>Actualmente son muchas las empresas que desarrollan Planes de Igualdad y promueven diferentes iniciativas para fomentar la igualdad en el entorno laboral, pero a\u00fan hay mucho trabajo por hacer. Aunque en los \u00faltimos a\u00f1os se ha reducido la brecha salarial, que desde 2010 acumula una ca\u00edda de 4,5 puntos, el Instituto Nacional de Estad\u00edstica (INE) apunta que las mujeres todav\u00eda cobran un 22% menos que los hombres. Adem\u00e1s, hay que tener en cuenta que la tasa de desempleo es m\u00e1s alta en el colectivo femenino y que concentran m\u00e1s del 70% de las jornadas parciales.<\/p>\n\n<h3 class=\"wp-block-heading\"><strong><u>Planes de Igualdad en las empresas<\/u><\/strong><\/h3>\n\n<p>Estos datos demuestran que todav\u00eda hay mucho camino por recorrer. Por ello es imprescindible continuar impulsando actuaciones para combatir la brecha salarial de g\u00e9nero y para que las mujeres est\u00e9n presentes en todos los \u00e1mbitos de decisi\u00f3n: pol\u00edtico, social, cultural y econ\u00f3mico.<\/p>\n\n<p>Adem\u00e1s de las medidas que se toman a escala pol\u00edtica, es necesario que las empresas se impliquen en fomentar la igualdad de g\u00e9nero y fomenten la promoci\u00f3n de mujeres en cargos de responsabilidad. Pero no s\u00f3lo eso, sino que tambi\u00e9n es necesario que promuevan peque\u00f1as acciones en el d\u00eda a d\u00eda para que las mujeres sean reconocidas profesionalmente. Es imprescindible luchar contra la discriminaci\u00f3n de g\u00e9nero en los procesos de selecci\u00f3n y contrataci\u00f3n, la promoci\u00f3n profesional, la conciliaci\u00f3n familiar y laboral o la prevenci\u00f3n del acoso sexual por raz\u00f3n de sexo.<\/p>\n\n<h3 class=\"wp-block-heading\"><strong><u>Apuesta para llevar a cabo iniciativas que promuevan la igualdad<\/u><\/strong><\/h3>\n\n<p>Aprovecha la celebraci\u00f3n del D\u00eda Internacional de la Mujer para llevar a cabo acciones enfocadas a promover la igualdad en el entorno laboral o para presentar un marco de actividades de sensibilizaci\u00f3n dentro del Plan de Igualdad que ya est\u00e9 implantado en tu compa\u00f1\u00eda. Aunque la Igualdad se debe promover d\u00eda a d\u00eda, el 8 de marzo es una fecha significativa para que tu empresa vaya m\u00e1s all\u00e1 en la adopci\u00f3n de medidas espec\u00edficas a favor de las mujeres para corregir situaciones de clara desigualdad.<\/p>\n\n<p>El equipo de Plataforma de Comunicaci\u00f3n est\u00e1 muy implicado en la lucha por la igualdad y queremos ayudarte a reivindicarla este 8 de marzo. Por eso te ofrecemos una serie de acciones y servicios para trabajar para que la igualdad de g\u00e9nero y de oportunidades est\u00e9 presente los 365 d\u00edas del a\u00f1o.<\/p>\n\n<p>Seas una empresa grande o peque\u00f1a y tengas un Plan de Igualdad implantado o no hayas desarrollado ninguna medida de este tipo, \u00a1tenemos una propuesta para ti! Haz que este 8 de marzo se reivindique la figura de la mujer en tu empresa de una forma amable y amena para sensibilizar sobre la importancia y la necesidad de promover la igualdad de oportunidades para todos.&#13;\n&#13;\nEn Plataforma de Comunicaci\u00f3n nos adaptamos a tus necesidades y<strong> creamos proyectos totalmente personalizados<\/strong>. Contacta con nosotros y te haremos una <strong>propuesta a medida<\/strong>.<\/p>\n","protected":false},"excerpt":{"rendered":"<p>A lo largo de las \u00faltimas d\u00e9cadas, la incorporaci\u00f3n de la mujer al mundo laboral ha avanzado a un ritmo vertiginoso y actualmente su papel dentro de las empresas ya representa la mitad de la poblaci\u00f3n activa. Desgraciadamente, todav\u00eda se encuentra en una situaci\u00f3n m\u00e1s vulnerable, con sueldos m\u00e1s bajos y un dif\u00edcil acceso a [&hellip;]<\/p>\n","protected":false},"author":2,"featured_media":7267,"comment_status":"open","ping_status":"open","sticky":false,"template":"","format":"standard","meta":{"footnotes":""},"categories":[55,56],"tags":[156,159,158,157,155,154],"class_list":["post-9295","post","type-post","status-publish","format-standard","has-post-thumbnail","hentry","category-comunicacio-es","category-news-es","tag-8-de-marzo","tag-brecha-salarial","tag-dia-de-la-mujer","tag-dia-internacional-de-la-mujer","tag-igualdad-empresa","tag-plan-de-igualdad"],"yoast_head":"<!-- This site is optimized with the Yoast SEO plugin v26.1 - https:\/\/yoast.com\/wordpress\/plugins\/seo\/ -->\n<title>Este 8 de marzo reivindica la igualdad en tu empresa<\/title>\n<meta name=\"description\" content=\"En La Plataforma te ofrecemos una serie de acciones, servicios e iniciativas de sensibilizaci\u00f3n para promover la igualdad de g\u00e9nero en tu empresa.\" \/>\n<meta name=\"robots\" content=\"index, follow, max-snippet:-1, max-image-preview:large, max-video-preview:-1\" \/>\n<link rel=\"canonical\" href=\"https:\/\/www.plataformadecomunicacio.com\/es\/este-8-de-marzo-reivindica-la-igualdad-en-tu-empresa\/\" \/>\n<meta property=\"og:locale\" content=\"es_ES\" \/>\n<meta property=\"og:type\" content=\"article\" \/>\n<meta property=\"og:title\" content=\"Este 8 de marzo reivindica la igualdad en tu empresa\" \/>\n<meta property=\"og:description\" content=\"En La Plataforma te ofrecemos una serie de acciones, servicios e iniciativas de sensibilizaci\u00f3n para promover la igualdad de g\u00e9nero en tu empresa.\" \/>\n<meta property=\"og:url\" content=\"https:\/\/www.plataformadecomunicacio.com\/es\/este-8-de-marzo-reivindica-la-igualdad-en-tu-empresa\/\" \/>\n<meta property=\"og:site_name\" content=\"Plataforma de comunicaci\u00f3\" \/>\n<meta property=\"article:publisher\" content=\"https:\/\/www.facebook.com\/plataformadecomunicacio\/\" \/>\n<meta property=\"article:published_time\" content=\"2021-06-08T09:56:31+00:00\" \/>\n<meta property=\"article:modified_time\" content=\"2021-06-08T09:56:32+00:00\" \/>\n<meta property=\"og:image\" content=\"https:\/\/www.plataformadecomunicacio.com\/wp-content\/uploads\/2020\/02\/8-de-mar\u00e7.jpg\" \/>\n\t<meta property=\"og:image:width\" content=\"2000\" \/>\n\t<meta property=\"og:image:height\" content=\"1414\" \/>\n\t<meta property=\"og:image:type\" content=\"image\/jpeg\" \/>\n<meta name=\"author\" content=\"Plataforma de Comunicaci\u00f3\" \/>\n<meta name=\"twitter:card\" content=\"summary_large_image\" \/>\n<meta name=\"twitter:creator\" content=\"@PlataformadeCom\" \/>\n<meta name=\"twitter:site\" content=\"@PlataformadeCom\" \/>\n<meta name=\"twitter:label1\" content=\"Escrito por\" \/>\n\t<meta name=\"twitter:data1\" content=\"Plataforma de Comunicaci\u00f3\" \/>\n\t<meta name=\"twitter:label2\" content=\"Tiempo de lectura\" \/>\n\t<meta name=\"twitter:data2\" content=\"3 minutos\" \/>\n<script type=\"application\/ld+json\" class=\"yoast-schema-graph\">{\"@context\":\"https:\/\/schema.org\",\"@graph\":[{\"@type\":\"Article\",\"@id\":\"https:\/\/www.plataformadecomunicacio.com\/es\/este-8-de-marzo-reivindica-la-igualdad-en-tu-empresa\/#article\",\"isPartOf\":{\"@id\":\"https:\/\/www.plataformadecomunicacio.com\/es\/este-8-de-marzo-reivindica-la-igualdad-en-tu-empresa\/\"},\"author\":{\"name\":\"Plataforma de Comunicaci\u00f3\",\"@id\":\"https:\/\/www.plataformadecomunicacio.com\/#\/schema\/person\/a10597ea5a25cad7b4aac14e6a1672ed\"},\"headline\":\"Este 8 de marzo reivindica la igualdad en tu empresa\",\"datePublished\":\"2021-06-08T09:56:31+00:00\",\"dateModified\":\"2021-06-08T09:56:32+00:00\",\"mainEntityOfPage\":{\"@id\":\"https:\/\/www.plataformadecomunicacio.com\/es\/este-8-de-marzo-reivindica-la-igualdad-en-tu-empresa\/\"},\"wordCount\":692,\"commentCount\":0,\"publisher\":{\"@id\":\"https:\/\/www.plataformadecomunicacio.com\/#organization\"},\"image\":{\"@id\":\"https:\/\/www.plataformadecomunicacio.com\/es\/este-8-de-marzo-reivindica-la-igualdad-en-tu-empresa\/#primaryimage\"},\"thumbnailUrl\":\"https:\/\/www.plataformadecomunicacio.com\/wp-content\/uploads\/2020\/02\/8-de-mar\u00e7.jpg\",\"keywords\":[\"8 de marzo\",\"brecha salarial\",\"d\u00eda de la mujer\",\"D\u00eda Internacional de la mujer\",\"Igualdad empresa\",\"Plan de igualdad\"],\"articleSection\":[\"Comunicaci\u00f3\",\"News\"],\"inLanguage\":\"es\",\"potentialAction\":[{\"@type\":\"CommentAction\",\"name\":\"Comment\",\"target\":[\"https:\/\/www.plataformadecomunicacio.com\/es\/este-8-de-marzo-reivindica-la-igualdad-en-tu-empresa\/#respond\"]}]},{\"@type\":\"WebPage\",\"@id\":\"https:\/\/www.plataformadecomunicacio.com\/es\/este-8-de-marzo-reivindica-la-igualdad-en-tu-empresa\/\",\"url\":\"https:\/\/www.plataformadecomunicacio.com\/es\/este-8-de-marzo-reivindica-la-igualdad-en-tu-empresa\/\",\"name\":\"Este 8 de marzo reivindica la igualdad en tu empresa\",\"isPartOf\":{\"@id\":\"https:\/\/www.plataformadecomunicacio.com\/#website\"},\"primaryImageOfPage\":{\"@id\":\"https:\/\/www.plataformadecomunicacio.com\/es\/este-8-de-marzo-reivindica-la-igualdad-en-tu-empresa\/#primaryimage\"},\"image\":{\"@id\":\"https:\/\/www.plataformadecomunicacio.com\/es\/este-8-de-marzo-reivindica-la-igualdad-en-tu-empresa\/#primaryimage\"},\"thumbnailUrl\":\"https:\/\/www.plataformadecomunicacio.com\/wp-content\/uploads\/2020\/02\/8-de-mar\u00e7.jpg\",\"datePublished\":\"2021-06-08T09:56:31+00:00\",\"dateModified\":\"2021-06-08T09:56:32+00:00\",\"description\":\"En La Plataforma te ofrecemos una serie de acciones, servicios e iniciativas de sensibilizaci\u00f3n para promover la igualdad de g\u00e9nero en tu empresa.\",\"breadcrumb\":{\"@id\":\"https:\/\/www.plataformadecomunicacio.com\/es\/este-8-de-marzo-reivindica-la-igualdad-en-tu-empresa\/#breadcrumb\"},\"inLanguage\":\"es\",\"potentialAction\":[{\"@type\":\"ReadAction\",\"target\":[\"https:\/\/www.plataformadecomunicacio.com\/es\/este-8-de-marzo-reivindica-la-igualdad-en-tu-empresa\/\"]}]},{\"@type\":\"ImageObject\",\"inLanguage\":\"es\",\"@id\":\"https:\/\/www.plataformadecomunicacio.com\/es\/este-8-de-marzo-reivindica-la-igualdad-en-tu-empresa\/#primaryimage\",\"url\":\"https:\/\/www.plataformadecomunicacio.com\/wp-content\/uploads\/2020\/02\/8-de-mar\u00e7.jpg\",\"contentUrl\":\"https:\/\/www.plataformadecomunicacio.com\/wp-content\/uploads\/2020\/02\/8-de-mar\u00e7.jpg\",\"width\":2000,\"height\":1414,\"caption\":\"revindica la igualdad de g\u00e9nero\"},{\"@type\":\"BreadcrumbList\",\"@id\":\"https:\/\/www.plataformadecomunicacio.com\/es\/este-8-de-marzo-reivindica-la-igualdad-en-tu-empresa\/#breadcrumb\",\"itemListElement\":[{\"@type\":\"ListItem\",\"position\":1,\"name\":\"Home\",\"item\":\"https:\/\/www.plataformadecomunicacio.com\/es\/inicio\/\"},{\"@type\":\"ListItem\",\"position\":2,\"name\":\"Este 8 de marzo reivindica la igualdad en tu empresa\"}]},{\"@type\":\"WebSite\",\"@id\":\"https:\/\/www.plataformadecomunicacio.com\/#website\",\"url\":\"https:\/\/www.plataformadecomunicacio.com\/\",\"name\":\"Plataforma de comunicaci\u00f3\",\"description\":\"Comuniquem junts\",\"publisher\":{\"@id\":\"https:\/\/www.plataformadecomunicacio.com\/#organization\"},\"potentialAction\":[{\"@type\":\"SearchAction\",\"target\":{\"@type\":\"EntryPoint\",\"urlTemplate\":\"https:\/\/www.plataformadecomunicacio.com\/?s={search_term_string}\"},\"query-input\":{\"@type\":\"PropertyValueSpecification\",\"valueRequired\":true,\"valueName\":\"search_term_string\"}}],\"inLanguage\":\"es\"},{\"@type\":\"Organization\",\"@id\":\"https:\/\/www.plataformadecomunicacio.com\/#organization\",\"name\":\"Plataforma de comunicaci\u00f3\",\"url\":\"https:\/\/www.plataformadecomunicacio.com\/\",\"logo\":{\"@type\":\"ImageObject\",\"inLanguage\":\"es\",\"@id\":\"https:\/\/www.plataformadecomunicacio.com\/#\/schema\/logo\/image\/\",\"url\":\"https:\/\/www.plataformadecomunicacio.com\/wp-content\/uploads\/2019\/02\/Logo_plataforma.png\",\"contentUrl\":\"https:\/\/www.plataformadecomunicacio.com\/wp-content\/uploads\/2019\/02\/Logo_plataforma.png\",\"width\":505,\"height\":320,\"caption\":\"Plataforma de comunicaci\u00f3\"},\"image\":{\"@id\":\"https:\/\/www.plataformadecomunicacio.com\/#\/schema\/logo\/image\/\"},\"sameAs\":[\"https:\/\/www.facebook.com\/plataformadecomunicacio\/\",\"https:\/\/x.com\/PlataformadeCom\",\"https:\/\/www.linkedin.com\/company\/plataforma-de-comunicaci\u00f3\/\",\"https:\/\/www.youtube.com\/channel\/UCQ4-7CGw0atul0BbEAN5S9w\"]},{\"@type\":\"Person\",\"@id\":\"https:\/\/www.plataformadecomunicacio.com\/#\/schema\/person\/a10597ea5a25cad7b4aac14e6a1672ed\",\"name\":\"Plataforma de Comunicaci\u00f3\",\"image\":{\"@type\":\"ImageObject\",\"inLanguage\":\"es\",\"@id\":\"https:\/\/www.plataformadecomunicacio.com\/#\/schema\/person\/image\/\",\"url\":\"https:\/\/secure.gravatar.com\/avatar\/cd26adb9e219d2135afc19eaeefcbaa63ae195f53dcce0bebf04fcc05c3dc7b4?s=96&d=mm&r=g\",\"contentUrl\":\"https:\/\/secure.gravatar.com\/avatar\/cd26adb9e219d2135afc19eaeefcbaa63ae195f53dcce0bebf04fcc05c3dc7b4?s=96&d=mm&r=g\",\"caption\":\"Plataforma de Comunicaci\u00f3\"},\"sameAs\":[\"http:\/\/plataformadecomunicacio.com\"],\"url\":\"https:\/\/www.plataformadecomunicacio.com\/es\/author\/plataforma\/\"}]}<\/script>\n<!-- \/ Yoast SEO plugin. -->","yoast_head_json":{"title":"Este 8 de marzo reivindica la igualdad en tu empresa","description":"En La Plataforma te ofrecemos una serie de acciones, servicios e iniciativas de sensibilizaci\u00f3n para promover la igualdad de g\u00e9nero en tu empresa.","robots":{"index":"index","follow":"follow","max-snippet":"max-snippet:-1","max-image-preview":"max-image-preview:large","max-video-preview":"max-video-preview:-1"},"canonical":"https:\/\/www.plataformadecomunicacio.com\/es\/este-8-de-marzo-reivindica-la-igualdad-en-tu-empresa\/","og_locale":"es_ES","og_type":"article","og_title":"Este 8 de marzo reivindica la igualdad en tu empresa","og_description":"En La Plataforma te ofrecemos una serie de acciones, servicios e iniciativas de sensibilizaci\u00f3n para promover la igualdad de g\u00e9nero en tu empresa.","og_url":"https:\/\/www.plataformadecomunicacio.com\/es\/este-8-de-marzo-reivindica-la-igualdad-en-tu-empresa\/","og_site_name":"Plataforma de comunicaci\u00f3","article_publisher":"https:\/\/www.facebook.com\/plataformadecomunicacio\/","article_published_time":"2021-06-08T09:56:31+00:00","article_modified_time":"2021-06-08T09:56:32+00:00","og_image":[{"width":2000,"height":1414,"url":"https:\/\/www.plataformadecomunicacio.com\/wp-content\/uploads\/2020\/02\/8-de-mar\u00e7.jpg","type":"image\/jpeg"}],"author":"Plataforma de Comunicaci\u00f3","twitter_card":"summary_large_image","twitter_creator":"@PlataformadeCom","twitter_site":"@PlataformadeCom","twitter_misc":{"Escrito por":"Plataforma de Comunicaci\u00f3","Tiempo de lectura":"3 minutos"},"schema":{"@context":"https:\/\/schema.org","@graph":[{"@type":"Article","@id":"https:\/\/www.plataformadecomunicacio.com\/es\/este-8-de-marzo-reivindica-la-igualdad-en-tu-empresa\/#article","isPartOf":{"@id":"https:\/\/www.plataformadecomunicacio.com\/es\/este-8-de-marzo-reivindica-la-igualdad-en-tu-empresa\/"},"author":{"name":"Plataforma de Comunicaci\u00f3","@id":"https:\/\/www.plataformadecomunicacio.com\/#\/schema\/person\/a10597ea5a25cad7b4aac14e6a1672ed"},"headline":"Este 8 de marzo reivindica la igualdad en tu empresa","datePublished":"2021-06-08T09:56:31+00:00","dateModified":"2021-06-08T09:56:32+00:00","mainEntityOfPage":{"@id":"https:\/\/www.plataformadecomunicacio.com\/es\/este-8-de-marzo-reivindica-la-igualdad-en-tu-empresa\/"},"wordCount":692,"commentCount":0,"publisher":{"@id":"https:\/\/www.plataformadecomunicacio.com\/#organization"},"image":{"@id":"https:\/\/www.plataformadecomunicacio.com\/es\/este-8-de-marzo-reivindica-la-igualdad-en-tu-empresa\/#primaryimage"},"thumbnailUrl":"https:\/\/www.plataformadecomunicacio.com\/wp-content\/uploads\/2020\/02\/8-de-mar\u00e7.jpg","keywords":["8 de marzo","brecha salarial","d\u00eda de la mujer","D\u00eda Internacional de la mujer","Igualdad empresa","Plan de igualdad"],"articleSection":["Comunicaci\u00f3","News"],"inLanguage":"es","potentialAction":[{"@type":"CommentAction","name":"Comment","target":["https:\/\/www.plataformadecomunicacio.com\/es\/este-8-de-marzo-reivindica-la-igualdad-en-tu-empresa\/#respond"]}]},{"@type":"WebPage","@id":"https:\/\/www.plataformadecomunicacio.com\/es\/este-8-de-marzo-reivindica-la-igualdad-en-tu-empresa\/","url":"https:\/\/www.plataformadecomunicacio.com\/es\/este-8-de-marzo-reivindica-la-igualdad-en-tu-empresa\/","name":"Este 8 de marzo reivindica la igualdad en tu empresa","isPartOf":{"@id":"https:\/\/www.plataformadecomunicacio.com\/#website"},"primaryImageOfPage":{"@id":"https:\/\/www.plataformadecomunicacio.com\/es\/este-8-de-marzo-reivindica-la-igualdad-en-tu-empresa\/#primaryimage"},"image":{"@id":"https:\/\/www.plataformadecomunicacio.com\/es\/este-8-de-marzo-reivindica-la-igualdad-en-tu-empresa\/#primaryimage"},"thumbnailUrl":"https:\/\/www.plataformadecomunicacio.com\/wp-content\/uploads\/2020\/02\/8-de-mar\u00e7.jpg","datePublished":"2021-06-08T09:56:31+00:00","dateModified":"2021-06-08T09:56:32+00:00","description":"En La Plataforma te ofrecemos una serie de acciones, servicios e iniciativas de sensibilizaci\u00f3n para promover la igualdad de g\u00e9nero en tu empresa.","breadcrumb":{"@id":"https:\/\/www.plataformadecomunicacio.com\/es\/este-8-de-marzo-reivindica-la-igualdad-en-tu-empresa\/#breadcrumb"},"inLanguage":"es","potentialAction":[{"@type":"ReadAction","target":["https:\/\/www.plataformadecomunicacio.com\/es\/este-8-de-marzo-reivindica-la-igualdad-en-tu-empresa\/"]}]},{"@type":"ImageObject","inLanguage":"es","@id":"https:\/\/www.plataformadecomunicacio.com\/es\/este-8-de-marzo-reivindica-la-igualdad-en-tu-empresa\/#primaryimage","url":"https:\/\/www.plataformadecomunicacio.com\/wp-content\/uploads\/2020\/02\/8-de-mar\u00e7.jpg","contentUrl":"https:\/\/www.plataformadecomunicacio.com\/wp-content\/uploads\/2020\/02\/8-de-mar\u00e7.jpg","width":2000,"height":1414,"caption":"revindica la igualdad de g\u00e9nero"},{"@type":"BreadcrumbList","@id":"https:\/\/www.plataformadecomunicacio.com\/es\/este-8-de-marzo-reivindica-la-igualdad-en-tu-empresa\/#breadcrumb","itemListElement":[{"@type":"ListItem","position":1,"name":"Home","item":"https:\/\/www.plataformadecomunicacio.com\/es\/inicio\/"},{"@type":"ListItem","position":2,"name":"Este 8 de marzo reivindica la igualdad en tu empresa"}]},{"@type":"WebSite","@id":"https:\/\/www.plataformadecomunicacio.com\/#website","url":"https:\/\/www.plataformadecomunicacio.com\/","name":"Plataforma de comunicaci\u00f3","description":"Comuniquem junts","publisher":{"@id":"https:\/\/www.plataformadecomunicacio.com\/#organization"},"potentialAction":[{"@type":"SearchAction","target":{"@type":"EntryPoint","urlTemplate":"https:\/\/www.plataformadecomunicacio.com\/?s={search_term_string}"},"query-input":{"@type":"PropertyValueSpecification","valueRequired":true,"valueName":"search_term_string"}}],"inLanguage":"es"},{"@type":"Organization","@id":"https:\/\/www.plataformadecomunicacio.com\/#organization","name":"Plataforma de comunicaci\u00f3","url":"https:\/\/www.plataformadecomunicacio.com\/","logo":{"@type":"ImageObject","inLanguage":"es","@id":"https:\/\/www.plataformadecomunicacio.com\/#\/schema\/logo\/image\/","url":"https:\/\/www.plataformadecomunicacio.com\/wp-content\/uploads\/2019\/02\/Logo_plataforma.png","contentUrl":"https:\/\/www.plataformadecomunicacio.com\/wp-content\/uploads\/2019\/02\/Logo_plataforma.png","width":505,"height":320,"caption":"Plataforma de comunicaci\u00f3"},"image":{"@id":"https:\/\/www.plataformadecomunicacio.com\/#\/schema\/logo\/image\/"},"sameAs":["https:\/\/www.facebook.com\/plataformadecomunicacio\/","https:\/\/x.com\/PlataformadeCom","https:\/\/www.linkedin.com\/company\/plataforma-de-comunicaci\u00f3\/","https:\/\/www.youtube.com\/channel\/UCQ4-7CGw0atul0BbEAN5S9w"]},{"@type":"Person","@id":"https:\/\/www.plataformadecomunicacio.com\/#\/schema\/person\/a10597ea5a25cad7b4aac14e6a1672ed","name":"Plataforma de Comunicaci\u00f3","image":{"@type":"ImageObject","inLanguage":"es","@id":"https:\/\/www.plataformadecomunicacio.com\/#\/schema\/person\/image\/","url":"https:\/\/secure.gravatar.com\/avatar\/cd26adb9e219d2135afc19eaeefcbaa63ae195f53dcce0bebf04fcc05c3dc7b4?s=96&d=mm&r=g","contentUrl":"https:\/\/secure.gravatar.com\/avatar\/cd26adb9e219d2135afc19eaeefcbaa63ae195f53dcce0bebf04fcc05c3dc7b4?s=96&d=mm&r=g","caption":"Plataforma de Comunicaci\u00f3"},"sameAs":["http:\/\/plataformadecomunicacio.com"],"url":"https:\/\/www.plataformadecomunicacio.com\/es\/author\/plataforma\/"}]}},"_links":{"self":[{"href":"https:\/\/www.plataformadecomunicacio.com\/es\/wp-json\/wp\/v2\/posts\/9295","targetHints":{"allow":["GET"]}}],"collection":[{"href":"https:\/\/www.plataformadecomunicacio.com\/es\/wp-json\/wp\/v2\/posts"}],"about":[{"href":"https:\/\/www.plataformadecomunicacio.com\/es\/wp-json\/wp\/v2\/types\/post"}],"author":[{"embeddable":true,"href":"https:\/\/www.plataformadecomunicacio.com\/es\/wp-json\/wp\/v2\/users\/2"}],"replies":[{"embeddable":true,"href":"https:\/\/www.plataformadecomunicacio.com\/es\/wp-json\/wp\/v2\/comments?post=9295"}],"version-history":[{"count":1,"href":"https:\/\/www.plataformadecomunicacio.com\/es\/wp-json\/wp\/v2\/posts\/9295\/revisions"}],"predecessor-version":[{"id":9296,"href":"https:\/\/www.plataformadecomunicacio.com\/es\/wp-json\/wp\/v2\/posts\/9295\/revisions\/9296"}],"wp:featuredmedia":[{"embeddable":true,"href":"https:\/\/www.plataformadecomunicacio.com\/es\/wp-json\/wp\/v2\/media\/7267"}],"wp:attachment":[{"href":"https:\/\/www.plataformadecomunicacio.com\/es\/wp-json\/wp\/v2\/media?parent=9295"}],"wp:term":[{"taxonomy":"category","embeddable":true,"href":"https:\/\/www.plataformadecomunicacio.com\/es\/wp-json\/wp\/v2\/categories?post=9295"},{"taxonomy":"post_tag","embeddable":true,"href":"https:\/\/www.plataformadecomunicacio.com\/es\/wp-json\/wp\/v2\/tags?post=9295"}],"curies":[{"name":"wp","href":"https:\/\/api.w.org\/{rel}","templated":true}]}}