{"id":9299,"date":"2021-06-08T10:15:30","date_gmt":"2021-06-08T10:15:30","guid":{"rendered":"https:\/\/www.plataformadecomunicacio.com\/la-comunicacion-cobra-protagonismo-en-tiempos-de-crisis\/"},"modified":"2021-06-08T10:15:31","modified_gmt":"2021-06-08T10:15:31","slug":"la-comunicacion-cobra-protagonismo-en-tiempos-de-crisis","status":"publish","type":"post","link":"https:\/\/www.plataformadecomunicacio.com\/es\/la-comunicacion-cobra-protagonismo-en-tiempos-de-crisis\/","title":{"rendered":"La comunicaci\u00f3n cobra protagonismo en tiempos de crisis"},"content":{"rendered":"<section  class='av_textblock_section av-k8zxjeuj-56bccfba1868124bd42e7ff708500924'  itemscope=\"itemscope\" itemtype=\"https:\/\/schema.org\/BlogPosting\" itemprop=\"blogPost\" ><div class='avia_textblock'  itemprop=\"text\" ><p><strong>L&#8217;estrat\u00e8gia que seguim per a comunicar-nos tant interna com externament definir\u00e0 la resposta de clients i treballadors.<\/strong><\/p>\n<p>Les persones, les empreses, les ciutats\u2026 la societat en general ha alterat els seus ritmes habituals per a fer front a la pand\u00e8mia del COVID-19 i \u00e9s en moments de canvi i, especialment, en temps de crisi, on la comunicaci\u00f3 corporativa, tant interna com externa, adquireix m\u00e9s rellev\u00e0ncia que mai.<\/p>\n<p>El silenci davant els esdeveniments pot tenir un impacte negatiu en clients, treballadors i mitjans. En canvi, <strong>una correcta estrat\u00e8gia de comunicaci\u00f3 ajuda a protegir la marca en temps de crisi<\/strong> i demostra l&#8217;inter\u00e8s de la companyia a adaptar-se als canvis i buscar solucions.<\/p>\n<p><img loading=\"lazy\" decoding=\"async\" class=\"wp-image-8798 aligncenter\" src=\"https:\/\/www.plataformadecomunicacio.com\/wp-content\/uploads\/2020\/04\/92006949_2543250672671119_1176707626197581824_o-300x169.jpg\" alt=\"\" width=\"497\" height=\"280\" srcset=\"https:\/\/www.plataformadecomunicacio.com\/wp-content\/uploads\/2020\/04\/92006949_2543250672671119_1176707626197581824_o-300x169.jpg 300w, https:\/\/www.plataformadecomunicacio.com\/wp-content\/uploads\/2020\/04\/92006949_2543250672671119_1176707626197581824_o-768x432.jpg 768w, https:\/\/www.plataformadecomunicacio.com\/wp-content\/uploads\/2020\/04\/92006949_2543250672671119_1176707626197581824_o-705x397.jpg 705w, https:\/\/www.plataformadecomunicacio.com\/wp-content\/uploads\/2020\/04\/92006949_2543250672671119_1176707626197581824_o-450x253.jpg 450w, https:\/\/www.plataformadecomunicacio.com\/wp-content\/uploads\/2020\/04\/92006949_2543250672671119_1176707626197581824_o.jpg 959w\" sizes=\"auto, (max-width: 497px) 100vw, 497px\" \/><\/p>\n<h4>Comunicaci\u00f3 externa<\/h4>\n<p>\u00c9s important <strong>comunicar<\/strong> com m\u00e9s aviat millor <strong>a clients i prove\u00efdors les mesures que l&#8217;empresa ha pres<\/strong> i l&#8217;afectaci\u00f3 que pot tenir per a ells. Conv\u00e9 <strong>ser proactius i avan\u00e7ar-se als dubtes<\/strong> que puguin sorgir quant a la prestaci\u00f3 dels nostres serveis.<br \/>\nA m\u00e9s, \u00e9s important mantenir l&#8217;activitat en els canals de comunicaci\u00f3 per a traslladar el missatge que seguim aqu\u00ed, amb un contingut que aporti valor.<\/p>\n<h4>Comunicaci\u00f3 interna<\/h4>\n<p>En situacions complexes com la crisi del coronavirus es genera por i ansietat en la plantilla, per la qual cosa \u00e9s recomanable <strong>comunicar com m\u00e9s aviat millor les decisions i fer-ho amb transpar\u00e8ncia<\/strong>, tenir informats als treballadors transmet confian\u00e7a. \u00c9s fonamental <strong>transmetre un missatge en clau positiva per ajudar a pal\u00b7liar les males emocions<\/strong> i aconseguir una bona actitud.<\/p>\n<p>Saps com gestionar la comunicaci\u00f3 interna i quines s\u00f3n les claus per aconseguir bons resultats? <a href=\"https:\/\/www.plataformadecomunicacio.com\/es\/cuales-son-los-beneficios-de-tener-una-buena-comunicacion-interna-en-las-empresas\/\">Aqu\u00ed et donem uns quants consells.\u00a0<\/a><\/p>\n<h4>La gesti\u00f3, base de l&#8217;\u00e8xit<\/h4>\n<p>Una bona gesti\u00f3 de la comunicaci\u00f3 en temps de crisi aconseguir\u00e0 que tant treballadors com clients confi\u00efn en la marca, la qual cosa ajudar\u00e0 a superar-la abans. A m\u00e9s, les relacions poden sortir enfortides de cara al futur.<\/p>\n<p>A La Plataforma estem al teu costat per a ajudar-te en els moments bons i en els no tan bons. <a href=\"https:\/\/www.plataformadecomunicacio.com\/es\/contacto\/\">Demana&#8217;ns assessorament.<\/a><\/p>\n<\/div><\/section>\n","protected":false},"excerpt":{"rendered":"","protected":false},"author":2,"featured_media":8799,"comment_status":"open","ping_status":"open","sticky":false,"template":"","format":"standard","meta":{"footnotes":""},"categories":[55,56],"tags":[],"class_list":["post-9299","post","type-post","status-publish","format-standard","has-post-thumbnail","hentry","category-comunicacio-es","category-news-es"],"yoast_head":"<!-- This site is optimized with the Yoast SEO plugin v26.1 - https:\/\/yoast.com\/wordpress\/plugins\/seo\/ -->\n<title>La comunicaci\u00f3n cobra protagonismo en tiempos de crisis<\/title>\n<meta name=\"description\" content=\"La estrategia que seguimos para comunicarnos tanto interna como externamente definir\u00e1 la respuesta de clientes y trabajadores.\" \/>\n<meta name=\"robots\" content=\"index, follow, max-snippet:-1, max-image-preview:large, max-video-preview:-1\" \/>\n<link rel=\"canonical\" href=\"https:\/\/www.plataformadecomunicacio.com\/es\/la-comunicacion-cobra-protagonismo-en-tiempos-de-crisis\/\" \/>\n<meta property=\"og:locale\" content=\"es_ES\" \/>\n<meta property=\"og:type\" content=\"article\" \/>\n<meta property=\"og:title\" content=\"La comunicaci\u00f3n cobra protagonismo en tiempos de crisis\" \/>\n<meta property=\"og:description\" content=\"La estrategia que seguimos para comunicarnos tanto interna como externamente definir\u00e1 la respuesta de clientes y trabajadores.\" \/>\n<meta property=\"og:url\" content=\"https:\/\/www.plataformadecomunicacio.com\/es\/la-comunicacion-cobra-protagonismo-en-tiempos-de-crisis\/\" \/>\n<meta property=\"og:site_name\" content=\"Plataforma de comunicaci\u00f3\" \/>\n<meta property=\"article:publisher\" content=\"https:\/\/www.facebook.com\/plataformadecomunicacio\/\" \/>\n<meta property=\"article:published_time\" content=\"2021-06-08T10:15:30+00:00\" \/>\n<meta property=\"article:modified_time\" content=\"2021-06-08T10:15:31+00:00\" \/>\n<meta property=\"og:image\" content=\"https:\/\/www.plataformadecomunicacio.com\/wp-content\/uploads\/2020\/04\/92006949_2543250672671119_1176707626197581824_o.jpg\" \/>\n\t<meta property=\"og:image:width\" content=\"959\" \/>\n\t<meta property=\"og:image:height\" content=\"540\" \/>\n\t<meta property=\"og:image:type\" content=\"image\/jpeg\" \/>\n<meta name=\"author\" content=\"Plataforma de Comunicaci\u00f3\" \/>\n<meta name=\"twitter:card\" content=\"summary_large_image\" \/>\n<meta name=\"twitter:creator\" content=\"@PlataformadeCom\" \/>\n<meta name=\"twitter:site\" content=\"@PlataformadeCom\" \/>\n<meta name=\"twitter:label1\" content=\"Escrito por\" \/>\n\t<meta name=\"twitter:data1\" content=\"Plataforma de Comunicaci\u00f3\" \/>\n\t<meta name=\"twitter:label2\" content=\"Tiempo de lectura\" \/>\n\t<meta name=\"twitter:data2\" content=\"2 minutos\" \/>\n<script type=\"application\/ld+json\" class=\"yoast-schema-graph\">{\"@context\":\"https:\/\/schema.org\",\"@graph\":[{\"@type\":\"Article\",\"@id\":\"https:\/\/www.plataformadecomunicacio.com\/es\/la-comunicacion-cobra-protagonismo-en-tiempos-de-crisis\/#article\",\"isPartOf\":{\"@id\":\"https:\/\/www.plataformadecomunicacio.com\/es\/la-comunicacion-cobra-protagonismo-en-tiempos-de-crisis\/\"},\"author\":{\"name\":\"Plataforma de Comunicaci\u00f3\",\"@id\":\"https:\/\/www.plataformadecomunicacio.com\/#\/schema\/person\/a10597ea5a25cad7b4aac14e6a1672ed\"},\"headline\":\"La comunicaci\u00f3n cobra protagonismo en tiempos de crisis\",\"datePublished\":\"2021-06-08T10:15:30+00:00\",\"dateModified\":\"2021-06-08T10:15:31+00:00\",\"mainEntityOfPage\":{\"@id\":\"https:\/\/www.plataformadecomunicacio.com\/es\/la-comunicacion-cobra-protagonismo-en-tiempos-de-crisis\/\"},\"wordCount\":380,\"commentCount\":0,\"publisher\":{\"@id\":\"https:\/\/www.plataformadecomunicacio.com\/#organization\"},\"image\":{\"@id\":\"https:\/\/www.plataformadecomunicacio.com\/es\/la-comunicacion-cobra-protagonismo-en-tiempos-de-crisis\/#primaryimage\"},\"thumbnailUrl\":\"https:\/\/www.plataformadecomunicacio.com\/wp-content\/uploads\/2020\/04\/92006949_2543250672671119_1176707626197581824_o.jpg\",\"articleSection\":[\"Comunicaci\u00f3\",\"News\"],\"inLanguage\":\"es\",\"potentialAction\":[{\"@type\":\"CommentAction\",\"name\":\"Comment\",\"target\":[\"https:\/\/www.plataformadecomunicacio.com\/es\/la-comunicacion-cobra-protagonismo-en-tiempos-de-crisis\/#respond\"]}]},{\"@type\":\"WebPage\",\"@id\":\"https:\/\/www.plataformadecomunicacio.com\/es\/la-comunicacion-cobra-protagonismo-en-tiempos-de-crisis\/\",\"url\":\"https:\/\/www.plataformadecomunicacio.com\/es\/la-comunicacion-cobra-protagonismo-en-tiempos-de-crisis\/\",\"name\":\"La comunicaci\u00f3n cobra protagonismo en tiempos de crisis\",\"isPartOf\":{\"@id\":\"https:\/\/www.plataformadecomunicacio.com\/#website\"},\"primaryImageOfPage\":{\"@id\":\"https:\/\/www.plataformadecomunicacio.com\/es\/la-comunicacion-cobra-protagonismo-en-tiempos-de-crisis\/#primaryimage\"},\"image\":{\"@id\":\"https:\/\/www.plataformadecomunicacio.com\/es\/la-comunicacion-cobra-protagonismo-en-tiempos-de-crisis\/#primaryimage\"},\"thumbnailUrl\":\"https:\/\/www.plataformadecomunicacio.com\/wp-content\/uploads\/2020\/04\/92006949_2543250672671119_1176707626197581824_o.jpg\",\"datePublished\":\"2021-06-08T10:15:30+00:00\",\"dateModified\":\"2021-06-08T10:15:31+00:00\",\"description\":\"La estrategia que seguimos para comunicarnos tanto interna como externamente definir\u00e1 la respuesta de clientes y trabajadores.\",\"breadcrumb\":{\"@id\":\"https:\/\/www.plataformadecomunicacio.com\/es\/la-comunicacion-cobra-protagonismo-en-tiempos-de-crisis\/#breadcrumb\"},\"inLanguage\":\"es\",\"potentialAction\":[{\"@type\":\"ReadAction\",\"target\":[\"https:\/\/www.plataformadecomunicacio.com\/es\/la-comunicacion-cobra-protagonismo-en-tiempos-de-crisis\/\"]}]},{\"@type\":\"ImageObject\",\"inLanguage\":\"es\",\"@id\":\"https:\/\/www.plataformadecomunicacio.com\/es\/la-comunicacion-cobra-protagonismo-en-tiempos-de-crisis\/#primaryimage\",\"url\":\"https:\/\/www.plataformadecomunicacio.com\/wp-content\/uploads\/2020\/04\/92006949_2543250672671119_1176707626197581824_o.jpg\",\"contentUrl\":\"https:\/\/www.plataformadecomunicacio.com\/wp-content\/uploads\/2020\/04\/92006949_2543250672671119_1176707626197581824_o.jpg\",\"width\":959,\"height\":540,\"caption\":\"comunicaci\u00f3n en tiempos de crisis\"},{\"@type\":\"BreadcrumbList\",\"@id\":\"https:\/\/www.plataformadecomunicacio.com\/es\/la-comunicacion-cobra-protagonismo-en-tiempos-de-crisis\/#breadcrumb\",\"itemListElement\":[{\"@type\":\"ListItem\",\"position\":1,\"name\":\"Home\",\"item\":\"https:\/\/www.plataformadecomunicacio.com\/es\/inicio\/\"},{\"@type\":\"ListItem\",\"position\":2,\"name\":\"La comunicaci\u00f3n cobra protagonismo en tiempos de crisis\"}]},{\"@type\":\"WebSite\",\"@id\":\"https:\/\/www.plataformadecomunicacio.com\/#website\",\"url\":\"https:\/\/www.plataformadecomunicacio.com\/\",\"name\":\"Plataforma de comunicaci\u00f3\",\"description\":\"Comuniquem junts\",\"publisher\":{\"@id\":\"https:\/\/www.plataformadecomunicacio.com\/#organization\"},\"potentialAction\":[{\"@type\":\"SearchAction\",\"target\":{\"@type\":\"EntryPoint\",\"urlTemplate\":\"https:\/\/www.plataformadecomunicacio.com\/?s={search_term_string}\"},\"query-input\":{\"@type\":\"PropertyValueSpecification\",\"valueRequired\":true,\"valueName\":\"search_term_string\"}}],\"inLanguage\":\"es\"},{\"@type\":\"Organization\",\"@id\":\"https:\/\/www.plataformadecomunicacio.com\/#organization\",\"name\":\"Plataforma de comunicaci\u00f3\",\"url\":\"https:\/\/www.plataformadecomunicacio.com\/\",\"logo\":{\"@type\":\"ImageObject\",\"inLanguage\":\"es\",\"@id\":\"https:\/\/www.plataformadecomunicacio.com\/#\/schema\/logo\/image\/\",\"url\":\"https:\/\/www.plataformadecomunicacio.com\/wp-content\/uploads\/2019\/02\/Logo_plataforma.png\",\"contentUrl\":\"https:\/\/www.plataformadecomunicacio.com\/wp-content\/uploads\/2019\/02\/Logo_plataforma.png\",\"width\":505,\"height\":320,\"caption\":\"Plataforma de comunicaci\u00f3\"},\"image\":{\"@id\":\"https:\/\/www.plataformadecomunicacio.com\/#\/schema\/logo\/image\/\"},\"sameAs\":[\"https:\/\/www.facebook.com\/plataformadecomunicacio\/\",\"https:\/\/x.com\/PlataformadeCom\",\"https:\/\/www.linkedin.com\/company\/plataforma-de-comunicaci\u00f3\/\",\"https:\/\/www.youtube.com\/channel\/UCQ4-7CGw0atul0BbEAN5S9w\"]},{\"@type\":\"Person\",\"@id\":\"https:\/\/www.plataformadecomunicacio.com\/#\/schema\/person\/a10597ea5a25cad7b4aac14e6a1672ed\",\"name\":\"Plataforma de Comunicaci\u00f3\",\"image\":{\"@type\":\"ImageObject\",\"inLanguage\":\"es\",\"@id\":\"https:\/\/www.plataformadecomunicacio.com\/#\/schema\/person\/image\/\",\"url\":\"https:\/\/secure.gravatar.com\/avatar\/cd26adb9e219d2135afc19eaeefcbaa63ae195f53dcce0bebf04fcc05c3dc7b4?s=96&d=mm&r=g\",\"contentUrl\":\"https:\/\/secure.gravatar.com\/avatar\/cd26adb9e219d2135afc19eaeefcbaa63ae195f53dcce0bebf04fcc05c3dc7b4?s=96&d=mm&r=g\",\"caption\":\"Plataforma de Comunicaci\u00f3\"},\"sameAs\":[\"http:\/\/plataformadecomunicacio.com\"],\"url\":\"https:\/\/www.plataformadecomunicacio.com\/es\/author\/plataforma\/\"}]}<\/script>\n<!-- \/ Yoast SEO plugin. -->","yoast_head_json":{"title":"La comunicaci\u00f3n cobra protagonismo en tiempos de crisis","description":"La estrategia que seguimos para comunicarnos tanto interna como externamente definir\u00e1 la respuesta de clientes y trabajadores.","robots":{"index":"index","follow":"follow","max-snippet":"max-snippet:-1","max-image-preview":"max-image-preview:large","max-video-preview":"max-video-preview:-1"},"canonical":"https:\/\/www.plataformadecomunicacio.com\/es\/la-comunicacion-cobra-protagonismo-en-tiempos-de-crisis\/","og_locale":"es_ES","og_type":"article","og_title":"La comunicaci\u00f3n cobra protagonismo en tiempos de crisis","og_description":"La estrategia que seguimos para comunicarnos tanto interna como externamente definir\u00e1 la respuesta de clientes y trabajadores.","og_url":"https:\/\/www.plataformadecomunicacio.com\/es\/la-comunicacion-cobra-protagonismo-en-tiempos-de-crisis\/","og_site_name":"Plataforma de comunicaci\u00f3","article_publisher":"https:\/\/www.facebook.com\/plataformadecomunicacio\/","article_published_time":"2021-06-08T10:15:30+00:00","article_modified_time":"2021-06-08T10:15:31+00:00","og_image":[{"width":959,"height":540,"url":"https:\/\/www.plataformadecomunicacio.com\/wp-content\/uploads\/2020\/04\/92006949_2543250672671119_1176707626197581824_o.jpg","type":"image\/jpeg"}],"author":"Plataforma de Comunicaci\u00f3","twitter_card":"summary_large_image","twitter_creator":"@PlataformadeCom","twitter_site":"@PlataformadeCom","twitter_misc":{"Escrito por":"Plataforma de Comunicaci\u00f3","Tiempo de lectura":"2 minutos"},"schema":{"@context":"https:\/\/schema.org","@graph":[{"@type":"Article","@id":"https:\/\/www.plataformadecomunicacio.com\/es\/la-comunicacion-cobra-protagonismo-en-tiempos-de-crisis\/#article","isPartOf":{"@id":"https:\/\/www.plataformadecomunicacio.com\/es\/la-comunicacion-cobra-protagonismo-en-tiempos-de-crisis\/"},"author":{"name":"Plataforma de Comunicaci\u00f3","@id":"https:\/\/www.plataformadecomunicacio.com\/#\/schema\/person\/a10597ea5a25cad7b4aac14e6a1672ed"},"headline":"La comunicaci\u00f3n cobra protagonismo en tiempos de crisis","datePublished":"2021-06-08T10:15:30+00:00","dateModified":"2021-06-08T10:15:31+00:00","mainEntityOfPage":{"@id":"https:\/\/www.plataformadecomunicacio.com\/es\/la-comunicacion-cobra-protagonismo-en-tiempos-de-crisis\/"},"wordCount":380,"commentCount":0,"publisher":{"@id":"https:\/\/www.plataformadecomunicacio.com\/#organization"},"image":{"@id":"https:\/\/www.plataformadecomunicacio.com\/es\/la-comunicacion-cobra-protagonismo-en-tiempos-de-crisis\/#primaryimage"},"thumbnailUrl":"https:\/\/www.plataformadecomunicacio.com\/wp-content\/uploads\/2020\/04\/92006949_2543250672671119_1176707626197581824_o.jpg","articleSection":["Comunicaci\u00f3","News"],"inLanguage":"es","potentialAction":[{"@type":"CommentAction","name":"Comment","target":["https:\/\/www.plataformadecomunicacio.com\/es\/la-comunicacion-cobra-protagonismo-en-tiempos-de-crisis\/#respond"]}]},{"@type":"WebPage","@id":"https:\/\/www.plataformadecomunicacio.com\/es\/la-comunicacion-cobra-protagonismo-en-tiempos-de-crisis\/","url":"https:\/\/www.plataformadecomunicacio.com\/es\/la-comunicacion-cobra-protagonismo-en-tiempos-de-crisis\/","name":"La comunicaci\u00f3n cobra protagonismo en tiempos de crisis","isPartOf":{"@id":"https:\/\/www.plataformadecomunicacio.com\/#website"},"primaryImageOfPage":{"@id":"https:\/\/www.plataformadecomunicacio.com\/es\/la-comunicacion-cobra-protagonismo-en-tiempos-de-crisis\/#primaryimage"},"image":{"@id":"https:\/\/www.plataformadecomunicacio.com\/es\/la-comunicacion-cobra-protagonismo-en-tiempos-de-crisis\/#primaryimage"},"thumbnailUrl":"https:\/\/www.plataformadecomunicacio.com\/wp-content\/uploads\/2020\/04\/92006949_2543250672671119_1176707626197581824_o.jpg","datePublished":"2021-06-08T10:15:30+00:00","dateModified":"2021-06-08T10:15:31+00:00","description":"La estrategia que seguimos para comunicarnos tanto interna como externamente definir\u00e1 la respuesta de clientes y trabajadores.","breadcrumb":{"@id":"https:\/\/www.plataformadecomunicacio.com\/es\/la-comunicacion-cobra-protagonismo-en-tiempos-de-crisis\/#breadcrumb"},"inLanguage":"es","potentialAction":[{"@type":"ReadAction","target":["https:\/\/www.plataformadecomunicacio.com\/es\/la-comunicacion-cobra-protagonismo-en-tiempos-de-crisis\/"]}]},{"@type":"ImageObject","inLanguage":"es","@id":"https:\/\/www.plataformadecomunicacio.com\/es\/la-comunicacion-cobra-protagonismo-en-tiempos-de-crisis\/#primaryimage","url":"https:\/\/www.plataformadecomunicacio.com\/wp-content\/uploads\/2020\/04\/92006949_2543250672671119_1176707626197581824_o.jpg","contentUrl":"https:\/\/www.plataformadecomunicacio.com\/wp-content\/uploads\/2020\/04\/92006949_2543250672671119_1176707626197581824_o.jpg","width":959,"height":540,"caption":"comunicaci\u00f3n en tiempos de crisis"},{"@type":"BreadcrumbList","@id":"https:\/\/www.plataformadecomunicacio.com\/es\/la-comunicacion-cobra-protagonismo-en-tiempos-de-crisis\/#breadcrumb","itemListElement":[{"@type":"ListItem","position":1,"name":"Home","item":"https:\/\/www.plataformadecomunicacio.com\/es\/inicio\/"},{"@type":"ListItem","position":2,"name":"La comunicaci\u00f3n cobra protagonismo en tiempos de crisis"}]},{"@type":"WebSite","@id":"https:\/\/www.plataformadecomunicacio.com\/#website","url":"https:\/\/www.plataformadecomunicacio.com\/","name":"Plataforma de comunicaci\u00f3","description":"Comuniquem junts","publisher":{"@id":"https:\/\/www.plataformadecomunicacio.com\/#organization"},"potentialAction":[{"@type":"SearchAction","target":{"@type":"EntryPoint","urlTemplate":"https:\/\/www.plataformadecomunicacio.com\/?s={search_term_string}"},"query-input":{"@type":"PropertyValueSpecification","valueRequired":true,"valueName":"search_term_string"}}],"inLanguage":"es"},{"@type":"Organization","@id":"https:\/\/www.plataformadecomunicacio.com\/#organization","name":"Plataforma de comunicaci\u00f3","url":"https:\/\/www.plataformadecomunicacio.com\/","logo":{"@type":"ImageObject","inLanguage":"es","@id":"https:\/\/www.plataformadecomunicacio.com\/#\/schema\/logo\/image\/","url":"https:\/\/www.plataformadecomunicacio.com\/wp-content\/uploads\/2019\/02\/Logo_plataforma.png","contentUrl":"https:\/\/www.plataformadecomunicacio.com\/wp-content\/uploads\/2019\/02\/Logo_plataforma.png","width":505,"height":320,"caption":"Plataforma de comunicaci\u00f3"},"image":{"@id":"https:\/\/www.plataformadecomunicacio.com\/#\/schema\/logo\/image\/"},"sameAs":["https:\/\/www.facebook.com\/plataformadecomunicacio\/","https:\/\/x.com\/PlataformadeCom","https:\/\/www.linkedin.com\/company\/plataforma-de-comunicaci\u00f3\/","https:\/\/www.youtube.com\/channel\/UCQ4-7CGw0atul0BbEAN5S9w"]},{"@type":"Person","@id":"https:\/\/www.plataformadecomunicacio.com\/#\/schema\/person\/a10597ea5a25cad7b4aac14e6a1672ed","name":"Plataforma de Comunicaci\u00f3","image":{"@type":"ImageObject","inLanguage":"es","@id":"https:\/\/www.plataformadecomunicacio.com\/#\/schema\/person\/image\/","url":"https:\/\/secure.gravatar.com\/avatar\/cd26adb9e219d2135afc19eaeefcbaa63ae195f53dcce0bebf04fcc05c3dc7b4?s=96&d=mm&r=g","contentUrl":"https:\/\/secure.gravatar.com\/avatar\/cd26adb9e219d2135afc19eaeefcbaa63ae195f53dcce0bebf04fcc05c3dc7b4?s=96&d=mm&r=g","caption":"Plataforma de Comunicaci\u00f3"},"sameAs":["http:\/\/plataformadecomunicacio.com"],"url":"https:\/\/www.plataformadecomunicacio.com\/es\/author\/plataforma\/"}]}},"_links":{"self":[{"href":"https:\/\/www.plataformadecomunicacio.com\/es\/wp-json\/wp\/v2\/posts\/9299","targetHints":{"allow":["GET"]}}],"collection":[{"href":"https:\/\/www.plataformadecomunicacio.com\/es\/wp-json\/wp\/v2\/posts"}],"about":[{"href":"https:\/\/www.plataformadecomunicacio.com\/es\/wp-json\/wp\/v2\/types\/post"}],"author":[{"embeddable":true,"href":"https:\/\/www.plataformadecomunicacio.com\/es\/wp-json\/wp\/v2\/users\/2"}],"replies":[{"embeddable":true,"href":"https:\/\/www.plataformadecomunicacio.com\/es\/wp-json\/wp\/v2\/comments?post=9299"}],"version-history":[{"count":2,"href":"https:\/\/www.plataformadecomunicacio.com\/es\/wp-json\/wp\/v2\/posts\/9299\/revisions"}],"predecessor-version":[{"id":9301,"href":"https:\/\/www.plataformadecomunicacio.com\/es\/wp-json\/wp\/v2\/posts\/9299\/revisions\/9301"}],"wp:featuredmedia":[{"embeddable":true,"href":"https:\/\/www.plataformadecomunicacio.com\/es\/wp-json\/wp\/v2\/media\/8799"}],"wp:attachment":[{"href":"https:\/\/www.plataformadecomunicacio.com\/es\/wp-json\/wp\/v2\/media?parent=9299"}],"wp:term":[{"taxonomy":"category","embeddable":true,"href":"https:\/\/www.plataformadecomunicacio.com\/es\/wp-json\/wp\/v2\/categories?post=9299"},{"taxonomy":"post_tag","embeddable":true,"href":"https:\/\/www.plataformadecomunicacio.com\/es\/wp-json\/wp\/v2\/tags?post=9299"}],"curies":[{"name":"wp","href":"https:\/\/api.w.org\/{rel}","templated":true}]}}