{"id":9304,"date":"2021-06-08T10:29:25","date_gmt":"2021-06-08T10:29:25","guid":{"rendered":"https:\/\/www.plataformadecomunicacio.com\/claves-para-potenciar-la-comunicacion-de-tu-negocio-este-verano\/"},"modified":"2021-06-08T10:29:27","modified_gmt":"2021-06-08T10:29:27","slug":"claves-para-potenciar-la-comunicacion-de-tu-negocio-este-verano","status":"publish","type":"post","link":"https:\/\/www.plataformadecomunicacio.com\/es\/claves-para-potenciar-la-comunicacion-de-tu-negocio-este-verano\/","title":{"rendered":"Claves para potenciar la comunicaci\u00f3n de tu negocio este verano"},"content":{"rendered":"\n<p>Este verano ser\u00e1 muy especial para todos. Despu\u00e9s de meses de confinamiento estricto, <strong>retomaremos las actividades habituales<\/strong>, aunque sea tomando medidas extraordinarias, y nos servir\u00e1 para aprender a valorar las peque\u00f1as cosas del d\u00eda a d\u00eda. Adem\u00e1s, tambi\u00e9n ser\u00e1 el turno de <strong>relanzar muchos negocios<\/strong> que han sufrido de manera severa la <strong>crisis econ\u00f3mica derivada de la Covid-19<\/strong>. Llegados a este punto, es muy importante preparar una buena campa\u00f1a de comunicaci\u00f3n para este verano que nos d\u00e9 visibilidad y nos ayude a recuperar y reforzar la clientela.<\/p>\n\n<p>Tradicionalmente, se ha tendido a creer que los meses de verano no son una buena \u00e9poca para <strong>invertir en comunicaci\u00f3n<\/strong>. Sin embargo, esta tendencia est\u00e1 cambiando y especialmente este a\u00f1o ser\u00e1 una buena ocasi\u00f3n para realizar campa\u00f1as de todo tipo, no solo para los sectores propios de la \u00e9poca estival, como el turismo y la restauraci\u00f3n, sino para todos.<\/p>\n\n<div class=\"wp-block-image\"><figure class=\"aligncenter is-resized\"><img loading=\"lazy\" decoding=\"async\" src=\"https:\/\/www.plataformadecomunicacio.com\/wp-content\/uploads\/2020\/05\/photo-1506606352681-649023fac596-1030x687.jpeg\" alt=\"comunicaci&#xF3;n verano\" class=\"wp-image-8905\" width=\"609\" height=\"406\" srcset=\"https:\/\/www.plataformadecomunicacio.com\/wp-content\/uploads\/2020\/05\/photo-1506606352681-649023fac596-1030x687.jpeg 1030w, https:\/\/www.plataformadecomunicacio.com\/wp-content\/uploads\/2020\/05\/photo-1506606352681-649023fac596-300x200.jpeg 300w, https:\/\/www.plataformadecomunicacio.com\/wp-content\/uploads\/2020\/05\/photo-1506606352681-649023fac596-768x512.jpeg 768w, https:\/\/www.plataformadecomunicacio.com\/wp-content\/uploads\/2020\/05\/photo-1506606352681-649023fac596-1536x1024.jpeg 1536w, https:\/\/www.plataformadecomunicacio.com\/wp-content\/uploads\/2020\/05\/photo-1506606352681-649023fac596-2048x1365.jpeg 2048w, https:\/\/www.plataformadecomunicacio.com\/wp-content\/uploads\/2020\/05\/photo-1506606352681-649023fac596-1500x1000.jpeg 1500w, https:\/\/www.plataformadecomunicacio.com\/wp-content\/uploads\/2020\/05\/photo-1506606352681-649023fac596-705x470.jpeg 705w, https:\/\/www.plataformadecomunicacio.com\/wp-content\/uploads\/2020\/05\/photo-1506606352681-649023fac596-450x300.jpeg 450w\" sizes=\"auto, (max-width: 609px) 100vw, 609px\" \/><figcaption>Es importante potenciar la comunicaci\u00f3n en verano para obtener buenos resultados el resto del a\u00f1o<\/figcaption><\/figure><\/div>\n\n<h3 class=\"wp-block-heading\">Pero, \u00bfqu\u00e9 se puede hacer en verano en comunicaci\u00f3n?<\/h3>\n\n<ul class=\"wp-block-list\"><li><strong>Redes Sociales:<\/strong> a la gente le gusta compartir la vida que llevan los d\u00edas de verano en las redes sociales. Por tanto, encontraremos mucha gente activa durante estos meses y podemos aprovecharlo. En general, las personas est\u00e1n m\u00e1s relajadas y pasan m\u00e1s tiempo navegando por las redes, por lo que puede ser un buen momento para tomar impulso y mejorar tus perfiles digitales. La clave es crear contenido adecuado a esta \u00e9poca del a\u00f1o, que conecte con los usuarios potenciales y enganche a nuevo p\u00fablico. El contenido audiovisual y las fotograf\u00edas son muy recomendables para hacer m\u00e1s ameno nuestro mensaje.<\/li><\/ul>\n<ul class=\"wp-block-list\"><li><strong>Publicidad:<\/strong> muchas campa\u00f1as de publicidad online bajan el ritmo durante los meses estivales y, por tanto, puede ser una buena ocasi\u00f3n para posicionarse mejor, ya que hay menos competencia. Google AdWords, Facebook Ads y Instagram Ads ser\u00e1n los protagonistas.<\/li><\/ul>\n<ul class=\"wp-block-list\"><li><strong>Campa\u00f1as espec\u00edficas:<\/strong> para mantener una buena actividad durante el verano, hay que idear campa\u00f1as espec\u00edficas para esta \u00e9poca, que pueden ir desde descuentos y promociones a concursos o nuevos productos y servicios. \u00a1No dejes escapar estos meses tan valiosos!<\/li><\/ul>\n<ul class=\"wp-block-list\"><li><strong>Medios de Comunicaci\u00f3n:<\/strong> durante los meses de verano la producci\u00f3n de noticias suele bajar, pero los medios no se detienen nunca. Aprovecha esta gran oportunidad para vender tus propias noticias.<\/li><\/ul>\n<p>Adem\u00e1s de estas acciones espec\u00edficas, el verano tambi\u00e9n es una buena \u00e9poca para preparar acciones de comunicaci\u00f3n de cara al nuevo curso o para revisar las que se est\u00e1n haciendo.<\/p>\n\n<p>En Plataforma de Comunicaci\u00f3 somos especialistas en comunicaci\u00f3n y te asesoramos en la estrategia m\u00e1s adecuada para tu empresa en cada \u00e9poca del a\u00f1o. Cons\u00faltanos en <a href=\"mailto:laplataforma@plataformadecomunicacio.com\">laplataforma@plataformadecomunicacio.com<\/a>.<\/p>\n","protected":false},"excerpt":{"rendered":"<p>Este verano ser\u00e1 muy especial para todos. Despu\u00e9s de meses de confinamiento estricto, retomaremos las actividades habituales, aunque sea tomando medidas extraordinarias, y nos servir\u00e1 para aprender a valorar las peque\u00f1as cosas del d\u00eda a d\u00eda. Adem\u00e1s, tambi\u00e9n ser\u00e1 el turno de relanzar muchos negocios que han sufrido de manera severa la crisis econ\u00f3mica derivada [&hellip;]<\/p>\n","protected":false},"author":2,"featured_media":8906,"comment_status":"open","ping_status":"open","sticky":false,"template":"","format":"standard","meta":{"footnotes":""},"categories":[55,56],"tags":[58,166,149,167,162,165,164],"class_list":["post-9304","post","type-post","status-publish","format-standard","has-post-thumbnail","hentry","category-comunicacio-es","category-news-es","tag-comunicacio-corporativa-es","tag-comunicacion-covid","tag-comunicacion-de-crisis","tag-comunicacion-empresa","tag-comunicacion-externa-es","tag-comunicacion-verano","tag-redes-sociales-es"],"yoast_head":"<!-- This site is optimized with the Yoast SEO plugin v26.1 - https:\/\/yoast.com\/wordpress\/plugins\/seo\/ -->\n<title>Claves para potenciar la comunicaci\u00f3n de tu negocio este verano<\/title>\n<meta name=\"description\" content=\"Despu\u00e9s de la crisis del COVID-19 es necesario preparar una campa\u00f1a de comunicaci\u00f3n que de visibilidad y ayude a recuperar y reforzar la clientela.\" \/>\n<meta name=\"robots\" content=\"index, follow, max-snippet:-1, max-image-preview:large, max-video-preview:-1\" \/>\n<link rel=\"canonical\" href=\"https:\/\/www.plataformadecomunicacio.com\/es\/claves-para-potenciar-la-comunicacion-de-tu-negocio-este-verano\/\" \/>\n<meta property=\"og:locale\" content=\"es_ES\" \/>\n<meta property=\"og:type\" content=\"article\" \/>\n<meta property=\"og:title\" content=\"Claves para potenciar la comunicaci\u00f3n de tu negocio este verano\" \/>\n<meta property=\"og:description\" content=\"Despu\u00e9s de la crisis del COVID-19 es necesario preparar una campa\u00f1a de comunicaci\u00f3n que de visibilidad y ayude a recuperar y reforzar la clientela.\" \/>\n<meta property=\"og:url\" content=\"https:\/\/www.plataformadecomunicacio.com\/es\/claves-para-potenciar-la-comunicacion-de-tu-negocio-este-verano\/\" \/>\n<meta property=\"og:site_name\" content=\"Plataforma de comunicaci\u00f3\" \/>\n<meta property=\"article:publisher\" content=\"https:\/\/www.facebook.com\/plataformadecomunicacio\/\" \/>\n<meta property=\"article:published_time\" content=\"2021-06-08T10:29:25+00:00\" \/>\n<meta property=\"article:modified_time\" content=\"2021-06-08T10:29:27+00:00\" \/>\n<meta property=\"og:image\" content=\"https:\/\/www.plataformadecomunicacio.com\/wp-content\/uploads\/2020\/05\/photo-1506606352681-649023fac596.jpeg\" \/>\n\t<meta property=\"og:image:width\" content=\"2550\" \/>\n\t<meta property=\"og:image:height\" content=\"1700\" \/>\n\t<meta property=\"og:image:type\" content=\"image\/jpeg\" \/>\n<meta name=\"author\" content=\"Plataforma de Comunicaci\u00f3\" \/>\n<meta name=\"twitter:card\" content=\"summary_large_image\" \/>\n<meta name=\"twitter:creator\" content=\"@PlataformadeCom\" \/>\n<meta name=\"twitter:site\" content=\"@PlataformadeCom\" \/>\n<meta name=\"twitter:label1\" content=\"Escrito por\" \/>\n\t<meta name=\"twitter:data1\" content=\"Plataforma de Comunicaci\u00f3\" \/>\n\t<meta name=\"twitter:label2\" content=\"Tiempo de lectura\" \/>\n\t<meta name=\"twitter:data2\" content=\"2 minutos\" \/>\n<script type=\"application\/ld+json\" class=\"yoast-schema-graph\">{\"@context\":\"https:\/\/schema.org\",\"@graph\":[{\"@type\":\"Article\",\"@id\":\"https:\/\/www.plataformadecomunicacio.com\/es\/claves-para-potenciar-la-comunicacion-de-tu-negocio-este-verano\/#article\",\"isPartOf\":{\"@id\":\"https:\/\/www.plataformadecomunicacio.com\/es\/claves-para-potenciar-la-comunicacion-de-tu-negocio-este-verano\/\"},\"author\":{\"name\":\"Plataforma de Comunicaci\u00f3\",\"@id\":\"https:\/\/www.plataformadecomunicacio.com\/#\/schema\/person\/a10597ea5a25cad7b4aac14e6a1672ed\"},\"headline\":\"Claves para potenciar la comunicaci\u00f3n de tu negocio este verano\",\"datePublished\":\"2021-06-08T10:29:25+00:00\",\"dateModified\":\"2021-06-08T10:29:27+00:00\",\"mainEntityOfPage\":{\"@id\":\"https:\/\/www.plataformadecomunicacio.com\/es\/claves-para-potenciar-la-comunicacion-de-tu-negocio-este-verano\/\"},\"wordCount\":491,\"commentCount\":0,\"publisher\":{\"@id\":\"https:\/\/www.plataformadecomunicacio.com\/#organization\"},\"image\":{\"@id\":\"https:\/\/www.plataformadecomunicacio.com\/es\/claves-para-potenciar-la-comunicacion-de-tu-negocio-este-verano\/#primaryimage\"},\"thumbnailUrl\":\"https:\/\/www.plataformadecomunicacio.com\/wp-content\/uploads\/2020\/05\/photo-1506606352681-649023fac596.jpeg\",\"keywords\":[\"comunicaci\u00f3 corporativa\",\"comunicaci\u00f3n COVID\",\"comunicaci\u00f3n de crisis\",\"comunicaci\u00f3n empresa\",\"comunicaci\u00f3n externa\",\"comunicaci\u00f3n verano\",\"redes sociales\"],\"articleSection\":[\"Comunicaci\u00f3\",\"News\"],\"inLanguage\":\"es\",\"potentialAction\":[{\"@type\":\"CommentAction\",\"name\":\"Comment\",\"target\":[\"https:\/\/www.plataformadecomunicacio.com\/es\/claves-para-potenciar-la-comunicacion-de-tu-negocio-este-verano\/#respond\"]}]},{\"@type\":\"WebPage\",\"@id\":\"https:\/\/www.plataformadecomunicacio.com\/es\/claves-para-potenciar-la-comunicacion-de-tu-negocio-este-verano\/\",\"url\":\"https:\/\/www.plataformadecomunicacio.com\/es\/claves-para-potenciar-la-comunicacion-de-tu-negocio-este-verano\/\",\"name\":\"Claves para potenciar la comunicaci\u00f3n de tu negocio este verano\",\"isPartOf\":{\"@id\":\"https:\/\/www.plataformadecomunicacio.com\/#website\"},\"primaryImageOfPage\":{\"@id\":\"https:\/\/www.plataformadecomunicacio.com\/es\/claves-para-potenciar-la-comunicacion-de-tu-negocio-este-verano\/#primaryimage\"},\"image\":{\"@id\":\"https:\/\/www.plataformadecomunicacio.com\/es\/claves-para-potenciar-la-comunicacion-de-tu-negocio-este-verano\/#primaryimage\"},\"thumbnailUrl\":\"https:\/\/www.plataformadecomunicacio.com\/wp-content\/uploads\/2020\/05\/photo-1506606352681-649023fac596.jpeg\",\"datePublished\":\"2021-06-08T10:29:25+00:00\",\"dateModified\":\"2021-06-08T10:29:27+00:00\",\"description\":\"Despu\u00e9s de la crisis del COVID-19 es necesario preparar una campa\u00f1a de comunicaci\u00f3n que de visibilidad y ayude a recuperar y reforzar la clientela.\",\"breadcrumb\":{\"@id\":\"https:\/\/www.plataformadecomunicacio.com\/es\/claves-para-potenciar-la-comunicacion-de-tu-negocio-este-verano\/#breadcrumb\"},\"inLanguage\":\"es\",\"potentialAction\":[{\"@type\":\"ReadAction\",\"target\":[\"https:\/\/www.plataformadecomunicacio.com\/es\/claves-para-potenciar-la-comunicacion-de-tu-negocio-este-verano\/\"]}]},{\"@type\":\"ImageObject\",\"inLanguage\":\"es\",\"@id\":\"https:\/\/www.plataformadecomunicacio.com\/es\/claves-para-potenciar-la-comunicacion-de-tu-negocio-este-verano\/#primaryimage\",\"url\":\"https:\/\/www.plataformadecomunicacio.com\/wp-content\/uploads\/2020\/05\/photo-1506606352681-649023fac596.jpeg\",\"contentUrl\":\"https:\/\/www.plataformadecomunicacio.com\/wp-content\/uploads\/2020\/05\/photo-1506606352681-649023fac596.jpeg\",\"width\":2550,\"height\":1700},{\"@type\":\"BreadcrumbList\",\"@id\":\"https:\/\/www.plataformadecomunicacio.com\/es\/claves-para-potenciar-la-comunicacion-de-tu-negocio-este-verano\/#breadcrumb\",\"itemListElement\":[{\"@type\":\"ListItem\",\"position\":1,\"name\":\"Home\",\"item\":\"https:\/\/www.plataformadecomunicacio.com\/es\/inicio\/\"},{\"@type\":\"ListItem\",\"position\":2,\"name\":\"Claves para potenciar la comunicaci\u00f3n de tu negocio este verano\"}]},{\"@type\":\"WebSite\",\"@id\":\"https:\/\/www.plataformadecomunicacio.com\/#website\",\"url\":\"https:\/\/www.plataformadecomunicacio.com\/\",\"name\":\"Plataforma de comunicaci\u00f3\",\"description\":\"Comuniquem junts\",\"publisher\":{\"@id\":\"https:\/\/www.plataformadecomunicacio.com\/#organization\"},\"potentialAction\":[{\"@type\":\"SearchAction\",\"target\":{\"@type\":\"EntryPoint\",\"urlTemplate\":\"https:\/\/www.plataformadecomunicacio.com\/?s={search_term_string}\"},\"query-input\":{\"@type\":\"PropertyValueSpecification\",\"valueRequired\":true,\"valueName\":\"search_term_string\"}}],\"inLanguage\":\"es\"},{\"@type\":\"Organization\",\"@id\":\"https:\/\/www.plataformadecomunicacio.com\/#organization\",\"name\":\"Plataforma de comunicaci\u00f3\",\"url\":\"https:\/\/www.plataformadecomunicacio.com\/\",\"logo\":{\"@type\":\"ImageObject\",\"inLanguage\":\"es\",\"@id\":\"https:\/\/www.plataformadecomunicacio.com\/#\/schema\/logo\/image\/\",\"url\":\"https:\/\/www.plataformadecomunicacio.com\/wp-content\/uploads\/2019\/02\/Logo_plataforma.png\",\"contentUrl\":\"https:\/\/www.plataformadecomunicacio.com\/wp-content\/uploads\/2019\/02\/Logo_plataforma.png\",\"width\":505,\"height\":320,\"caption\":\"Plataforma de comunicaci\u00f3\"},\"image\":{\"@id\":\"https:\/\/www.plataformadecomunicacio.com\/#\/schema\/logo\/image\/\"},\"sameAs\":[\"https:\/\/www.facebook.com\/plataformadecomunicacio\/\",\"https:\/\/x.com\/PlataformadeCom\",\"https:\/\/www.linkedin.com\/company\/plataforma-de-comunicaci\u00f3\/\",\"https:\/\/www.youtube.com\/channel\/UCQ4-7CGw0atul0BbEAN5S9w\"]},{\"@type\":\"Person\",\"@id\":\"https:\/\/www.plataformadecomunicacio.com\/#\/schema\/person\/a10597ea5a25cad7b4aac14e6a1672ed\",\"name\":\"Plataforma de Comunicaci\u00f3\",\"image\":{\"@type\":\"ImageObject\",\"inLanguage\":\"es\",\"@id\":\"https:\/\/www.plataformadecomunicacio.com\/#\/schema\/person\/image\/\",\"url\":\"https:\/\/secure.gravatar.com\/avatar\/cd26adb9e219d2135afc19eaeefcbaa63ae195f53dcce0bebf04fcc05c3dc7b4?s=96&d=mm&r=g\",\"contentUrl\":\"https:\/\/secure.gravatar.com\/avatar\/cd26adb9e219d2135afc19eaeefcbaa63ae195f53dcce0bebf04fcc05c3dc7b4?s=96&d=mm&r=g\",\"caption\":\"Plataforma de Comunicaci\u00f3\"},\"sameAs\":[\"http:\/\/plataformadecomunicacio.com\"],\"url\":\"https:\/\/www.plataformadecomunicacio.com\/es\/author\/plataforma\/\"}]}<\/script>\n<!-- \/ Yoast SEO plugin. -->","yoast_head_json":{"title":"Claves para potenciar la comunicaci\u00f3n de tu negocio este verano","description":"Despu\u00e9s de la crisis del COVID-19 es necesario preparar una campa\u00f1a de comunicaci\u00f3n que de visibilidad y ayude a recuperar y reforzar la clientela.","robots":{"index":"index","follow":"follow","max-snippet":"max-snippet:-1","max-image-preview":"max-image-preview:large","max-video-preview":"max-video-preview:-1"},"canonical":"https:\/\/www.plataformadecomunicacio.com\/es\/claves-para-potenciar-la-comunicacion-de-tu-negocio-este-verano\/","og_locale":"es_ES","og_type":"article","og_title":"Claves para potenciar la comunicaci\u00f3n de tu negocio este verano","og_description":"Despu\u00e9s de la crisis del COVID-19 es necesario preparar una campa\u00f1a de comunicaci\u00f3n que de visibilidad y ayude a recuperar y reforzar la clientela.","og_url":"https:\/\/www.plataformadecomunicacio.com\/es\/claves-para-potenciar-la-comunicacion-de-tu-negocio-este-verano\/","og_site_name":"Plataforma de comunicaci\u00f3","article_publisher":"https:\/\/www.facebook.com\/plataformadecomunicacio\/","article_published_time":"2021-06-08T10:29:25+00:00","article_modified_time":"2021-06-08T10:29:27+00:00","og_image":[{"width":2550,"height":1700,"url":"https:\/\/www.plataformadecomunicacio.com\/wp-content\/uploads\/2020\/05\/photo-1506606352681-649023fac596.jpeg","type":"image\/jpeg"}],"author":"Plataforma de Comunicaci\u00f3","twitter_card":"summary_large_image","twitter_creator":"@PlataformadeCom","twitter_site":"@PlataformadeCom","twitter_misc":{"Escrito por":"Plataforma de Comunicaci\u00f3","Tiempo de lectura":"2 minutos"},"schema":{"@context":"https:\/\/schema.org","@graph":[{"@type":"Article","@id":"https:\/\/www.plataformadecomunicacio.com\/es\/claves-para-potenciar-la-comunicacion-de-tu-negocio-este-verano\/#article","isPartOf":{"@id":"https:\/\/www.plataformadecomunicacio.com\/es\/claves-para-potenciar-la-comunicacion-de-tu-negocio-este-verano\/"},"author":{"name":"Plataforma de Comunicaci\u00f3","@id":"https:\/\/www.plataformadecomunicacio.com\/#\/schema\/person\/a10597ea5a25cad7b4aac14e6a1672ed"},"headline":"Claves para potenciar la comunicaci\u00f3n de tu negocio este verano","datePublished":"2021-06-08T10:29:25+00:00","dateModified":"2021-06-08T10:29:27+00:00","mainEntityOfPage":{"@id":"https:\/\/www.plataformadecomunicacio.com\/es\/claves-para-potenciar-la-comunicacion-de-tu-negocio-este-verano\/"},"wordCount":491,"commentCount":0,"publisher":{"@id":"https:\/\/www.plataformadecomunicacio.com\/#organization"},"image":{"@id":"https:\/\/www.plataformadecomunicacio.com\/es\/claves-para-potenciar-la-comunicacion-de-tu-negocio-este-verano\/#primaryimage"},"thumbnailUrl":"https:\/\/www.plataformadecomunicacio.com\/wp-content\/uploads\/2020\/05\/photo-1506606352681-649023fac596.jpeg","keywords":["comunicaci\u00f3 corporativa","comunicaci\u00f3n COVID","comunicaci\u00f3n de crisis","comunicaci\u00f3n empresa","comunicaci\u00f3n externa","comunicaci\u00f3n verano","redes sociales"],"articleSection":["Comunicaci\u00f3","News"],"inLanguage":"es","potentialAction":[{"@type":"CommentAction","name":"Comment","target":["https:\/\/www.plataformadecomunicacio.com\/es\/claves-para-potenciar-la-comunicacion-de-tu-negocio-este-verano\/#respond"]}]},{"@type":"WebPage","@id":"https:\/\/www.plataformadecomunicacio.com\/es\/claves-para-potenciar-la-comunicacion-de-tu-negocio-este-verano\/","url":"https:\/\/www.plataformadecomunicacio.com\/es\/claves-para-potenciar-la-comunicacion-de-tu-negocio-este-verano\/","name":"Claves para potenciar la comunicaci\u00f3n de tu negocio este verano","isPartOf":{"@id":"https:\/\/www.plataformadecomunicacio.com\/#website"},"primaryImageOfPage":{"@id":"https:\/\/www.plataformadecomunicacio.com\/es\/claves-para-potenciar-la-comunicacion-de-tu-negocio-este-verano\/#primaryimage"},"image":{"@id":"https:\/\/www.plataformadecomunicacio.com\/es\/claves-para-potenciar-la-comunicacion-de-tu-negocio-este-verano\/#primaryimage"},"thumbnailUrl":"https:\/\/www.plataformadecomunicacio.com\/wp-content\/uploads\/2020\/05\/photo-1506606352681-649023fac596.jpeg","datePublished":"2021-06-08T10:29:25+00:00","dateModified":"2021-06-08T10:29:27+00:00","description":"Despu\u00e9s de la crisis del COVID-19 es necesario preparar una campa\u00f1a de comunicaci\u00f3n que de visibilidad y ayude a recuperar y reforzar la clientela.","breadcrumb":{"@id":"https:\/\/www.plataformadecomunicacio.com\/es\/claves-para-potenciar-la-comunicacion-de-tu-negocio-este-verano\/#breadcrumb"},"inLanguage":"es","potentialAction":[{"@type":"ReadAction","target":["https:\/\/www.plataformadecomunicacio.com\/es\/claves-para-potenciar-la-comunicacion-de-tu-negocio-este-verano\/"]}]},{"@type":"ImageObject","inLanguage":"es","@id":"https:\/\/www.plataformadecomunicacio.com\/es\/claves-para-potenciar-la-comunicacion-de-tu-negocio-este-verano\/#primaryimage","url":"https:\/\/www.plataformadecomunicacio.com\/wp-content\/uploads\/2020\/05\/photo-1506606352681-649023fac596.jpeg","contentUrl":"https:\/\/www.plataformadecomunicacio.com\/wp-content\/uploads\/2020\/05\/photo-1506606352681-649023fac596.jpeg","width":2550,"height":1700},{"@type":"BreadcrumbList","@id":"https:\/\/www.plataformadecomunicacio.com\/es\/claves-para-potenciar-la-comunicacion-de-tu-negocio-este-verano\/#breadcrumb","itemListElement":[{"@type":"ListItem","position":1,"name":"Home","item":"https:\/\/www.plataformadecomunicacio.com\/es\/inicio\/"},{"@type":"ListItem","position":2,"name":"Claves para potenciar la comunicaci\u00f3n de tu negocio este verano"}]},{"@type":"WebSite","@id":"https:\/\/www.plataformadecomunicacio.com\/#website","url":"https:\/\/www.plataformadecomunicacio.com\/","name":"Plataforma de comunicaci\u00f3","description":"Comuniquem junts","publisher":{"@id":"https:\/\/www.plataformadecomunicacio.com\/#organization"},"potentialAction":[{"@type":"SearchAction","target":{"@type":"EntryPoint","urlTemplate":"https:\/\/www.plataformadecomunicacio.com\/?s={search_term_string}"},"query-input":{"@type":"PropertyValueSpecification","valueRequired":true,"valueName":"search_term_string"}}],"inLanguage":"es"},{"@type":"Organization","@id":"https:\/\/www.plataformadecomunicacio.com\/#organization","name":"Plataforma de comunicaci\u00f3","url":"https:\/\/www.plataformadecomunicacio.com\/","logo":{"@type":"ImageObject","inLanguage":"es","@id":"https:\/\/www.plataformadecomunicacio.com\/#\/schema\/logo\/image\/","url":"https:\/\/www.plataformadecomunicacio.com\/wp-content\/uploads\/2019\/02\/Logo_plataforma.png","contentUrl":"https:\/\/www.plataformadecomunicacio.com\/wp-content\/uploads\/2019\/02\/Logo_plataforma.png","width":505,"height":320,"caption":"Plataforma de comunicaci\u00f3"},"image":{"@id":"https:\/\/www.plataformadecomunicacio.com\/#\/schema\/logo\/image\/"},"sameAs":["https:\/\/www.facebook.com\/plataformadecomunicacio\/","https:\/\/x.com\/PlataformadeCom","https:\/\/www.linkedin.com\/company\/plataforma-de-comunicaci\u00f3\/","https:\/\/www.youtube.com\/channel\/UCQ4-7CGw0atul0BbEAN5S9w"]},{"@type":"Person","@id":"https:\/\/www.plataformadecomunicacio.com\/#\/schema\/person\/a10597ea5a25cad7b4aac14e6a1672ed","name":"Plataforma de Comunicaci\u00f3","image":{"@type":"ImageObject","inLanguage":"es","@id":"https:\/\/www.plataformadecomunicacio.com\/#\/schema\/person\/image\/","url":"https:\/\/secure.gravatar.com\/avatar\/cd26adb9e219d2135afc19eaeefcbaa63ae195f53dcce0bebf04fcc05c3dc7b4?s=96&d=mm&r=g","contentUrl":"https:\/\/secure.gravatar.com\/avatar\/cd26adb9e219d2135afc19eaeefcbaa63ae195f53dcce0bebf04fcc05c3dc7b4?s=96&d=mm&r=g","caption":"Plataforma de Comunicaci\u00f3"},"sameAs":["http:\/\/plataformadecomunicacio.com"],"url":"https:\/\/www.plataformadecomunicacio.com\/es\/author\/plataforma\/"}]}},"_links":{"self":[{"href":"https:\/\/www.plataformadecomunicacio.com\/es\/wp-json\/wp\/v2\/posts\/9304","targetHints":{"allow":["GET"]}}],"collection":[{"href":"https:\/\/www.plataformadecomunicacio.com\/es\/wp-json\/wp\/v2\/posts"}],"about":[{"href":"https:\/\/www.plataformadecomunicacio.com\/es\/wp-json\/wp\/v2\/types\/post"}],"author":[{"embeddable":true,"href":"https:\/\/www.plataformadecomunicacio.com\/es\/wp-json\/wp\/v2\/users\/2"}],"replies":[{"embeddable":true,"href":"https:\/\/www.plataformadecomunicacio.com\/es\/wp-json\/wp\/v2\/comments?post=9304"}],"version-history":[{"count":1,"href":"https:\/\/www.plataformadecomunicacio.com\/es\/wp-json\/wp\/v2\/posts\/9304\/revisions"}],"predecessor-version":[{"id":9305,"href":"https:\/\/www.plataformadecomunicacio.com\/es\/wp-json\/wp\/v2\/posts\/9304\/revisions\/9305"}],"wp:featuredmedia":[{"embeddable":true,"href":"https:\/\/www.plataformadecomunicacio.com\/es\/wp-json\/wp\/v2\/media\/8906"}],"wp:attachment":[{"href":"https:\/\/www.plataformadecomunicacio.com\/es\/wp-json\/wp\/v2\/media?parent=9304"}],"wp:term":[{"taxonomy":"category","embeddable":true,"href":"https:\/\/www.plataformadecomunicacio.com\/es\/wp-json\/wp\/v2\/categories?post=9304"},{"taxonomy":"post_tag","embeddable":true,"href":"https:\/\/www.plataformadecomunicacio.com\/es\/wp-json\/wp\/v2\/tags?post=9304"}],"curies":[{"name":"wp","href":"https:\/\/api.w.org\/{rel}","templated":true}]}}