{"id":9306,"date":"2021-06-08T10:40:16","date_gmt":"2021-06-08T10:40:16","guid":{"rendered":"https:\/\/www.plataformadecomunicacio.com\/el-punto-lila-adapta-su-servicio-en-un-verano-diferente\/"},"modified":"2021-06-08T10:40:17","modified_gmt":"2021-06-08T10:40:17","slug":"el-punto-lila-adapta-su-servicio-en-un-verano-diferente","status":"publish","type":"post","link":"https:\/\/www.plataformadecomunicacio.com\/es\/el-punto-lila-adapta-su-servicio-en-un-verano-diferente\/","title":{"rendered":"El Punto Lila adapta su servicio en un verano diferente"},"content":{"rendered":"\n<p>Estamos viviendo un verano at\u00edpico en el que la nueva normalidad ha cambiado muchos planes, pero en el que la vida no se detiene. En cuanto al ocio, muchas fiestas mayores han sido canceladas, pero esto no significa que la gente no salga y se produzcan concentraciones espont\u00e1neas en el espacio p\u00fablico, como ya hemos visto desde que comenz\u00f3 la desescalada.<\/p>\n\n<p>Estas concentraciones pueden generar molestias a los vecinos y vecinas, problemas de convivencia y agresiones sexuales, adem\u00e1s de problemas de salud. Por ello el Punto Lila se transforma en un servicio de intervenci\u00f3n integral en el espacio p\u00fablico adaptado a la realidad actual en la que hay que actuar sobre diferentes temas a la vez, pero sin olvidar que cualquier intervenci\u00f3n en la v\u00eda p\u00fablica para fomentar la convivencia tambi\u00e9n debe incluir un esfuerzo especial para garantizar la seguridad de las mujeres.<\/p>\n\n<p>Se crear\u00e1n<strong> equipos de cuatro profesionales<\/strong> debidamente identificados que, en el horario nocturno establecido, <strong>har\u00e1n un itinerario por las zonas donde haya m\u00e1s concentraci\u00f3n de gente o donde haya grupos grandes de j\u00f3venes<\/strong>. Estos equipos ampliados est\u00e1n formados por cuatro profesionales de diferentes \u00e1reas:<\/p>\n\n<ul class=\"wp-block-list\"><li>Psicolog\u00eda<\/li><li>Educaci\u00f3n social<\/li><li>Salud<\/li><li>Violencia de g\u00e9nero<\/li><\/ul>\n<p>Sus funciones ser\u00e1n interactuar con los grupos de j\u00f3venes para <strong>favorecer la buena convivencia<\/strong>, as\u00ed como<strong> informar sobre los riesgos del consumo de drogas<\/strong>, ofreciendo apoyo a quien lo pueda necesitar y estableciendo una relaci\u00f3n de confianza con quien detecte m\u00e1s vulnerable. El equipo debe visualizar que tambi\u00e9n <strong>protege a las chicas j\u00f3venes<\/strong> para darles seguridad para que ellas tambi\u00e9n puedan disfrutar de la noche al igual que los chicos. Tambi\u00e9n pueden repartir material, como preservativos o pulseras LGTBI o de \u201cNO ES NO\u201d, una acci\u00f3n que puede servir de excusa para establecer relaci\u00f3n con muchos de estos grupos.<\/p>\n\n<p>Los objetivos de la Unidad de Intervenci\u00f3n Integral en el Espacio P\u00fablico son:<\/p>\n\n<ul class=\"wp-block-list\"><li>Detectar espacios p\u00fablicos especialmente problem\u00e1ticos<\/li><li>Informar sobre los efectos nocivos del consumo de drogas<\/li><li>Atender en primera instancia a personas con un problema de salud y activar los servicios de emergencias, en caso de ser necesario.<\/li><li>Detectar posibles problemas de violencia o agresiones sexuales.<\/li><li>Prevenci\u00f3n de situaciones de conflictividad, alertando a los cuerpos de seguridad.<\/li><li>Tener un efecto disuasorio.<\/li><li>Sensibilizar.<\/li><\/ul>\n<p>Al finalizar el servicio, entregamos un <strong>informe de observaci\u00f3n integral<\/strong> a partir de los datos recopilados en las fichas de observaci\u00f3n que se convierte en una herramienta de prevenci\u00f3n y planificaci\u00f3n de actuaciones en la v\u00eda p\u00fablica en un verano especialmente complicado.<\/p>\n\n<div class=\"wp-block-button aligncenter\"><a class=\"wp-block-button__link has-background\" href=\"mailto:puntlila@plataformadecomunicacio.com\" style=\"background-color:#933c94\">PIDE M\u00c1S INFORMACI\u00d3N<\/a><\/div>\n","protected":false},"excerpt":{"rendered":"<p>El Punto Lila se transforma en un servicio de intervenci\u00f3n integral al espacio p\u00fablico adaptado a la realidad actual en que hay que actuar sobre diferentes temas a la vez, pero sin olvidar que cualquier intervenci\u00f3n en la v\u00eda p\u00fablica para fomentar la convivencia tambi\u00e9n tiene que incluir un esfuerzo especial para garantizar la seguridad de las chicas.<\/p>\n","protected":false},"author":2,"featured_media":8915,"comment_status":"open","ping_status":"open","sticky":false,"template":"","format":"standard","meta":{"footnotes":""},"categories":[56,168],"tags":[170,175,173,174,171,169,172],"class_list":["post-9306","post","type-post","status-publish","format-standard","has-post-thumbnail","hentry","category-news-es","category-punto-lila","tag-agresiones-sexuales","tag-convivencia-es","tag-fiestas","tag-jovenes","tag-prevencion","tag-punto-lila","tag-verano"],"yoast_head":"<!-- This site is optimized with the Yoast SEO plugin v26.1 - https:\/\/yoast.com\/wordpress\/plugins\/seo\/ -->\n<title>El Punto Lila adapta su servicio en un verano diferente - Plataforma de comunicaci\u00f3<\/title>\n<meta name=\"description\" content=\"El Punto Lila se transforma en un servicio de intervenci\u00f3n integral al espacio p\u00fablico adaptado a la realidad actual en que hay que actuar sobre diferentes temas a la vez, pero sin olvidar que cualquier intervenci\u00f3n en la v\u00eda p\u00fablica para fomentar la convivencia tambi\u00e9n tiene que incluir un esfuerzo especial para garantizar la seguridad de las chicas.\" \/>\n<meta name=\"robots\" content=\"index, follow, max-snippet:-1, max-image-preview:large, max-video-preview:-1\" \/>\n<link rel=\"canonical\" href=\"https:\/\/www.plataformadecomunicacio.com\/es\/el-punto-lila-adapta-su-servicio-en-un-verano-diferente\/\" \/>\n<meta property=\"og:locale\" content=\"es_ES\" \/>\n<meta property=\"og:type\" content=\"article\" \/>\n<meta property=\"og:title\" content=\"El Punto Lila adapta su servicio en un verano diferente - Plataforma de comunicaci\u00f3\" \/>\n<meta property=\"og:description\" content=\"El Punto Lila se transforma en un servicio de intervenci\u00f3n integral al espacio p\u00fablico adaptado a la realidad actual en que hay que actuar sobre diferentes temas a la vez, pero sin olvidar que cualquier intervenci\u00f3n en la v\u00eda p\u00fablica para fomentar la convivencia tambi\u00e9n tiene que incluir un esfuerzo especial para garantizar la seguridad de las chicas.\" \/>\n<meta property=\"og:url\" content=\"https:\/\/www.plataformadecomunicacio.com\/es\/el-punto-lila-adapta-su-servicio-en-un-verano-diferente\/\" \/>\n<meta property=\"og:site_name\" content=\"Plataforma de comunicaci\u00f3\" \/>\n<meta property=\"article:publisher\" content=\"https:\/\/www.facebook.com\/plataformadecomunicacio\/\" \/>\n<meta property=\"article:published_time\" content=\"2021-06-08T10:40:16+00:00\" \/>\n<meta property=\"article:modified_time\" content=\"2021-06-08T10:40:17+00:00\" \/>\n<meta property=\"og:image\" content=\"https:\/\/www.plataformadecomunicacio.com\/wp-content\/uploads\/2020\/07\/PuntLila_equip.jpeg\" \/>\n\t<meta property=\"og:image:width\" content=\"1598\" \/>\n\t<meta property=\"og:image:height\" content=\"622\" \/>\n\t<meta property=\"og:image:type\" content=\"image\/jpeg\" \/>\n<meta name=\"author\" content=\"Plataforma de Comunicaci\u00f3\" \/>\n<meta name=\"twitter:card\" content=\"summary_large_image\" \/>\n<meta name=\"twitter:creator\" content=\"@PlataformadeCom\" \/>\n<meta name=\"twitter:site\" content=\"@PlataformadeCom\" \/>\n<meta name=\"twitter:label1\" content=\"Escrito por\" \/>\n\t<meta name=\"twitter:data1\" content=\"Plataforma de Comunicaci\u00f3\" \/>\n\t<meta name=\"twitter:label2\" content=\"Tiempo de lectura\" \/>\n\t<meta name=\"twitter:data2\" content=\"2 minutos\" \/>\n<script type=\"application\/ld+json\" class=\"yoast-schema-graph\">{\"@context\":\"https:\/\/schema.org\",\"@graph\":[{\"@type\":\"Article\",\"@id\":\"https:\/\/www.plataformadecomunicacio.com\/es\/el-punto-lila-adapta-su-servicio-en-un-verano-diferente\/#article\",\"isPartOf\":{\"@id\":\"https:\/\/www.plataformadecomunicacio.com\/es\/el-punto-lila-adapta-su-servicio-en-un-verano-diferente\/\"},\"author\":{\"name\":\"Plataforma de Comunicaci\u00f3\",\"@id\":\"https:\/\/www.plataformadecomunicacio.com\/#\/schema\/person\/a10597ea5a25cad7b4aac14e6a1672ed\"},\"headline\":\"El Punto Lila adapta su servicio en un verano diferente\",\"datePublished\":\"2021-06-08T10:40:16+00:00\",\"dateModified\":\"2021-06-08T10:40:17+00:00\",\"mainEntityOfPage\":{\"@id\":\"https:\/\/www.plataformadecomunicacio.com\/es\/el-punto-lila-adapta-su-servicio-en-un-verano-diferente\/\"},\"wordCount\":463,\"commentCount\":0,\"publisher\":{\"@id\":\"https:\/\/www.plataformadecomunicacio.com\/#organization\"},\"image\":{\"@id\":\"https:\/\/www.plataformadecomunicacio.com\/es\/el-punto-lila-adapta-su-servicio-en-un-verano-diferente\/#primaryimage\"},\"thumbnailUrl\":\"https:\/\/www.plataformadecomunicacio.com\/wp-content\/uploads\/2020\/07\/PuntLila_equip.jpeg\",\"keywords\":[\"agresiones sexuales\",\"convivencia\",\"fiestas\",\"j\u00f3venes\",\"prevenci\u00f3n\",\"punto lila\",\"verano\"],\"articleSection\":[\"News\",\"Punto Lila\"],\"inLanguage\":\"es\",\"potentialAction\":[{\"@type\":\"CommentAction\",\"name\":\"Comment\",\"target\":[\"https:\/\/www.plataformadecomunicacio.com\/es\/el-punto-lila-adapta-su-servicio-en-un-verano-diferente\/#respond\"]}]},{\"@type\":\"WebPage\",\"@id\":\"https:\/\/www.plataformadecomunicacio.com\/es\/el-punto-lila-adapta-su-servicio-en-un-verano-diferente\/\",\"url\":\"https:\/\/www.plataformadecomunicacio.com\/es\/el-punto-lila-adapta-su-servicio-en-un-verano-diferente\/\",\"name\":\"El Punto Lila adapta su servicio en un verano diferente - Plataforma de comunicaci\u00f3\",\"isPartOf\":{\"@id\":\"https:\/\/www.plataformadecomunicacio.com\/#website\"},\"primaryImageOfPage\":{\"@id\":\"https:\/\/www.plataformadecomunicacio.com\/es\/el-punto-lila-adapta-su-servicio-en-un-verano-diferente\/#primaryimage\"},\"image\":{\"@id\":\"https:\/\/www.plataformadecomunicacio.com\/es\/el-punto-lila-adapta-su-servicio-en-un-verano-diferente\/#primaryimage\"},\"thumbnailUrl\":\"https:\/\/www.plataformadecomunicacio.com\/wp-content\/uploads\/2020\/07\/PuntLila_equip.jpeg\",\"datePublished\":\"2021-06-08T10:40:16+00:00\",\"dateModified\":\"2021-06-08T10:40:17+00:00\",\"description\":\"El Punto Lila se transforma en un servicio de intervenci\u00f3n integral al espacio p\u00fablico adaptado a la realidad actual en que hay que actuar sobre diferentes temas a la vez, pero sin olvidar que cualquier intervenci\u00f3n en la v\u00eda p\u00fablica para fomentar la convivencia tambi\u00e9n tiene que incluir un esfuerzo especial para garantizar la seguridad de las chicas.\",\"breadcrumb\":{\"@id\":\"https:\/\/www.plataformadecomunicacio.com\/es\/el-punto-lila-adapta-su-servicio-en-un-verano-diferente\/#breadcrumb\"},\"inLanguage\":\"es\",\"potentialAction\":[{\"@type\":\"ReadAction\",\"target\":[\"https:\/\/www.plataformadecomunicacio.com\/es\/el-punto-lila-adapta-su-servicio-en-un-verano-diferente\/\"]}]},{\"@type\":\"ImageObject\",\"inLanguage\":\"es\",\"@id\":\"https:\/\/www.plataformadecomunicacio.com\/es\/el-punto-lila-adapta-su-servicio-en-un-verano-diferente\/#primaryimage\",\"url\":\"https:\/\/www.plataformadecomunicacio.com\/wp-content\/uploads\/2020\/07\/PuntLila_equip.jpeg\",\"contentUrl\":\"https:\/\/www.plataformadecomunicacio.com\/wp-content\/uploads\/2020\/07\/PuntLila_equip.jpeg\",\"width\":1598,\"height\":622},{\"@type\":\"BreadcrumbList\",\"@id\":\"https:\/\/www.plataformadecomunicacio.com\/es\/el-punto-lila-adapta-su-servicio-en-un-verano-diferente\/#breadcrumb\",\"itemListElement\":[{\"@type\":\"ListItem\",\"position\":1,\"name\":\"Home\",\"item\":\"https:\/\/www.plataformadecomunicacio.com\/es\/inicio\/\"},{\"@type\":\"ListItem\",\"position\":2,\"name\":\"El Punto Lila adapta su servicio en un verano diferente\"}]},{\"@type\":\"WebSite\",\"@id\":\"https:\/\/www.plataformadecomunicacio.com\/#website\",\"url\":\"https:\/\/www.plataformadecomunicacio.com\/\",\"name\":\"Plataforma de comunicaci\u00f3\",\"description\":\"Comuniquem junts\",\"publisher\":{\"@id\":\"https:\/\/www.plataformadecomunicacio.com\/#organization\"},\"potentialAction\":[{\"@type\":\"SearchAction\",\"target\":{\"@type\":\"EntryPoint\",\"urlTemplate\":\"https:\/\/www.plataformadecomunicacio.com\/?s={search_term_string}\"},\"query-input\":{\"@type\":\"PropertyValueSpecification\",\"valueRequired\":true,\"valueName\":\"search_term_string\"}}],\"inLanguage\":\"es\"},{\"@type\":\"Organization\",\"@id\":\"https:\/\/www.plataformadecomunicacio.com\/#organization\",\"name\":\"Plataforma de comunicaci\u00f3\",\"url\":\"https:\/\/www.plataformadecomunicacio.com\/\",\"logo\":{\"@type\":\"ImageObject\",\"inLanguage\":\"es\",\"@id\":\"https:\/\/www.plataformadecomunicacio.com\/#\/schema\/logo\/image\/\",\"url\":\"https:\/\/www.plataformadecomunicacio.com\/wp-content\/uploads\/2019\/02\/Logo_plataforma.png\",\"contentUrl\":\"https:\/\/www.plataformadecomunicacio.com\/wp-content\/uploads\/2019\/02\/Logo_plataforma.png\",\"width\":505,\"height\":320,\"caption\":\"Plataforma de comunicaci\u00f3\"},\"image\":{\"@id\":\"https:\/\/www.plataformadecomunicacio.com\/#\/schema\/logo\/image\/\"},\"sameAs\":[\"https:\/\/www.facebook.com\/plataformadecomunicacio\/\",\"https:\/\/x.com\/PlataformadeCom\",\"https:\/\/www.linkedin.com\/company\/plataforma-de-comunicaci\u00f3\/\",\"https:\/\/www.youtube.com\/channel\/UCQ4-7CGw0atul0BbEAN5S9w\"]},{\"@type\":\"Person\",\"@id\":\"https:\/\/www.plataformadecomunicacio.com\/#\/schema\/person\/a10597ea5a25cad7b4aac14e6a1672ed\",\"name\":\"Plataforma de Comunicaci\u00f3\",\"image\":{\"@type\":\"ImageObject\",\"inLanguage\":\"es\",\"@id\":\"https:\/\/www.plataformadecomunicacio.com\/#\/schema\/person\/image\/\",\"url\":\"https:\/\/secure.gravatar.com\/avatar\/cd26adb9e219d2135afc19eaeefcbaa63ae195f53dcce0bebf04fcc05c3dc7b4?s=96&d=mm&r=g\",\"contentUrl\":\"https:\/\/secure.gravatar.com\/avatar\/cd26adb9e219d2135afc19eaeefcbaa63ae195f53dcce0bebf04fcc05c3dc7b4?s=96&d=mm&r=g\",\"caption\":\"Plataforma de Comunicaci\u00f3\"},\"sameAs\":[\"http:\/\/plataformadecomunicacio.com\"],\"url\":\"https:\/\/www.plataformadecomunicacio.com\/es\/author\/plataforma\/\"}]}<\/script>\n<!-- \/ Yoast SEO plugin. -->","yoast_head_json":{"title":"El Punto Lila adapta su servicio en un verano diferente - Plataforma de comunicaci\u00f3","description":"El Punto Lila se transforma en un servicio de intervenci\u00f3n integral al espacio p\u00fablico adaptado a la realidad actual en que hay que actuar sobre diferentes temas a la vez, pero sin olvidar que cualquier intervenci\u00f3n en la v\u00eda p\u00fablica para fomentar la convivencia tambi\u00e9n tiene que incluir un esfuerzo especial para garantizar la seguridad de las chicas.","robots":{"index":"index","follow":"follow","max-snippet":"max-snippet:-1","max-image-preview":"max-image-preview:large","max-video-preview":"max-video-preview:-1"},"canonical":"https:\/\/www.plataformadecomunicacio.com\/es\/el-punto-lila-adapta-su-servicio-en-un-verano-diferente\/","og_locale":"es_ES","og_type":"article","og_title":"El Punto Lila adapta su servicio en un verano diferente - Plataforma de comunicaci\u00f3","og_description":"El Punto Lila se transforma en un servicio de intervenci\u00f3n integral al espacio p\u00fablico adaptado a la realidad actual en que hay que actuar sobre diferentes temas a la vez, pero sin olvidar que cualquier intervenci\u00f3n en la v\u00eda p\u00fablica para fomentar la convivencia tambi\u00e9n tiene que incluir un esfuerzo especial para garantizar la seguridad de las chicas.","og_url":"https:\/\/www.plataformadecomunicacio.com\/es\/el-punto-lila-adapta-su-servicio-en-un-verano-diferente\/","og_site_name":"Plataforma de comunicaci\u00f3","article_publisher":"https:\/\/www.facebook.com\/plataformadecomunicacio\/","article_published_time":"2021-06-08T10:40:16+00:00","article_modified_time":"2021-06-08T10:40:17+00:00","og_image":[{"width":1598,"height":622,"url":"https:\/\/www.plataformadecomunicacio.com\/wp-content\/uploads\/2020\/07\/PuntLila_equip.jpeg","type":"image\/jpeg"}],"author":"Plataforma de Comunicaci\u00f3","twitter_card":"summary_large_image","twitter_creator":"@PlataformadeCom","twitter_site":"@PlataformadeCom","twitter_misc":{"Escrito por":"Plataforma de Comunicaci\u00f3","Tiempo de lectura":"2 minutos"},"schema":{"@context":"https:\/\/schema.org","@graph":[{"@type":"Article","@id":"https:\/\/www.plataformadecomunicacio.com\/es\/el-punto-lila-adapta-su-servicio-en-un-verano-diferente\/#article","isPartOf":{"@id":"https:\/\/www.plataformadecomunicacio.com\/es\/el-punto-lila-adapta-su-servicio-en-un-verano-diferente\/"},"author":{"name":"Plataforma de Comunicaci\u00f3","@id":"https:\/\/www.plataformadecomunicacio.com\/#\/schema\/person\/a10597ea5a25cad7b4aac14e6a1672ed"},"headline":"El Punto Lila adapta su servicio en un verano diferente","datePublished":"2021-06-08T10:40:16+00:00","dateModified":"2021-06-08T10:40:17+00:00","mainEntityOfPage":{"@id":"https:\/\/www.plataformadecomunicacio.com\/es\/el-punto-lila-adapta-su-servicio-en-un-verano-diferente\/"},"wordCount":463,"commentCount":0,"publisher":{"@id":"https:\/\/www.plataformadecomunicacio.com\/#organization"},"image":{"@id":"https:\/\/www.plataformadecomunicacio.com\/es\/el-punto-lila-adapta-su-servicio-en-un-verano-diferente\/#primaryimage"},"thumbnailUrl":"https:\/\/www.plataformadecomunicacio.com\/wp-content\/uploads\/2020\/07\/PuntLila_equip.jpeg","keywords":["agresiones sexuales","convivencia","fiestas","j\u00f3venes","prevenci\u00f3n","punto lila","verano"],"articleSection":["News","Punto Lila"],"inLanguage":"es","potentialAction":[{"@type":"CommentAction","name":"Comment","target":["https:\/\/www.plataformadecomunicacio.com\/es\/el-punto-lila-adapta-su-servicio-en-un-verano-diferente\/#respond"]}]},{"@type":"WebPage","@id":"https:\/\/www.plataformadecomunicacio.com\/es\/el-punto-lila-adapta-su-servicio-en-un-verano-diferente\/","url":"https:\/\/www.plataformadecomunicacio.com\/es\/el-punto-lila-adapta-su-servicio-en-un-verano-diferente\/","name":"El Punto Lila adapta su servicio en un verano diferente - Plataforma de comunicaci\u00f3","isPartOf":{"@id":"https:\/\/www.plataformadecomunicacio.com\/#website"},"primaryImageOfPage":{"@id":"https:\/\/www.plataformadecomunicacio.com\/es\/el-punto-lila-adapta-su-servicio-en-un-verano-diferente\/#primaryimage"},"image":{"@id":"https:\/\/www.plataformadecomunicacio.com\/es\/el-punto-lila-adapta-su-servicio-en-un-verano-diferente\/#primaryimage"},"thumbnailUrl":"https:\/\/www.plataformadecomunicacio.com\/wp-content\/uploads\/2020\/07\/PuntLila_equip.jpeg","datePublished":"2021-06-08T10:40:16+00:00","dateModified":"2021-06-08T10:40:17+00:00","description":"El Punto Lila se transforma en un servicio de intervenci\u00f3n integral al espacio p\u00fablico adaptado a la realidad actual en que hay que actuar sobre diferentes temas a la vez, pero sin olvidar que cualquier intervenci\u00f3n en la v\u00eda p\u00fablica para fomentar la convivencia tambi\u00e9n tiene que incluir un esfuerzo especial para garantizar la seguridad de las chicas.","breadcrumb":{"@id":"https:\/\/www.plataformadecomunicacio.com\/es\/el-punto-lila-adapta-su-servicio-en-un-verano-diferente\/#breadcrumb"},"inLanguage":"es","potentialAction":[{"@type":"ReadAction","target":["https:\/\/www.plataformadecomunicacio.com\/es\/el-punto-lila-adapta-su-servicio-en-un-verano-diferente\/"]}]},{"@type":"ImageObject","inLanguage":"es","@id":"https:\/\/www.plataformadecomunicacio.com\/es\/el-punto-lila-adapta-su-servicio-en-un-verano-diferente\/#primaryimage","url":"https:\/\/www.plataformadecomunicacio.com\/wp-content\/uploads\/2020\/07\/PuntLila_equip.jpeg","contentUrl":"https:\/\/www.plataformadecomunicacio.com\/wp-content\/uploads\/2020\/07\/PuntLila_equip.jpeg","width":1598,"height":622},{"@type":"BreadcrumbList","@id":"https:\/\/www.plataformadecomunicacio.com\/es\/el-punto-lila-adapta-su-servicio-en-un-verano-diferente\/#breadcrumb","itemListElement":[{"@type":"ListItem","position":1,"name":"Home","item":"https:\/\/www.plataformadecomunicacio.com\/es\/inicio\/"},{"@type":"ListItem","position":2,"name":"El Punto Lila adapta su servicio en un verano diferente"}]},{"@type":"WebSite","@id":"https:\/\/www.plataformadecomunicacio.com\/#website","url":"https:\/\/www.plataformadecomunicacio.com\/","name":"Plataforma de comunicaci\u00f3","description":"Comuniquem junts","publisher":{"@id":"https:\/\/www.plataformadecomunicacio.com\/#organization"},"potentialAction":[{"@type":"SearchAction","target":{"@type":"EntryPoint","urlTemplate":"https:\/\/www.plataformadecomunicacio.com\/?s={search_term_string}"},"query-input":{"@type":"PropertyValueSpecification","valueRequired":true,"valueName":"search_term_string"}}],"inLanguage":"es"},{"@type":"Organization","@id":"https:\/\/www.plataformadecomunicacio.com\/#organization","name":"Plataforma de comunicaci\u00f3","url":"https:\/\/www.plataformadecomunicacio.com\/","logo":{"@type":"ImageObject","inLanguage":"es","@id":"https:\/\/www.plataformadecomunicacio.com\/#\/schema\/logo\/image\/","url":"https:\/\/www.plataformadecomunicacio.com\/wp-content\/uploads\/2019\/02\/Logo_plataforma.png","contentUrl":"https:\/\/www.plataformadecomunicacio.com\/wp-content\/uploads\/2019\/02\/Logo_plataforma.png","width":505,"height":320,"caption":"Plataforma de comunicaci\u00f3"},"image":{"@id":"https:\/\/www.plataformadecomunicacio.com\/#\/schema\/logo\/image\/"},"sameAs":["https:\/\/www.facebook.com\/plataformadecomunicacio\/","https:\/\/x.com\/PlataformadeCom","https:\/\/www.linkedin.com\/company\/plataforma-de-comunicaci\u00f3\/","https:\/\/www.youtube.com\/channel\/UCQ4-7CGw0atul0BbEAN5S9w"]},{"@type":"Person","@id":"https:\/\/www.plataformadecomunicacio.com\/#\/schema\/person\/a10597ea5a25cad7b4aac14e6a1672ed","name":"Plataforma de Comunicaci\u00f3","image":{"@type":"ImageObject","inLanguage":"es","@id":"https:\/\/www.plataformadecomunicacio.com\/#\/schema\/person\/image\/","url":"https:\/\/secure.gravatar.com\/avatar\/cd26adb9e219d2135afc19eaeefcbaa63ae195f53dcce0bebf04fcc05c3dc7b4?s=96&d=mm&r=g","contentUrl":"https:\/\/secure.gravatar.com\/avatar\/cd26adb9e219d2135afc19eaeefcbaa63ae195f53dcce0bebf04fcc05c3dc7b4?s=96&d=mm&r=g","caption":"Plataforma de Comunicaci\u00f3"},"sameAs":["http:\/\/plataformadecomunicacio.com"],"url":"https:\/\/www.plataformadecomunicacio.com\/es\/author\/plataforma\/"}]}},"_links":{"self":[{"href":"https:\/\/www.plataformadecomunicacio.com\/es\/wp-json\/wp\/v2\/posts\/9306","targetHints":{"allow":["GET"]}}],"collection":[{"href":"https:\/\/www.plataformadecomunicacio.com\/es\/wp-json\/wp\/v2\/posts"}],"about":[{"href":"https:\/\/www.plataformadecomunicacio.com\/es\/wp-json\/wp\/v2\/types\/post"}],"author":[{"embeddable":true,"href":"https:\/\/www.plataformadecomunicacio.com\/es\/wp-json\/wp\/v2\/users\/2"}],"replies":[{"embeddable":true,"href":"https:\/\/www.plataformadecomunicacio.com\/es\/wp-json\/wp\/v2\/comments?post=9306"}],"version-history":[{"count":1,"href":"https:\/\/www.plataformadecomunicacio.com\/es\/wp-json\/wp\/v2\/posts\/9306\/revisions"}],"predecessor-version":[{"id":9307,"href":"https:\/\/www.plataformadecomunicacio.com\/es\/wp-json\/wp\/v2\/posts\/9306\/revisions\/9307"}],"wp:featuredmedia":[{"embeddable":true,"href":"https:\/\/www.plataformadecomunicacio.com\/es\/wp-json\/wp\/v2\/media\/8915"}],"wp:attachment":[{"href":"https:\/\/www.plataformadecomunicacio.com\/es\/wp-json\/wp\/v2\/media?parent=9306"}],"wp:term":[{"taxonomy":"category","embeddable":true,"href":"https:\/\/www.plataformadecomunicacio.com\/es\/wp-json\/wp\/v2\/categories?post=9306"},{"taxonomy":"post_tag","embeddable":true,"href":"https:\/\/www.plataformadecomunicacio.com\/es\/wp-json\/wp\/v2\/tags?post=9306"}],"curies":[{"name":"wp","href":"https:\/\/api.w.org\/{rel}","templated":true}]}}