{"id":9308,"date":"2021-06-08T10:43:33","date_gmt":"2021-06-08T10:43:33","guid":{"rendered":"https:\/\/www.plataformadecomunicacio.com\/reuniones-virtuales-el-reto-de-la-eficiencia\/"},"modified":"2021-06-08T10:43:34","modified_gmt":"2021-06-08T10:43:34","slug":"reuniones-virtuales-el-reto-de-la-eficiencia","status":"publish","type":"post","link":"https:\/\/www.plataformadecomunicacio.com\/es\/reuniones-virtuales-el-reto-de-la-eficiencia\/","title":{"rendered":"Reuniones virtuales: el reto de la eficiencia"},"content":{"rendered":"\n<figure class=\"wp-block-table\"><table><tbody><tr><td>En la \u00e9pica primera escena de la pel\u00edcula Superman (1978), los malvados General Zod, Ursa y Non son condenados por decisi\u00f3n del Consejo de Krypton a la Zona Fantasma, donde son transportados a trav\u00e9s de una especie de prisi\u00f3n bidimensional. Situados ahora en plena pandemia, todos nos hemos visto abocados a un universo de relaci\u00f3n en dos dimensiones. Empresas, familias, profesionales, docentes, conferenciantes, entidades &#8230;. absolutamente todos hemos tenido que <strong>adaptarnos a la nueva realidad<\/strong>, basada en la distancia y los encuentros en el mundo digital, donde podemos destacar las <strong>reuniones virtuales.<\/strong>&#13;\n&#13;\nEn una cultura mediterr\u00e1nea como la nuestra, tan acostumbrada al contacto f\u00edsico, supone un <strong>esfuerzo de adaptaci\u00f3n<\/strong>, de nuevos c\u00f3digos, que pueden en parte dificultar la comunicaci\u00f3n; pero tambi\u00e9n representa la posibilidad de utilizar <strong>recursos extraordinarios<\/strong>, a menudo in\u00e9ditos, que pueden a\u00f1adir nuevas cotas de eficiencia en las <strong>relaciones \u00aba distancia\u00bb.<\/strong>&#13;\n&#13;\nEs obligatorio pues, para todas las personas que nos dedicamos a la \u00abcosa social\u00bb, pero quiz\u00e1s tambi\u00e9n para el ciudadano que quiere convertirse en activo en su comunicaci\u00f3n interpersonal a pesar de las necesarias restricciones, investigar qu\u00e9 posibilidades nos ofrecen las herramientas espec\u00edficas que ya exist\u00edan, y la mir\u00edada de nuevas opciones que van tomando cuerpo impulsadas por la creatividad y la necesidad.&#13;\n&#13;\nLos principios b\u00e1sicos que deber\u00edan regir este viaje de descubrimiento por tierras ignotas, son:&#13;\n<ol><li>El <strong>convencimiento<\/strong> de que lo que podemos incorporar a nuestras reuniones puede enriquecer la comunicaci\u00f3n, hacerla m\u00e1s eficiente.<\/li>&#13;\n \t<li>La <strong>actitud de aprendizaje activo<\/strong>, la necesidad de investigar, testar propuestas, elegir lo que m\u00e1s y mejor se adapta a nuestras necesidades, y no quedarnos s\u00f3lo con lo que tenemos al alcance.<\/li>&#13;\n \t<li><strong>Incorporar el dominio de las herramientas<\/strong> <strong>de dinamizaci\u00f3n<\/strong> y gesti\u00f3n de reuniones como una competencia perenne, que mantendremos y utilizaremos m\u00e1s all\u00e1 de la duraci\u00f3n de la maldita pandemia, y que nos aportar\u00e1 cosas tanto en lo personal como en la profesional.<\/li>&#13;\n<\/ol><strong>Racionalizar las reuniones<\/strong> y encuentros, celebrar s\u00f3lo las indispensables, <strong>acotar su duraci\u00f3n<\/strong>, <strong>hacerlas eficientes<\/strong> desde el punto de vista comunicativo y afables desde el punto de vista de la gesti\u00f3n de las emociones, forma parte de un know-how que tendremos aprender. Antes de la Covid-19 y de la nueva moda de las reuniones virtuales a menudo ya sufr\u00edamos la pandemia de la \u00abreunionitis\u00bb, con reuniones innecesarias, interminables o directamente in\u00fatiles. Aprovechamos pues la ocasi\u00f3n para rectificar los errores del pasado, y para orientar al futuro con el desarrollo y dominio de nuevas herramientas, estrategias y recursos, as\u00ed como para estimular a los territorios la alfabetizaci\u00f3n digital de personas social y econ\u00f3micamente vulnerables. <strong>La brecha digital se ensancha<\/strong> y dejar\u00e1 un poso de grandes desigualdades que nos afectar\u00e1 en la recuperaci\u00f3n econ\u00f3mica, en la convivencia y en todos los \u00f3rdenes de la vida, si no ponemos remedio.&#13;\n&#13;\nEn la Plataforma queremos facilitar que tu empresa, instituci\u00f3n o asociaci\u00f3n se adapte a las nuevas funcionalidades de la tecnolog\u00eda y pueda ofrecer su mejor versi\u00f3n. Si quieres m\u00e1s informaci\u00f3n sobre nuestro servicio de dinamizaci\u00f3n de reuniones virtuales entra en <a href=\"https:\/\/www.plataformadecomunicacio.com\/es\/?page_id=9433\">https:\/\/www.plataformadecomunicacio.com\/plataforma-didees\/reunions-virtuals\/<\/a> o contacta con nosotros para que te hacemos una propuesta personalizada.<\/td><\/tr><\/tbody><\/table><\/figure>","protected":false},"excerpt":{"rendered":"<p>En la \u00e9pica primera escena de la pel\u00edcula Superman (1978), los malvados General Zod, Ursa y Non son condenados por decisi\u00f3n del Consejo de Krypton a la Zona Fantasma, donde son transportados a trav\u00e9s de una especie de prisi\u00f3n bidimensional. Situados ahora en plena pandemia, todos nos hemos visto abocados a un universo de relaci\u00f3n [&hellip;]<\/p>\n","protected":false},"author":2,"featured_media":8990,"comment_status":"open","ping_status":"open","sticky":false,"template":"","format":"standard","meta":{"footnotes":""},"categories":[56],"tags":[176,177,179,178],"class_list":["post-9308","post","type-post","status-publish","format-standard","has-post-thumbnail","hentry","category-news-es","tag-reuniones-virtuales","tag-teletrabajo","tag-teleworking-es","tag-zoom-es"],"yoast_head":"<!-- This site is optimized with the Yoast SEO plugin v26.1 - https:\/\/yoast.com\/wordpress\/plugins\/seo\/ -->\n<title>Reuniones virtuales: el reto de la eficiencia - Plataforma de comunicaci\u00f3<\/title>\n<meta name=\"description\" content=\"La pandemia del coronavirus ha implantado una nueva forma de trabajar: las reuniones virtuales, una forma de estimular la alfabetizaci\u00f3n digital de la sociedad.\" \/>\n<meta name=\"robots\" content=\"index, follow, max-snippet:-1, max-image-preview:large, max-video-preview:-1\" \/>\n<link rel=\"canonical\" href=\"https:\/\/www.plataformadecomunicacio.com\/es\/reuniones-virtuales-el-reto-de-la-eficiencia\/\" \/>\n<meta property=\"og:locale\" content=\"es_ES\" \/>\n<meta property=\"og:type\" content=\"article\" \/>\n<meta property=\"og:title\" content=\"Reuniones virtuales: el reto de la eficiencia - Plataforma de comunicaci\u00f3\" \/>\n<meta property=\"og:description\" content=\"La pandemia del coronavirus ha implantado una nueva forma de trabajar: las reuniones virtuales, una forma de estimular la alfabetizaci\u00f3n digital de la sociedad.\" \/>\n<meta property=\"og:url\" content=\"https:\/\/www.plataformadecomunicacio.com\/es\/reuniones-virtuales-el-reto-de-la-eficiencia\/\" \/>\n<meta property=\"og:site_name\" content=\"Plataforma de comunicaci\u00f3\" \/>\n<meta property=\"article:publisher\" content=\"https:\/\/www.facebook.com\/plataformadecomunicacio\/\" \/>\n<meta property=\"article:published_time\" content=\"2021-06-08T10:43:33+00:00\" \/>\n<meta property=\"article:modified_time\" content=\"2021-06-08T10:43:34+00:00\" \/>\n<meta property=\"og:image\" content=\"https:\/\/www.plataformadecomunicacio.com\/wp-content\/uploads\/2020\/10\/reuniones-virtuales.jpg\" \/>\n\t<meta property=\"og:image:width\" content=\"1300\" \/>\n\t<meta property=\"og:image:height\" content=\"975\" \/>\n\t<meta property=\"og:image:type\" content=\"image\/jpeg\" \/>\n<meta name=\"author\" content=\"Plataforma de Comunicaci\u00f3\" \/>\n<meta name=\"twitter:card\" content=\"summary_large_image\" \/>\n<meta name=\"twitter:creator\" content=\"@PlataformadeCom\" \/>\n<meta name=\"twitter:site\" content=\"@PlataformadeCom\" \/>\n<meta name=\"twitter:label1\" content=\"Escrito por\" \/>\n\t<meta name=\"twitter:data1\" content=\"Plataforma de Comunicaci\u00f3\" \/>\n\t<meta name=\"twitter:label2\" content=\"Tiempo de lectura\" \/>\n\t<meta name=\"twitter:data2\" content=\"3 minutos\" \/>\n<script type=\"application\/ld+json\" class=\"yoast-schema-graph\">{\"@context\":\"https:\/\/schema.org\",\"@graph\":[{\"@type\":\"Article\",\"@id\":\"https:\/\/www.plataformadecomunicacio.com\/es\/reuniones-virtuales-el-reto-de-la-eficiencia\/#article\",\"isPartOf\":{\"@id\":\"https:\/\/www.plataformadecomunicacio.com\/es\/reuniones-virtuales-el-reto-de-la-eficiencia\/\"},\"author\":{\"name\":\"Plataforma de Comunicaci\u00f3\",\"@id\":\"https:\/\/www.plataformadecomunicacio.com\/#\/schema\/person\/a10597ea5a25cad7b4aac14e6a1672ed\"},\"headline\":\"Reuniones virtuales: el reto de la eficiencia\",\"datePublished\":\"2021-06-08T10:43:33+00:00\",\"dateModified\":\"2021-06-08T10:43:34+00:00\",\"mainEntityOfPage\":{\"@id\":\"https:\/\/www.plataformadecomunicacio.com\/es\/reuniones-virtuales-el-reto-de-la-eficiencia\/\"},\"wordCount\":566,\"commentCount\":0,\"publisher\":{\"@id\":\"https:\/\/www.plataformadecomunicacio.com\/#organization\"},\"image\":{\"@id\":\"https:\/\/www.plataformadecomunicacio.com\/es\/reuniones-virtuales-el-reto-de-la-eficiencia\/#primaryimage\"},\"thumbnailUrl\":\"https:\/\/www.plataformadecomunicacio.com\/wp-content\/uploads\/2020\/10\/reuniones-virtuales.jpg\",\"keywords\":[\"reuniones virtuales\",\"teletrabajo\",\"teleworking\",\"zoom\"],\"articleSection\":[\"News\"],\"inLanguage\":\"es\",\"potentialAction\":[{\"@type\":\"CommentAction\",\"name\":\"Comment\",\"target\":[\"https:\/\/www.plataformadecomunicacio.com\/es\/reuniones-virtuales-el-reto-de-la-eficiencia\/#respond\"]}]},{\"@type\":\"WebPage\",\"@id\":\"https:\/\/www.plataformadecomunicacio.com\/es\/reuniones-virtuales-el-reto-de-la-eficiencia\/\",\"url\":\"https:\/\/www.plataformadecomunicacio.com\/es\/reuniones-virtuales-el-reto-de-la-eficiencia\/\",\"name\":\"Reuniones virtuales: el reto de la eficiencia - Plataforma de comunicaci\u00f3\",\"isPartOf\":{\"@id\":\"https:\/\/www.plataformadecomunicacio.com\/#website\"},\"primaryImageOfPage\":{\"@id\":\"https:\/\/www.plataformadecomunicacio.com\/es\/reuniones-virtuales-el-reto-de-la-eficiencia\/#primaryimage\"},\"image\":{\"@id\":\"https:\/\/www.plataformadecomunicacio.com\/es\/reuniones-virtuales-el-reto-de-la-eficiencia\/#primaryimage\"},\"thumbnailUrl\":\"https:\/\/www.plataformadecomunicacio.com\/wp-content\/uploads\/2020\/10\/reuniones-virtuales.jpg\",\"datePublished\":\"2021-06-08T10:43:33+00:00\",\"dateModified\":\"2021-06-08T10:43:34+00:00\",\"description\":\"La pandemia del coronavirus ha implantado una nueva forma de trabajar: las reuniones virtuales, una forma de estimular la alfabetizaci\u00f3n digital de la sociedad.\",\"breadcrumb\":{\"@id\":\"https:\/\/www.plataformadecomunicacio.com\/es\/reuniones-virtuales-el-reto-de-la-eficiencia\/#breadcrumb\"},\"inLanguage\":\"es\",\"potentialAction\":[{\"@type\":\"ReadAction\",\"target\":[\"https:\/\/www.plataformadecomunicacio.com\/es\/reuniones-virtuales-el-reto-de-la-eficiencia\/\"]}]},{\"@type\":\"ImageObject\",\"inLanguage\":\"es\",\"@id\":\"https:\/\/www.plataformadecomunicacio.com\/es\/reuniones-virtuales-el-reto-de-la-eficiencia\/#primaryimage\",\"url\":\"https:\/\/www.plataformadecomunicacio.com\/wp-content\/uploads\/2020\/10\/reuniones-virtuales.jpg\",\"contentUrl\":\"https:\/\/www.plataformadecomunicacio.com\/wp-content\/uploads\/2020\/10\/reuniones-virtuales.jpg\",\"width\":1300,\"height\":975,\"caption\":\"Reuniones virutales\"},{\"@type\":\"BreadcrumbList\",\"@id\":\"https:\/\/www.plataformadecomunicacio.com\/es\/reuniones-virtuales-el-reto-de-la-eficiencia\/#breadcrumb\",\"itemListElement\":[{\"@type\":\"ListItem\",\"position\":1,\"name\":\"Home\",\"item\":\"https:\/\/www.plataformadecomunicacio.com\/es\/inicio\/\"},{\"@type\":\"ListItem\",\"position\":2,\"name\":\"Reuniones virtuales: el reto de la eficiencia\"}]},{\"@type\":\"WebSite\",\"@id\":\"https:\/\/www.plataformadecomunicacio.com\/#website\",\"url\":\"https:\/\/www.plataformadecomunicacio.com\/\",\"name\":\"Plataforma de comunicaci\u00f3\",\"description\":\"Comuniquem junts\",\"publisher\":{\"@id\":\"https:\/\/www.plataformadecomunicacio.com\/#organization\"},\"potentialAction\":[{\"@type\":\"SearchAction\",\"target\":{\"@type\":\"EntryPoint\",\"urlTemplate\":\"https:\/\/www.plataformadecomunicacio.com\/?s={search_term_string}\"},\"query-input\":{\"@type\":\"PropertyValueSpecification\",\"valueRequired\":true,\"valueName\":\"search_term_string\"}}],\"inLanguage\":\"es\"},{\"@type\":\"Organization\",\"@id\":\"https:\/\/www.plataformadecomunicacio.com\/#organization\",\"name\":\"Plataforma de comunicaci\u00f3\",\"url\":\"https:\/\/www.plataformadecomunicacio.com\/\",\"logo\":{\"@type\":\"ImageObject\",\"inLanguage\":\"es\",\"@id\":\"https:\/\/www.plataformadecomunicacio.com\/#\/schema\/logo\/image\/\",\"url\":\"https:\/\/www.plataformadecomunicacio.com\/wp-content\/uploads\/2019\/02\/Logo_plataforma.png\",\"contentUrl\":\"https:\/\/www.plataformadecomunicacio.com\/wp-content\/uploads\/2019\/02\/Logo_plataforma.png\",\"width\":505,\"height\":320,\"caption\":\"Plataforma de comunicaci\u00f3\"},\"image\":{\"@id\":\"https:\/\/www.plataformadecomunicacio.com\/#\/schema\/logo\/image\/\"},\"sameAs\":[\"https:\/\/www.facebook.com\/plataformadecomunicacio\/\",\"https:\/\/x.com\/PlataformadeCom\",\"https:\/\/www.linkedin.com\/company\/plataforma-de-comunicaci\u00f3\/\",\"https:\/\/www.youtube.com\/channel\/UCQ4-7CGw0atul0BbEAN5S9w\"]},{\"@type\":\"Person\",\"@id\":\"https:\/\/www.plataformadecomunicacio.com\/#\/schema\/person\/a10597ea5a25cad7b4aac14e6a1672ed\",\"name\":\"Plataforma de Comunicaci\u00f3\",\"image\":{\"@type\":\"ImageObject\",\"inLanguage\":\"es\",\"@id\":\"https:\/\/www.plataformadecomunicacio.com\/#\/schema\/person\/image\/\",\"url\":\"https:\/\/secure.gravatar.com\/avatar\/cd26adb9e219d2135afc19eaeefcbaa63ae195f53dcce0bebf04fcc05c3dc7b4?s=96&d=mm&r=g\",\"contentUrl\":\"https:\/\/secure.gravatar.com\/avatar\/cd26adb9e219d2135afc19eaeefcbaa63ae195f53dcce0bebf04fcc05c3dc7b4?s=96&d=mm&r=g\",\"caption\":\"Plataforma de Comunicaci\u00f3\"},\"sameAs\":[\"http:\/\/plataformadecomunicacio.com\"],\"url\":\"https:\/\/www.plataformadecomunicacio.com\/es\/author\/plataforma\/\"}]}<\/script>\n<!-- \/ Yoast SEO plugin. -->","yoast_head_json":{"title":"Reuniones virtuales: el reto de la eficiencia - Plataforma de comunicaci\u00f3","description":"La pandemia del coronavirus ha implantado una nueva forma de trabajar: las reuniones virtuales, una forma de estimular la alfabetizaci\u00f3n digital de la sociedad.","robots":{"index":"index","follow":"follow","max-snippet":"max-snippet:-1","max-image-preview":"max-image-preview:large","max-video-preview":"max-video-preview:-1"},"canonical":"https:\/\/www.plataformadecomunicacio.com\/es\/reuniones-virtuales-el-reto-de-la-eficiencia\/","og_locale":"es_ES","og_type":"article","og_title":"Reuniones virtuales: el reto de la eficiencia - Plataforma de comunicaci\u00f3","og_description":"La pandemia del coronavirus ha implantado una nueva forma de trabajar: las reuniones virtuales, una forma de estimular la alfabetizaci\u00f3n digital de la sociedad.","og_url":"https:\/\/www.plataformadecomunicacio.com\/es\/reuniones-virtuales-el-reto-de-la-eficiencia\/","og_site_name":"Plataforma de comunicaci\u00f3","article_publisher":"https:\/\/www.facebook.com\/plataformadecomunicacio\/","article_published_time":"2021-06-08T10:43:33+00:00","article_modified_time":"2021-06-08T10:43:34+00:00","og_image":[{"width":1300,"height":975,"url":"https:\/\/www.plataformadecomunicacio.com\/wp-content\/uploads\/2020\/10\/reuniones-virtuales.jpg","type":"image\/jpeg"}],"author":"Plataforma de Comunicaci\u00f3","twitter_card":"summary_large_image","twitter_creator":"@PlataformadeCom","twitter_site":"@PlataformadeCom","twitter_misc":{"Escrito por":"Plataforma de Comunicaci\u00f3","Tiempo de lectura":"3 minutos"},"schema":{"@context":"https:\/\/schema.org","@graph":[{"@type":"Article","@id":"https:\/\/www.plataformadecomunicacio.com\/es\/reuniones-virtuales-el-reto-de-la-eficiencia\/#article","isPartOf":{"@id":"https:\/\/www.plataformadecomunicacio.com\/es\/reuniones-virtuales-el-reto-de-la-eficiencia\/"},"author":{"name":"Plataforma de Comunicaci\u00f3","@id":"https:\/\/www.plataformadecomunicacio.com\/#\/schema\/person\/a10597ea5a25cad7b4aac14e6a1672ed"},"headline":"Reuniones virtuales: el reto de la eficiencia","datePublished":"2021-06-08T10:43:33+00:00","dateModified":"2021-06-08T10:43:34+00:00","mainEntityOfPage":{"@id":"https:\/\/www.plataformadecomunicacio.com\/es\/reuniones-virtuales-el-reto-de-la-eficiencia\/"},"wordCount":566,"commentCount":0,"publisher":{"@id":"https:\/\/www.plataformadecomunicacio.com\/#organization"},"image":{"@id":"https:\/\/www.plataformadecomunicacio.com\/es\/reuniones-virtuales-el-reto-de-la-eficiencia\/#primaryimage"},"thumbnailUrl":"https:\/\/www.plataformadecomunicacio.com\/wp-content\/uploads\/2020\/10\/reuniones-virtuales.jpg","keywords":["reuniones virtuales","teletrabajo","teleworking","zoom"],"articleSection":["News"],"inLanguage":"es","potentialAction":[{"@type":"CommentAction","name":"Comment","target":["https:\/\/www.plataformadecomunicacio.com\/es\/reuniones-virtuales-el-reto-de-la-eficiencia\/#respond"]}]},{"@type":"WebPage","@id":"https:\/\/www.plataformadecomunicacio.com\/es\/reuniones-virtuales-el-reto-de-la-eficiencia\/","url":"https:\/\/www.plataformadecomunicacio.com\/es\/reuniones-virtuales-el-reto-de-la-eficiencia\/","name":"Reuniones virtuales: el reto de la eficiencia - Plataforma de comunicaci\u00f3","isPartOf":{"@id":"https:\/\/www.plataformadecomunicacio.com\/#website"},"primaryImageOfPage":{"@id":"https:\/\/www.plataformadecomunicacio.com\/es\/reuniones-virtuales-el-reto-de-la-eficiencia\/#primaryimage"},"image":{"@id":"https:\/\/www.plataformadecomunicacio.com\/es\/reuniones-virtuales-el-reto-de-la-eficiencia\/#primaryimage"},"thumbnailUrl":"https:\/\/www.plataformadecomunicacio.com\/wp-content\/uploads\/2020\/10\/reuniones-virtuales.jpg","datePublished":"2021-06-08T10:43:33+00:00","dateModified":"2021-06-08T10:43:34+00:00","description":"La pandemia del coronavirus ha implantado una nueva forma de trabajar: las reuniones virtuales, una forma de estimular la alfabetizaci\u00f3n digital de la sociedad.","breadcrumb":{"@id":"https:\/\/www.plataformadecomunicacio.com\/es\/reuniones-virtuales-el-reto-de-la-eficiencia\/#breadcrumb"},"inLanguage":"es","potentialAction":[{"@type":"ReadAction","target":["https:\/\/www.plataformadecomunicacio.com\/es\/reuniones-virtuales-el-reto-de-la-eficiencia\/"]}]},{"@type":"ImageObject","inLanguage":"es","@id":"https:\/\/www.plataformadecomunicacio.com\/es\/reuniones-virtuales-el-reto-de-la-eficiencia\/#primaryimage","url":"https:\/\/www.plataformadecomunicacio.com\/wp-content\/uploads\/2020\/10\/reuniones-virtuales.jpg","contentUrl":"https:\/\/www.plataformadecomunicacio.com\/wp-content\/uploads\/2020\/10\/reuniones-virtuales.jpg","width":1300,"height":975,"caption":"Reuniones virutales"},{"@type":"BreadcrumbList","@id":"https:\/\/www.plataformadecomunicacio.com\/es\/reuniones-virtuales-el-reto-de-la-eficiencia\/#breadcrumb","itemListElement":[{"@type":"ListItem","position":1,"name":"Home","item":"https:\/\/www.plataformadecomunicacio.com\/es\/inicio\/"},{"@type":"ListItem","position":2,"name":"Reuniones virtuales: el reto de la eficiencia"}]},{"@type":"WebSite","@id":"https:\/\/www.plataformadecomunicacio.com\/#website","url":"https:\/\/www.plataformadecomunicacio.com\/","name":"Plataforma de comunicaci\u00f3","description":"Comuniquem junts","publisher":{"@id":"https:\/\/www.plataformadecomunicacio.com\/#organization"},"potentialAction":[{"@type":"SearchAction","target":{"@type":"EntryPoint","urlTemplate":"https:\/\/www.plataformadecomunicacio.com\/?s={search_term_string}"},"query-input":{"@type":"PropertyValueSpecification","valueRequired":true,"valueName":"search_term_string"}}],"inLanguage":"es"},{"@type":"Organization","@id":"https:\/\/www.plataformadecomunicacio.com\/#organization","name":"Plataforma de comunicaci\u00f3","url":"https:\/\/www.plataformadecomunicacio.com\/","logo":{"@type":"ImageObject","inLanguage":"es","@id":"https:\/\/www.plataformadecomunicacio.com\/#\/schema\/logo\/image\/","url":"https:\/\/www.plataformadecomunicacio.com\/wp-content\/uploads\/2019\/02\/Logo_plataforma.png","contentUrl":"https:\/\/www.plataformadecomunicacio.com\/wp-content\/uploads\/2019\/02\/Logo_plataforma.png","width":505,"height":320,"caption":"Plataforma de comunicaci\u00f3"},"image":{"@id":"https:\/\/www.plataformadecomunicacio.com\/#\/schema\/logo\/image\/"},"sameAs":["https:\/\/www.facebook.com\/plataformadecomunicacio\/","https:\/\/x.com\/PlataformadeCom","https:\/\/www.linkedin.com\/company\/plataforma-de-comunicaci\u00f3\/","https:\/\/www.youtube.com\/channel\/UCQ4-7CGw0atul0BbEAN5S9w"]},{"@type":"Person","@id":"https:\/\/www.plataformadecomunicacio.com\/#\/schema\/person\/a10597ea5a25cad7b4aac14e6a1672ed","name":"Plataforma de Comunicaci\u00f3","image":{"@type":"ImageObject","inLanguage":"es","@id":"https:\/\/www.plataformadecomunicacio.com\/#\/schema\/person\/image\/","url":"https:\/\/secure.gravatar.com\/avatar\/cd26adb9e219d2135afc19eaeefcbaa63ae195f53dcce0bebf04fcc05c3dc7b4?s=96&d=mm&r=g","contentUrl":"https:\/\/secure.gravatar.com\/avatar\/cd26adb9e219d2135afc19eaeefcbaa63ae195f53dcce0bebf04fcc05c3dc7b4?s=96&d=mm&r=g","caption":"Plataforma de Comunicaci\u00f3"},"sameAs":["http:\/\/plataformadecomunicacio.com"],"url":"https:\/\/www.plataformadecomunicacio.com\/es\/author\/plataforma\/"}]}},"_links":{"self":[{"href":"https:\/\/www.plataformadecomunicacio.com\/es\/wp-json\/wp\/v2\/posts\/9308","targetHints":{"allow":["GET"]}}],"collection":[{"href":"https:\/\/www.plataformadecomunicacio.com\/es\/wp-json\/wp\/v2\/posts"}],"about":[{"href":"https:\/\/www.plataformadecomunicacio.com\/es\/wp-json\/wp\/v2\/types\/post"}],"author":[{"embeddable":true,"href":"https:\/\/www.plataformadecomunicacio.com\/es\/wp-json\/wp\/v2\/users\/2"}],"replies":[{"embeddable":true,"href":"https:\/\/www.plataformadecomunicacio.com\/es\/wp-json\/wp\/v2\/comments?post=9308"}],"version-history":[{"count":1,"href":"https:\/\/www.plataformadecomunicacio.com\/es\/wp-json\/wp\/v2\/posts\/9308\/revisions"}],"predecessor-version":[{"id":9309,"href":"https:\/\/www.plataformadecomunicacio.com\/es\/wp-json\/wp\/v2\/posts\/9308\/revisions\/9309"}],"wp:featuredmedia":[{"embeddable":true,"href":"https:\/\/www.plataformadecomunicacio.com\/es\/wp-json\/wp\/v2\/media\/8990"}],"wp:attachment":[{"href":"https:\/\/www.plataformadecomunicacio.com\/es\/wp-json\/wp\/v2\/media?parent=9308"}],"wp:term":[{"taxonomy":"category","embeddable":true,"href":"https:\/\/www.plataformadecomunicacio.com\/es\/wp-json\/wp\/v2\/categories?post=9308"},{"taxonomy":"post_tag","embeddable":true,"href":"https:\/\/www.plataformadecomunicacio.com\/es\/wp-json\/wp\/v2\/tags?post=9308"}],"curies":[{"name":"wp","href":"https:\/\/api.w.org\/{rel}","templated":true}]}}