{"id":9314,"date":"2021-06-08T11:05:13","date_gmt":"2021-06-08T11:05:13","guid":{"rendered":"https:\/\/www.plataformadecomunicacio.com\/como-es-el-proceso-de-elaboracion-de-un-proyecto-visual\/"},"modified":"2021-06-08T11:05:13","modified_gmt":"2021-06-08T11:05:13","slug":"como-es-el-proceso-de-elaboracion-de-un-proyecto-visual","status":"publish","type":"post","link":"https:\/\/www.plataformadecomunicacio.com\/es\/como-es-el-proceso-de-elaboracion-de-un-proyecto-visual\/","title":{"rendered":"\u00bfC\u00f3mo es el proceso de elaboraci\u00f3n de un proyecto visual?"},"content":{"rendered":"\n<h3 class=\"wp-block-heading\"><strong>Te explicamos todos los pasos a seguir para obtener un buen producto final<\/strong><\/h3>\n\n<p>Muchas veces se nos vienen a la cabeza ideas para llevar a cabo un proyecto audiovisual o fotogr\u00e1fico, pero nos quedamos bloqueados porque no sabemos por d\u00f3nde empezar y tampoco conocemos todos los aspectos que hace falta tener en cuenta. En Plataforma de Comunicaci\u00f3 damos luz a la inspiraci\u00f3n y te explicamos los pasos principales a seguir para que todo funcione como se desea. <\/p>\n\n<p>Para poner un ejemplo, nos guiaremos por el proyecto \u2018Liberadas\u2019, ideado por la responsable del departamento de igualdad de la Plataforma de Comunicaci\u00f3, Mariana Grau. Se trata de un reportaje fotogr\u00e1fico engendrado en el marco del D\u00eda Internacional de la Mujer, que se celebra cada 8 de marzo.<\/p>\n\n<p><strong>La preproducci\u00f3n<\/strong><\/p>\n\n<p>Primeramente, debemos <strong>poner orden y dar forma a la idea abstracta<\/strong>. Pensar en los objetivos y prop\u00f3sitos de la acci\u00f3n y hacer una lluvia de ideas de c\u00f3mo se puede materializar. \u201cEl proyecto nace de la rabia y la necesidad de expresarnos para alzar la voz con un mensaje de sororidad\u201d, explica Grau. En ocasiones, es de gran ayuda encontrar un t\u00edtulo al inicio ya que, de esta manera, tenemos un concepto desde el que evolucionar, aunque m\u00e1s adelante, encontr\u00e1semos otra frase, palabra o eslogan que nos parezca m\u00e1s adecuado.<\/p>\n\n<p>Una vez sabemos qu\u00e9 queremos hacer, tenemos que <strong>describir el proyecto con palabras y\/o im\u00e1genes<\/strong> en forma de guion. Hacer una descripci\u00f3n general para tener todos los aspectos ilustrados, saber a qu\u00e9 tipo de p\u00fablico va dirigido, d\u00f3nde queremos que se realice, qui\u00e9n nos gustar\u00eda que lo protagonizara, qu\u00e9 medios econ\u00f3micos y materiales tenemos al alcance, qui\u00e9n compondr\u00e1 el equipo t\u00e9cnico, c\u00f3mo nos organizaremos seg\u00fan funciones y responsabilidades, cu\u00e1les son los <em>timings<\/em> y el <em>deadline<\/em>, c\u00f3mo daremos a conocer el proyecto\u2026<\/p>\n\n<div class=\"wp-block-image\"><figure class=\"alignleft size-large is-resized\"><img loading=\"lazy\" decoding=\"async\" src=\"https:\/\/www.plataformadecomunicacio.com\/wp-content\/uploads\/2021\/03\/606c66fb-b25c-4126-a6e1-f57b8397746d-1.jpg\" alt=\"\" class=\"wp-image-9236\" width=\"522\" height=\"392\" srcset=\"https:\/\/www.plataformadecomunicacio.com\/wp-content\/uploads\/2021\/03\/606c66fb-b25c-4126-a6e1-f57b8397746d-1.jpg 1024w, https:\/\/www.plataformadecomunicacio.com\/wp-content\/uploads\/2021\/03\/606c66fb-b25c-4126-a6e1-f57b8397746d-1-300x225.jpg 300w, https:\/\/www.plataformadecomunicacio.com\/wp-content\/uploads\/2021\/03\/606c66fb-b25c-4126-a6e1-f57b8397746d-1-768x576.jpg 768w, https:\/\/www.plataformadecomunicacio.com\/wp-content\/uploads\/2021\/03\/606c66fb-b25c-4126-a6e1-f57b8397746d-1-705x529.jpg 705w, https:\/\/www.plataformadecomunicacio.com\/wp-content\/uploads\/2021\/03\/606c66fb-b25c-4126-a6e1-f57b8397746d-1-450x338.jpg 450w\" sizes=\"auto, (max-width: 522px) 100vw, 522px\" \/><\/figure><\/div>\n\n<p><strong>Entrando en materia <\/strong><\/p>\n\n<p>Ahora que ya tenemos el guion, tan solo hace falta ponerse manos a la obra y empezar a documentarse, enviar e-mails y realizar llamadas: es el momento de la<strong> producci\u00f3n<\/strong>.&#13;\n&#13;\nMariana quiso hacer \u2018Liberadas\u2019 con un grupo de mujeres que no se conocieran entre s\u00ed para poner en el valor el surgimiento de un v\u00ednculo de solidaridad genuino entre ellas. Las participantes fueron Amalia S\u00e1nchez, Paula S\u00e1nchez, Maria Fern\u00e1ndez, Yaiza Garc\u00eda, Maria Rosa Garc\u00eda, Elena Calder\u00f3n, Helena Molera, Camila Lara, Sara Vald\u00e9s, Silvia Garc\u00eda, Ivany i Margarida Rodr\u00edguez.<\/p>\n\n<p>Para que el \u00e9xito de un proyecto visual sea total, es de suma importancia tener la <strong>localizaci\u00f3n<\/strong> id\u00f3nea. \u201cEscog\u00ed Montserrat porque es un espacio natural donde las personas pueden conectarse con ellas mismas\u201d expone Mariana Grau y a\u00f1ade que es \u201cun ambiente seguro y c\u00f3modo que, adem\u00e1s, esconde una leyenda sobre brujas, que lo hace a\u00fan m\u00e1s m\u00e1gico y especial\u201d.<\/p>\n\n<p>La fotograf\u00eda de \u2018Liberadas\u2019 corri\u00f3 a cargo de Sheila Molina y sus clicks recogen el ambiente libre de complejos y comparaciones que se respir\u00f3 durante toda la jornada. Las mujeres se sintieron totalmente c\u00f3modas mostrando sus cuerpos y haciendo uso del bodypaint con una tinta lila que dibujaba palabras inspiradoras del movimiento feminista. El baile y las risas se mezclaban con la implicaci\u00f3n en el proyecto con muestras de ayuda y compa\u00f1erismo entre todas.<\/p>\n\n<p><\/p>\n\n<p><strong>Etapa final<\/strong><\/p>\n\n<p>Acabada la jornada, toca la etapa de la <strong>posproducci\u00f3n<\/strong>, que hace referencia a la edici\u00f3n del material fotografiado o grabado hasta que obtengamos el resultado deseado, despu\u00e9s de invertir cantidad de horas o d\u00edas dedicados a darle forma. Es importante acordarse de facilitar copias del proyecto a todo el mundo que haya participado como forma de agradecimiento por su dedicaci\u00f3n y su implicaci\u00f3n.<\/p>\n\n<p>Finalmente, el p\u00fablico debe conocer nuestro trabajo, por lo tanto, tenemos que poner en marcha el motor de la <strong>difusi\u00f3n<\/strong>.&#13;\n&#13;\nEl ejemplo que os hemos mostrado \u201cse present\u00f3 en las redes sociales subiendo tres fotograf\u00edas diarias en Instagram, que estaban acompa\u00f1adas de escritos reivindicativos con la cosificaci\u00f3n y sexualizaci\u00f3n que sufre la mujer, adem\u00e1s de la desigualdad y la necesidad de la tolerancia ante las m\u00faltiples reivindicaciones sin discriminaci\u00f3n de raza, orientaci\u00f3n sexual o clase social\u201d, expone la responsable del departamento de igualdad de la Plataforma de Comunicaci\u00f3, Mariana Grau.<\/p>\n\n<div class=\"wp-block-image\"><figure class=\"alignleft size-large is-resized\"><img loading=\"lazy\" decoding=\"async\" src=\"https:\/\/www.plataformadecomunicacio.com\/wp-content\/uploads\/2021\/03\/2b0d4abd-22f8-49f7-8b75-b1e15c1a5437-edited.jpg\" alt=\"\" class=\"wp-image-9232\" width=\"458\" height=\"458\" srcset=\"https:\/\/www.plataformadecomunicacio.com\/wp-content\/uploads\/2021\/03\/2b0d4abd-22f8-49f7-8b75-b1e15c1a5437-edited.jpg 901w, https:\/\/www.plataformadecomunicacio.com\/wp-content\/uploads\/2021\/03\/2b0d4abd-22f8-49f7-8b75-b1e15c1a5437-edited-300x300.jpg 300w, https:\/\/www.plataformadecomunicacio.com\/wp-content\/uploads\/2021\/03\/2b0d4abd-22f8-49f7-8b75-b1e15c1a5437-edited-80x80.jpg 80w, https:\/\/www.plataformadecomunicacio.com\/wp-content\/uploads\/2021\/03\/2b0d4abd-22f8-49f7-8b75-b1e15c1a5437-edited-768x768.jpg 768w, https:\/\/www.plataformadecomunicacio.com\/wp-content\/uploads\/2021\/03\/2b0d4abd-22f8-49f7-8b75-b1e15c1a5437-edited-36x36.jpg 36w, https:\/\/www.plataformadecomunicacio.com\/wp-content\/uploads\/2021\/03\/2b0d4abd-22f8-49f7-8b75-b1e15c1a5437-edited-180x180.jpg 180w, https:\/\/www.plataformadecomunicacio.com\/wp-content\/uploads\/2021\/03\/2b0d4abd-22f8-49f7-8b75-b1e15c1a5437-edited-705x705.jpg 705w, https:\/\/www.plataformadecomunicacio.com\/wp-content\/uploads\/2021\/03\/2b0d4abd-22f8-49f7-8b75-b1e15c1a5437-edited-120x120.jpg 120w, https:\/\/www.plataformadecomunicacio.com\/wp-content\/uploads\/2021\/03\/2b0d4abd-22f8-49f7-8b75-b1e15c1a5437-edited-450x450.jpg 450w\" sizes=\"auto, (max-width: 458px) 100vw, 458px\" \/><\/figure><\/div>\n\n<figure class=\"wp-block-image size-large is-resized\"><img loading=\"lazy\" decoding=\"async\" src=\"https:\/\/www.plataformadecomunicacio.com\/wp-content\/uploads\/2021\/03\/foto-negre.jpg\" alt=\"\" class=\"wp-image-9240\" width=\"368\" height=\"458\" srcset=\"https:\/\/www.plataformadecomunicacio.com\/wp-content\/uploads\/2021\/03\/foto-negre.jpg 824w, https:\/\/www.plataformadecomunicacio.com\/wp-content\/uploads\/2021\/03\/foto-negre-241x300.jpg 241w, https:\/\/www.plataformadecomunicacio.com\/wp-content\/uploads\/2021\/03\/foto-negre-768x954.jpg 768w, https:\/\/www.plataformadecomunicacio.com\/wp-content\/uploads\/2021\/03\/foto-negre-567x705.jpg 567w, https:\/\/www.plataformadecomunicacio.com\/wp-content\/uploads\/2021\/03\/foto-negre-450x559.jpg 450w\" sizes=\"auto, (max-width: 368px) 100vw, 368px\" \/><\/figure>\n<p><\/p>\n","protected":false},"excerpt":{"rendered":"<p>Te explicamos todos los pasos a seguir para obtener un buen producto final Muchas veces se nos vienen a la cabeza ideas para llevar a cabo un proyecto audiovisual o fotogr\u00e1fico, pero nos quedamos bloqueados porque no sabemos por d\u00f3nde empezar y tampoco conocemos todos los aspectos que hace falta tener en cuenta. En Plataforma [&hellip;]<\/p>\n","protected":false},"author":2,"featured_media":9238,"comment_status":"closed","ping_status":"open","sticky":false,"template":"","format":"standard","meta":{"footnotes":""},"categories":[55,56],"tags":[],"class_list":["post-9314","post","type-post","status-publish","format-standard","has-post-thumbnail","hentry","category-comunicacio-es","category-news-es"],"yoast_head":"<!-- This site is optimized with the Yoast SEO plugin v26.1 - https:\/\/yoast.com\/wordpress\/plugins\/seo\/ -->\n<title>\u00bfC\u00f3mo es el proceso de elaboraci\u00f3n de un proyecto visual? - Plataforma de comunicaci\u00f3<\/title>\n<meta name=\"robots\" content=\"index, follow, max-snippet:-1, max-image-preview:large, max-video-preview:-1\" \/>\n<link rel=\"canonical\" href=\"https:\/\/www.plataformadecomunicacio.com\/es\/como-es-el-proceso-de-elaboracion-de-un-proyecto-visual\/\" \/>\n<meta property=\"og:locale\" content=\"es_ES\" \/>\n<meta property=\"og:type\" content=\"article\" \/>\n<meta property=\"og:title\" content=\"\u00bfC\u00f3mo es el proceso de elaboraci\u00f3n de un proyecto visual? - Plataforma de comunicaci\u00f3\" \/>\n<meta property=\"og:description\" content=\"Te explicamos todos los pasos a seguir para obtener un buen producto final Muchas veces se nos vienen a la cabeza ideas para llevar a cabo un proyecto audiovisual o fotogr\u00e1fico, pero nos quedamos bloqueados porque no sabemos por d\u00f3nde empezar y tampoco conocemos todos los aspectos que hace falta tener en cuenta. En Plataforma [&hellip;]\" \/>\n<meta property=\"og:url\" content=\"https:\/\/www.plataformadecomunicacio.com\/es\/como-es-el-proceso-de-elaboracion-de-un-proyecto-visual\/\" \/>\n<meta property=\"og:site_name\" content=\"Plataforma de comunicaci\u00f3\" \/>\n<meta property=\"article:publisher\" content=\"https:\/\/www.facebook.com\/plataformadecomunicacio\/\" \/>\n<meta property=\"article:published_time\" content=\"2021-06-08T11:05:13+00:00\" \/>\n<meta property=\"og:image\" content=\"https:\/\/www.plataformadecomunicacio.com\/wp-content\/uploads\/2021\/03\/foto-de-foto.jpg\" \/>\n\t<meta property=\"og:image:width\" content=\"768\" \/>\n\t<meta property=\"og:image:height\" content=\"1024\" \/>\n\t<meta property=\"og:image:type\" content=\"image\/jpeg\" \/>\n<meta name=\"author\" content=\"Plataforma de Comunicaci\u00f3\" \/>\n<meta name=\"twitter:card\" content=\"summary_large_image\" \/>\n<meta name=\"twitter:creator\" content=\"@PlataformadeCom\" \/>\n<meta name=\"twitter:site\" content=\"@PlataformadeCom\" \/>\n<meta name=\"twitter:label1\" content=\"Escrito por\" \/>\n\t<meta name=\"twitter:data1\" content=\"Plataforma de Comunicaci\u00f3\" \/>\n\t<meta name=\"twitter:label2\" content=\"Tiempo de lectura\" \/>\n\t<meta name=\"twitter:data2\" content=\"4 minutos\" \/>\n<script type=\"application\/ld+json\" class=\"yoast-schema-graph\">{\"@context\":\"https:\/\/schema.org\",\"@graph\":[{\"@type\":\"Article\",\"@id\":\"https:\/\/www.plataformadecomunicacio.com\/es\/como-es-el-proceso-de-elaboracion-de-un-proyecto-visual\/#article\",\"isPartOf\":{\"@id\":\"https:\/\/www.plataformadecomunicacio.com\/es\/como-es-el-proceso-de-elaboracion-de-un-proyecto-visual\/\"},\"author\":{\"name\":\"Plataforma de Comunicaci\u00f3\",\"@id\":\"https:\/\/www.plataformadecomunicacio.com\/#\/schema\/person\/a10597ea5a25cad7b4aac14e6a1672ed\"},\"headline\":\"\u00bfC\u00f3mo es el proceso de elaboraci\u00f3n de un proyecto visual?\",\"datePublished\":\"2021-06-08T11:05:13+00:00\",\"mainEntityOfPage\":{\"@id\":\"https:\/\/www.plataformadecomunicacio.com\/es\/como-es-el-proceso-de-elaboracion-de-un-proyecto-visual\/\"},\"wordCount\":755,\"publisher\":{\"@id\":\"https:\/\/www.plataformadecomunicacio.com\/#organization\"},\"image\":{\"@id\":\"https:\/\/www.plataformadecomunicacio.com\/es\/como-es-el-proceso-de-elaboracion-de-un-proyecto-visual\/#primaryimage\"},\"thumbnailUrl\":\"https:\/\/www.plataformadecomunicacio.com\/wp-content\/uploads\/2021\/03\/foto-de-foto.jpg\",\"articleSection\":[\"Comunicaci\u00f3\",\"News\"],\"inLanguage\":\"es\"},{\"@type\":\"WebPage\",\"@id\":\"https:\/\/www.plataformadecomunicacio.com\/es\/como-es-el-proceso-de-elaboracion-de-un-proyecto-visual\/\",\"url\":\"https:\/\/www.plataformadecomunicacio.com\/es\/como-es-el-proceso-de-elaboracion-de-un-proyecto-visual\/\",\"name\":\"\u00bfC\u00f3mo es el proceso de elaboraci\u00f3n de un proyecto visual? - Plataforma de comunicaci\u00f3\",\"isPartOf\":{\"@id\":\"https:\/\/www.plataformadecomunicacio.com\/#website\"},\"primaryImageOfPage\":{\"@id\":\"https:\/\/www.plataformadecomunicacio.com\/es\/como-es-el-proceso-de-elaboracion-de-un-proyecto-visual\/#primaryimage\"},\"image\":{\"@id\":\"https:\/\/www.plataformadecomunicacio.com\/es\/como-es-el-proceso-de-elaboracion-de-un-proyecto-visual\/#primaryimage\"},\"thumbnailUrl\":\"https:\/\/www.plataformadecomunicacio.com\/wp-content\/uploads\/2021\/03\/foto-de-foto.jpg\",\"datePublished\":\"2021-06-08T11:05:13+00:00\",\"breadcrumb\":{\"@id\":\"https:\/\/www.plataformadecomunicacio.com\/es\/como-es-el-proceso-de-elaboracion-de-un-proyecto-visual\/#breadcrumb\"},\"inLanguage\":\"es\",\"potentialAction\":[{\"@type\":\"ReadAction\",\"target\":[\"https:\/\/www.plataformadecomunicacio.com\/es\/como-es-el-proceso-de-elaboracion-de-un-proyecto-visual\/\"]}]},{\"@type\":\"ImageObject\",\"inLanguage\":\"es\",\"@id\":\"https:\/\/www.plataformadecomunicacio.com\/es\/como-es-el-proceso-de-elaboracion-de-un-proyecto-visual\/#primaryimage\",\"url\":\"https:\/\/www.plataformadecomunicacio.com\/wp-content\/uploads\/2021\/03\/foto-de-foto.jpg\",\"contentUrl\":\"https:\/\/www.plataformadecomunicacio.com\/wp-content\/uploads\/2021\/03\/foto-de-foto.jpg\",\"width\":768,\"height\":1024},{\"@type\":\"BreadcrumbList\",\"@id\":\"https:\/\/www.plataformadecomunicacio.com\/es\/como-es-el-proceso-de-elaboracion-de-un-proyecto-visual\/#breadcrumb\",\"itemListElement\":[{\"@type\":\"ListItem\",\"position\":1,\"name\":\"Home\",\"item\":\"https:\/\/www.plataformadecomunicacio.com\/es\/inicio\/\"},{\"@type\":\"ListItem\",\"position\":2,\"name\":\"\u00bfC\u00f3mo es el proceso de elaboraci\u00f3n de un proyecto visual?\"}]},{\"@type\":\"WebSite\",\"@id\":\"https:\/\/www.plataformadecomunicacio.com\/#website\",\"url\":\"https:\/\/www.plataformadecomunicacio.com\/\",\"name\":\"Plataforma de comunicaci\u00f3\",\"description\":\"Comuniquem junts\",\"publisher\":{\"@id\":\"https:\/\/www.plataformadecomunicacio.com\/#organization\"},\"potentialAction\":[{\"@type\":\"SearchAction\",\"target\":{\"@type\":\"EntryPoint\",\"urlTemplate\":\"https:\/\/www.plataformadecomunicacio.com\/?s={search_term_string}\"},\"query-input\":{\"@type\":\"PropertyValueSpecification\",\"valueRequired\":true,\"valueName\":\"search_term_string\"}}],\"inLanguage\":\"es\"},{\"@type\":\"Organization\",\"@id\":\"https:\/\/www.plataformadecomunicacio.com\/#organization\",\"name\":\"Plataforma de comunicaci\u00f3\",\"url\":\"https:\/\/www.plataformadecomunicacio.com\/\",\"logo\":{\"@type\":\"ImageObject\",\"inLanguage\":\"es\",\"@id\":\"https:\/\/www.plataformadecomunicacio.com\/#\/schema\/logo\/image\/\",\"url\":\"https:\/\/www.plataformadecomunicacio.com\/wp-content\/uploads\/2019\/02\/Logo_plataforma.png\",\"contentUrl\":\"https:\/\/www.plataformadecomunicacio.com\/wp-content\/uploads\/2019\/02\/Logo_plataforma.png\",\"width\":505,\"height\":320,\"caption\":\"Plataforma de comunicaci\u00f3\"},\"image\":{\"@id\":\"https:\/\/www.plataformadecomunicacio.com\/#\/schema\/logo\/image\/\"},\"sameAs\":[\"https:\/\/www.facebook.com\/plataformadecomunicacio\/\",\"https:\/\/x.com\/PlataformadeCom\",\"https:\/\/www.linkedin.com\/company\/plataforma-de-comunicaci\u00f3\/\",\"https:\/\/www.youtube.com\/channel\/UCQ4-7CGw0atul0BbEAN5S9w\"]},{\"@type\":\"Person\",\"@id\":\"https:\/\/www.plataformadecomunicacio.com\/#\/schema\/person\/a10597ea5a25cad7b4aac14e6a1672ed\",\"name\":\"Plataforma de Comunicaci\u00f3\",\"image\":{\"@type\":\"ImageObject\",\"inLanguage\":\"es\",\"@id\":\"https:\/\/www.plataformadecomunicacio.com\/#\/schema\/person\/image\/\",\"url\":\"https:\/\/secure.gravatar.com\/avatar\/cd26adb9e219d2135afc19eaeefcbaa63ae195f53dcce0bebf04fcc05c3dc7b4?s=96&d=mm&r=g\",\"contentUrl\":\"https:\/\/secure.gravatar.com\/avatar\/cd26adb9e219d2135afc19eaeefcbaa63ae195f53dcce0bebf04fcc05c3dc7b4?s=96&d=mm&r=g\",\"caption\":\"Plataforma de Comunicaci\u00f3\"},\"sameAs\":[\"http:\/\/plataformadecomunicacio.com\"],\"url\":\"https:\/\/www.plataformadecomunicacio.com\/es\/author\/plataforma\/\"}]}<\/script>\n<!-- \/ Yoast SEO plugin. -->","yoast_head_json":{"title":"\u00bfC\u00f3mo es el proceso de elaboraci\u00f3n de un proyecto visual? - Plataforma de comunicaci\u00f3","robots":{"index":"index","follow":"follow","max-snippet":"max-snippet:-1","max-image-preview":"max-image-preview:large","max-video-preview":"max-video-preview:-1"},"canonical":"https:\/\/www.plataformadecomunicacio.com\/es\/como-es-el-proceso-de-elaboracion-de-un-proyecto-visual\/","og_locale":"es_ES","og_type":"article","og_title":"\u00bfC\u00f3mo es el proceso de elaboraci\u00f3n de un proyecto visual? - Plataforma de comunicaci\u00f3","og_description":"Te explicamos todos los pasos a seguir para obtener un buen producto final Muchas veces se nos vienen a la cabeza ideas para llevar a cabo un proyecto audiovisual o fotogr\u00e1fico, pero nos quedamos bloqueados porque no sabemos por d\u00f3nde empezar y tampoco conocemos todos los aspectos que hace falta tener en cuenta. En Plataforma [&hellip;]","og_url":"https:\/\/www.plataformadecomunicacio.com\/es\/como-es-el-proceso-de-elaboracion-de-un-proyecto-visual\/","og_site_name":"Plataforma de comunicaci\u00f3","article_publisher":"https:\/\/www.facebook.com\/plataformadecomunicacio\/","article_published_time":"2021-06-08T11:05:13+00:00","og_image":[{"width":768,"height":1024,"url":"https:\/\/www.plataformadecomunicacio.com\/wp-content\/uploads\/2021\/03\/foto-de-foto.jpg","type":"image\/jpeg"}],"author":"Plataforma de Comunicaci\u00f3","twitter_card":"summary_large_image","twitter_creator":"@PlataformadeCom","twitter_site":"@PlataformadeCom","twitter_misc":{"Escrito por":"Plataforma de Comunicaci\u00f3","Tiempo de lectura":"4 minutos"},"schema":{"@context":"https:\/\/schema.org","@graph":[{"@type":"Article","@id":"https:\/\/www.plataformadecomunicacio.com\/es\/como-es-el-proceso-de-elaboracion-de-un-proyecto-visual\/#article","isPartOf":{"@id":"https:\/\/www.plataformadecomunicacio.com\/es\/como-es-el-proceso-de-elaboracion-de-un-proyecto-visual\/"},"author":{"name":"Plataforma de Comunicaci\u00f3","@id":"https:\/\/www.plataformadecomunicacio.com\/#\/schema\/person\/a10597ea5a25cad7b4aac14e6a1672ed"},"headline":"\u00bfC\u00f3mo es el proceso de elaboraci\u00f3n de un proyecto visual?","datePublished":"2021-06-08T11:05:13+00:00","mainEntityOfPage":{"@id":"https:\/\/www.plataformadecomunicacio.com\/es\/como-es-el-proceso-de-elaboracion-de-un-proyecto-visual\/"},"wordCount":755,"publisher":{"@id":"https:\/\/www.plataformadecomunicacio.com\/#organization"},"image":{"@id":"https:\/\/www.plataformadecomunicacio.com\/es\/como-es-el-proceso-de-elaboracion-de-un-proyecto-visual\/#primaryimage"},"thumbnailUrl":"https:\/\/www.plataformadecomunicacio.com\/wp-content\/uploads\/2021\/03\/foto-de-foto.jpg","articleSection":["Comunicaci\u00f3","News"],"inLanguage":"es"},{"@type":"WebPage","@id":"https:\/\/www.plataformadecomunicacio.com\/es\/como-es-el-proceso-de-elaboracion-de-un-proyecto-visual\/","url":"https:\/\/www.plataformadecomunicacio.com\/es\/como-es-el-proceso-de-elaboracion-de-un-proyecto-visual\/","name":"\u00bfC\u00f3mo es el proceso de elaboraci\u00f3n de un proyecto visual? - Plataforma de comunicaci\u00f3","isPartOf":{"@id":"https:\/\/www.plataformadecomunicacio.com\/#website"},"primaryImageOfPage":{"@id":"https:\/\/www.plataformadecomunicacio.com\/es\/como-es-el-proceso-de-elaboracion-de-un-proyecto-visual\/#primaryimage"},"image":{"@id":"https:\/\/www.plataformadecomunicacio.com\/es\/como-es-el-proceso-de-elaboracion-de-un-proyecto-visual\/#primaryimage"},"thumbnailUrl":"https:\/\/www.plataformadecomunicacio.com\/wp-content\/uploads\/2021\/03\/foto-de-foto.jpg","datePublished":"2021-06-08T11:05:13+00:00","breadcrumb":{"@id":"https:\/\/www.plataformadecomunicacio.com\/es\/como-es-el-proceso-de-elaboracion-de-un-proyecto-visual\/#breadcrumb"},"inLanguage":"es","potentialAction":[{"@type":"ReadAction","target":["https:\/\/www.plataformadecomunicacio.com\/es\/como-es-el-proceso-de-elaboracion-de-un-proyecto-visual\/"]}]},{"@type":"ImageObject","inLanguage":"es","@id":"https:\/\/www.plataformadecomunicacio.com\/es\/como-es-el-proceso-de-elaboracion-de-un-proyecto-visual\/#primaryimage","url":"https:\/\/www.plataformadecomunicacio.com\/wp-content\/uploads\/2021\/03\/foto-de-foto.jpg","contentUrl":"https:\/\/www.plataformadecomunicacio.com\/wp-content\/uploads\/2021\/03\/foto-de-foto.jpg","width":768,"height":1024},{"@type":"BreadcrumbList","@id":"https:\/\/www.plataformadecomunicacio.com\/es\/como-es-el-proceso-de-elaboracion-de-un-proyecto-visual\/#breadcrumb","itemListElement":[{"@type":"ListItem","position":1,"name":"Home","item":"https:\/\/www.plataformadecomunicacio.com\/es\/inicio\/"},{"@type":"ListItem","position":2,"name":"\u00bfC\u00f3mo es el proceso de elaboraci\u00f3n de un proyecto visual?"}]},{"@type":"WebSite","@id":"https:\/\/www.plataformadecomunicacio.com\/#website","url":"https:\/\/www.plataformadecomunicacio.com\/","name":"Plataforma de comunicaci\u00f3","description":"Comuniquem junts","publisher":{"@id":"https:\/\/www.plataformadecomunicacio.com\/#organization"},"potentialAction":[{"@type":"SearchAction","target":{"@type":"EntryPoint","urlTemplate":"https:\/\/www.plataformadecomunicacio.com\/?s={search_term_string}"},"query-input":{"@type":"PropertyValueSpecification","valueRequired":true,"valueName":"search_term_string"}}],"inLanguage":"es"},{"@type":"Organization","@id":"https:\/\/www.plataformadecomunicacio.com\/#organization","name":"Plataforma de comunicaci\u00f3","url":"https:\/\/www.plataformadecomunicacio.com\/","logo":{"@type":"ImageObject","inLanguage":"es","@id":"https:\/\/www.plataformadecomunicacio.com\/#\/schema\/logo\/image\/","url":"https:\/\/www.plataformadecomunicacio.com\/wp-content\/uploads\/2019\/02\/Logo_plataforma.png","contentUrl":"https:\/\/www.plataformadecomunicacio.com\/wp-content\/uploads\/2019\/02\/Logo_plataforma.png","width":505,"height":320,"caption":"Plataforma de comunicaci\u00f3"},"image":{"@id":"https:\/\/www.plataformadecomunicacio.com\/#\/schema\/logo\/image\/"},"sameAs":["https:\/\/www.facebook.com\/plataformadecomunicacio\/","https:\/\/x.com\/PlataformadeCom","https:\/\/www.linkedin.com\/company\/plataforma-de-comunicaci\u00f3\/","https:\/\/www.youtube.com\/channel\/UCQ4-7CGw0atul0BbEAN5S9w"]},{"@type":"Person","@id":"https:\/\/www.plataformadecomunicacio.com\/#\/schema\/person\/a10597ea5a25cad7b4aac14e6a1672ed","name":"Plataforma de Comunicaci\u00f3","image":{"@type":"ImageObject","inLanguage":"es","@id":"https:\/\/www.plataformadecomunicacio.com\/#\/schema\/person\/image\/","url":"https:\/\/secure.gravatar.com\/avatar\/cd26adb9e219d2135afc19eaeefcbaa63ae195f53dcce0bebf04fcc05c3dc7b4?s=96&d=mm&r=g","contentUrl":"https:\/\/secure.gravatar.com\/avatar\/cd26adb9e219d2135afc19eaeefcbaa63ae195f53dcce0bebf04fcc05c3dc7b4?s=96&d=mm&r=g","caption":"Plataforma de Comunicaci\u00f3"},"sameAs":["http:\/\/plataformadecomunicacio.com"],"url":"https:\/\/www.plataformadecomunicacio.com\/es\/author\/plataforma\/"}]}},"_links":{"self":[{"href":"https:\/\/www.plataformadecomunicacio.com\/es\/wp-json\/wp\/v2\/posts\/9314","targetHints":{"allow":["GET"]}}],"collection":[{"href":"https:\/\/www.plataformadecomunicacio.com\/es\/wp-json\/wp\/v2\/posts"}],"about":[{"href":"https:\/\/www.plataformadecomunicacio.com\/es\/wp-json\/wp\/v2\/types\/post"}],"author":[{"embeddable":true,"href":"https:\/\/www.plataformadecomunicacio.com\/es\/wp-json\/wp\/v2\/users\/2"}],"replies":[{"embeddable":true,"href":"https:\/\/www.plataformadecomunicacio.com\/es\/wp-json\/wp\/v2\/comments?post=9314"}],"version-history":[{"count":1,"href":"https:\/\/www.plataformadecomunicacio.com\/es\/wp-json\/wp\/v2\/posts\/9314\/revisions"}],"predecessor-version":[{"id":9315,"href":"https:\/\/www.plataformadecomunicacio.com\/es\/wp-json\/wp\/v2\/posts\/9314\/revisions\/9315"}],"wp:featuredmedia":[{"embeddable":true,"href":"https:\/\/www.plataformadecomunicacio.com\/es\/wp-json\/wp\/v2\/media\/9238"}],"wp:attachment":[{"href":"https:\/\/www.plataformadecomunicacio.com\/es\/wp-json\/wp\/v2\/media?parent=9314"}],"wp:term":[{"taxonomy":"category","embeddable":true,"href":"https:\/\/www.plataformadecomunicacio.com\/es\/wp-json\/wp\/v2\/categories?post=9314"},{"taxonomy":"post_tag","embeddable":true,"href":"https:\/\/www.plataformadecomunicacio.com\/es\/wp-json\/wp\/v2\/tags?post=9314"}],"curies":[{"name":"wp","href":"https:\/\/api.w.org\/{rel}","templated":true}]}}