{"id":9318,"date":"2021-06-08T11:08:44","date_gmt":"2021-06-08T11:08:44","guid":{"rendered":"https:\/\/www.plataformadecomunicacio.com\/recuperemos-el-ocio-y-la-cultura-sin-agresiones-sexistas\/"},"modified":"2021-06-08T11:08:45","modified_gmt":"2021-06-08T11:08:45","slug":"recuperemos-el-ocio-y-la-cultura-sin-agresiones-sexistas","status":"publish","type":"post","link":"https:\/\/www.plataformadecomunicacio.com\/es\/recuperemos-el-ocio-y-la-cultura-sin-agresiones-sexistas\/","title":{"rendered":"Recuperemos el ocio y la cultura, sin agresiones sexistas"},"content":{"rendered":"\n<p>A lo largo de todo este a\u00f1o de pandemia, un gran n\u00famero de celebraciones en Catalu\u00f1a se han visto afectadas y han sufrido cancelaciones, aplazamientos o se han tenido que adaptar a las normas de seguridad sanitarias.&#13;\n&#13;\n\u00a0&#13;\n&#13;\nCon el avance de la vacunaci\u00f3n y los efectos de las restricciones en cuanto a la disminuci\u00f3n del n\u00famero de casos de Covid-19, este verano se retomar\u00e1n muchas actividades de ocio y culturales. Y es momento de garantizar que las mujeres tambi\u00e9n pueden disfrutar de forma segura.&#13;\n&#13;\n\u00a0&#13;\n&#13;\nPara estar seguros de que el ocio no implique problemas para las mujeres, recuperamos la acci\u00f3n contra la violencia machista montando un <strong>dispositivo que facilite un espacio que garantice las mismas condiciones<\/strong> para ellas que para los hombres.&#13;\n&#13;\n\u00a0&#13;\n&#13;\nSe trata de instalar un <strong>Punto Lila<\/strong> \u2013 con carpa o itinerante- <strong>de informaci\u00f3n, sensibilizaci\u00f3n y de atenci\u00f3n<\/strong> si se diera el caso de que una persona sufriera o presenciara una agresi\u00f3n sexista o LGTBIf\u00f3bica.<\/p>\n\n<p>El servicio es totalmente personalizado y ofrecemos <strong>asesoramiento sobre el protocolo de actuaci\u00f3n y de atenci\u00f3n, soporte en la organizaci\u00f3n, formaci\u00f3n del personal, especialistas en violencia de g\u00e9nero y elaboraci\u00f3n de material de prevenci\u00f3n y sensibilizaci\u00f3n.<\/strong> Velaremos para garantizar todas las medidas higi\u00e9nicas y sanitarias mediante el uso de mascarillas, dispondremos de gel hidroalcoh\u00f3lico y mantendremos una distancia de seguridad con los asistentes.<\/p>\n","protected":false},"excerpt":{"rendered":"<p>A lo largo de todo este a\u00f1o de pandemia, un gran n\u00famero de celebraciones en Catalu\u00f1a se han visto afectadas y han sufrido cancelaciones, aplazamientos o se han tenido que adaptar a las normas de seguridad sanitarias.&#13; &#13; \u00a0&#13; &#13; Con el avance de la vacunaci\u00f3n y los efectos de las restricciones en cuanto a [&hellip;]<\/p>\n","protected":false},"author":2,"featured_media":7261,"comment_status":"closed","ping_status":"open","sticky":false,"template":"","format":"standard","meta":{"footnotes":""},"categories":[55,56,168],"tags":[],"class_list":["post-9318","post","type-post","status-publish","format-standard","has-post-thumbnail","hentry","category-comunicacio-es","category-news-es","category-punto-lila"],"yoast_head":"<!-- This site is optimized with the Yoast SEO plugin v26.1 - https:\/\/yoast.com\/wordpress\/plugins\/seo\/ -->\n<title>Recuperemos el ocio y la cultura, sin agresiones sexistas - Plataforma de comunicaci\u00f3<\/title>\n<meta name=\"robots\" content=\"index, follow, max-snippet:-1, max-image-preview:large, max-video-preview:-1\" \/>\n<link rel=\"canonical\" href=\"https:\/\/www.plataformadecomunicacio.com\/es\/recuperemos-el-ocio-y-la-cultura-sin-agresiones-sexistas\/\" \/>\n<meta property=\"og:locale\" content=\"es_ES\" \/>\n<meta property=\"og:type\" content=\"article\" \/>\n<meta property=\"og:title\" content=\"Recuperemos el ocio y la cultura, sin agresiones sexistas - Plataforma de comunicaci\u00f3\" \/>\n<meta property=\"og:description\" content=\"A lo largo de todo este a\u00f1o de pandemia, un gran n\u00famero de celebraciones en Catalu\u00f1a se han visto afectadas y han sufrido cancelaciones, aplazamientos o se han tenido que adaptar a las normas de seguridad sanitarias.&#013; &#013; \u00a0&#013; &#013; Con el avance de la vacunaci\u00f3n y los efectos de las restricciones en cuanto a [&hellip;]\" \/>\n<meta property=\"og:url\" content=\"https:\/\/www.plataformadecomunicacio.com\/es\/recuperemos-el-ocio-y-la-cultura-sin-agresiones-sexistas\/\" \/>\n<meta property=\"og:site_name\" content=\"Plataforma de comunicaci\u00f3\" \/>\n<meta property=\"article:publisher\" content=\"https:\/\/www.facebook.com\/plataformadecomunicacio\/\" \/>\n<meta property=\"article:published_time\" content=\"2021-06-08T11:08:44+00:00\" \/>\n<meta property=\"article:modified_time\" content=\"2021-06-08T11:08:45+00:00\" \/>\n<meta property=\"og:image\" content=\"https:\/\/www.plataformadecomunicacio.com\/wp-content\/uploads\/2020\/01\/IMG-20190620-WA0004.jpg\" \/>\n\t<meta property=\"og:image:width\" content=\"1600\" \/>\n\t<meta property=\"og:image:height\" content=\"903\" \/>\n\t<meta property=\"og:image:type\" content=\"image\/jpeg\" \/>\n<meta name=\"author\" content=\"Plataforma de Comunicaci\u00f3\" \/>\n<meta name=\"twitter:card\" content=\"summary_large_image\" \/>\n<meta name=\"twitter:creator\" content=\"@PlataformadeCom\" \/>\n<meta name=\"twitter:site\" content=\"@PlataformadeCom\" \/>\n<meta name=\"twitter:label1\" content=\"Escrito por\" \/>\n\t<meta name=\"twitter:data1\" content=\"Plataforma de Comunicaci\u00f3\" \/>\n\t<meta name=\"twitter:label2\" content=\"Tiempo de lectura\" \/>\n\t<meta name=\"twitter:data2\" content=\"1 minuto\" \/>\n<script type=\"application\/ld+json\" class=\"yoast-schema-graph\">{\"@context\":\"https:\/\/schema.org\",\"@graph\":[{\"@type\":\"Article\",\"@id\":\"https:\/\/www.plataformadecomunicacio.com\/es\/recuperemos-el-ocio-y-la-cultura-sin-agresiones-sexistas\/#article\",\"isPartOf\":{\"@id\":\"https:\/\/www.plataformadecomunicacio.com\/es\/recuperemos-el-ocio-y-la-cultura-sin-agresiones-sexistas\/\"},\"author\":{\"name\":\"Plataforma de Comunicaci\u00f3\",\"@id\":\"https:\/\/www.plataformadecomunicacio.com\/#\/schema\/person\/a10597ea5a25cad7b4aac14e6a1672ed\"},\"headline\":\"Recuperemos el ocio y la cultura, sin agresiones sexistas\",\"datePublished\":\"2021-06-08T11:08:44+00:00\",\"dateModified\":\"2021-06-08T11:08:45+00:00\",\"mainEntityOfPage\":{\"@id\":\"https:\/\/www.plataformadecomunicacio.com\/es\/recuperemos-el-ocio-y-la-cultura-sin-agresiones-sexistas\/\"},\"wordCount\":252,\"publisher\":{\"@id\":\"https:\/\/www.plataformadecomunicacio.com\/#organization\"},\"image\":{\"@id\":\"https:\/\/www.plataformadecomunicacio.com\/es\/recuperemos-el-ocio-y-la-cultura-sin-agresiones-sexistas\/#primaryimage\"},\"thumbnailUrl\":\"https:\/\/www.plataformadecomunicacio.com\/wp-content\/uploads\/2020\/01\/IMG-20190620-WA0004.jpg\",\"articleSection\":[\"Comunicaci\u00f3\",\"News\",\"Punto Lila\"],\"inLanguage\":\"es\"},{\"@type\":\"WebPage\",\"@id\":\"https:\/\/www.plataformadecomunicacio.com\/es\/recuperemos-el-ocio-y-la-cultura-sin-agresiones-sexistas\/\",\"url\":\"https:\/\/www.plataformadecomunicacio.com\/es\/recuperemos-el-ocio-y-la-cultura-sin-agresiones-sexistas\/\",\"name\":\"Recuperemos el ocio y la cultura, sin agresiones sexistas - Plataforma de comunicaci\u00f3\",\"isPartOf\":{\"@id\":\"https:\/\/www.plataformadecomunicacio.com\/#website\"},\"primaryImageOfPage\":{\"@id\":\"https:\/\/www.plataformadecomunicacio.com\/es\/recuperemos-el-ocio-y-la-cultura-sin-agresiones-sexistas\/#primaryimage\"},\"image\":{\"@id\":\"https:\/\/www.plataformadecomunicacio.com\/es\/recuperemos-el-ocio-y-la-cultura-sin-agresiones-sexistas\/#primaryimage\"},\"thumbnailUrl\":\"https:\/\/www.plataformadecomunicacio.com\/wp-content\/uploads\/2020\/01\/IMG-20190620-WA0004.jpg\",\"datePublished\":\"2021-06-08T11:08:44+00:00\",\"dateModified\":\"2021-06-08T11:08:45+00:00\",\"breadcrumb\":{\"@id\":\"https:\/\/www.plataformadecomunicacio.com\/es\/recuperemos-el-ocio-y-la-cultura-sin-agresiones-sexistas\/#breadcrumb\"},\"inLanguage\":\"es\",\"potentialAction\":[{\"@type\":\"ReadAction\",\"target\":[\"https:\/\/www.plataformadecomunicacio.com\/es\/recuperemos-el-ocio-y-la-cultura-sin-agresiones-sexistas\/\"]}]},{\"@type\":\"ImageObject\",\"inLanguage\":\"es\",\"@id\":\"https:\/\/www.plataformadecomunicacio.com\/es\/recuperemos-el-ocio-y-la-cultura-sin-agresiones-sexistas\/#primaryimage\",\"url\":\"https:\/\/www.plataformadecomunicacio.com\/wp-content\/uploads\/2020\/01\/IMG-20190620-WA0004.jpg\",\"contentUrl\":\"https:\/\/www.plataformadecomunicacio.com\/wp-content\/uploads\/2020\/01\/IMG-20190620-WA0004.jpg\",\"width\":1600,\"height\":903,\"caption\":\"carpa punto lila hospitalet del Llobregat\"},{\"@type\":\"BreadcrumbList\",\"@id\":\"https:\/\/www.plataformadecomunicacio.com\/es\/recuperemos-el-ocio-y-la-cultura-sin-agresiones-sexistas\/#breadcrumb\",\"itemListElement\":[{\"@type\":\"ListItem\",\"position\":1,\"name\":\"Home\",\"item\":\"https:\/\/www.plataformadecomunicacio.com\/es\/inicio\/\"},{\"@type\":\"ListItem\",\"position\":2,\"name\":\"Recuperemos el ocio y la cultura, sin agresiones sexistas\"}]},{\"@type\":\"WebSite\",\"@id\":\"https:\/\/www.plataformadecomunicacio.com\/#website\",\"url\":\"https:\/\/www.plataformadecomunicacio.com\/\",\"name\":\"Plataforma de comunicaci\u00f3\",\"description\":\"Comuniquem junts\",\"publisher\":{\"@id\":\"https:\/\/www.plataformadecomunicacio.com\/#organization\"},\"potentialAction\":[{\"@type\":\"SearchAction\",\"target\":{\"@type\":\"EntryPoint\",\"urlTemplate\":\"https:\/\/www.plataformadecomunicacio.com\/?s={search_term_string}\"},\"query-input\":{\"@type\":\"PropertyValueSpecification\",\"valueRequired\":true,\"valueName\":\"search_term_string\"}}],\"inLanguage\":\"es\"},{\"@type\":\"Organization\",\"@id\":\"https:\/\/www.plataformadecomunicacio.com\/#organization\",\"name\":\"Plataforma de comunicaci\u00f3\",\"url\":\"https:\/\/www.plataformadecomunicacio.com\/\",\"logo\":{\"@type\":\"ImageObject\",\"inLanguage\":\"es\",\"@id\":\"https:\/\/www.plataformadecomunicacio.com\/#\/schema\/logo\/image\/\",\"url\":\"https:\/\/www.plataformadecomunicacio.com\/wp-content\/uploads\/2019\/02\/Logo_plataforma.png\",\"contentUrl\":\"https:\/\/www.plataformadecomunicacio.com\/wp-content\/uploads\/2019\/02\/Logo_plataforma.png\",\"width\":505,\"height\":320,\"caption\":\"Plataforma de comunicaci\u00f3\"},\"image\":{\"@id\":\"https:\/\/www.plataformadecomunicacio.com\/#\/schema\/logo\/image\/\"},\"sameAs\":[\"https:\/\/www.facebook.com\/plataformadecomunicacio\/\",\"https:\/\/x.com\/PlataformadeCom\",\"https:\/\/www.linkedin.com\/company\/plataforma-de-comunicaci\u00f3\/\",\"https:\/\/www.youtube.com\/channel\/UCQ4-7CGw0atul0BbEAN5S9w\"]},{\"@type\":\"Person\",\"@id\":\"https:\/\/www.plataformadecomunicacio.com\/#\/schema\/person\/a10597ea5a25cad7b4aac14e6a1672ed\",\"name\":\"Plataforma de Comunicaci\u00f3\",\"image\":{\"@type\":\"ImageObject\",\"inLanguage\":\"es\",\"@id\":\"https:\/\/www.plataformadecomunicacio.com\/#\/schema\/person\/image\/\",\"url\":\"https:\/\/secure.gravatar.com\/avatar\/cd26adb9e219d2135afc19eaeefcbaa63ae195f53dcce0bebf04fcc05c3dc7b4?s=96&d=mm&r=g\",\"contentUrl\":\"https:\/\/secure.gravatar.com\/avatar\/cd26adb9e219d2135afc19eaeefcbaa63ae195f53dcce0bebf04fcc05c3dc7b4?s=96&d=mm&r=g\",\"caption\":\"Plataforma de Comunicaci\u00f3\"},\"sameAs\":[\"http:\/\/plataformadecomunicacio.com\"],\"url\":\"https:\/\/www.plataformadecomunicacio.com\/es\/author\/plataforma\/\"}]}<\/script>\n<!-- \/ Yoast SEO plugin. -->","yoast_head_json":{"title":"Recuperemos el ocio y la cultura, sin agresiones sexistas - Plataforma de comunicaci\u00f3","robots":{"index":"index","follow":"follow","max-snippet":"max-snippet:-1","max-image-preview":"max-image-preview:large","max-video-preview":"max-video-preview:-1"},"canonical":"https:\/\/www.plataformadecomunicacio.com\/es\/recuperemos-el-ocio-y-la-cultura-sin-agresiones-sexistas\/","og_locale":"es_ES","og_type":"article","og_title":"Recuperemos el ocio y la cultura, sin agresiones sexistas - Plataforma de comunicaci\u00f3","og_description":"A lo largo de todo este a\u00f1o de pandemia, un gran n\u00famero de celebraciones en Catalu\u00f1a se han visto afectadas y han sufrido cancelaciones, aplazamientos o se han tenido que adaptar a las normas de seguridad sanitarias.&#13; &#13; \u00a0&#13; &#13; Con el avance de la vacunaci\u00f3n y los efectos de las restricciones en cuanto a [&hellip;]","og_url":"https:\/\/www.plataformadecomunicacio.com\/es\/recuperemos-el-ocio-y-la-cultura-sin-agresiones-sexistas\/","og_site_name":"Plataforma de comunicaci\u00f3","article_publisher":"https:\/\/www.facebook.com\/plataformadecomunicacio\/","article_published_time":"2021-06-08T11:08:44+00:00","article_modified_time":"2021-06-08T11:08:45+00:00","og_image":[{"width":1600,"height":903,"url":"https:\/\/www.plataformadecomunicacio.com\/wp-content\/uploads\/2020\/01\/IMG-20190620-WA0004.jpg","type":"image\/jpeg"}],"author":"Plataforma de Comunicaci\u00f3","twitter_card":"summary_large_image","twitter_creator":"@PlataformadeCom","twitter_site":"@PlataformadeCom","twitter_misc":{"Escrito por":"Plataforma de Comunicaci\u00f3","Tiempo de lectura":"1 minuto"},"schema":{"@context":"https:\/\/schema.org","@graph":[{"@type":"Article","@id":"https:\/\/www.plataformadecomunicacio.com\/es\/recuperemos-el-ocio-y-la-cultura-sin-agresiones-sexistas\/#article","isPartOf":{"@id":"https:\/\/www.plataformadecomunicacio.com\/es\/recuperemos-el-ocio-y-la-cultura-sin-agresiones-sexistas\/"},"author":{"name":"Plataforma de Comunicaci\u00f3","@id":"https:\/\/www.plataformadecomunicacio.com\/#\/schema\/person\/a10597ea5a25cad7b4aac14e6a1672ed"},"headline":"Recuperemos el ocio y la cultura, sin agresiones sexistas","datePublished":"2021-06-08T11:08:44+00:00","dateModified":"2021-06-08T11:08:45+00:00","mainEntityOfPage":{"@id":"https:\/\/www.plataformadecomunicacio.com\/es\/recuperemos-el-ocio-y-la-cultura-sin-agresiones-sexistas\/"},"wordCount":252,"publisher":{"@id":"https:\/\/www.plataformadecomunicacio.com\/#organization"},"image":{"@id":"https:\/\/www.plataformadecomunicacio.com\/es\/recuperemos-el-ocio-y-la-cultura-sin-agresiones-sexistas\/#primaryimage"},"thumbnailUrl":"https:\/\/www.plataformadecomunicacio.com\/wp-content\/uploads\/2020\/01\/IMG-20190620-WA0004.jpg","articleSection":["Comunicaci\u00f3","News","Punto Lila"],"inLanguage":"es"},{"@type":"WebPage","@id":"https:\/\/www.plataformadecomunicacio.com\/es\/recuperemos-el-ocio-y-la-cultura-sin-agresiones-sexistas\/","url":"https:\/\/www.plataformadecomunicacio.com\/es\/recuperemos-el-ocio-y-la-cultura-sin-agresiones-sexistas\/","name":"Recuperemos el ocio y la cultura, sin agresiones sexistas - Plataforma de comunicaci\u00f3","isPartOf":{"@id":"https:\/\/www.plataformadecomunicacio.com\/#website"},"primaryImageOfPage":{"@id":"https:\/\/www.plataformadecomunicacio.com\/es\/recuperemos-el-ocio-y-la-cultura-sin-agresiones-sexistas\/#primaryimage"},"image":{"@id":"https:\/\/www.plataformadecomunicacio.com\/es\/recuperemos-el-ocio-y-la-cultura-sin-agresiones-sexistas\/#primaryimage"},"thumbnailUrl":"https:\/\/www.plataformadecomunicacio.com\/wp-content\/uploads\/2020\/01\/IMG-20190620-WA0004.jpg","datePublished":"2021-06-08T11:08:44+00:00","dateModified":"2021-06-08T11:08:45+00:00","breadcrumb":{"@id":"https:\/\/www.plataformadecomunicacio.com\/es\/recuperemos-el-ocio-y-la-cultura-sin-agresiones-sexistas\/#breadcrumb"},"inLanguage":"es","potentialAction":[{"@type":"ReadAction","target":["https:\/\/www.plataformadecomunicacio.com\/es\/recuperemos-el-ocio-y-la-cultura-sin-agresiones-sexistas\/"]}]},{"@type":"ImageObject","inLanguage":"es","@id":"https:\/\/www.plataformadecomunicacio.com\/es\/recuperemos-el-ocio-y-la-cultura-sin-agresiones-sexistas\/#primaryimage","url":"https:\/\/www.plataformadecomunicacio.com\/wp-content\/uploads\/2020\/01\/IMG-20190620-WA0004.jpg","contentUrl":"https:\/\/www.plataformadecomunicacio.com\/wp-content\/uploads\/2020\/01\/IMG-20190620-WA0004.jpg","width":1600,"height":903,"caption":"carpa punto lila hospitalet del Llobregat"},{"@type":"BreadcrumbList","@id":"https:\/\/www.plataformadecomunicacio.com\/es\/recuperemos-el-ocio-y-la-cultura-sin-agresiones-sexistas\/#breadcrumb","itemListElement":[{"@type":"ListItem","position":1,"name":"Home","item":"https:\/\/www.plataformadecomunicacio.com\/es\/inicio\/"},{"@type":"ListItem","position":2,"name":"Recuperemos el ocio y la cultura, sin agresiones sexistas"}]},{"@type":"WebSite","@id":"https:\/\/www.plataformadecomunicacio.com\/#website","url":"https:\/\/www.plataformadecomunicacio.com\/","name":"Plataforma de comunicaci\u00f3","description":"Comuniquem junts","publisher":{"@id":"https:\/\/www.plataformadecomunicacio.com\/#organization"},"potentialAction":[{"@type":"SearchAction","target":{"@type":"EntryPoint","urlTemplate":"https:\/\/www.plataformadecomunicacio.com\/?s={search_term_string}"},"query-input":{"@type":"PropertyValueSpecification","valueRequired":true,"valueName":"search_term_string"}}],"inLanguage":"es"},{"@type":"Organization","@id":"https:\/\/www.plataformadecomunicacio.com\/#organization","name":"Plataforma de comunicaci\u00f3","url":"https:\/\/www.plataformadecomunicacio.com\/","logo":{"@type":"ImageObject","inLanguage":"es","@id":"https:\/\/www.plataformadecomunicacio.com\/#\/schema\/logo\/image\/","url":"https:\/\/www.plataformadecomunicacio.com\/wp-content\/uploads\/2019\/02\/Logo_plataforma.png","contentUrl":"https:\/\/www.plataformadecomunicacio.com\/wp-content\/uploads\/2019\/02\/Logo_plataforma.png","width":505,"height":320,"caption":"Plataforma de comunicaci\u00f3"},"image":{"@id":"https:\/\/www.plataformadecomunicacio.com\/#\/schema\/logo\/image\/"},"sameAs":["https:\/\/www.facebook.com\/plataformadecomunicacio\/","https:\/\/x.com\/PlataformadeCom","https:\/\/www.linkedin.com\/company\/plataforma-de-comunicaci\u00f3\/","https:\/\/www.youtube.com\/channel\/UCQ4-7CGw0atul0BbEAN5S9w"]},{"@type":"Person","@id":"https:\/\/www.plataformadecomunicacio.com\/#\/schema\/person\/a10597ea5a25cad7b4aac14e6a1672ed","name":"Plataforma de Comunicaci\u00f3","image":{"@type":"ImageObject","inLanguage":"es","@id":"https:\/\/www.plataformadecomunicacio.com\/#\/schema\/person\/image\/","url":"https:\/\/secure.gravatar.com\/avatar\/cd26adb9e219d2135afc19eaeefcbaa63ae195f53dcce0bebf04fcc05c3dc7b4?s=96&d=mm&r=g","contentUrl":"https:\/\/secure.gravatar.com\/avatar\/cd26adb9e219d2135afc19eaeefcbaa63ae195f53dcce0bebf04fcc05c3dc7b4?s=96&d=mm&r=g","caption":"Plataforma de Comunicaci\u00f3"},"sameAs":["http:\/\/plataformadecomunicacio.com"],"url":"https:\/\/www.plataformadecomunicacio.com\/es\/author\/plataforma\/"}]}},"_links":{"self":[{"href":"https:\/\/www.plataformadecomunicacio.com\/es\/wp-json\/wp\/v2\/posts\/9318","targetHints":{"allow":["GET"]}}],"collection":[{"href":"https:\/\/www.plataformadecomunicacio.com\/es\/wp-json\/wp\/v2\/posts"}],"about":[{"href":"https:\/\/www.plataformadecomunicacio.com\/es\/wp-json\/wp\/v2\/types\/post"}],"author":[{"embeddable":true,"href":"https:\/\/www.plataformadecomunicacio.com\/es\/wp-json\/wp\/v2\/users\/2"}],"replies":[{"embeddable":true,"href":"https:\/\/www.plataformadecomunicacio.com\/es\/wp-json\/wp\/v2\/comments?post=9318"}],"version-history":[{"count":1,"href":"https:\/\/www.plataformadecomunicacio.com\/es\/wp-json\/wp\/v2\/posts\/9318\/revisions"}],"predecessor-version":[{"id":9319,"href":"https:\/\/www.plataformadecomunicacio.com\/es\/wp-json\/wp\/v2\/posts\/9318\/revisions\/9319"}],"wp:featuredmedia":[{"embeddable":true,"href":"https:\/\/www.plataformadecomunicacio.com\/es\/wp-json\/wp\/v2\/media\/7261"}],"wp:attachment":[{"href":"https:\/\/www.plataformadecomunicacio.com\/es\/wp-json\/wp\/v2\/media?parent=9318"}],"wp:term":[{"taxonomy":"category","embeddable":true,"href":"https:\/\/www.plataformadecomunicacio.com\/es\/wp-json\/wp\/v2\/categories?post=9318"},{"taxonomy":"post_tag","embeddable":true,"href":"https:\/\/www.plataformadecomunicacio.com\/es\/wp-json\/wp\/v2\/tags?post=9318"}],"curies":[{"name":"wp","href":"https:\/\/api.w.org\/{rel}","templated":true}]}}