{"id":9320,"date":"2021-06-08T11:16:23","date_gmt":"2021-06-08T11:16:23","guid":{"rendered":"https:\/\/www.plataformadecomunicacio.com\/consejos-para-redactar-una-nota-de-prensa\/"},"modified":"2021-06-08T11:16:25","modified_gmt":"2021-06-08T11:16:25","slug":"consejos-para-redactar-una-nota-de-prensa","status":"publish","type":"post","link":"https:\/\/www.plataformadecomunicacio.com\/es\/consejos-para-redactar-una-nota-de-prensa\/","title":{"rendered":"Consejos para redactar una nota de prensa"},"content":{"rendered":"\n<p>En esta entrada explicaremos en qu\u00e9 debemos fijarnos a la hora de escribir una nota de prensa, un documento dirigido a los medios de comunicaci\u00f3n, que previamente hemos seleccionado, y que, en caso de que se publique, tendr\u00e1 acceso a la noticia un grupo heterog\u00e9neo de p\u00fablico.<\/p>\n\n<p>El objetivo es que llame la atenci\u00f3n del periodista que recibe la informaci\u00f3n para que su medio se haga eco.<\/p>\n\n<h2 class=\"wp-block-heading\">\u00bfQu\u00e9 queremos transmitir a la nota de prensa?<\/h2>\n\n<p>Se debe tener muy claro cu\u00e1l es el mensaje que queremos transmitir. <\/p>\n\n<p>Puede ser que queramos hacer una nota de prensa para anunciar un producto, un servicio o un proyecto nuevo de la empresa para la que trabajamos, sin olvidar que esta novedad tiene que tener un componente revolucionario en su sector, o que sea sostenible y se preocupe por el medio ambiente, o que sea \u00fatil para muchas personas\u2026 al fin y al cabo, que tenga un impacto.<\/p>\n\n<h2 class=\"wp-block-heading\">12 consejos para redactar una nota de prensa<\/h2>\n\n<p>A continuaci\u00f3n vamos a ver los 12 puntos clave en los que nos tenemos que centrar para escribir una nota de prensa y conseguir captar la atenci\u00f3n de los periodistas:&#13;\n<\/p>\n\n<h3 class=\"wp-block-heading\">Estructura<\/h3>\n\n<p>M\u00e1ximo 2 p\u00e1ginas. Tenemos que ser claros y directos, evitando la \u201cpaja\u201d para no hacer perder el tiempo al profesional de la comunicaci\u00f3n a quien queremos convencer para publicar nuestro texto. Provocar un sentimiento negativo en \u00e9l podr\u00eda hacernos perder credibilidad. Aplicar una idea por p\u00e1rrafo.<\/p>\n\n<h3 class=\"wp-block-heading\">Formato<\/h3>\n\n<p>Debemos dar un formato de noticia.<\/p>\n\n<p>Recordemos que una noticia se compone por un primer p\u00e1rrafo llamado \u201clead\u201d, que destaca la informaci\u00f3n m\u00e1s importante. Es un resumen que debe responder al menos al qu\u00e9, c\u00f3mo, qui\u00e9n, cu\u00e1ndo y d\u00f3nde del t\u00f3pico tratado. Y luego, sigue el esquema de la \u201cpir\u00e1mide invertida\u201d, que explica de m\u00e1s a menos los aspectos importantes.<\/p>\n\n<h3 class=\"wp-block-heading\">\u2022\tImagen corporativa<\/h3>\n\n<p>Se debe incluir el logo de la empresa en la nota de prensa. Se puede inserir en la parte de arriba del texto a mano izquierda o derecha.&#13;\n&#13;\n<\/p>\n\n<h3 class=\"wp-block-heading\">Antet\u00edtulo<\/h3>\n\n<p>En una medida m\u00e1s peque\u00f1a que el t\u00edtulo, y alineado a la izquierda, escribiremos \u201cnota de prensa\u201d para identificar el tipo de documento que es.<\/p>\n\n<h3 class=\"wp-block-heading\">T\u00edtulo impactante<\/h3>\n\n<p>M\u00e1ximo en dos l\u00edneas, si no se considera pesado para leerlo. Debe ser atractivo, que resuma bien el contenido del texto.<\/p>\n\n<h3 class=\"wp-block-heading\">Subt\u00edtulo explicativo<\/h3>\n\n<p>Despu\u00e9s de un t\u00edtulo idealmente corto, podemos a\u00f1adir uno o hasta tres subt\u00edtulos que resuman los t\u00f3picos principales de los que trata la nota.<\/p>\n\n<h3 class=\"wp-block-heading\">Fecha y lugar<\/h3>\n\n<p>Incluir la fecha en la que se escribe la nota y el lugar (ciudad o pueblo) desde donde se hace esta comunicaci\u00f3n, que deber\u00eda coincidir con la localidad sede de la empresa. Se pone justo delante del inicio del texto.<\/p>\n\n<h3 class=\"wp-block-heading\">Lenguaje<\/h3>\n\n<p>Entendible, evitando ser rocambolesco. Al final, se trata de facilitar la lectura al periodista y que nuestra informaci\u00f3n llegue de forma concreta y clara.<\/p>\n\n<h3 class=\"wp-block-heading\">Declaraciones<\/h3>\n\n<p>Incluir los pensamientos de las personas implicadas en esta novedad para dar credibilidad al contenido y reforzar el mensaje.<\/p>\n\n<h3 class=\"wp-block-heading\">Material visual<\/h3>\n\n<p>Buena idea adjuntar fotos o v\u00eddeos que refuercen el mensaje escrito, de forma que quede mejor explicado. Se puede incluir dentro del propio texto, debajo de los t\u00edtulos y subt\u00edtulos o en un archivo adjunto.<\/p>\n\n<h3 class=\"wp-block-heading\">Qui\u00e9n somos<\/h3>\n\n<p>Una vez hemos acabado de hacer la presentaci\u00f3n del tema, es importante a\u00f1adir un apartado que haga una peque\u00f1a biograf\u00eda de la empresa para saber a qu\u00e9 se dedica, desde cuando\u2026 dar un contexto.<\/p>\n\n<h3 class=\"wp-block-heading\">Contacto<\/h3>\n\n<p>Si la persona que lee la nota de prensa, necesita m\u00e1s informaci\u00f3n o quiere solucionar dudas, debe poder ponerse en contacto con alg\u00fan responsable. En este caso, dejaremos nuestro contacto de email y telef\u00f3nico.<\/p>\n\n<p><\/p>\n\n<p>En\u00a0<a href=\"http:\/\/plataformadecomunicacio.com\">Plataforma de Comunicaci\u00f3<\/a> somos expertos en comunicaci\u00f3n interna y dise\u00f1amos planes de comunicaci\u00f3n personalizados y ajustados a las necesidades de cada empresa. Si quieres mejorar la comunicaci\u00f3n con tus empleados, escoger las herramientas que mejor se adapten a vuestra forma de trabajar e impulsar una comunicaci\u00f3n interna efectiva, ponte en contacto con nosotros y dise\u00f1aremos la mejor estrategia para ti.<\/p>\n","protected":false},"excerpt":{"rendered":"<p>En esta entrada explicaremos en qu\u00e9 debemos fijarnos a la hora de escribir una nota de prensa, un documento dirigido a los medios de comunicaci\u00f3n, que previamente hemos seleccionado, y que, en caso de que se publique, tendr\u00e1 acceso a la noticia un grupo heterog\u00e9neo de p\u00fablico. El objetivo es que llame la atenci\u00f3n del [&hellip;]<\/p>\n","protected":false},"author":2,"featured_media":9258,"comment_status":"closed","ping_status":"open","sticky":false,"template":"","format":"standard","meta":{"footnotes":""},"categories":[55,56,36],"tags":[],"class_list":["post-9320","post","type-post","status-publish","format-standard","has-post-thumbnail","hentry","category-comunicacio-es","category-news-es","category-sin-categorizar"],"yoast_head":"<!-- This site is optimized with the Yoast SEO plugin v26.1 - https:\/\/yoast.com\/wordpress\/plugins\/seo\/ -->\n<title>Consejos para redactar una nota de prensa - Plataforma de comunicaci\u00f3<\/title>\n<meta name=\"description\" content=\"Saber redactar una buena nota de prensa es importante para reflejar correctamente aquello que queramos decir. Aqu\u00ed te explicamos las claves m\u00e1s importantes\" \/>\n<meta name=\"robots\" content=\"index, follow, max-snippet:-1, max-image-preview:large, max-video-preview:-1\" \/>\n<link rel=\"canonical\" href=\"https:\/\/www.plataformadecomunicacio.com\/es\/consejos-para-redactar-una-nota-de-prensa\/\" \/>\n<meta property=\"og:locale\" content=\"es_ES\" \/>\n<meta property=\"og:type\" content=\"article\" \/>\n<meta property=\"og:title\" content=\"Consejos para redactar una nota de prensa - Plataforma de comunicaci\u00f3\" \/>\n<meta property=\"og:description\" content=\"Saber redactar una buena nota de prensa es importante para reflejar correctamente aquello que queramos decir. Aqu\u00ed te explicamos las claves m\u00e1s importantes\" \/>\n<meta property=\"og:url\" content=\"https:\/\/www.plataformadecomunicacio.com\/es\/consejos-para-redactar-una-nota-de-prensa\/\" \/>\n<meta property=\"og:site_name\" content=\"Plataforma de comunicaci\u00f3\" \/>\n<meta property=\"article:publisher\" content=\"https:\/\/www.facebook.com\/plataformadecomunicacio\/\" \/>\n<meta property=\"article:published_time\" content=\"2021-06-08T11:16:23+00:00\" \/>\n<meta property=\"article:modified_time\" content=\"2021-06-08T11:16:25+00:00\" \/>\n<meta property=\"og:image\" content=\"https:\/\/www.plataformadecomunicacio.com\/wp-content\/uploads\/2021\/03\/news-1172463_1920.jpg\" \/>\n\t<meta property=\"og:image:width\" content=\"1920\" \/>\n\t<meta property=\"og:image:height\" content=\"1440\" \/>\n\t<meta property=\"og:image:type\" content=\"image\/jpeg\" \/>\n<meta name=\"author\" content=\"Plataforma de Comunicaci\u00f3\" \/>\n<meta name=\"twitter:card\" content=\"summary_large_image\" \/>\n<meta name=\"twitter:creator\" content=\"@PlataformadeCom\" \/>\n<meta name=\"twitter:site\" content=\"@PlataformadeCom\" \/>\n<meta name=\"twitter:label1\" content=\"Escrito por\" \/>\n\t<meta name=\"twitter:data1\" content=\"Plataforma de Comunicaci\u00f3\" \/>\n\t<meta name=\"twitter:label2\" content=\"Tiempo de lectura\" \/>\n\t<meta name=\"twitter:data2\" content=\"4 minutos\" \/>\n<script type=\"application\/ld+json\" class=\"yoast-schema-graph\">{\"@context\":\"https:\/\/schema.org\",\"@graph\":[{\"@type\":\"Article\",\"@id\":\"https:\/\/www.plataformadecomunicacio.com\/es\/consejos-para-redactar-una-nota-de-prensa\/#article\",\"isPartOf\":{\"@id\":\"https:\/\/www.plataformadecomunicacio.com\/es\/consejos-para-redactar-una-nota-de-prensa\/\"},\"author\":{\"name\":\"Plataforma de Comunicaci\u00f3\",\"@id\":\"https:\/\/www.plataformadecomunicacio.com\/#\/schema\/person\/a10597ea5a25cad7b4aac14e6a1672ed\"},\"headline\":\"Consejos para redactar una nota de prensa\",\"datePublished\":\"2021-06-08T11:16:23+00:00\",\"dateModified\":\"2021-06-08T11:16:25+00:00\",\"mainEntityOfPage\":{\"@id\":\"https:\/\/www.plataformadecomunicacio.com\/es\/consejos-para-redactar-una-nota-de-prensa\/\"},\"wordCount\":723,\"publisher\":{\"@id\":\"https:\/\/www.plataformadecomunicacio.com\/#organization\"},\"image\":{\"@id\":\"https:\/\/www.plataformadecomunicacio.com\/es\/consejos-para-redactar-una-nota-de-prensa\/#primaryimage\"},\"thumbnailUrl\":\"https:\/\/www.plataformadecomunicacio.com\/wp-content\/uploads\/2021\/03\/news-1172463_1920.jpg\",\"articleSection\":[\"Comunicaci\u00f3\",\"News\",\"Sin categorizar\"],\"inLanguage\":\"es\"},{\"@type\":\"WebPage\",\"@id\":\"https:\/\/www.plataformadecomunicacio.com\/es\/consejos-para-redactar-una-nota-de-prensa\/\",\"url\":\"https:\/\/www.plataformadecomunicacio.com\/es\/consejos-para-redactar-una-nota-de-prensa\/\",\"name\":\"Consejos para redactar una nota de prensa - Plataforma de comunicaci\u00f3\",\"isPartOf\":{\"@id\":\"https:\/\/www.plataformadecomunicacio.com\/#website\"},\"primaryImageOfPage\":{\"@id\":\"https:\/\/www.plataformadecomunicacio.com\/es\/consejos-para-redactar-una-nota-de-prensa\/#primaryimage\"},\"image\":{\"@id\":\"https:\/\/www.plataformadecomunicacio.com\/es\/consejos-para-redactar-una-nota-de-prensa\/#primaryimage\"},\"thumbnailUrl\":\"https:\/\/www.plataformadecomunicacio.com\/wp-content\/uploads\/2021\/03\/news-1172463_1920.jpg\",\"datePublished\":\"2021-06-08T11:16:23+00:00\",\"dateModified\":\"2021-06-08T11:16:25+00:00\",\"description\":\"Saber redactar una buena nota de prensa es importante para reflejar correctamente aquello que queramos decir. Aqu\u00ed te explicamos las claves m\u00e1s importantes\",\"breadcrumb\":{\"@id\":\"https:\/\/www.plataformadecomunicacio.com\/es\/consejos-para-redactar-una-nota-de-prensa\/#breadcrumb\"},\"inLanguage\":\"es\",\"potentialAction\":[{\"@type\":\"ReadAction\",\"target\":[\"https:\/\/www.plataformadecomunicacio.com\/es\/consejos-para-redactar-una-nota-de-prensa\/\"]}]},{\"@type\":\"ImageObject\",\"inLanguage\":\"es\",\"@id\":\"https:\/\/www.plataformadecomunicacio.com\/es\/consejos-para-redactar-una-nota-de-prensa\/#primaryimage\",\"url\":\"https:\/\/www.plataformadecomunicacio.com\/wp-content\/uploads\/2021\/03\/news-1172463_1920.jpg\",\"contentUrl\":\"https:\/\/www.plataformadecomunicacio.com\/wp-content\/uploads\/2021\/03\/news-1172463_1920.jpg\",\"width\":1920,\"height\":1440,\"caption\":\"consejos para redactar una nota de prensa\"},{\"@type\":\"BreadcrumbList\",\"@id\":\"https:\/\/www.plataformadecomunicacio.com\/es\/consejos-para-redactar-una-nota-de-prensa\/#breadcrumb\",\"itemListElement\":[{\"@type\":\"ListItem\",\"position\":1,\"name\":\"Home\",\"item\":\"https:\/\/www.plataformadecomunicacio.com\/es\/inicio\/\"},{\"@type\":\"ListItem\",\"position\":2,\"name\":\"Consejos para redactar una nota de prensa\"}]},{\"@type\":\"WebSite\",\"@id\":\"https:\/\/www.plataformadecomunicacio.com\/#website\",\"url\":\"https:\/\/www.plataformadecomunicacio.com\/\",\"name\":\"Plataforma de comunicaci\u00f3\",\"description\":\"Comuniquem junts\",\"publisher\":{\"@id\":\"https:\/\/www.plataformadecomunicacio.com\/#organization\"},\"potentialAction\":[{\"@type\":\"SearchAction\",\"target\":{\"@type\":\"EntryPoint\",\"urlTemplate\":\"https:\/\/www.plataformadecomunicacio.com\/?s={search_term_string}\"},\"query-input\":{\"@type\":\"PropertyValueSpecification\",\"valueRequired\":true,\"valueName\":\"search_term_string\"}}],\"inLanguage\":\"es\"},{\"@type\":\"Organization\",\"@id\":\"https:\/\/www.plataformadecomunicacio.com\/#organization\",\"name\":\"Plataforma de comunicaci\u00f3\",\"url\":\"https:\/\/www.plataformadecomunicacio.com\/\",\"logo\":{\"@type\":\"ImageObject\",\"inLanguage\":\"es\",\"@id\":\"https:\/\/www.plataformadecomunicacio.com\/#\/schema\/logo\/image\/\",\"url\":\"https:\/\/www.plataformadecomunicacio.com\/wp-content\/uploads\/2019\/02\/Logo_plataforma.png\",\"contentUrl\":\"https:\/\/www.plataformadecomunicacio.com\/wp-content\/uploads\/2019\/02\/Logo_plataforma.png\",\"width\":505,\"height\":320,\"caption\":\"Plataforma de comunicaci\u00f3\"},\"image\":{\"@id\":\"https:\/\/www.plataformadecomunicacio.com\/#\/schema\/logo\/image\/\"},\"sameAs\":[\"https:\/\/www.facebook.com\/plataformadecomunicacio\/\",\"https:\/\/x.com\/PlataformadeCom\",\"https:\/\/www.linkedin.com\/company\/plataforma-de-comunicaci\u00f3\/\",\"https:\/\/www.youtube.com\/channel\/UCQ4-7CGw0atul0BbEAN5S9w\"]},{\"@type\":\"Person\",\"@id\":\"https:\/\/www.plataformadecomunicacio.com\/#\/schema\/person\/a10597ea5a25cad7b4aac14e6a1672ed\",\"name\":\"Plataforma de Comunicaci\u00f3\",\"image\":{\"@type\":\"ImageObject\",\"inLanguage\":\"es\",\"@id\":\"https:\/\/www.plataformadecomunicacio.com\/#\/schema\/person\/image\/\",\"url\":\"https:\/\/secure.gravatar.com\/avatar\/cd26adb9e219d2135afc19eaeefcbaa63ae195f53dcce0bebf04fcc05c3dc7b4?s=96&d=mm&r=g\",\"contentUrl\":\"https:\/\/secure.gravatar.com\/avatar\/cd26adb9e219d2135afc19eaeefcbaa63ae195f53dcce0bebf04fcc05c3dc7b4?s=96&d=mm&r=g\",\"caption\":\"Plataforma de Comunicaci\u00f3\"},\"sameAs\":[\"http:\/\/plataformadecomunicacio.com\"],\"url\":\"https:\/\/www.plataformadecomunicacio.com\/es\/author\/plataforma\/\"}]}<\/script>\n<!-- \/ Yoast SEO plugin. -->","yoast_head_json":{"title":"Consejos para redactar una nota de prensa - Plataforma de comunicaci\u00f3","description":"Saber redactar una buena nota de prensa es importante para reflejar correctamente aquello que queramos decir. Aqu\u00ed te explicamos las claves m\u00e1s importantes","robots":{"index":"index","follow":"follow","max-snippet":"max-snippet:-1","max-image-preview":"max-image-preview:large","max-video-preview":"max-video-preview:-1"},"canonical":"https:\/\/www.plataformadecomunicacio.com\/es\/consejos-para-redactar-una-nota-de-prensa\/","og_locale":"es_ES","og_type":"article","og_title":"Consejos para redactar una nota de prensa - Plataforma de comunicaci\u00f3","og_description":"Saber redactar una buena nota de prensa es importante para reflejar correctamente aquello que queramos decir. Aqu\u00ed te explicamos las claves m\u00e1s importantes","og_url":"https:\/\/www.plataformadecomunicacio.com\/es\/consejos-para-redactar-una-nota-de-prensa\/","og_site_name":"Plataforma de comunicaci\u00f3","article_publisher":"https:\/\/www.facebook.com\/plataformadecomunicacio\/","article_published_time":"2021-06-08T11:16:23+00:00","article_modified_time":"2021-06-08T11:16:25+00:00","og_image":[{"width":1920,"height":1440,"url":"https:\/\/www.plataformadecomunicacio.com\/wp-content\/uploads\/2021\/03\/news-1172463_1920.jpg","type":"image\/jpeg"}],"author":"Plataforma de Comunicaci\u00f3","twitter_card":"summary_large_image","twitter_creator":"@PlataformadeCom","twitter_site":"@PlataformadeCom","twitter_misc":{"Escrito por":"Plataforma de Comunicaci\u00f3","Tiempo de lectura":"4 minutos"},"schema":{"@context":"https:\/\/schema.org","@graph":[{"@type":"Article","@id":"https:\/\/www.plataformadecomunicacio.com\/es\/consejos-para-redactar-una-nota-de-prensa\/#article","isPartOf":{"@id":"https:\/\/www.plataformadecomunicacio.com\/es\/consejos-para-redactar-una-nota-de-prensa\/"},"author":{"name":"Plataforma de Comunicaci\u00f3","@id":"https:\/\/www.plataformadecomunicacio.com\/#\/schema\/person\/a10597ea5a25cad7b4aac14e6a1672ed"},"headline":"Consejos para redactar una nota de prensa","datePublished":"2021-06-08T11:16:23+00:00","dateModified":"2021-06-08T11:16:25+00:00","mainEntityOfPage":{"@id":"https:\/\/www.plataformadecomunicacio.com\/es\/consejos-para-redactar-una-nota-de-prensa\/"},"wordCount":723,"publisher":{"@id":"https:\/\/www.plataformadecomunicacio.com\/#organization"},"image":{"@id":"https:\/\/www.plataformadecomunicacio.com\/es\/consejos-para-redactar-una-nota-de-prensa\/#primaryimage"},"thumbnailUrl":"https:\/\/www.plataformadecomunicacio.com\/wp-content\/uploads\/2021\/03\/news-1172463_1920.jpg","articleSection":["Comunicaci\u00f3","News","Sin categorizar"],"inLanguage":"es"},{"@type":"WebPage","@id":"https:\/\/www.plataformadecomunicacio.com\/es\/consejos-para-redactar-una-nota-de-prensa\/","url":"https:\/\/www.plataformadecomunicacio.com\/es\/consejos-para-redactar-una-nota-de-prensa\/","name":"Consejos para redactar una nota de prensa - Plataforma de comunicaci\u00f3","isPartOf":{"@id":"https:\/\/www.plataformadecomunicacio.com\/#website"},"primaryImageOfPage":{"@id":"https:\/\/www.plataformadecomunicacio.com\/es\/consejos-para-redactar-una-nota-de-prensa\/#primaryimage"},"image":{"@id":"https:\/\/www.plataformadecomunicacio.com\/es\/consejos-para-redactar-una-nota-de-prensa\/#primaryimage"},"thumbnailUrl":"https:\/\/www.plataformadecomunicacio.com\/wp-content\/uploads\/2021\/03\/news-1172463_1920.jpg","datePublished":"2021-06-08T11:16:23+00:00","dateModified":"2021-06-08T11:16:25+00:00","description":"Saber redactar una buena nota de prensa es importante para reflejar correctamente aquello que queramos decir. Aqu\u00ed te explicamos las claves m\u00e1s importantes","breadcrumb":{"@id":"https:\/\/www.plataformadecomunicacio.com\/es\/consejos-para-redactar-una-nota-de-prensa\/#breadcrumb"},"inLanguage":"es","potentialAction":[{"@type":"ReadAction","target":["https:\/\/www.plataformadecomunicacio.com\/es\/consejos-para-redactar-una-nota-de-prensa\/"]}]},{"@type":"ImageObject","inLanguage":"es","@id":"https:\/\/www.plataformadecomunicacio.com\/es\/consejos-para-redactar-una-nota-de-prensa\/#primaryimage","url":"https:\/\/www.plataformadecomunicacio.com\/wp-content\/uploads\/2021\/03\/news-1172463_1920.jpg","contentUrl":"https:\/\/www.plataformadecomunicacio.com\/wp-content\/uploads\/2021\/03\/news-1172463_1920.jpg","width":1920,"height":1440,"caption":"consejos para redactar una nota de prensa"},{"@type":"BreadcrumbList","@id":"https:\/\/www.plataformadecomunicacio.com\/es\/consejos-para-redactar-una-nota-de-prensa\/#breadcrumb","itemListElement":[{"@type":"ListItem","position":1,"name":"Home","item":"https:\/\/www.plataformadecomunicacio.com\/es\/inicio\/"},{"@type":"ListItem","position":2,"name":"Consejos para redactar una nota de prensa"}]},{"@type":"WebSite","@id":"https:\/\/www.plataformadecomunicacio.com\/#website","url":"https:\/\/www.plataformadecomunicacio.com\/","name":"Plataforma de comunicaci\u00f3","description":"Comuniquem junts","publisher":{"@id":"https:\/\/www.plataformadecomunicacio.com\/#organization"},"potentialAction":[{"@type":"SearchAction","target":{"@type":"EntryPoint","urlTemplate":"https:\/\/www.plataformadecomunicacio.com\/?s={search_term_string}"},"query-input":{"@type":"PropertyValueSpecification","valueRequired":true,"valueName":"search_term_string"}}],"inLanguage":"es"},{"@type":"Organization","@id":"https:\/\/www.plataformadecomunicacio.com\/#organization","name":"Plataforma de comunicaci\u00f3","url":"https:\/\/www.plataformadecomunicacio.com\/","logo":{"@type":"ImageObject","inLanguage":"es","@id":"https:\/\/www.plataformadecomunicacio.com\/#\/schema\/logo\/image\/","url":"https:\/\/www.plataformadecomunicacio.com\/wp-content\/uploads\/2019\/02\/Logo_plataforma.png","contentUrl":"https:\/\/www.plataformadecomunicacio.com\/wp-content\/uploads\/2019\/02\/Logo_plataforma.png","width":505,"height":320,"caption":"Plataforma de comunicaci\u00f3"},"image":{"@id":"https:\/\/www.plataformadecomunicacio.com\/#\/schema\/logo\/image\/"},"sameAs":["https:\/\/www.facebook.com\/plataformadecomunicacio\/","https:\/\/x.com\/PlataformadeCom","https:\/\/www.linkedin.com\/company\/plataforma-de-comunicaci\u00f3\/","https:\/\/www.youtube.com\/channel\/UCQ4-7CGw0atul0BbEAN5S9w"]},{"@type":"Person","@id":"https:\/\/www.plataformadecomunicacio.com\/#\/schema\/person\/a10597ea5a25cad7b4aac14e6a1672ed","name":"Plataforma de Comunicaci\u00f3","image":{"@type":"ImageObject","inLanguage":"es","@id":"https:\/\/www.plataformadecomunicacio.com\/#\/schema\/person\/image\/","url":"https:\/\/secure.gravatar.com\/avatar\/cd26adb9e219d2135afc19eaeefcbaa63ae195f53dcce0bebf04fcc05c3dc7b4?s=96&d=mm&r=g","contentUrl":"https:\/\/secure.gravatar.com\/avatar\/cd26adb9e219d2135afc19eaeefcbaa63ae195f53dcce0bebf04fcc05c3dc7b4?s=96&d=mm&r=g","caption":"Plataforma de Comunicaci\u00f3"},"sameAs":["http:\/\/plataformadecomunicacio.com"],"url":"https:\/\/www.plataformadecomunicacio.com\/es\/author\/plataforma\/"}]}},"_links":{"self":[{"href":"https:\/\/www.plataformadecomunicacio.com\/es\/wp-json\/wp\/v2\/posts\/9320","targetHints":{"allow":["GET"]}}],"collection":[{"href":"https:\/\/www.plataformadecomunicacio.com\/es\/wp-json\/wp\/v2\/posts"}],"about":[{"href":"https:\/\/www.plataformadecomunicacio.com\/es\/wp-json\/wp\/v2\/types\/post"}],"author":[{"embeddable":true,"href":"https:\/\/www.plataformadecomunicacio.com\/es\/wp-json\/wp\/v2\/users\/2"}],"replies":[{"embeddable":true,"href":"https:\/\/www.plataformadecomunicacio.com\/es\/wp-json\/wp\/v2\/comments?post=9320"}],"version-history":[{"count":1,"href":"https:\/\/www.plataformadecomunicacio.com\/es\/wp-json\/wp\/v2\/posts\/9320\/revisions"}],"predecessor-version":[{"id":9321,"href":"https:\/\/www.plataformadecomunicacio.com\/es\/wp-json\/wp\/v2\/posts\/9320\/revisions\/9321"}],"wp:featuredmedia":[{"embeddable":true,"href":"https:\/\/www.plataformadecomunicacio.com\/es\/wp-json\/wp\/v2\/media\/9258"}],"wp:attachment":[{"href":"https:\/\/www.plataformadecomunicacio.com\/es\/wp-json\/wp\/v2\/media?parent=9320"}],"wp:term":[{"taxonomy":"category","embeddable":true,"href":"https:\/\/www.plataformadecomunicacio.com\/es\/wp-json\/wp\/v2\/categories?post=9320"},{"taxonomy":"post_tag","embeddable":true,"href":"https:\/\/www.plataformadecomunicacio.com\/es\/wp-json\/wp\/v2\/tags?post=9320"}],"curies":[{"name":"wp","href":"https:\/\/api.w.org\/{rel}","templated":true}]}}