{"id":9322,"date":"2021-06-08T11:22:16","date_gmt":"2021-06-08T11:22:16","guid":{"rendered":"https:\/\/www.plataformadecomunicacio.com\/los-puntos-lilas-del-verano-se-saldan-sin-incidentes-graves\/"},"modified":"2021-06-08T11:22:19","modified_gmt":"2021-06-08T11:22:19","slug":"los-puntos-lilas-del-verano-se-saldan-sin-incidentes-graves","status":"publish","type":"post","link":"https:\/\/www.plataformadecomunicacio.com\/es\/los-puntos-lilas-del-verano-se-saldan-sin-incidentes-graves\/","title":{"rendered":"Los Puntos Lilas del verano se saldan sin incidentes graves"},"content":{"rendered":"\n<h2 class=\"wp-block-heading\">\u00bfQu\u00e9 son los Puntos Lilas y para qu\u00e9 sirven?<\/h2>\n\n<p>El trabajo de sensibilizaci\u00f3n y prevenci\u00f3n en los Puntos Lilas resulta fundamental para evitar casos de abuso o agresi\u00f3n sexuales.<\/p>\n\n<p>A la hora de hacer un servicio de\u00a0<a href=\"https:\/\/www.plataformadecomunicacio.com\/es\/plataforma-de-ideas\/punto-lila\/\">Punto Lila<\/a> el objetivo principal es no tener que atender v\u00edctimas. La tarea de sensibilizaci\u00f3n y prevenci\u00f3n es fundamental, ya que en ella se basa el \u00e9xito del servicio.<\/p>\n\n<p>Este verano, La Plataforma ha organizado y gestionado puntos lilas contra las agresiones sexuales en una veintena de ayuntamientos de Catalu\u00f1a y en todos ellos la valoraci\u00f3n es positiva ya que no ha tenido que atender ning\u00fan caso de abuso o agresi\u00f3n sexual.<\/p>\n\n<p>Santa Coloma de Gramenet, Sabadell, Badalona, Cornell\u00e0 de Llobregat, Sant Boi de Llobregat, Malgrat de Mar, Badia del Vall\u00e8s, Gironella, San Andr\u00e9s de la Barca, Torredembarra, Solsona &#8230; son algunos de los consistorios que han depositado su confianza en La Plataforma para velar por unas fiestas en igualdad.<\/p>\n\n<h3 class=\"wp-block-heading\"><strong><u>La violencia sexual en el ocio nocturno<\/u><\/strong><\/h3>\n\n<p>En el \u00e1mbito del ocio nocturno y de fiestas a menudo se toleran actitudes, e incluso agresiones, que en otros contextos ser\u00edan inaceptables. Con el fin de erradicar comportamientos que no deber\u00edan estar normalizados, es fundamental la implicaci\u00f3n de toda la sociedad y aqu\u00ed juegan un papel destacado los puntos lilas.<\/p>\n\n<p>Por todo ello, desde Plataforma de Comunicaci\u00f3 hacemos un llamamiento tanto a la acci\u00f3n individual como a la acci\u00f3n colectiva. Al mismo tiempo valoramos el hecho de que desde los ayuntamientos, entidades sociales, cuerpos de seguridad y ciudadan\u00eda en general haya un inter\u00e9s y un compromiso crecientes para unir esfuerzos y trabajar para lograr que las mujeres y las personas LGTBI puedan disfrutar del espacio p\u00fablico, y en particular del ocio nocturno, en plena libertad y seguridad y en igualdad de condiciones, sin sufrir ning\u00fan tipo de violencia.<\/p>\n\n<p>Es por ello que desde hace m\u00e1s de un a\u00f1o La Plataforma impuls\u00f3 el proyecto de Punto Lila, en el que nos hacemos cargo de la instalaci\u00f3n de un espacio de referencia que se coloca en un lugar visible de las fiestas y que act\u00faa como punto de informaci\u00f3n, asesoramiento y ayuda frente a las violencias machistas. Este punto est\u00e1 atendido por profesionales especialmente sensibilizados y formados en este \u00e1mbito y que conocen el protocolo de actuaci\u00f3n. Nuestro objetivo es trabajar para hacer de la fiesta un espacio libre y seguro para todos y lo hacemos de manera profesional y rigurosa.<\/p>\n\n<div class=\"wp-block-button aligncenter is-style-default\"><a class=\"wp-block-button__link has-background\" href=\"https:\/\/www.plataformadecomunicacio.com\/es\/plataforma-de-ideas\/punto-lila\/\" style=\"background-color:#a480b1\">M\u00c1S INFORMACI\u00d3N SOBRE LOS PUNTOS LILAS<\/a><\/div>\n\n<h3 class=\"wp-block-heading\"><strong><u>Carpas, materiales, formaci\u00f3n y actividades<\/u><\/strong><\/h3>\n\n<p>Dentro de este servicio, adem\u00e1s del personal debidamente formado, tambi\u00e9n se pueden incluir el alquiler de la carpa lila personalizada, con los mensajes y logos de cada ayuntamiento o evento, as\u00ed como el dise\u00f1o y producci\u00f3n de todo tipo de material para hacer sensibilizaci\u00f3n: desde flyers informativos, tarjetas con los tel\u00e9fonos de los servicios de emergencia, carteles, pancartas, etc. y tambi\u00e9n pulseras o chapas con mensaje. Toda la maquinaria de comunicaci\u00f3n de La Plataforma al servicio de los puntos lilas y de la lucha contra la violencia machista.<\/p>\n\n<div class=\"wp-block-image\"><figure class=\"aligncenter is-resized\"><img loading=\"lazy\" decoding=\"async\" src=\"https:\/\/www.plataformadecomunicacio.com\/wp-content\/uploads\/2019\/09\/IMG-20190830-WA0038-1-1030x773.jpg\" alt=\"Punto Lila en la Fiesta Mayor\" class=\"wp-image-7108\" width=\"587\" height=\"441\" srcset=\"https:\/\/www.plataformadecomunicacio.com\/wp-content\/uploads\/2019\/09\/IMG-20190830-WA0038-1-1030x773.jpg 1030w, https:\/\/www.plataformadecomunicacio.com\/wp-content\/uploads\/2019\/09\/IMG-20190830-WA0038-1-300x225.jpg 300w, https:\/\/www.plataformadecomunicacio.com\/wp-content\/uploads\/2019\/09\/IMG-20190830-WA0038-1-768x576.jpg 768w, https:\/\/www.plataformadecomunicacio.com\/wp-content\/uploads\/2019\/09\/IMG-20190830-WA0038-1-1536x1152.jpg 1536w, https:\/\/www.plataformadecomunicacio.com\/wp-content\/uploads\/2019\/09\/IMG-20190830-WA0038-1-1500x1125.jpg 1500w, https:\/\/www.plataformadecomunicacio.com\/wp-content\/uploads\/2019\/09\/IMG-20190830-WA0038-1-705x529.jpg 705w, https:\/\/www.plataformadecomunicacio.com\/wp-content\/uploads\/2019\/09\/IMG-20190830-WA0038-1-450x338.jpg 450w, https:\/\/www.plataformadecomunicacio.com\/wp-content\/uploads\/2019\/09\/IMG-20190830-WA0038-1.jpg 1600w\" sizes=\"auto, (max-width: 587px) 100vw, 587px\" \/><figcaption>Material disponible en el Punto Lila de la Fiesta Mayor de Santa Coloma de Gramenet<\/figcaption><\/figure><\/div>\n\n<p>Adem\u00e1s, tambi\u00e9n se puede contratar la formaci\u00f3n a cargo de una profesional experta en la atenci\u00f3n a v\u00edctimas de violencia machista.<\/p>\n\n<p>Este a\u00f1o se ha incorporado la posibilidad de realizar tambi\u00e9n actividades infantiles en horario de ma\u00f1ana o tarde para educar desde peque\u00f1os en la igualdad. Algunas de las actividades m\u00e1s destacadas han sido un taller de chapas con mensajes en pro de la igualdad y un Qui\u00e9n Es Qui\u00e9n de personajes femeninos importantes de la historia.<\/p>\n\n<p>Todo el trabajo es poco para intentar erradicar esta lacra social que es la violencia machista, pero desde La Plataforma seguir trabajando e innovando para conseguir que la fiesta sea un espacio divertido y seguro para todos.<\/p>\n\n<p>Para m\u00e1s informaci\u00f3n puedes escribirnos a <a href=\"mailto:puntlila@plataformadecomunicaci&#xF3;.com\">puntlila@plataformadecomunicaci\u00f3.com<\/a><\/p>\n","protected":false},"excerpt":{"rendered":"<p>\u00bfQu\u00e9 son los Puntos Lilas y para qu\u00e9 sirven? El trabajo de sensibilizaci\u00f3n y prevenci\u00f3n en los Puntos Lilas resulta fundamental para evitar casos de abuso o agresi\u00f3n sexuales. A la hora de hacer un servicio de\u00a0Punto Lila el objetivo principal es no tener que atender v\u00edctimas. La tarea de sensibilizaci\u00f3n y prevenci\u00f3n es fundamental, [&hellip;]<\/p>\n","protected":false},"author":2,"featured_media":7103,"comment_status":"open","ping_status":"open","sticky":false,"template":"","format":"standard","meta":{"footnotes":""},"categories":[56],"tags":[192,170,191,59,171,169,190,193,194],"class_list":["post-9322","post","type-post","status-publish","format-standard","has-post-thumbnail","hentry","category-news-es","tag-abuso-sexual","tag-agresiones-sexuales","tag-noesno-es","tag-plataforma-de-comunicacio-es","tag-prevencion","tag-punto-lila","tag-puntos-lilas","tag-sensibilizacion","tag-violencia-machista"],"yoast_head":"<!-- This site is optimized with the Yoast SEO plugin v26.1 - https:\/\/yoast.com\/wordpress\/plugins\/seo\/ -->\n<title>Los Puntos Lilas del verano se saldan sin incidentes graves<\/title>\n<meta name=\"description\" content=\"La Plataforma ha organizado puntos lilas contra las agresiones sexuales en varios municipios catalanes y no ha tenido que atender ning\u00fan caso de abuso o agresi\u00f3n sexual\" \/>\n<meta name=\"robots\" content=\"index, follow, max-snippet:-1, max-image-preview:large, max-video-preview:-1\" \/>\n<link rel=\"canonical\" href=\"https:\/\/www.plataformadecomunicacio.com\/es\/los-puntos-lilas-del-verano-se-saldan-sin-incidentes-graves\/\" \/>\n<meta property=\"og:locale\" content=\"es_ES\" \/>\n<meta property=\"og:type\" content=\"article\" \/>\n<meta property=\"og:title\" content=\"Los Puntos Lilas del verano se saldan sin incidentes graves\" \/>\n<meta property=\"og:description\" content=\"La Plataforma ha organizado puntos lilas contra las agresiones sexuales en varios municipios catalanes y no ha tenido que atender ning\u00fan caso de abuso o agresi\u00f3n sexual\" \/>\n<meta property=\"og:url\" content=\"https:\/\/www.plataformadecomunicacio.com\/es\/los-puntos-lilas-del-verano-se-saldan-sin-incidentes-graves\/\" \/>\n<meta property=\"og:site_name\" content=\"Plataforma de comunicaci\u00f3\" \/>\n<meta property=\"article:publisher\" content=\"https:\/\/www.facebook.com\/plataformadecomunicacio\/\" \/>\n<meta property=\"article:published_time\" content=\"2021-06-08T11:22:16+00:00\" \/>\n<meta property=\"article:modified_time\" content=\"2021-06-08T11:22:19+00:00\" \/>\n<meta property=\"og:image\" content=\"https:\/\/www.plataformadecomunicacio.com\/wp-content\/uploads\/2019\/09\/IMG-20190620-WA0005.jpg\" \/>\n\t<meta property=\"og:image:width\" content=\"1600\" \/>\n\t<meta property=\"og:image:height\" content=\"1200\" \/>\n\t<meta property=\"og:image:type\" content=\"image\/jpeg\" \/>\n<meta name=\"author\" content=\"Plataforma de Comunicaci\u00f3\" \/>\n<meta name=\"twitter:card\" content=\"summary_large_image\" \/>\n<meta name=\"twitter:creator\" content=\"@PlataformadeCom\" \/>\n<meta name=\"twitter:site\" content=\"@PlataformadeCom\" \/>\n<meta name=\"twitter:label1\" content=\"Escrito por\" \/>\n\t<meta name=\"twitter:data1\" content=\"Plataforma de Comunicaci\u00f3\" \/>\n\t<meta name=\"twitter:label2\" content=\"Tiempo de lectura\" \/>\n\t<meta name=\"twitter:data2\" content=\"3 minutos\" \/>\n<script type=\"application\/ld+json\" class=\"yoast-schema-graph\">{\"@context\":\"https:\/\/schema.org\",\"@graph\":[{\"@type\":\"Article\",\"@id\":\"https:\/\/www.plataformadecomunicacio.com\/es\/los-puntos-lilas-del-verano-se-saldan-sin-incidentes-graves\/#article\",\"isPartOf\":{\"@id\":\"https:\/\/www.plataformadecomunicacio.com\/es\/los-puntos-lilas-del-verano-se-saldan-sin-incidentes-graves\/\"},\"author\":{\"name\":\"Plataforma de Comunicaci\u00f3\",\"@id\":\"https:\/\/www.plataformadecomunicacio.com\/#\/schema\/person\/a10597ea5a25cad7b4aac14e6a1672ed\"},\"headline\":\"Los Puntos Lilas del verano se saldan sin incidentes graves\",\"datePublished\":\"2021-06-08T11:22:16+00:00\",\"dateModified\":\"2021-06-08T11:22:19+00:00\",\"mainEntityOfPage\":{\"@id\":\"https:\/\/www.plataformadecomunicacio.com\/es\/los-puntos-lilas-del-verano-se-saldan-sin-incidentes-graves\/\"},\"wordCount\":702,\"commentCount\":0,\"publisher\":{\"@id\":\"https:\/\/www.plataformadecomunicacio.com\/#organization\"},\"image\":{\"@id\":\"https:\/\/www.plataformadecomunicacio.com\/es\/los-puntos-lilas-del-verano-se-saldan-sin-incidentes-graves\/#primaryimage\"},\"thumbnailUrl\":\"https:\/\/www.plataformadecomunicacio.com\/wp-content\/uploads\/2019\/09\/IMG-20190620-WA0005.jpg\",\"keywords\":[\"abuso sexual\",\"agresiones sexuales\",\"noesno\",\"Plataforma de Comunicaci\u00f3\",\"prevenci\u00f3n\",\"punto lila\",\"puntos lilas\",\"sensibilizaci\u00f3n\",\"violencia machista\"],\"articleSection\":[\"News\"],\"inLanguage\":\"es\",\"potentialAction\":[{\"@type\":\"CommentAction\",\"name\":\"Comment\",\"target\":[\"https:\/\/www.plataformadecomunicacio.com\/es\/los-puntos-lilas-del-verano-se-saldan-sin-incidentes-graves\/#respond\"]}]},{\"@type\":\"WebPage\",\"@id\":\"https:\/\/www.plataformadecomunicacio.com\/es\/los-puntos-lilas-del-verano-se-saldan-sin-incidentes-graves\/\",\"url\":\"https:\/\/www.plataformadecomunicacio.com\/es\/los-puntos-lilas-del-verano-se-saldan-sin-incidentes-graves\/\",\"name\":\"Los Puntos Lilas del verano se saldan sin incidentes graves\",\"isPartOf\":{\"@id\":\"https:\/\/www.plataformadecomunicacio.com\/#website\"},\"primaryImageOfPage\":{\"@id\":\"https:\/\/www.plataformadecomunicacio.com\/es\/los-puntos-lilas-del-verano-se-saldan-sin-incidentes-graves\/#primaryimage\"},\"image\":{\"@id\":\"https:\/\/www.plataformadecomunicacio.com\/es\/los-puntos-lilas-del-verano-se-saldan-sin-incidentes-graves\/#primaryimage\"},\"thumbnailUrl\":\"https:\/\/www.plataformadecomunicacio.com\/wp-content\/uploads\/2019\/09\/IMG-20190620-WA0005.jpg\",\"datePublished\":\"2021-06-08T11:22:16+00:00\",\"dateModified\":\"2021-06-08T11:22:19+00:00\",\"description\":\"La Plataforma ha organizado puntos lilas contra las agresiones sexuales en varios municipios catalanes y no ha tenido que atender ning\u00fan caso de abuso o agresi\u00f3n sexual\",\"breadcrumb\":{\"@id\":\"https:\/\/www.plataformadecomunicacio.com\/es\/los-puntos-lilas-del-verano-se-saldan-sin-incidentes-graves\/#breadcrumb\"},\"inLanguage\":\"es\",\"potentialAction\":[{\"@type\":\"ReadAction\",\"target\":[\"https:\/\/www.plataformadecomunicacio.com\/es\/los-puntos-lilas-del-verano-se-saldan-sin-incidentes-graves\/\"]}]},{\"@type\":\"ImageObject\",\"inLanguage\":\"es\",\"@id\":\"https:\/\/www.plataformadecomunicacio.com\/es\/los-puntos-lilas-del-verano-se-saldan-sin-incidentes-graves\/#primaryimage\",\"url\":\"https:\/\/www.plataformadecomunicacio.com\/wp-content\/uploads\/2019\/09\/IMG-20190620-WA0005.jpg\",\"contentUrl\":\"https:\/\/www.plataformadecomunicacio.com\/wp-content\/uploads\/2019\/09\/IMG-20190620-WA0005.jpg\",\"width\":1600,\"height\":1200,\"caption\":\"Puntos lilas contra las agresiones sexuales\"},{\"@type\":\"BreadcrumbList\",\"@id\":\"https:\/\/www.plataformadecomunicacio.com\/es\/los-puntos-lilas-del-verano-se-saldan-sin-incidentes-graves\/#breadcrumb\",\"itemListElement\":[{\"@type\":\"ListItem\",\"position\":1,\"name\":\"Home\",\"item\":\"https:\/\/www.plataformadecomunicacio.com\/es\/inicio\/\"},{\"@type\":\"ListItem\",\"position\":2,\"name\":\"Los Puntos Lilas del verano se saldan sin incidentes graves\"}]},{\"@type\":\"WebSite\",\"@id\":\"https:\/\/www.plataformadecomunicacio.com\/#website\",\"url\":\"https:\/\/www.plataformadecomunicacio.com\/\",\"name\":\"Plataforma de comunicaci\u00f3\",\"description\":\"Comuniquem junts\",\"publisher\":{\"@id\":\"https:\/\/www.plataformadecomunicacio.com\/#organization\"},\"potentialAction\":[{\"@type\":\"SearchAction\",\"target\":{\"@type\":\"EntryPoint\",\"urlTemplate\":\"https:\/\/www.plataformadecomunicacio.com\/?s={search_term_string}\"},\"query-input\":{\"@type\":\"PropertyValueSpecification\",\"valueRequired\":true,\"valueName\":\"search_term_string\"}}],\"inLanguage\":\"es\"},{\"@type\":\"Organization\",\"@id\":\"https:\/\/www.plataformadecomunicacio.com\/#organization\",\"name\":\"Plataforma de comunicaci\u00f3\",\"url\":\"https:\/\/www.plataformadecomunicacio.com\/\",\"logo\":{\"@type\":\"ImageObject\",\"inLanguage\":\"es\",\"@id\":\"https:\/\/www.plataformadecomunicacio.com\/#\/schema\/logo\/image\/\",\"url\":\"https:\/\/www.plataformadecomunicacio.com\/wp-content\/uploads\/2019\/02\/Logo_plataforma.png\",\"contentUrl\":\"https:\/\/www.plataformadecomunicacio.com\/wp-content\/uploads\/2019\/02\/Logo_plataforma.png\",\"width\":505,\"height\":320,\"caption\":\"Plataforma de comunicaci\u00f3\"},\"image\":{\"@id\":\"https:\/\/www.plataformadecomunicacio.com\/#\/schema\/logo\/image\/\"},\"sameAs\":[\"https:\/\/www.facebook.com\/plataformadecomunicacio\/\",\"https:\/\/x.com\/PlataformadeCom\",\"https:\/\/www.linkedin.com\/company\/plataforma-de-comunicaci\u00f3\/\",\"https:\/\/www.youtube.com\/channel\/UCQ4-7CGw0atul0BbEAN5S9w\"]},{\"@type\":\"Person\",\"@id\":\"https:\/\/www.plataformadecomunicacio.com\/#\/schema\/person\/a10597ea5a25cad7b4aac14e6a1672ed\",\"name\":\"Plataforma de Comunicaci\u00f3\",\"image\":{\"@type\":\"ImageObject\",\"inLanguage\":\"es\",\"@id\":\"https:\/\/www.plataformadecomunicacio.com\/#\/schema\/person\/image\/\",\"url\":\"https:\/\/secure.gravatar.com\/avatar\/cd26adb9e219d2135afc19eaeefcbaa63ae195f53dcce0bebf04fcc05c3dc7b4?s=96&d=mm&r=g\",\"contentUrl\":\"https:\/\/secure.gravatar.com\/avatar\/cd26adb9e219d2135afc19eaeefcbaa63ae195f53dcce0bebf04fcc05c3dc7b4?s=96&d=mm&r=g\",\"caption\":\"Plataforma de Comunicaci\u00f3\"},\"sameAs\":[\"http:\/\/plataformadecomunicacio.com\"],\"url\":\"https:\/\/www.plataformadecomunicacio.com\/es\/author\/plataforma\/\"}]}<\/script>\n<!-- \/ Yoast SEO plugin. -->","yoast_head_json":{"title":"Los Puntos Lilas del verano se saldan sin incidentes graves","description":"La Plataforma ha organizado puntos lilas contra las agresiones sexuales en varios municipios catalanes y no ha tenido que atender ning\u00fan caso de abuso o agresi\u00f3n sexual","robots":{"index":"index","follow":"follow","max-snippet":"max-snippet:-1","max-image-preview":"max-image-preview:large","max-video-preview":"max-video-preview:-1"},"canonical":"https:\/\/www.plataformadecomunicacio.com\/es\/los-puntos-lilas-del-verano-se-saldan-sin-incidentes-graves\/","og_locale":"es_ES","og_type":"article","og_title":"Los Puntos Lilas del verano se saldan sin incidentes graves","og_description":"La Plataforma ha organizado puntos lilas contra las agresiones sexuales en varios municipios catalanes y no ha tenido que atender ning\u00fan caso de abuso o agresi\u00f3n sexual","og_url":"https:\/\/www.plataformadecomunicacio.com\/es\/los-puntos-lilas-del-verano-se-saldan-sin-incidentes-graves\/","og_site_name":"Plataforma de comunicaci\u00f3","article_publisher":"https:\/\/www.facebook.com\/plataformadecomunicacio\/","article_published_time":"2021-06-08T11:22:16+00:00","article_modified_time":"2021-06-08T11:22:19+00:00","og_image":[{"width":1600,"height":1200,"url":"https:\/\/www.plataformadecomunicacio.com\/wp-content\/uploads\/2019\/09\/IMG-20190620-WA0005.jpg","type":"image\/jpeg"}],"author":"Plataforma de Comunicaci\u00f3","twitter_card":"summary_large_image","twitter_creator":"@PlataformadeCom","twitter_site":"@PlataformadeCom","twitter_misc":{"Escrito por":"Plataforma de Comunicaci\u00f3","Tiempo de lectura":"3 minutos"},"schema":{"@context":"https:\/\/schema.org","@graph":[{"@type":"Article","@id":"https:\/\/www.plataformadecomunicacio.com\/es\/los-puntos-lilas-del-verano-se-saldan-sin-incidentes-graves\/#article","isPartOf":{"@id":"https:\/\/www.plataformadecomunicacio.com\/es\/los-puntos-lilas-del-verano-se-saldan-sin-incidentes-graves\/"},"author":{"name":"Plataforma de Comunicaci\u00f3","@id":"https:\/\/www.plataformadecomunicacio.com\/#\/schema\/person\/a10597ea5a25cad7b4aac14e6a1672ed"},"headline":"Los Puntos Lilas del verano se saldan sin incidentes graves","datePublished":"2021-06-08T11:22:16+00:00","dateModified":"2021-06-08T11:22:19+00:00","mainEntityOfPage":{"@id":"https:\/\/www.plataformadecomunicacio.com\/es\/los-puntos-lilas-del-verano-se-saldan-sin-incidentes-graves\/"},"wordCount":702,"commentCount":0,"publisher":{"@id":"https:\/\/www.plataformadecomunicacio.com\/#organization"},"image":{"@id":"https:\/\/www.plataformadecomunicacio.com\/es\/los-puntos-lilas-del-verano-se-saldan-sin-incidentes-graves\/#primaryimage"},"thumbnailUrl":"https:\/\/www.plataformadecomunicacio.com\/wp-content\/uploads\/2019\/09\/IMG-20190620-WA0005.jpg","keywords":["abuso sexual","agresiones sexuales","noesno","Plataforma de Comunicaci\u00f3","prevenci\u00f3n","punto lila","puntos lilas","sensibilizaci\u00f3n","violencia machista"],"articleSection":["News"],"inLanguage":"es","potentialAction":[{"@type":"CommentAction","name":"Comment","target":["https:\/\/www.plataformadecomunicacio.com\/es\/los-puntos-lilas-del-verano-se-saldan-sin-incidentes-graves\/#respond"]}]},{"@type":"WebPage","@id":"https:\/\/www.plataformadecomunicacio.com\/es\/los-puntos-lilas-del-verano-se-saldan-sin-incidentes-graves\/","url":"https:\/\/www.plataformadecomunicacio.com\/es\/los-puntos-lilas-del-verano-se-saldan-sin-incidentes-graves\/","name":"Los Puntos Lilas del verano se saldan sin incidentes graves","isPartOf":{"@id":"https:\/\/www.plataformadecomunicacio.com\/#website"},"primaryImageOfPage":{"@id":"https:\/\/www.plataformadecomunicacio.com\/es\/los-puntos-lilas-del-verano-se-saldan-sin-incidentes-graves\/#primaryimage"},"image":{"@id":"https:\/\/www.plataformadecomunicacio.com\/es\/los-puntos-lilas-del-verano-se-saldan-sin-incidentes-graves\/#primaryimage"},"thumbnailUrl":"https:\/\/www.plataformadecomunicacio.com\/wp-content\/uploads\/2019\/09\/IMG-20190620-WA0005.jpg","datePublished":"2021-06-08T11:22:16+00:00","dateModified":"2021-06-08T11:22:19+00:00","description":"La Plataforma ha organizado puntos lilas contra las agresiones sexuales en varios municipios catalanes y no ha tenido que atender ning\u00fan caso de abuso o agresi\u00f3n sexual","breadcrumb":{"@id":"https:\/\/www.plataformadecomunicacio.com\/es\/los-puntos-lilas-del-verano-se-saldan-sin-incidentes-graves\/#breadcrumb"},"inLanguage":"es","potentialAction":[{"@type":"ReadAction","target":["https:\/\/www.plataformadecomunicacio.com\/es\/los-puntos-lilas-del-verano-se-saldan-sin-incidentes-graves\/"]}]},{"@type":"ImageObject","inLanguage":"es","@id":"https:\/\/www.plataformadecomunicacio.com\/es\/los-puntos-lilas-del-verano-se-saldan-sin-incidentes-graves\/#primaryimage","url":"https:\/\/www.plataformadecomunicacio.com\/wp-content\/uploads\/2019\/09\/IMG-20190620-WA0005.jpg","contentUrl":"https:\/\/www.plataformadecomunicacio.com\/wp-content\/uploads\/2019\/09\/IMG-20190620-WA0005.jpg","width":1600,"height":1200,"caption":"Puntos lilas contra las agresiones sexuales"},{"@type":"BreadcrumbList","@id":"https:\/\/www.plataformadecomunicacio.com\/es\/los-puntos-lilas-del-verano-se-saldan-sin-incidentes-graves\/#breadcrumb","itemListElement":[{"@type":"ListItem","position":1,"name":"Home","item":"https:\/\/www.plataformadecomunicacio.com\/es\/inicio\/"},{"@type":"ListItem","position":2,"name":"Los Puntos Lilas del verano se saldan sin incidentes graves"}]},{"@type":"WebSite","@id":"https:\/\/www.plataformadecomunicacio.com\/#website","url":"https:\/\/www.plataformadecomunicacio.com\/","name":"Plataforma de comunicaci\u00f3","description":"Comuniquem junts","publisher":{"@id":"https:\/\/www.plataformadecomunicacio.com\/#organization"},"potentialAction":[{"@type":"SearchAction","target":{"@type":"EntryPoint","urlTemplate":"https:\/\/www.plataformadecomunicacio.com\/?s={search_term_string}"},"query-input":{"@type":"PropertyValueSpecification","valueRequired":true,"valueName":"search_term_string"}}],"inLanguage":"es"},{"@type":"Organization","@id":"https:\/\/www.plataformadecomunicacio.com\/#organization","name":"Plataforma de comunicaci\u00f3","url":"https:\/\/www.plataformadecomunicacio.com\/","logo":{"@type":"ImageObject","inLanguage":"es","@id":"https:\/\/www.plataformadecomunicacio.com\/#\/schema\/logo\/image\/","url":"https:\/\/www.plataformadecomunicacio.com\/wp-content\/uploads\/2019\/02\/Logo_plataforma.png","contentUrl":"https:\/\/www.plataformadecomunicacio.com\/wp-content\/uploads\/2019\/02\/Logo_plataforma.png","width":505,"height":320,"caption":"Plataforma de comunicaci\u00f3"},"image":{"@id":"https:\/\/www.plataformadecomunicacio.com\/#\/schema\/logo\/image\/"},"sameAs":["https:\/\/www.facebook.com\/plataformadecomunicacio\/","https:\/\/x.com\/PlataformadeCom","https:\/\/www.linkedin.com\/company\/plataforma-de-comunicaci\u00f3\/","https:\/\/www.youtube.com\/channel\/UCQ4-7CGw0atul0BbEAN5S9w"]},{"@type":"Person","@id":"https:\/\/www.plataformadecomunicacio.com\/#\/schema\/person\/a10597ea5a25cad7b4aac14e6a1672ed","name":"Plataforma de Comunicaci\u00f3","image":{"@type":"ImageObject","inLanguage":"es","@id":"https:\/\/www.plataformadecomunicacio.com\/#\/schema\/person\/image\/","url":"https:\/\/secure.gravatar.com\/avatar\/cd26adb9e219d2135afc19eaeefcbaa63ae195f53dcce0bebf04fcc05c3dc7b4?s=96&d=mm&r=g","contentUrl":"https:\/\/secure.gravatar.com\/avatar\/cd26adb9e219d2135afc19eaeefcbaa63ae195f53dcce0bebf04fcc05c3dc7b4?s=96&d=mm&r=g","caption":"Plataforma de Comunicaci\u00f3"},"sameAs":["http:\/\/plataformadecomunicacio.com"],"url":"https:\/\/www.plataformadecomunicacio.com\/es\/author\/plataforma\/"}]}},"_links":{"self":[{"href":"https:\/\/www.plataformadecomunicacio.com\/es\/wp-json\/wp\/v2\/posts\/9322","targetHints":{"allow":["GET"]}}],"collection":[{"href":"https:\/\/www.plataformadecomunicacio.com\/es\/wp-json\/wp\/v2\/posts"}],"about":[{"href":"https:\/\/www.plataformadecomunicacio.com\/es\/wp-json\/wp\/v2\/types\/post"}],"author":[{"embeddable":true,"href":"https:\/\/www.plataformadecomunicacio.com\/es\/wp-json\/wp\/v2\/users\/2"}],"replies":[{"embeddable":true,"href":"https:\/\/www.plataformadecomunicacio.com\/es\/wp-json\/wp\/v2\/comments?post=9322"}],"version-history":[{"count":1,"href":"https:\/\/www.plataformadecomunicacio.com\/es\/wp-json\/wp\/v2\/posts\/9322\/revisions"}],"predecessor-version":[{"id":9323,"href":"https:\/\/www.plataformadecomunicacio.com\/es\/wp-json\/wp\/v2\/posts\/9322\/revisions\/9323"}],"wp:featuredmedia":[{"embeddable":true,"href":"https:\/\/www.plataformadecomunicacio.com\/es\/wp-json\/wp\/v2\/media\/7103"}],"wp:attachment":[{"href":"https:\/\/www.plataformadecomunicacio.com\/es\/wp-json\/wp\/v2\/media?parent=9322"}],"wp:term":[{"taxonomy":"category","embeddable":true,"href":"https:\/\/www.plataformadecomunicacio.com\/es\/wp-json\/wp\/v2\/categories?post=9322"},{"taxonomy":"post_tag","embeddable":true,"href":"https:\/\/www.plataformadecomunicacio.com\/es\/wp-json\/wp\/v2\/tags?post=9322"}],"curies":[{"name":"wp","href":"https:\/\/api.w.org\/{rel}","templated":true}]}}