{"id":9326,"date":"2021-06-14T08:07:32","date_gmt":"2021-06-14T08:07:32","guid":{"rendered":"https:\/\/www.plataformadecomunicacio.com\/talleres-de-sensibilizacion-contra-la-violencia-de-genero\/"},"modified":"2021-06-14T08:07:34","modified_gmt":"2021-06-14T08:07:34","slug":"talleres-de-sensibilizacion-contra-la-violencia-de-genero","status":"publish","type":"post","link":"https:\/\/www.plataformadecomunicacio.com\/es\/talleres-de-sensibilizacion-contra-la-violencia-de-genero\/","title":{"rendered":"Talleres de sensibilizaci\u00f3n contra la violencia de g\u00e9nero"},"content":{"rendered":"\n<p>A ra\u00edz de la conmemoraci\u00f3n del <strong>D\u00eda Internacional para la eliminaci\u00f3n de la violencia de g\u00e9nero<\/strong>, que se celebra el <strong>25 de noviembre<\/strong>, en Plataforma de Comunicaci\u00f3 pusimos en marcha una serie de talleres de sensibilizaci\u00f3n y concienciaci\u00f3n a favor de la igualdad entre hombres y mujeres.<\/p>\n\n<p>A pesar de los esfuerzos que durante a\u00f1os han llevado a cabo asociaciones, colectivos y entidades, nuestro pa\u00eds contin\u00faa a\u00f1o tras a\u00f1o registrando tasas alt\u00edsimas de cr\u00edmenes contra las mujeres. La violencia machista es un <strong>problema end\u00e9mico<\/strong> de nuestra sociedad y hay que fomentar la igualdad a trav\u00e9s de la educaci\u00f3n.<\/p>\n\n<p>Nuestro equipo es parte implicada en esta lucha para tratar de <strong>prevenir y actuar<\/strong> <strong>contra cualquier privaci\u00f3n de libertad de las mujeres, <\/strong>adem\u00e1s de promover la denuncia entre todos los p\u00fablicos a trav\u00e9s de actividades presenciales y online que destapan casos cotidianos arraigados a un comportamiento hist\u00f3rico y culturalmente machista.<\/p>\n\n<p>Uno de los talleres trataba de poner en acci\u00f3n situaciones <strong>micromachistas<\/strong> del d\u00eda a d\u00eda que tenemos interiorizadas como algo normal. Por ejemplo, que las chicas se avisan entre ellas cuando llegan a casa o que el vestuario de superh\u00e9roes est\u00e9 dirigido siempre a los ni\u00f1os y el de princesas a las ni\u00f1as.<\/p>\n\n<p>Por otra parte, transformamos el popular juego de preguntas y respuestas <strong>Trivial <\/strong>en un ejercicio de conocimiento de conceptos que se han discutido y contin\u00faan transform\u00e1ndose en nuestra sociedad como <strong>lucha por la igualdad de g\u00e9nero<\/strong>.<\/p>\n\n<div class=\"wp-block-image\"><figure class=\"alignleft size-large is-resized\"><img loading=\"lazy\" decoding=\"async\" src=\"https:\/\/www.plataformadecomunicacio.com\/wp-content\/uploads\/2021\/01\/cantar-4-1030x773.jpg\" alt=\"\" class=\"wp-image-9177\" width=\"459\" height=\"345\" srcset=\"https:\/\/www.plataformadecomunicacio.com\/wp-content\/uploads\/2021\/01\/cantar-4-1030x773.jpg 1030w, https:\/\/www.plataformadecomunicacio.com\/wp-content\/uploads\/2021\/01\/cantar-4-300x225.jpg 300w, https:\/\/www.plataformadecomunicacio.com\/wp-content\/uploads\/2021\/01\/cantar-4-768x576.jpg 768w, https:\/\/www.plataformadecomunicacio.com\/wp-content\/uploads\/2021\/01\/cantar-4-1536x1152.jpg 1536w, https:\/\/www.plataformadecomunicacio.com\/wp-content\/uploads\/2021\/01\/cantar-4-2048x1536.jpg 2048w, https:\/\/www.plataformadecomunicacio.com\/wp-content\/uploads\/2021\/01\/cantar-4-1500x1125.jpg 1500w, https:\/\/www.plataformadecomunicacio.com\/wp-content\/uploads\/2021\/01\/cantar-4-705x529.jpg 705w, https:\/\/www.plataformadecomunicacio.com\/wp-content\/uploads\/2021\/01\/cantar-4-450x338.jpg 450w\" sizes=\"auto, (max-width: 459px) 100vw, 459px\" \/><\/figure><\/div>\n\n<h2 class=\"wp-block-heading\">Mucha m\u00fasica que escuchamos es machista<\/h2>\n\n<p>Sin duda, la actividad que m\u00e1s motiv\u00f3 a los participantes fue el taller que incentivaba a descubrir los <strong>secretos ocultos de la m\u00fasica pop<\/strong>. Canciones que cantamos y bailamos sin darnos cuenta de los <strong>mensajes sexistas y violentos<\/strong> que llevan de forma intr\u00ednseca.<\/p>\n\n<p>Lejos de pasarlos por alto, desmontamos los <strong>estereotipos<\/strong> de g\u00e9nero y al mismo tiempo fomentamos relaciones afectivas sanas que en ning\u00fan caso est\u00e9n basadas en la <strong>sumisi\u00f3n <\/strong>de un sexo hacia el otro. Y como la m\u00fasica lo cura todo, el taller hizo brotar la creatividad de la juventud y convirtieron las canciones en <strong><em>hits<\/em> igualitarios<\/strong>.<\/p>\n\n<p>No os perd\u00e1is el Remix Feminista:<\/p>\n\n<div style=\"height:63px\" aria-hidden=\"true\" class=\"wp-block-spacer\"><\/div>\n\n<p>Becky G i Natti Natasha \u2013 Sin Pijama<\/p>\n<figure class=\"wp-block-embed is-type-video is-provider-youtube wp-block-embed-youtube wp-embed-aspect-16-9 wp-has-aspect-ratio\"><div class=\"wp-block-embed__wrapper\">\r\n<div class='avia-iframe-wrap'><iframe loading=\"lazy\" title=\"#RemixFeminista Sin Pijama\" width=\"1500\" height=\"844\" src=\"https:\/\/www.youtube.com\/embed\/F6FmR1BiLH8?feature=oembed\" frameborder=\"0\" allow=\"accelerometer; autoplay; clipboard-write; encrypted-media; gyroscope; picture-in-picture\" allowfullscreen><\/iframe><\/div>\r\n<\/div><\/figure>\r\n\n<p>Estopa- La raja de tu falda<\/p>\n<figure class=\"wp-block-embed is-type-video is-provider-youtube wp-block-embed-youtube wp-embed-aspect-16-9 wp-has-aspect-ratio\"><div class=\"wp-block-embed__wrapper\">\r\n<div class='avia-iframe-wrap'><iframe loading=\"lazy\" title=\"#RemixFeminista La raja de tu falda\" width=\"1500\" height=\"844\" src=\"https:\/\/www.youtube.com\/embed\/Qj7MLR-H7dU?feature=oembed\" frameborder=\"0\" allow=\"accelerometer; autoplay; clipboard-write; encrypted-media; gyroscope; picture-in-picture\" allowfullscreen><\/iframe><\/div>\r\n<\/div><\/figure>\r\n\n<p>C. Tangana \u2013 Demasiadas mujeres<\/p>\n<figure class=\"wp-block-embed is-type-video is-provider-youtube wp-block-embed-youtube wp-embed-aspect-16-9 wp-has-aspect-ratio\"><div class=\"wp-block-embed__wrapper\">\r\n<div class='avia-iframe-wrap'><iframe loading=\"lazy\" title=\"#RemixFeminista Demasiadas mujeres\" width=\"1500\" height=\"844\" src=\"https:\/\/www.youtube.com\/embed\/WZNbCYltVH4?feature=oembed\" frameborder=\"0\" allow=\"accelerometer; autoplay; clipboard-write; encrypted-media; gyroscope; picture-in-picture\" allowfullscreen><\/iframe><\/div>\r\n<\/div><\/figure>\r\n","protected":false},"excerpt":{"rendered":"<p>A ra\u00edz de la conmemoraci\u00f3n del D\u00eda Internacional para la eliminaci\u00f3n de la violencia de g\u00e9nero, que se celebra el 25 de noviembre, en Plataforma de Comunicaci\u00f3 pusimos en marcha una serie de talleres de sensibilizaci\u00f3n y concienciaci\u00f3n a favor de la igualdad entre hombres y mujeres. A pesar de los esfuerzos que durante a\u00f1os [&hellip;]<\/p>\n","protected":false},"author":2,"featured_media":9176,"comment_status":"open","ping_status":"open","sticky":false,"template":"","format":"standard","meta":{"footnotes":""},"categories":[55,56,168],"tags":[199,198,200,196,195,197],"class_list":["post-9326","post","type-post","status-publish","format-standard","has-post-thumbnail","hentry","category-comunicacio-es","category-news-es","category-punto-lila","tag-25n-es","tag-feminismo-es","tag-feminismo-es-2","tag-news-es","tag-talleres","tag-violencia-de-genero"],"yoast_head":"<!-- This site is optimized with the Yoast SEO plugin v26.1 - https:\/\/yoast.com\/wordpress\/plugins\/seo\/ -->\n<title>Talleres de sensibilizaci\u00f3n contra la violencia de g\u00e9nero - Plataforma de comunicaci\u00f3<\/title>\n<meta name=\"robots\" content=\"index, follow, max-snippet:-1, max-image-preview:large, max-video-preview:-1\" \/>\n<link rel=\"canonical\" href=\"https:\/\/www.plataformadecomunicacio.com\/es\/talleres-de-sensibilizacion-contra-la-violencia-de-genero\/\" \/>\n<meta property=\"og:locale\" content=\"es_ES\" \/>\n<meta property=\"og:type\" content=\"article\" \/>\n<meta property=\"og:title\" content=\"Talleres de sensibilizaci\u00f3n contra la violencia de g\u00e9nero - Plataforma de comunicaci\u00f3\" \/>\n<meta property=\"og:description\" content=\"A ra\u00edz de la conmemoraci\u00f3n del D\u00eda Internacional para la eliminaci\u00f3n de la violencia de g\u00e9nero, que se celebra el 25 de noviembre, en Plataforma de Comunicaci\u00f3 pusimos en marcha una serie de talleres de sensibilizaci\u00f3n y concienciaci\u00f3n a favor de la igualdad entre hombres y mujeres. A pesar de los esfuerzos que durante a\u00f1os [&hellip;]\" \/>\n<meta property=\"og:url\" content=\"https:\/\/www.plataformadecomunicacio.com\/es\/talleres-de-sensibilizacion-contra-la-violencia-de-genero\/\" \/>\n<meta property=\"og:site_name\" content=\"Plataforma de comunicaci\u00f3\" \/>\n<meta property=\"article:publisher\" content=\"https:\/\/www.facebook.com\/plataformadecomunicacio\/\" \/>\n<meta property=\"article:published_time\" content=\"2021-06-14T08:07:32+00:00\" \/>\n<meta property=\"article:modified_time\" content=\"2021-06-14T08:07:34+00:00\" \/>\n<meta property=\"og:image\" content=\"https:\/\/www.plataformadecomunicacio.com\/wp-content\/uploads\/2021\/01\/WhatsApp-Image-2020-11-25-at-11.28.31-1.jpeg\" \/>\n\t<meta property=\"og:image:width\" content=\"1599\" \/>\n\t<meta property=\"og:image:height\" content=\"1200\" \/>\n\t<meta property=\"og:image:type\" content=\"image\/jpeg\" \/>\n<meta name=\"author\" content=\"Plataforma de Comunicaci\u00f3\" \/>\n<meta name=\"twitter:card\" content=\"summary_large_image\" \/>\n<meta name=\"twitter:creator\" content=\"@PlataformadeCom\" \/>\n<meta name=\"twitter:site\" content=\"@PlataformadeCom\" \/>\n<meta name=\"twitter:label1\" content=\"Escrito por\" \/>\n\t<meta name=\"twitter:data1\" content=\"Plataforma de Comunicaci\u00f3\" \/>\n\t<meta name=\"twitter:label2\" content=\"Tiempo de lectura\" \/>\n\t<meta name=\"twitter:data2\" content=\"2 minutos\" \/>\n<script type=\"application\/ld+json\" class=\"yoast-schema-graph\">{\"@context\":\"https:\/\/schema.org\",\"@graph\":[{\"@type\":\"Article\",\"@id\":\"https:\/\/www.plataformadecomunicacio.com\/es\/talleres-de-sensibilizacion-contra-la-violencia-de-genero\/#article\",\"isPartOf\":{\"@id\":\"https:\/\/www.plataformadecomunicacio.com\/es\/talleres-de-sensibilizacion-contra-la-violencia-de-genero\/\"},\"author\":{\"name\":\"Plataforma de Comunicaci\u00f3\",\"@id\":\"https:\/\/www.plataformadecomunicacio.com\/#\/schema\/person\/a10597ea5a25cad7b4aac14e6a1672ed\"},\"headline\":\"Talleres de sensibilizaci\u00f3n contra la violencia de g\u00e9nero\",\"datePublished\":\"2021-06-14T08:07:32+00:00\",\"dateModified\":\"2021-06-14T08:07:34+00:00\",\"mainEntityOfPage\":{\"@id\":\"https:\/\/www.plataformadecomunicacio.com\/es\/talleres-de-sensibilizacion-contra-la-violencia-de-genero\/\"},\"wordCount\":440,\"commentCount\":0,\"publisher\":{\"@id\":\"https:\/\/www.plataformadecomunicacio.com\/#organization\"},\"image\":{\"@id\":\"https:\/\/www.plataformadecomunicacio.com\/es\/talleres-de-sensibilizacion-contra-la-violencia-de-genero\/#primaryimage\"},\"thumbnailUrl\":\"https:\/\/www.plataformadecomunicacio.com\/wp-content\/uploads\/2021\/01\/WhatsApp-Image-2020-11-25-at-11.28.31-1.jpeg\",\"keywords\":[\"25n\",\"feminismo\",\"feminismo\",\"News\",\"Talleres\",\"violencia de genero\"],\"articleSection\":[\"Comunicaci\u00f3\",\"News\",\"Punto Lila\"],\"inLanguage\":\"es\",\"potentialAction\":[{\"@type\":\"CommentAction\",\"name\":\"Comment\",\"target\":[\"https:\/\/www.plataformadecomunicacio.com\/es\/talleres-de-sensibilizacion-contra-la-violencia-de-genero\/#respond\"]}]},{\"@type\":\"WebPage\",\"@id\":\"https:\/\/www.plataformadecomunicacio.com\/es\/talleres-de-sensibilizacion-contra-la-violencia-de-genero\/\",\"url\":\"https:\/\/www.plataformadecomunicacio.com\/es\/talleres-de-sensibilizacion-contra-la-violencia-de-genero\/\",\"name\":\"Talleres de sensibilizaci\u00f3n contra la violencia de g\u00e9nero - Plataforma de comunicaci\u00f3\",\"isPartOf\":{\"@id\":\"https:\/\/www.plataformadecomunicacio.com\/#website\"},\"primaryImageOfPage\":{\"@id\":\"https:\/\/www.plataformadecomunicacio.com\/es\/talleres-de-sensibilizacion-contra-la-violencia-de-genero\/#primaryimage\"},\"image\":{\"@id\":\"https:\/\/www.plataformadecomunicacio.com\/es\/talleres-de-sensibilizacion-contra-la-violencia-de-genero\/#primaryimage\"},\"thumbnailUrl\":\"https:\/\/www.plataformadecomunicacio.com\/wp-content\/uploads\/2021\/01\/WhatsApp-Image-2020-11-25-at-11.28.31-1.jpeg\",\"datePublished\":\"2021-06-14T08:07:32+00:00\",\"dateModified\":\"2021-06-14T08:07:34+00:00\",\"breadcrumb\":{\"@id\":\"https:\/\/www.plataformadecomunicacio.com\/es\/talleres-de-sensibilizacion-contra-la-violencia-de-genero\/#breadcrumb\"},\"inLanguage\":\"es\",\"potentialAction\":[{\"@type\":\"ReadAction\",\"target\":[\"https:\/\/www.plataformadecomunicacio.com\/es\/talleres-de-sensibilizacion-contra-la-violencia-de-genero\/\"]}]},{\"@type\":\"ImageObject\",\"inLanguage\":\"es\",\"@id\":\"https:\/\/www.plataformadecomunicacio.com\/es\/talleres-de-sensibilizacion-contra-la-violencia-de-genero\/#primaryimage\",\"url\":\"https:\/\/www.plataformadecomunicacio.com\/wp-content\/uploads\/2021\/01\/WhatsApp-Image-2020-11-25-at-11.28.31-1.jpeg\",\"contentUrl\":\"https:\/\/www.plataformadecomunicacio.com\/wp-content\/uploads\/2021\/01\/WhatsApp-Image-2020-11-25-at-11.28.31-1.jpeg\",\"width\":1599,\"height\":1200,\"caption\":\"Sessi\u00f3 formativa en una aula amb participants assistint a un taller de sensibilitzaci\u00f3 i prevenci\u00f3.\"},{\"@type\":\"BreadcrumbList\",\"@id\":\"https:\/\/www.plataformadecomunicacio.com\/es\/talleres-de-sensibilizacion-contra-la-violencia-de-genero\/#breadcrumb\",\"itemListElement\":[{\"@type\":\"ListItem\",\"position\":1,\"name\":\"Home\",\"item\":\"https:\/\/www.plataformadecomunicacio.com\/es\/inicio\/\"},{\"@type\":\"ListItem\",\"position\":2,\"name\":\"Talleres de sensibilizaci\u00f3n contra la violencia de g\u00e9nero\"}]},{\"@type\":\"WebSite\",\"@id\":\"https:\/\/www.plataformadecomunicacio.com\/#website\",\"url\":\"https:\/\/www.plataformadecomunicacio.com\/\",\"name\":\"Plataforma de comunicaci\u00f3\",\"description\":\"Comuniquem junts\",\"publisher\":{\"@id\":\"https:\/\/www.plataformadecomunicacio.com\/#organization\"},\"potentialAction\":[{\"@type\":\"SearchAction\",\"target\":{\"@type\":\"EntryPoint\",\"urlTemplate\":\"https:\/\/www.plataformadecomunicacio.com\/?s={search_term_string}\"},\"query-input\":{\"@type\":\"PropertyValueSpecification\",\"valueRequired\":true,\"valueName\":\"search_term_string\"}}],\"inLanguage\":\"es\"},{\"@type\":\"Organization\",\"@id\":\"https:\/\/www.plataformadecomunicacio.com\/#organization\",\"name\":\"Plataforma de comunicaci\u00f3\",\"url\":\"https:\/\/www.plataformadecomunicacio.com\/\",\"logo\":{\"@type\":\"ImageObject\",\"inLanguage\":\"es\",\"@id\":\"https:\/\/www.plataformadecomunicacio.com\/#\/schema\/logo\/image\/\",\"url\":\"https:\/\/www.plataformadecomunicacio.com\/wp-content\/uploads\/2019\/02\/Logo_plataforma.png\",\"contentUrl\":\"https:\/\/www.plataformadecomunicacio.com\/wp-content\/uploads\/2019\/02\/Logo_plataforma.png\",\"width\":505,\"height\":320,\"caption\":\"Plataforma de comunicaci\u00f3\"},\"image\":{\"@id\":\"https:\/\/www.plataformadecomunicacio.com\/#\/schema\/logo\/image\/\"},\"sameAs\":[\"https:\/\/www.facebook.com\/plataformadecomunicacio\/\",\"https:\/\/x.com\/PlataformadeCom\",\"https:\/\/www.linkedin.com\/company\/plataforma-de-comunicaci\u00f3\/\",\"https:\/\/www.youtube.com\/channel\/UCQ4-7CGw0atul0BbEAN5S9w\"]},{\"@type\":\"Person\",\"@id\":\"https:\/\/www.plataformadecomunicacio.com\/#\/schema\/person\/a10597ea5a25cad7b4aac14e6a1672ed\",\"name\":\"Plataforma de Comunicaci\u00f3\",\"image\":{\"@type\":\"ImageObject\",\"inLanguage\":\"es\",\"@id\":\"https:\/\/www.plataformadecomunicacio.com\/#\/schema\/person\/image\/\",\"url\":\"https:\/\/secure.gravatar.com\/avatar\/cd26adb9e219d2135afc19eaeefcbaa63ae195f53dcce0bebf04fcc05c3dc7b4?s=96&d=mm&r=g\",\"contentUrl\":\"https:\/\/secure.gravatar.com\/avatar\/cd26adb9e219d2135afc19eaeefcbaa63ae195f53dcce0bebf04fcc05c3dc7b4?s=96&d=mm&r=g\",\"caption\":\"Plataforma de Comunicaci\u00f3\"},\"sameAs\":[\"http:\/\/plataformadecomunicacio.com\"],\"url\":\"https:\/\/www.plataformadecomunicacio.com\/es\/author\/plataforma\/\"}]}<\/script>\n<!-- \/ Yoast SEO plugin. -->","yoast_head_json":{"title":"Talleres de sensibilizaci\u00f3n contra la violencia de g\u00e9nero - Plataforma de comunicaci\u00f3","robots":{"index":"index","follow":"follow","max-snippet":"max-snippet:-1","max-image-preview":"max-image-preview:large","max-video-preview":"max-video-preview:-1"},"canonical":"https:\/\/www.plataformadecomunicacio.com\/es\/talleres-de-sensibilizacion-contra-la-violencia-de-genero\/","og_locale":"es_ES","og_type":"article","og_title":"Talleres de sensibilizaci\u00f3n contra la violencia de g\u00e9nero - Plataforma de comunicaci\u00f3","og_description":"A ra\u00edz de la conmemoraci\u00f3n del D\u00eda Internacional para la eliminaci\u00f3n de la violencia de g\u00e9nero, que se celebra el 25 de noviembre, en Plataforma de Comunicaci\u00f3 pusimos en marcha una serie de talleres de sensibilizaci\u00f3n y concienciaci\u00f3n a favor de la igualdad entre hombres y mujeres. A pesar de los esfuerzos que durante a\u00f1os [&hellip;]","og_url":"https:\/\/www.plataformadecomunicacio.com\/es\/talleres-de-sensibilizacion-contra-la-violencia-de-genero\/","og_site_name":"Plataforma de comunicaci\u00f3","article_publisher":"https:\/\/www.facebook.com\/plataformadecomunicacio\/","article_published_time":"2021-06-14T08:07:32+00:00","article_modified_time":"2021-06-14T08:07:34+00:00","og_image":[{"width":1599,"height":1200,"url":"https:\/\/www.plataformadecomunicacio.com\/wp-content\/uploads\/2021\/01\/WhatsApp-Image-2020-11-25-at-11.28.31-1.jpeg","type":"image\/jpeg"}],"author":"Plataforma de Comunicaci\u00f3","twitter_card":"summary_large_image","twitter_creator":"@PlataformadeCom","twitter_site":"@PlataformadeCom","twitter_misc":{"Escrito por":"Plataforma de Comunicaci\u00f3","Tiempo de lectura":"2 minutos"},"schema":{"@context":"https:\/\/schema.org","@graph":[{"@type":"Article","@id":"https:\/\/www.plataformadecomunicacio.com\/es\/talleres-de-sensibilizacion-contra-la-violencia-de-genero\/#article","isPartOf":{"@id":"https:\/\/www.plataformadecomunicacio.com\/es\/talleres-de-sensibilizacion-contra-la-violencia-de-genero\/"},"author":{"name":"Plataforma de Comunicaci\u00f3","@id":"https:\/\/www.plataformadecomunicacio.com\/#\/schema\/person\/a10597ea5a25cad7b4aac14e6a1672ed"},"headline":"Talleres de sensibilizaci\u00f3n contra la violencia de g\u00e9nero","datePublished":"2021-06-14T08:07:32+00:00","dateModified":"2021-06-14T08:07:34+00:00","mainEntityOfPage":{"@id":"https:\/\/www.plataformadecomunicacio.com\/es\/talleres-de-sensibilizacion-contra-la-violencia-de-genero\/"},"wordCount":440,"commentCount":0,"publisher":{"@id":"https:\/\/www.plataformadecomunicacio.com\/#organization"},"image":{"@id":"https:\/\/www.plataformadecomunicacio.com\/es\/talleres-de-sensibilizacion-contra-la-violencia-de-genero\/#primaryimage"},"thumbnailUrl":"https:\/\/www.plataformadecomunicacio.com\/wp-content\/uploads\/2021\/01\/WhatsApp-Image-2020-11-25-at-11.28.31-1.jpeg","keywords":["25n","feminismo","feminismo","News","Talleres","violencia de genero"],"articleSection":["Comunicaci\u00f3","News","Punto Lila"],"inLanguage":"es","potentialAction":[{"@type":"CommentAction","name":"Comment","target":["https:\/\/www.plataformadecomunicacio.com\/es\/talleres-de-sensibilizacion-contra-la-violencia-de-genero\/#respond"]}]},{"@type":"WebPage","@id":"https:\/\/www.plataformadecomunicacio.com\/es\/talleres-de-sensibilizacion-contra-la-violencia-de-genero\/","url":"https:\/\/www.plataformadecomunicacio.com\/es\/talleres-de-sensibilizacion-contra-la-violencia-de-genero\/","name":"Talleres de sensibilizaci\u00f3n contra la violencia de g\u00e9nero - Plataforma de comunicaci\u00f3","isPartOf":{"@id":"https:\/\/www.plataformadecomunicacio.com\/#website"},"primaryImageOfPage":{"@id":"https:\/\/www.plataformadecomunicacio.com\/es\/talleres-de-sensibilizacion-contra-la-violencia-de-genero\/#primaryimage"},"image":{"@id":"https:\/\/www.plataformadecomunicacio.com\/es\/talleres-de-sensibilizacion-contra-la-violencia-de-genero\/#primaryimage"},"thumbnailUrl":"https:\/\/www.plataformadecomunicacio.com\/wp-content\/uploads\/2021\/01\/WhatsApp-Image-2020-11-25-at-11.28.31-1.jpeg","datePublished":"2021-06-14T08:07:32+00:00","dateModified":"2021-06-14T08:07:34+00:00","breadcrumb":{"@id":"https:\/\/www.plataformadecomunicacio.com\/es\/talleres-de-sensibilizacion-contra-la-violencia-de-genero\/#breadcrumb"},"inLanguage":"es","potentialAction":[{"@type":"ReadAction","target":["https:\/\/www.plataformadecomunicacio.com\/es\/talleres-de-sensibilizacion-contra-la-violencia-de-genero\/"]}]},{"@type":"ImageObject","inLanguage":"es","@id":"https:\/\/www.plataformadecomunicacio.com\/es\/talleres-de-sensibilizacion-contra-la-violencia-de-genero\/#primaryimage","url":"https:\/\/www.plataformadecomunicacio.com\/wp-content\/uploads\/2021\/01\/WhatsApp-Image-2020-11-25-at-11.28.31-1.jpeg","contentUrl":"https:\/\/www.plataformadecomunicacio.com\/wp-content\/uploads\/2021\/01\/WhatsApp-Image-2020-11-25-at-11.28.31-1.jpeg","width":1599,"height":1200,"caption":"Sessi\u00f3 formativa en una aula amb participants assistint a un taller de sensibilitzaci\u00f3 i prevenci\u00f3."},{"@type":"BreadcrumbList","@id":"https:\/\/www.plataformadecomunicacio.com\/es\/talleres-de-sensibilizacion-contra-la-violencia-de-genero\/#breadcrumb","itemListElement":[{"@type":"ListItem","position":1,"name":"Home","item":"https:\/\/www.plataformadecomunicacio.com\/es\/inicio\/"},{"@type":"ListItem","position":2,"name":"Talleres de sensibilizaci\u00f3n contra la violencia de g\u00e9nero"}]},{"@type":"WebSite","@id":"https:\/\/www.plataformadecomunicacio.com\/#website","url":"https:\/\/www.plataformadecomunicacio.com\/","name":"Plataforma de comunicaci\u00f3","description":"Comuniquem junts","publisher":{"@id":"https:\/\/www.plataformadecomunicacio.com\/#organization"},"potentialAction":[{"@type":"SearchAction","target":{"@type":"EntryPoint","urlTemplate":"https:\/\/www.plataformadecomunicacio.com\/?s={search_term_string}"},"query-input":{"@type":"PropertyValueSpecification","valueRequired":true,"valueName":"search_term_string"}}],"inLanguage":"es"},{"@type":"Organization","@id":"https:\/\/www.plataformadecomunicacio.com\/#organization","name":"Plataforma de comunicaci\u00f3","url":"https:\/\/www.plataformadecomunicacio.com\/","logo":{"@type":"ImageObject","inLanguage":"es","@id":"https:\/\/www.plataformadecomunicacio.com\/#\/schema\/logo\/image\/","url":"https:\/\/www.plataformadecomunicacio.com\/wp-content\/uploads\/2019\/02\/Logo_plataforma.png","contentUrl":"https:\/\/www.plataformadecomunicacio.com\/wp-content\/uploads\/2019\/02\/Logo_plataforma.png","width":505,"height":320,"caption":"Plataforma de comunicaci\u00f3"},"image":{"@id":"https:\/\/www.plataformadecomunicacio.com\/#\/schema\/logo\/image\/"},"sameAs":["https:\/\/www.facebook.com\/plataformadecomunicacio\/","https:\/\/x.com\/PlataformadeCom","https:\/\/www.linkedin.com\/company\/plataforma-de-comunicaci\u00f3\/","https:\/\/www.youtube.com\/channel\/UCQ4-7CGw0atul0BbEAN5S9w"]},{"@type":"Person","@id":"https:\/\/www.plataformadecomunicacio.com\/#\/schema\/person\/a10597ea5a25cad7b4aac14e6a1672ed","name":"Plataforma de Comunicaci\u00f3","image":{"@type":"ImageObject","inLanguage":"es","@id":"https:\/\/www.plataformadecomunicacio.com\/#\/schema\/person\/image\/","url":"https:\/\/secure.gravatar.com\/avatar\/cd26adb9e219d2135afc19eaeefcbaa63ae195f53dcce0bebf04fcc05c3dc7b4?s=96&d=mm&r=g","contentUrl":"https:\/\/secure.gravatar.com\/avatar\/cd26adb9e219d2135afc19eaeefcbaa63ae195f53dcce0bebf04fcc05c3dc7b4?s=96&d=mm&r=g","caption":"Plataforma de Comunicaci\u00f3"},"sameAs":["http:\/\/plataformadecomunicacio.com"],"url":"https:\/\/www.plataformadecomunicacio.com\/es\/author\/plataforma\/"}]}},"_links":{"self":[{"href":"https:\/\/www.plataformadecomunicacio.com\/es\/wp-json\/wp\/v2\/posts\/9326","targetHints":{"allow":["GET"]}}],"collection":[{"href":"https:\/\/www.plataformadecomunicacio.com\/es\/wp-json\/wp\/v2\/posts"}],"about":[{"href":"https:\/\/www.plataformadecomunicacio.com\/es\/wp-json\/wp\/v2\/types\/post"}],"author":[{"embeddable":true,"href":"https:\/\/www.plataformadecomunicacio.com\/es\/wp-json\/wp\/v2\/users\/2"}],"replies":[{"embeddable":true,"href":"https:\/\/www.plataformadecomunicacio.com\/es\/wp-json\/wp\/v2\/comments?post=9326"}],"version-history":[{"count":1,"href":"https:\/\/www.plataformadecomunicacio.com\/es\/wp-json\/wp\/v2\/posts\/9326\/revisions"}],"predecessor-version":[{"id":9327,"href":"https:\/\/www.plataformadecomunicacio.com\/es\/wp-json\/wp\/v2\/posts\/9326\/revisions\/9327"}],"wp:featuredmedia":[{"embeddable":true,"href":"https:\/\/www.plataformadecomunicacio.com\/es\/wp-json\/wp\/v2\/media\/9176"}],"wp:attachment":[{"href":"https:\/\/www.plataformadecomunicacio.com\/es\/wp-json\/wp\/v2\/media?parent=9326"}],"wp:term":[{"taxonomy":"category","embeddable":true,"href":"https:\/\/www.plataformadecomunicacio.com\/es\/wp-json\/wp\/v2\/categories?post=9326"},{"taxonomy":"post_tag","embeddable":true,"href":"https:\/\/www.plataformadecomunicacio.com\/es\/wp-json\/wp\/v2\/tags?post=9326"}],"curies":[{"name":"wp","href":"https:\/\/api.w.org\/{rel}","templated":true}]}}