{"id":9386,"date":"2021-07-27T10:21:36","date_gmt":"2021-07-27T10:21:36","guid":{"rendered":"https:\/\/www.plataformadecomunicacio.com\/potencia-las-redes-sociales-para-ganar-visibilidad\/"},"modified":"2021-07-27T11:36:03","modified_gmt":"2021-07-27T11:36:03","slug":"potencia-las-redes-sociales-para-ganar-visibilidad","status":"publish","type":"post","link":"https:\/\/www.plataformadecomunicacio.com\/es\/potencia-las-redes-sociales-para-ganar-visibilidad\/","title":{"rendered":"Potencia las redes sociales para ganar visibilidad"},"content":{"rendered":"\n<p>Hoy en d\u00eda la presencia digital de las empresas es obligatoria. Si no est\u00e1s en internet, no existes. Para ganar visibilidad no s\u00f3lo es necesario tener una p\u00e1gina web atractiva, tambi\u00e9n hay que apostar por ser activo en las redes sociales.<\/p>\n\n\n\n<p>La clave para elegir bien en qu\u00e9 redes sociales estar es conocer tu target. Saber qui\u00e9n es tu p\u00fablico potencial, qu\u00e9 edad tiene, cu\u00e1les son sus gustos y por qu\u00e9 redes se mueven. As\u00ed podemos hacer una estrategia efectiva para poder llegar a \u00e9l.<\/p>\n\n\n\n<h3 class=\"wp-block-heading\"><strong>\u00bfPor qu\u00e9 apostar por las redes sociales?<\/strong><\/h3>\n\n\n\n<ul class=\"wp-block-list\"><li><strong>Puedes llegar a tu p\u00fablico potencial <\/strong>y conocerlo mejor. Las redes sociales aportan informaci\u00f3n personal muy valiosa sobre tu p\u00fablico que puedes utilizar posteriormente en acciones comerciales.<\/li><li><strong>Permite que te conozcan otros posibles <\/strong>clientes. Las RRSS te permiten conectar con personas que pueden estar interesadas en ti.<\/li><li><strong>Te adelantas a los competidores<\/strong>. La monitorizaci\u00f3n de las acciones que lleva a cabo tu competencia ayuda a avanzar en las acciones que se hacen para ganarle terreno.<\/li><li><strong>Recibes informaci\u00f3n al momento<\/strong>. Las redes sociales fomentan la comunicaci\u00f3n bidireccional y te permiten interactuar con tu p\u00fablico. Gracias a esta proximidad con el cliente percibes al instante las reacciones que tiene ante tus acciones.<\/li><li><strong>Aumento del tr\u00e1fico web.<\/strong> Las RRSS aumentan la visibilidad de la empresa y provocan que, de forma natural, aumenten las visitas a tu p\u00e1gina web. Por lo tanto, tienes m\u00e1s posibilidad de conseguir nuevos clientes y posicionarte como una empresa de garant\u00edas.<\/li><li><strong>Potencias la marca.<\/strong> Las redes sociales son una herramienta muy potente para crear una buena imagen de tu marca. Adem\u00e1s los clientes satisfechos te recomendar\u00e1n y aquellos que quieran comprar tus productos o contratar tus servicios consultar\u00e1n las opiniones que hay sobre ti en las redes. Por lo tanto, es primordial cuidar bien lo que proyectamos.<\/li><li><strong>Publicidad a un bajo precio<\/strong>. La publicidad de redes como Facebook, Instagram o Twitter es mucho m\u00e1s econ\u00f3mica que la tradicional a los medios de comunicaci\u00f3n convencionales. Adem\u00e1s, el p\u00fablico objetivo est\u00e1 mejor definido, por lo que la publicidad ser\u00e1 m\u00e1s efectiva.<\/li><li><strong>Mejorar\u00e1s tu posicionamiento web. <\/strong>Los nuevos algoritmos de Google hacen que las p\u00e1ginas web est\u00e9n mejor posicionadas si la empresa tiene presencia en las redes. Por lo tanto, hay que apostar por ellas para facilitar que te encuentren en los buscadores.<\/li><\/ul>\n\n\n\n<p>En Plataforma de Comunicaci\u00f3 somos expertos en dise\u00f1ar planes de comunicaci\u00f3n corporatives para las redes sociales y elegir las redes que m\u00e1s te interesan en funci\u00f3n de tu perfil, as\u00ed como dise\u00f1ar una estrategia para mejorar tu imagen, posicionamiento y conseguir m\u00e1s repercusi\u00f3n. Si tu empresa est\u00e1 interesada en mejorar su presencia en RRSS, escr\u00edbenos y te haremos una propuesta a medida.<\/p>\n","protected":false},"excerpt":{"rendered":"<p>Hoy en d\u00eda la presencia digital de las empresas es obligatoria. Si no est\u00e1s en internet, no existes. Para ganar visibilidad no s\u00f3lo es necesario tener una p\u00e1gina web atractiva, tambi\u00e9n hay que apostar por ser activo en las redes sociales. La clave para elegir bien en qu\u00e9 redes sociales estar es conocer tu target. [&hellip;]<\/p>\n","protected":false},"author":2,"featured_media":9554,"comment_status":"closed","ping_status":"closed","sticky":false,"template":"","format":"standard","meta":{"footnotes":""},"categories":[55,56],"tags":[213,206,164,214],"class_list":["post-9386","post","type-post","status-publish","format-standard","has-post-thumbnail","hentry","category-comunicacio-es","category-news-es","tag-imagen-digital","tag-posicionamiento-web","tag-redes-sociales-es","tag-visibilidad-online"],"yoast_head":"<!-- This site is optimized with the Yoast SEO plugin v26.1 - https:\/\/yoast.com\/wordpress\/plugins\/seo\/ -->\n<title>Potencia las redes sociales para ganar visibilidad<\/title>\n<meta name=\"description\" content=\"La presencia digital de las empresas es obligatoria. Para ganar visibilidad hace falta una p\u00e1gina web atractiva y apostar por las redes sociales.\" \/>\n<meta name=\"robots\" content=\"index, follow, max-snippet:-1, max-image-preview:large, max-video-preview:-1\" \/>\n<link rel=\"canonical\" href=\"https:\/\/www.plataformadecomunicacio.com\/es\/potencia-las-redes-sociales-para-ganar-visibilidad\/\" \/>\n<meta property=\"og:locale\" content=\"es_ES\" \/>\n<meta property=\"og:type\" content=\"article\" \/>\n<meta property=\"og:title\" content=\"Potencia las redes sociales para ganar visibilidad\" \/>\n<meta property=\"og:description\" content=\"La presencia digital de las empresas es obligatoria. Para ganar visibilidad hace falta una p\u00e1gina web atractiva y apostar por las redes sociales.\" \/>\n<meta property=\"og:url\" content=\"https:\/\/www.plataformadecomunicacio.com\/es\/potencia-las-redes-sociales-para-ganar-visibilidad\/\" \/>\n<meta property=\"og:site_name\" content=\"Plataforma de comunicaci\u00f3\" \/>\n<meta property=\"article:publisher\" content=\"https:\/\/www.facebook.com\/plataformadecomunicacio\/\" \/>\n<meta property=\"article:published_time\" content=\"2021-07-27T10:21:36+00:00\" \/>\n<meta property=\"article:modified_time\" content=\"2021-07-27T11:36:03+00:00\" \/>\n<meta property=\"og:image\" content=\"https:\/\/www.plataformadecomunicacio.com\/wp-content\/uploads\/2021\/07\/pexels-pixabay-147413-1.jpg\" \/>\n\t<meta property=\"og:image:width\" content=\"1280\" \/>\n\t<meta property=\"og:image:height\" content=\"853\" \/>\n\t<meta property=\"og:image:type\" content=\"image\/jpeg\" \/>\n<meta name=\"author\" content=\"Plataforma de Comunicaci\u00f3\" \/>\n<meta name=\"twitter:card\" content=\"summary_large_image\" \/>\n<meta name=\"twitter:creator\" content=\"@PlataformadeCom\" \/>\n<meta name=\"twitter:site\" content=\"@PlataformadeCom\" \/>\n<meta name=\"twitter:label1\" content=\"Escrito por\" \/>\n\t<meta name=\"twitter:data1\" content=\"Plataforma de Comunicaci\u00f3\" \/>\n\t<meta name=\"twitter:label2\" content=\"Tiempo de lectura\" \/>\n\t<meta name=\"twitter:data2\" content=\"2 minutos\" \/>\n<script type=\"application\/ld+json\" class=\"yoast-schema-graph\">{\"@context\":\"https:\/\/schema.org\",\"@graph\":[{\"@type\":\"Article\",\"@id\":\"https:\/\/www.plataformadecomunicacio.com\/es\/potencia-las-redes-sociales-para-ganar-visibilidad\/#article\",\"isPartOf\":{\"@id\":\"https:\/\/www.plataformadecomunicacio.com\/es\/potencia-las-redes-sociales-para-ganar-visibilidad\/\"},\"author\":{\"name\":\"Plataforma de Comunicaci\u00f3\",\"@id\":\"https:\/\/www.plataformadecomunicacio.com\/#\/schema\/person\/a10597ea5a25cad7b4aac14e6a1672ed\"},\"headline\":\"Potencia las redes sociales para ganar visibilidad\",\"datePublished\":\"2021-07-27T10:21:36+00:00\",\"dateModified\":\"2021-07-27T11:36:03+00:00\",\"mainEntityOfPage\":{\"@id\":\"https:\/\/www.plataformadecomunicacio.com\/es\/potencia-las-redes-sociales-para-ganar-visibilidad\/\"},\"wordCount\":491,\"publisher\":{\"@id\":\"https:\/\/www.plataformadecomunicacio.com\/#organization\"},\"image\":{\"@id\":\"https:\/\/www.plataformadecomunicacio.com\/es\/potencia-las-redes-sociales-para-ganar-visibilidad\/#primaryimage\"},\"thumbnailUrl\":\"https:\/\/www.plataformadecomunicacio.com\/wp-content\/uploads\/2021\/07\/pexels-pixabay-147413-1.jpg\",\"keywords\":[\"imagen digital\",\"posicionamiento web\",\"redes sociales\",\"visibilidad online\"],\"articleSection\":[\"Comunicaci\u00f3\",\"News\"],\"inLanguage\":\"es\"},{\"@type\":\"WebPage\",\"@id\":\"https:\/\/www.plataformadecomunicacio.com\/es\/potencia-las-redes-sociales-para-ganar-visibilidad\/\",\"url\":\"https:\/\/www.plataformadecomunicacio.com\/es\/potencia-las-redes-sociales-para-ganar-visibilidad\/\",\"name\":\"Potencia las redes sociales para ganar visibilidad\",\"isPartOf\":{\"@id\":\"https:\/\/www.plataformadecomunicacio.com\/#website\"},\"primaryImageOfPage\":{\"@id\":\"https:\/\/www.plataformadecomunicacio.com\/es\/potencia-las-redes-sociales-para-ganar-visibilidad\/#primaryimage\"},\"image\":{\"@id\":\"https:\/\/www.plataformadecomunicacio.com\/es\/potencia-las-redes-sociales-para-ganar-visibilidad\/#primaryimage\"},\"thumbnailUrl\":\"https:\/\/www.plataformadecomunicacio.com\/wp-content\/uploads\/2021\/07\/pexels-pixabay-147413-1.jpg\",\"datePublished\":\"2021-07-27T10:21:36+00:00\",\"dateModified\":\"2021-07-27T11:36:03+00:00\",\"description\":\"La presencia digital de las empresas es obligatoria. Para ganar visibilidad hace falta una p\u00e1gina web atractiva y apostar por las redes sociales.\",\"breadcrumb\":{\"@id\":\"https:\/\/www.plataformadecomunicacio.com\/es\/potencia-las-redes-sociales-para-ganar-visibilidad\/#breadcrumb\"},\"inLanguage\":\"es\",\"potentialAction\":[{\"@type\":\"ReadAction\",\"target\":[\"https:\/\/www.plataformadecomunicacio.com\/es\/potencia-las-redes-sociales-para-ganar-visibilidad\/\"]}]},{\"@type\":\"ImageObject\",\"inLanguage\":\"es\",\"@id\":\"https:\/\/www.plataformadecomunicacio.com\/es\/potencia-las-redes-sociales-para-ganar-visibilidad\/#primaryimage\",\"url\":\"https:\/\/www.plataformadecomunicacio.com\/wp-content\/uploads\/2021\/07\/pexels-pixabay-147413-1.jpg\",\"contentUrl\":\"https:\/\/www.plataformadecomunicacio.com\/wp-content\/uploads\/2021\/07\/pexels-pixabay-147413-1.jpg\",\"width\":1280,\"height\":853},{\"@type\":\"BreadcrumbList\",\"@id\":\"https:\/\/www.plataformadecomunicacio.com\/es\/potencia-las-redes-sociales-para-ganar-visibilidad\/#breadcrumb\",\"itemListElement\":[{\"@type\":\"ListItem\",\"position\":1,\"name\":\"Home\",\"item\":\"https:\/\/www.plataformadecomunicacio.com\/es\/inicio\/\"},{\"@type\":\"ListItem\",\"position\":2,\"name\":\"Potencia las redes sociales para ganar visibilidad\"}]},{\"@type\":\"WebSite\",\"@id\":\"https:\/\/www.plataformadecomunicacio.com\/#website\",\"url\":\"https:\/\/www.plataformadecomunicacio.com\/\",\"name\":\"Plataforma de comunicaci\u00f3\",\"description\":\"Comuniquem junts\",\"publisher\":{\"@id\":\"https:\/\/www.plataformadecomunicacio.com\/#organization\"},\"potentialAction\":[{\"@type\":\"SearchAction\",\"target\":{\"@type\":\"EntryPoint\",\"urlTemplate\":\"https:\/\/www.plataformadecomunicacio.com\/?s={search_term_string}\"},\"query-input\":{\"@type\":\"PropertyValueSpecification\",\"valueRequired\":true,\"valueName\":\"search_term_string\"}}],\"inLanguage\":\"es\"},{\"@type\":\"Organization\",\"@id\":\"https:\/\/www.plataformadecomunicacio.com\/#organization\",\"name\":\"Plataforma de comunicaci\u00f3\",\"url\":\"https:\/\/www.plataformadecomunicacio.com\/\",\"logo\":{\"@type\":\"ImageObject\",\"inLanguage\":\"es\",\"@id\":\"https:\/\/www.plataformadecomunicacio.com\/#\/schema\/logo\/image\/\",\"url\":\"https:\/\/www.plataformadecomunicacio.com\/wp-content\/uploads\/2019\/02\/Logo_plataforma.png\",\"contentUrl\":\"https:\/\/www.plataformadecomunicacio.com\/wp-content\/uploads\/2019\/02\/Logo_plataforma.png\",\"width\":505,\"height\":320,\"caption\":\"Plataforma de comunicaci\u00f3\"},\"image\":{\"@id\":\"https:\/\/www.plataformadecomunicacio.com\/#\/schema\/logo\/image\/\"},\"sameAs\":[\"https:\/\/www.facebook.com\/plataformadecomunicacio\/\",\"https:\/\/x.com\/PlataformadeCom\",\"https:\/\/www.linkedin.com\/company\/plataforma-de-comunicaci\u00f3\/\",\"https:\/\/www.youtube.com\/channel\/UCQ4-7CGw0atul0BbEAN5S9w\"]},{\"@type\":\"Person\",\"@id\":\"https:\/\/www.plataformadecomunicacio.com\/#\/schema\/person\/a10597ea5a25cad7b4aac14e6a1672ed\",\"name\":\"Plataforma de Comunicaci\u00f3\",\"image\":{\"@type\":\"ImageObject\",\"inLanguage\":\"es\",\"@id\":\"https:\/\/www.plataformadecomunicacio.com\/#\/schema\/person\/image\/\",\"url\":\"https:\/\/secure.gravatar.com\/avatar\/cd26adb9e219d2135afc19eaeefcbaa63ae195f53dcce0bebf04fcc05c3dc7b4?s=96&d=mm&r=g\",\"contentUrl\":\"https:\/\/secure.gravatar.com\/avatar\/cd26adb9e219d2135afc19eaeefcbaa63ae195f53dcce0bebf04fcc05c3dc7b4?s=96&d=mm&r=g\",\"caption\":\"Plataforma de Comunicaci\u00f3\"},\"sameAs\":[\"http:\/\/plataformadecomunicacio.com\"],\"url\":\"https:\/\/www.plataformadecomunicacio.com\/es\/author\/plataforma\/\"}]}<\/script>\n<!-- \/ Yoast SEO plugin. -->","yoast_head_json":{"title":"Potencia las redes sociales para ganar visibilidad","description":"La presencia digital de las empresas es obligatoria. Para ganar visibilidad hace falta una p\u00e1gina web atractiva y apostar por las redes sociales.","robots":{"index":"index","follow":"follow","max-snippet":"max-snippet:-1","max-image-preview":"max-image-preview:large","max-video-preview":"max-video-preview:-1"},"canonical":"https:\/\/www.plataformadecomunicacio.com\/es\/potencia-las-redes-sociales-para-ganar-visibilidad\/","og_locale":"es_ES","og_type":"article","og_title":"Potencia las redes sociales para ganar visibilidad","og_description":"La presencia digital de las empresas es obligatoria. Para ganar visibilidad hace falta una p\u00e1gina web atractiva y apostar por las redes sociales.","og_url":"https:\/\/www.plataformadecomunicacio.com\/es\/potencia-las-redes-sociales-para-ganar-visibilidad\/","og_site_name":"Plataforma de comunicaci\u00f3","article_publisher":"https:\/\/www.facebook.com\/plataformadecomunicacio\/","article_published_time":"2021-07-27T10:21:36+00:00","article_modified_time":"2021-07-27T11:36:03+00:00","og_image":[{"width":1280,"height":853,"url":"https:\/\/www.plataformadecomunicacio.com\/wp-content\/uploads\/2021\/07\/pexels-pixabay-147413-1.jpg","type":"image\/jpeg"}],"author":"Plataforma de Comunicaci\u00f3","twitter_card":"summary_large_image","twitter_creator":"@PlataformadeCom","twitter_site":"@PlataformadeCom","twitter_misc":{"Escrito por":"Plataforma de Comunicaci\u00f3","Tiempo de lectura":"2 minutos"},"schema":{"@context":"https:\/\/schema.org","@graph":[{"@type":"Article","@id":"https:\/\/www.plataformadecomunicacio.com\/es\/potencia-las-redes-sociales-para-ganar-visibilidad\/#article","isPartOf":{"@id":"https:\/\/www.plataformadecomunicacio.com\/es\/potencia-las-redes-sociales-para-ganar-visibilidad\/"},"author":{"name":"Plataforma de Comunicaci\u00f3","@id":"https:\/\/www.plataformadecomunicacio.com\/#\/schema\/person\/a10597ea5a25cad7b4aac14e6a1672ed"},"headline":"Potencia las redes sociales para ganar visibilidad","datePublished":"2021-07-27T10:21:36+00:00","dateModified":"2021-07-27T11:36:03+00:00","mainEntityOfPage":{"@id":"https:\/\/www.plataformadecomunicacio.com\/es\/potencia-las-redes-sociales-para-ganar-visibilidad\/"},"wordCount":491,"publisher":{"@id":"https:\/\/www.plataformadecomunicacio.com\/#organization"},"image":{"@id":"https:\/\/www.plataformadecomunicacio.com\/es\/potencia-las-redes-sociales-para-ganar-visibilidad\/#primaryimage"},"thumbnailUrl":"https:\/\/www.plataformadecomunicacio.com\/wp-content\/uploads\/2021\/07\/pexels-pixabay-147413-1.jpg","keywords":["imagen digital","posicionamiento web","redes sociales","visibilidad online"],"articleSection":["Comunicaci\u00f3","News"],"inLanguage":"es"},{"@type":"WebPage","@id":"https:\/\/www.plataformadecomunicacio.com\/es\/potencia-las-redes-sociales-para-ganar-visibilidad\/","url":"https:\/\/www.plataformadecomunicacio.com\/es\/potencia-las-redes-sociales-para-ganar-visibilidad\/","name":"Potencia las redes sociales para ganar visibilidad","isPartOf":{"@id":"https:\/\/www.plataformadecomunicacio.com\/#website"},"primaryImageOfPage":{"@id":"https:\/\/www.plataformadecomunicacio.com\/es\/potencia-las-redes-sociales-para-ganar-visibilidad\/#primaryimage"},"image":{"@id":"https:\/\/www.plataformadecomunicacio.com\/es\/potencia-las-redes-sociales-para-ganar-visibilidad\/#primaryimage"},"thumbnailUrl":"https:\/\/www.plataformadecomunicacio.com\/wp-content\/uploads\/2021\/07\/pexels-pixabay-147413-1.jpg","datePublished":"2021-07-27T10:21:36+00:00","dateModified":"2021-07-27T11:36:03+00:00","description":"La presencia digital de las empresas es obligatoria. Para ganar visibilidad hace falta una p\u00e1gina web atractiva y apostar por las redes sociales.","breadcrumb":{"@id":"https:\/\/www.plataformadecomunicacio.com\/es\/potencia-las-redes-sociales-para-ganar-visibilidad\/#breadcrumb"},"inLanguage":"es","potentialAction":[{"@type":"ReadAction","target":["https:\/\/www.plataformadecomunicacio.com\/es\/potencia-las-redes-sociales-para-ganar-visibilidad\/"]}]},{"@type":"ImageObject","inLanguage":"es","@id":"https:\/\/www.plataformadecomunicacio.com\/es\/potencia-las-redes-sociales-para-ganar-visibilidad\/#primaryimage","url":"https:\/\/www.plataformadecomunicacio.com\/wp-content\/uploads\/2021\/07\/pexels-pixabay-147413-1.jpg","contentUrl":"https:\/\/www.plataformadecomunicacio.com\/wp-content\/uploads\/2021\/07\/pexels-pixabay-147413-1.jpg","width":1280,"height":853},{"@type":"BreadcrumbList","@id":"https:\/\/www.plataformadecomunicacio.com\/es\/potencia-las-redes-sociales-para-ganar-visibilidad\/#breadcrumb","itemListElement":[{"@type":"ListItem","position":1,"name":"Home","item":"https:\/\/www.plataformadecomunicacio.com\/es\/inicio\/"},{"@type":"ListItem","position":2,"name":"Potencia las redes sociales para ganar visibilidad"}]},{"@type":"WebSite","@id":"https:\/\/www.plataformadecomunicacio.com\/#website","url":"https:\/\/www.plataformadecomunicacio.com\/","name":"Plataforma de comunicaci\u00f3","description":"Comuniquem junts","publisher":{"@id":"https:\/\/www.plataformadecomunicacio.com\/#organization"},"potentialAction":[{"@type":"SearchAction","target":{"@type":"EntryPoint","urlTemplate":"https:\/\/www.plataformadecomunicacio.com\/?s={search_term_string}"},"query-input":{"@type":"PropertyValueSpecification","valueRequired":true,"valueName":"search_term_string"}}],"inLanguage":"es"},{"@type":"Organization","@id":"https:\/\/www.plataformadecomunicacio.com\/#organization","name":"Plataforma de comunicaci\u00f3","url":"https:\/\/www.plataformadecomunicacio.com\/","logo":{"@type":"ImageObject","inLanguage":"es","@id":"https:\/\/www.plataformadecomunicacio.com\/#\/schema\/logo\/image\/","url":"https:\/\/www.plataformadecomunicacio.com\/wp-content\/uploads\/2019\/02\/Logo_plataforma.png","contentUrl":"https:\/\/www.plataformadecomunicacio.com\/wp-content\/uploads\/2019\/02\/Logo_plataforma.png","width":505,"height":320,"caption":"Plataforma de comunicaci\u00f3"},"image":{"@id":"https:\/\/www.plataformadecomunicacio.com\/#\/schema\/logo\/image\/"},"sameAs":["https:\/\/www.facebook.com\/plataformadecomunicacio\/","https:\/\/x.com\/PlataformadeCom","https:\/\/www.linkedin.com\/company\/plataforma-de-comunicaci\u00f3\/","https:\/\/www.youtube.com\/channel\/UCQ4-7CGw0atul0BbEAN5S9w"]},{"@type":"Person","@id":"https:\/\/www.plataformadecomunicacio.com\/#\/schema\/person\/a10597ea5a25cad7b4aac14e6a1672ed","name":"Plataforma de Comunicaci\u00f3","image":{"@type":"ImageObject","inLanguage":"es","@id":"https:\/\/www.plataformadecomunicacio.com\/#\/schema\/person\/image\/","url":"https:\/\/secure.gravatar.com\/avatar\/cd26adb9e219d2135afc19eaeefcbaa63ae195f53dcce0bebf04fcc05c3dc7b4?s=96&d=mm&r=g","contentUrl":"https:\/\/secure.gravatar.com\/avatar\/cd26adb9e219d2135afc19eaeefcbaa63ae195f53dcce0bebf04fcc05c3dc7b4?s=96&d=mm&r=g","caption":"Plataforma de Comunicaci\u00f3"},"sameAs":["http:\/\/plataformadecomunicacio.com"],"url":"https:\/\/www.plataformadecomunicacio.com\/es\/author\/plataforma\/"}]}},"_links":{"self":[{"href":"https:\/\/www.plataformadecomunicacio.com\/es\/wp-json\/wp\/v2\/posts\/9386","targetHints":{"allow":["GET"]}}],"collection":[{"href":"https:\/\/www.plataformadecomunicacio.com\/es\/wp-json\/wp\/v2\/posts"}],"about":[{"href":"https:\/\/www.plataformadecomunicacio.com\/es\/wp-json\/wp\/v2\/types\/post"}],"author":[{"embeddable":true,"href":"https:\/\/www.plataformadecomunicacio.com\/es\/wp-json\/wp\/v2\/users\/2"}],"replies":[{"embeddable":true,"href":"https:\/\/www.plataformadecomunicacio.com\/es\/wp-json\/wp\/v2\/comments?post=9386"}],"version-history":[{"count":4,"href":"https:\/\/www.plataformadecomunicacio.com\/es\/wp-json\/wp\/v2\/posts\/9386\/revisions"}],"predecessor-version":[{"id":9390,"href":"https:\/\/www.plataformadecomunicacio.com\/es\/wp-json\/wp\/v2\/posts\/9386\/revisions\/9390"}],"wp:featuredmedia":[{"embeddable":true,"href":"https:\/\/www.plataformadecomunicacio.com\/es\/wp-json\/wp\/v2\/media\/9554"}],"wp:attachment":[{"href":"https:\/\/www.plataformadecomunicacio.com\/es\/wp-json\/wp\/v2\/media?parent=9386"}],"wp:term":[{"taxonomy":"category","embeddable":true,"href":"https:\/\/www.plataformadecomunicacio.com\/es\/wp-json\/wp\/v2\/categories?post=9386"},{"taxonomy":"post_tag","embeddable":true,"href":"https:\/\/www.plataformadecomunicacio.com\/es\/wp-json\/wp\/v2\/tags?post=9386"}],"curies":[{"name":"wp","href":"https:\/\/api.w.org\/{rel}","templated":true}]}}