{"id":9399,"date":"2021-08-02T09:13:34","date_gmt":"2021-08-02T09:13:34","guid":{"rendered":"https:\/\/www.plataformadecomunicacio.com\/cuales-son-las-redes-sociales-mas-adecuadas-para-tu-empresa\/"},"modified":"2021-08-02T09:13:35","modified_gmt":"2021-08-02T09:13:35","slug":"cuales-son-las-redes-sociales-mas-adecuadas-para-tu-empresa","status":"publish","type":"post","link":"https:\/\/www.plataformadecomunicacio.com\/es\/cuales-son-las-redes-sociales-mas-adecuadas-para-tu-empresa\/","title":{"rendered":"\u00bfCu\u00e1les son las redes sociales m\u00e1s adecuadas para tu empresa?"},"content":{"rendered":"\n<p>Hace unos d\u00edas te explic\u00e1bamos la importancia de apostar por tener un perfil en las redes sociales si quieres ganar en visibilidad y posicionamiento digital como empresa. Aunque las RRSS cada vez son m\u00e1s importantes e integran a m\u00e1s personas y empresas, es importante que las organizaciones se planteen cu\u00e1l es el objetivo de estar all\u00ed y a qui\u00e9n quieren llegar para poder decidir en cu\u00e1l de todas las plataformas hay que estar presente.<\/p>\n\n<p>El primer paso es analizar donde est\u00e1n nuestros clientes y nuestro target. Una vez hayamos decidido en qu\u00e9 redes queremos estar es imprescindible nutrir este espacio con contenido de calidad de forma peri\u00f3dica. Un perfil desactualizado o abandonado da muy mala imagen de una empresa y genera desconfianza.<\/p>\n\n<p>A continuaci\u00f3n os damos los pros y contras de las principales redes sociales para empresa:<\/p>\n\n<h4 class=\"wp-block-heading\"><strong>Linkedin:<\/strong><\/h4>\n\n<p>Es la <strong>red social profesional de referencia<\/strong> en todo el mundo. Es la plataforma id\u00f3nea para <strong>aumentar la red de contactos<\/strong>, llegar a clientes potenciales y encontrar profesionales que pueden ser candidatos a optar a trabajar en tu empresa. Es imprescindible estar all\u00ed para relacionarte con empresas y profesionales de diferentes sectores y encontrar socios comerciales. Para tener un buen perfil necesario publicar de forma peri\u00f3dica y nutrirlo de contenido profesional que pueda ser de inter\u00e9s para tus seguidores.<\/p>\n\n<h4 class=\"wp-block-heading\"><strong>Twitter<\/strong>:<\/h4>\n\n<p>Es una de las redes sociales m\u00e1s conocidas y de m\u00e1s contenido. Su \u00e9xito se basa en la <strong>inmediatez<\/strong> y la gran cantidad de mensajes que puedes enviar en un solo d\u00eda. Si quieres abrirte un perfil en Twitter hay que ser consciente de que requiere invertir bastante tiempo, pues se debe hacer un uso diario y constante.<\/p>\n\n<p>Es ideal para <strong>conectar de forma muy directa con tus seguidores<\/strong>, pues permite un di\u00e1logo muy cercano y fluido.<\/p>\n\n<h4 class=\"wp-block-heading\"><strong>Instagram<\/strong>:<\/h4>\n\n<p>Es, sin duda, <strong>la red social de moda<\/strong>. Es una <strong>plataforma totalmente visual<\/strong> y es muy \u00fatil a la hora de comercializar productos o servicios. Uno de sus puntos fuertes es que <strong>la<\/strong> <strong>tasa de interacci\u00f3n con los seguidores es muy alta<\/strong>. Al igual que Facebook, la opci\u00f3n del Instagram Ads puede ser muy interesante para promocionarte online. Crea contenido atractivo y de calidad y ver\u00e1s como tu perfil crece y generas tr\u00e1fico de calidad a tu web.<\/p>\n\n<h4 class=\"wp-block-heading\"><strong>TikTok:<\/strong><\/h4>\n\n<p>Aunque comenz\u00f3 como una plataforma para adolescentes, a ra\u00edz de la cuarentena gan\u00f3 popularidad y ofrece un abanico de p\u00fablico mucho m\u00e1s amplio. \u00a1Seguro que tus clientes ahora est\u00e1n en ella! Piensa qu\u00e9 tipo de contenido de Tik Tok es el que m\u00e1s se ajusta a tu empresa y que pueda tener repercusi\u00f3n. <strong>Es la RRSS con el contenido m\u00e1s informal.<\/strong><\/p>\n\n<h4 class=\"wp-block-heading\"><strong>Facebook<\/strong>:<\/h4>\n\n<p>Durante a\u00f1os ha sido la red social m\u00e1s popular, aunque en los \u00faltimos tiempos <strong>ha perdido fuerza a favor de otras plataformas. <\/strong>En la actualidad no es una prioridad estar, pues muchas empresas han cerrado su perfil. Uno de sus puntos fuertes son los Facebook Ads, que permiten hacer una <strong>publicidad barata y muy bien segmentada<\/strong> de una forma sencilla e intuitiva. Si apuestas para abrir un perfil en Facebook vigila de crear una p\u00e1gina de empresa y no un perfil personal, as\u00ed podr\u00e1s disfrutar de todas las funcionalidades que da, como analizar los datos con informaci\u00f3n demogr\u00e1fica o la tasa de interacci\u00f3n con tus publicaciones.<\/p>\n\n<h4 class=\"wp-block-heading\"><strong>YouTube<\/strong>:<\/h4>\n\n<p>Youtube es la <strong>plataforma n\u00famero 1 en v\u00eddeos<\/strong>. Por ello, si apuestas para comunicar a trav\u00e9s de este sistema, esta es tu red social. Muchos usuarios prefieren ver v\u00eddeos antes que leer, as\u00ed que \u00a1producir v\u00eddeos es una opci\u00f3n que te har\u00e1 triunfar!<\/p>\n\n<p>Puede servir para promocionar productos, hacer videonoticias sobre tu actividad, o hacer tutoriales. Adem\u00e1s, estar presente en Youtube <strong>ayuda mucho al posicionamiento SEO<\/strong>, ya que Google da mucha prioridad a los v\u00eddeos.<\/p>\n\n<h3 class=\"wp-block-heading\"><strong>La Plataforma te ayuda a crear una estrategia en redes<\/strong><\/h3>\n\n<p>Una vez definida tu estrategia de redes sociales, \u00a1abre la cuenta y comienza a publicar! Hay que recordar que es imprescindible seguir unos tempos y publicar contenido atractivo de forma muy habitual para que tus seguidores se interesen en ver tu perfil.<\/p>\n\n<p>En Plataforma de Comunicaci\u00f3 somos expertos en dise\u00f1ar planes de comunicaci\u00f3n corporatives para las redes sociales y elegir las redes que m\u00e1s te interesan en funci\u00f3n de tu perfil, as\u00ed como dise\u00f1ar una estrategia para mejorar tu imagen, posicionamiento y conseguir m\u00e1s repercusi\u00f3n. Si tu empresa est\u00e1 interesada en mejorar su presencia en RRSS, escr\u00edbenos y te haremos una propuesta a medida.<\/p>\n","protected":false},"excerpt":{"rendered":"<p>Hace unos d\u00edas te explic\u00e1bamos la importancia de apostar por tener un perfil en las redes sociales si quieres ganar en visibilidad y posicionamiento digital como empresa. Aunque las RRSS cada vez son m\u00e1s importantes e integran a m\u00e1s personas y empresas, es importante que las organizaciones se planteen cu\u00e1l es el objetivo de estar [&hellip;]<\/p>\n","protected":false},"author":2,"featured_media":9556,"comment_status":"closed","ping_status":"closed","sticky":false,"template":"","format":"standard","meta":{"footnotes":""},"categories":[55,56],"tags":[217,218,164],"class_list":["post-9399","post","type-post","status-publish","format-standard","has-post-thumbnail","hentry","category-comunicacio-es","category-news-es","tag-comunicacion-interactiva","tag-comunicacion-online","tag-redes-sociales-es"],"yoast_head":"<!-- This site is optimized with the Yoast SEO plugin v26.1 - https:\/\/yoast.com\/wordpress\/plugins\/seo\/ -->\n<title>\u00bfCu\u00e1les son las redes sociales m\u00e1s adecuadas para tu empresa?<\/title>\n<meta name=\"description\" content=\"Para saber a qu\u00e9 redes sociales debe estar una empresa se debe analizar donde esta nuestro target y alimentar el perfil de contenido de calidad\" \/>\n<meta name=\"robots\" content=\"index, follow, max-snippet:-1, max-image-preview:large, max-video-preview:-1\" \/>\n<link rel=\"canonical\" href=\"https:\/\/www.plataformadecomunicacio.com\/es\/cuales-son-las-redes-sociales-mas-adecuadas-para-tu-empresa\/\" \/>\n<meta property=\"og:locale\" content=\"es_ES\" \/>\n<meta property=\"og:type\" content=\"article\" \/>\n<meta property=\"og:title\" content=\"\u00bfCu\u00e1les son las redes sociales m\u00e1s adecuadas para tu empresa?\" \/>\n<meta property=\"og:description\" content=\"Para saber a qu\u00e9 redes sociales debe estar una empresa se debe analizar donde esta nuestro target y alimentar el perfil de contenido de calidad\" \/>\n<meta property=\"og:url\" content=\"https:\/\/www.plataformadecomunicacio.com\/es\/cuales-son-las-redes-sociales-mas-adecuadas-para-tu-empresa\/\" \/>\n<meta property=\"og:site_name\" content=\"Plataforma de comunicaci\u00f3\" \/>\n<meta property=\"article:publisher\" content=\"https:\/\/www.facebook.com\/plataformadecomunicacio\/\" \/>\n<meta property=\"article:published_time\" content=\"2021-08-02T09:13:34+00:00\" \/>\n<meta property=\"article:modified_time\" content=\"2021-08-02T09:13:35+00:00\" \/>\n<meta property=\"og:image\" content=\"https:\/\/www.plataformadecomunicacio.com\/wp-content\/uploads\/2021\/08\/pexels-cristian-dina-1851415.jpg\" \/>\n\t<meta property=\"og:image:width\" content=\"1280\" \/>\n\t<meta property=\"og:image:height\" content=\"853\" \/>\n\t<meta property=\"og:image:type\" content=\"image\/jpeg\" \/>\n<meta name=\"author\" content=\"Plataforma de Comunicaci\u00f3\" \/>\n<meta name=\"twitter:card\" content=\"summary_large_image\" \/>\n<meta name=\"twitter:creator\" content=\"@PlataformadeCom\" \/>\n<meta name=\"twitter:site\" content=\"@PlataformadeCom\" \/>\n<meta name=\"twitter:label1\" content=\"Escrito por\" \/>\n\t<meta name=\"twitter:data1\" content=\"Plataforma de Comunicaci\u00f3\" \/>\n\t<meta name=\"twitter:label2\" content=\"Tiempo de lectura\" \/>\n\t<meta name=\"twitter:data2\" content=\"4 minutos\" \/>\n<script type=\"application\/ld+json\" class=\"yoast-schema-graph\">{\"@context\":\"https:\/\/schema.org\",\"@graph\":[{\"@type\":\"Article\",\"@id\":\"https:\/\/www.plataformadecomunicacio.com\/es\/cuales-son-las-redes-sociales-mas-adecuadas-para-tu-empresa\/#article\",\"isPartOf\":{\"@id\":\"https:\/\/www.plataformadecomunicacio.com\/es\/cuales-son-las-redes-sociales-mas-adecuadas-para-tu-empresa\/\"},\"author\":{\"name\":\"Plataforma de Comunicaci\u00f3\",\"@id\":\"https:\/\/www.plataformadecomunicacio.com\/#\/schema\/person\/a10597ea5a25cad7b4aac14e6a1672ed\"},\"headline\":\"\u00bfCu\u00e1les son las redes sociales m\u00e1s adecuadas para tu empresa?\",\"datePublished\":\"2021-08-02T09:13:34+00:00\",\"dateModified\":\"2021-08-02T09:13:35+00:00\",\"mainEntityOfPage\":{\"@id\":\"https:\/\/www.plataformadecomunicacio.com\/es\/cuales-son-las-redes-sociales-mas-adecuadas-para-tu-empresa\/\"},\"wordCount\":795,\"publisher\":{\"@id\":\"https:\/\/www.plataformadecomunicacio.com\/#organization\"},\"image\":{\"@id\":\"https:\/\/www.plataformadecomunicacio.com\/es\/cuales-son-las-redes-sociales-mas-adecuadas-para-tu-empresa\/#primaryimage\"},\"thumbnailUrl\":\"https:\/\/www.plataformadecomunicacio.com\/wp-content\/uploads\/2021\/08\/pexels-cristian-dina-1851415.jpg\",\"keywords\":[\"comunicaci\u00f3n interactiva\",\"comunicaci\u00f3n online\",\"redes sociales\"],\"articleSection\":[\"Comunicaci\u00f3\",\"News\"],\"inLanguage\":\"es\"},{\"@type\":\"WebPage\",\"@id\":\"https:\/\/www.plataformadecomunicacio.com\/es\/cuales-son-las-redes-sociales-mas-adecuadas-para-tu-empresa\/\",\"url\":\"https:\/\/www.plataformadecomunicacio.com\/es\/cuales-son-las-redes-sociales-mas-adecuadas-para-tu-empresa\/\",\"name\":\"\u00bfCu\u00e1les son las redes sociales m\u00e1s adecuadas para tu empresa?\",\"isPartOf\":{\"@id\":\"https:\/\/www.plataformadecomunicacio.com\/#website\"},\"primaryImageOfPage\":{\"@id\":\"https:\/\/www.plataformadecomunicacio.com\/es\/cuales-son-las-redes-sociales-mas-adecuadas-para-tu-empresa\/#primaryimage\"},\"image\":{\"@id\":\"https:\/\/www.plataformadecomunicacio.com\/es\/cuales-son-las-redes-sociales-mas-adecuadas-para-tu-empresa\/#primaryimage\"},\"thumbnailUrl\":\"https:\/\/www.plataformadecomunicacio.com\/wp-content\/uploads\/2021\/08\/pexels-cristian-dina-1851415.jpg\",\"datePublished\":\"2021-08-02T09:13:34+00:00\",\"dateModified\":\"2021-08-02T09:13:35+00:00\",\"description\":\"Para saber a qu\u00e9 redes sociales debe estar una empresa se debe analizar donde esta nuestro target y alimentar el perfil de contenido de calidad\",\"breadcrumb\":{\"@id\":\"https:\/\/www.plataformadecomunicacio.com\/es\/cuales-son-las-redes-sociales-mas-adecuadas-para-tu-empresa\/#breadcrumb\"},\"inLanguage\":\"es\",\"potentialAction\":[{\"@type\":\"ReadAction\",\"target\":[\"https:\/\/www.plataformadecomunicacio.com\/es\/cuales-son-las-redes-sociales-mas-adecuadas-para-tu-empresa\/\"]}]},{\"@type\":\"ImageObject\",\"inLanguage\":\"es\",\"@id\":\"https:\/\/www.plataformadecomunicacio.com\/es\/cuales-son-las-redes-sociales-mas-adecuadas-para-tu-empresa\/#primaryimage\",\"url\":\"https:\/\/www.plataformadecomunicacio.com\/wp-content\/uploads\/2021\/08\/pexels-cristian-dina-1851415.jpg\",\"contentUrl\":\"https:\/\/www.plataformadecomunicacio.com\/wp-content\/uploads\/2021\/08\/pexels-cristian-dina-1851415.jpg\",\"width\":1280,\"height\":853},{\"@type\":\"BreadcrumbList\",\"@id\":\"https:\/\/www.plataformadecomunicacio.com\/es\/cuales-son-las-redes-sociales-mas-adecuadas-para-tu-empresa\/#breadcrumb\",\"itemListElement\":[{\"@type\":\"ListItem\",\"position\":1,\"name\":\"Home\",\"item\":\"https:\/\/www.plataformadecomunicacio.com\/es\/inicio\/\"},{\"@type\":\"ListItem\",\"position\":2,\"name\":\"\u00bfCu\u00e1les son las redes sociales m\u00e1s adecuadas para tu empresa?\"}]},{\"@type\":\"WebSite\",\"@id\":\"https:\/\/www.plataformadecomunicacio.com\/#website\",\"url\":\"https:\/\/www.plataformadecomunicacio.com\/\",\"name\":\"Plataforma de comunicaci\u00f3\",\"description\":\"Comuniquem junts\",\"publisher\":{\"@id\":\"https:\/\/www.plataformadecomunicacio.com\/#organization\"},\"potentialAction\":[{\"@type\":\"SearchAction\",\"target\":{\"@type\":\"EntryPoint\",\"urlTemplate\":\"https:\/\/www.plataformadecomunicacio.com\/?s={search_term_string}\"},\"query-input\":{\"@type\":\"PropertyValueSpecification\",\"valueRequired\":true,\"valueName\":\"search_term_string\"}}],\"inLanguage\":\"es\"},{\"@type\":\"Organization\",\"@id\":\"https:\/\/www.plataformadecomunicacio.com\/#organization\",\"name\":\"Plataforma de comunicaci\u00f3\",\"url\":\"https:\/\/www.plataformadecomunicacio.com\/\",\"logo\":{\"@type\":\"ImageObject\",\"inLanguage\":\"es\",\"@id\":\"https:\/\/www.plataformadecomunicacio.com\/#\/schema\/logo\/image\/\",\"url\":\"https:\/\/www.plataformadecomunicacio.com\/wp-content\/uploads\/2019\/02\/Logo_plataforma.png\",\"contentUrl\":\"https:\/\/www.plataformadecomunicacio.com\/wp-content\/uploads\/2019\/02\/Logo_plataforma.png\",\"width\":505,\"height\":320,\"caption\":\"Plataforma de comunicaci\u00f3\"},\"image\":{\"@id\":\"https:\/\/www.plataformadecomunicacio.com\/#\/schema\/logo\/image\/\"},\"sameAs\":[\"https:\/\/www.facebook.com\/plataformadecomunicacio\/\",\"https:\/\/x.com\/PlataformadeCom\",\"https:\/\/www.linkedin.com\/company\/plataforma-de-comunicaci\u00f3\/\",\"https:\/\/www.youtube.com\/channel\/UCQ4-7CGw0atul0BbEAN5S9w\"]},{\"@type\":\"Person\",\"@id\":\"https:\/\/www.plataformadecomunicacio.com\/#\/schema\/person\/a10597ea5a25cad7b4aac14e6a1672ed\",\"name\":\"Plataforma de Comunicaci\u00f3\",\"image\":{\"@type\":\"ImageObject\",\"inLanguage\":\"es\",\"@id\":\"https:\/\/www.plataformadecomunicacio.com\/#\/schema\/person\/image\/\",\"url\":\"https:\/\/secure.gravatar.com\/avatar\/cd26adb9e219d2135afc19eaeefcbaa63ae195f53dcce0bebf04fcc05c3dc7b4?s=96&d=mm&r=g\",\"contentUrl\":\"https:\/\/secure.gravatar.com\/avatar\/cd26adb9e219d2135afc19eaeefcbaa63ae195f53dcce0bebf04fcc05c3dc7b4?s=96&d=mm&r=g\",\"caption\":\"Plataforma de Comunicaci\u00f3\"},\"sameAs\":[\"http:\/\/plataformadecomunicacio.com\"],\"url\":\"https:\/\/www.plataformadecomunicacio.com\/es\/author\/plataforma\/\"}]}<\/script>\n<!-- \/ Yoast SEO plugin. -->","yoast_head_json":{"title":"\u00bfCu\u00e1les son las redes sociales m\u00e1s adecuadas para tu empresa?","description":"Para saber a qu\u00e9 redes sociales debe estar una empresa se debe analizar donde esta nuestro target y alimentar el perfil de contenido de calidad","robots":{"index":"index","follow":"follow","max-snippet":"max-snippet:-1","max-image-preview":"max-image-preview:large","max-video-preview":"max-video-preview:-1"},"canonical":"https:\/\/www.plataformadecomunicacio.com\/es\/cuales-son-las-redes-sociales-mas-adecuadas-para-tu-empresa\/","og_locale":"es_ES","og_type":"article","og_title":"\u00bfCu\u00e1les son las redes sociales m\u00e1s adecuadas para tu empresa?","og_description":"Para saber a qu\u00e9 redes sociales debe estar una empresa se debe analizar donde esta nuestro target y alimentar el perfil de contenido de calidad","og_url":"https:\/\/www.plataformadecomunicacio.com\/es\/cuales-son-las-redes-sociales-mas-adecuadas-para-tu-empresa\/","og_site_name":"Plataforma de comunicaci\u00f3","article_publisher":"https:\/\/www.facebook.com\/plataformadecomunicacio\/","article_published_time":"2021-08-02T09:13:34+00:00","article_modified_time":"2021-08-02T09:13:35+00:00","og_image":[{"width":1280,"height":853,"url":"https:\/\/www.plataformadecomunicacio.com\/wp-content\/uploads\/2021\/08\/pexels-cristian-dina-1851415.jpg","type":"image\/jpeg"}],"author":"Plataforma de Comunicaci\u00f3","twitter_card":"summary_large_image","twitter_creator":"@PlataformadeCom","twitter_site":"@PlataformadeCom","twitter_misc":{"Escrito por":"Plataforma de Comunicaci\u00f3","Tiempo de lectura":"4 minutos"},"schema":{"@context":"https:\/\/schema.org","@graph":[{"@type":"Article","@id":"https:\/\/www.plataformadecomunicacio.com\/es\/cuales-son-las-redes-sociales-mas-adecuadas-para-tu-empresa\/#article","isPartOf":{"@id":"https:\/\/www.plataformadecomunicacio.com\/es\/cuales-son-las-redes-sociales-mas-adecuadas-para-tu-empresa\/"},"author":{"name":"Plataforma de Comunicaci\u00f3","@id":"https:\/\/www.plataformadecomunicacio.com\/#\/schema\/person\/a10597ea5a25cad7b4aac14e6a1672ed"},"headline":"\u00bfCu\u00e1les son las redes sociales m\u00e1s adecuadas para tu empresa?","datePublished":"2021-08-02T09:13:34+00:00","dateModified":"2021-08-02T09:13:35+00:00","mainEntityOfPage":{"@id":"https:\/\/www.plataformadecomunicacio.com\/es\/cuales-son-las-redes-sociales-mas-adecuadas-para-tu-empresa\/"},"wordCount":795,"publisher":{"@id":"https:\/\/www.plataformadecomunicacio.com\/#organization"},"image":{"@id":"https:\/\/www.plataformadecomunicacio.com\/es\/cuales-son-las-redes-sociales-mas-adecuadas-para-tu-empresa\/#primaryimage"},"thumbnailUrl":"https:\/\/www.plataformadecomunicacio.com\/wp-content\/uploads\/2021\/08\/pexels-cristian-dina-1851415.jpg","keywords":["comunicaci\u00f3n interactiva","comunicaci\u00f3n online","redes sociales"],"articleSection":["Comunicaci\u00f3","News"],"inLanguage":"es"},{"@type":"WebPage","@id":"https:\/\/www.plataformadecomunicacio.com\/es\/cuales-son-las-redes-sociales-mas-adecuadas-para-tu-empresa\/","url":"https:\/\/www.plataformadecomunicacio.com\/es\/cuales-son-las-redes-sociales-mas-adecuadas-para-tu-empresa\/","name":"\u00bfCu\u00e1les son las redes sociales m\u00e1s adecuadas para tu empresa?","isPartOf":{"@id":"https:\/\/www.plataformadecomunicacio.com\/#website"},"primaryImageOfPage":{"@id":"https:\/\/www.plataformadecomunicacio.com\/es\/cuales-son-las-redes-sociales-mas-adecuadas-para-tu-empresa\/#primaryimage"},"image":{"@id":"https:\/\/www.plataformadecomunicacio.com\/es\/cuales-son-las-redes-sociales-mas-adecuadas-para-tu-empresa\/#primaryimage"},"thumbnailUrl":"https:\/\/www.plataformadecomunicacio.com\/wp-content\/uploads\/2021\/08\/pexels-cristian-dina-1851415.jpg","datePublished":"2021-08-02T09:13:34+00:00","dateModified":"2021-08-02T09:13:35+00:00","description":"Para saber a qu\u00e9 redes sociales debe estar una empresa se debe analizar donde esta nuestro target y alimentar el perfil de contenido de calidad","breadcrumb":{"@id":"https:\/\/www.plataformadecomunicacio.com\/es\/cuales-son-las-redes-sociales-mas-adecuadas-para-tu-empresa\/#breadcrumb"},"inLanguage":"es","potentialAction":[{"@type":"ReadAction","target":["https:\/\/www.plataformadecomunicacio.com\/es\/cuales-son-las-redes-sociales-mas-adecuadas-para-tu-empresa\/"]}]},{"@type":"ImageObject","inLanguage":"es","@id":"https:\/\/www.plataformadecomunicacio.com\/es\/cuales-son-las-redes-sociales-mas-adecuadas-para-tu-empresa\/#primaryimage","url":"https:\/\/www.plataformadecomunicacio.com\/wp-content\/uploads\/2021\/08\/pexels-cristian-dina-1851415.jpg","contentUrl":"https:\/\/www.plataformadecomunicacio.com\/wp-content\/uploads\/2021\/08\/pexels-cristian-dina-1851415.jpg","width":1280,"height":853},{"@type":"BreadcrumbList","@id":"https:\/\/www.plataformadecomunicacio.com\/es\/cuales-son-las-redes-sociales-mas-adecuadas-para-tu-empresa\/#breadcrumb","itemListElement":[{"@type":"ListItem","position":1,"name":"Home","item":"https:\/\/www.plataformadecomunicacio.com\/es\/inicio\/"},{"@type":"ListItem","position":2,"name":"\u00bfCu\u00e1les son las redes sociales m\u00e1s adecuadas para tu empresa?"}]},{"@type":"WebSite","@id":"https:\/\/www.plataformadecomunicacio.com\/#website","url":"https:\/\/www.plataformadecomunicacio.com\/","name":"Plataforma de comunicaci\u00f3","description":"Comuniquem junts","publisher":{"@id":"https:\/\/www.plataformadecomunicacio.com\/#organization"},"potentialAction":[{"@type":"SearchAction","target":{"@type":"EntryPoint","urlTemplate":"https:\/\/www.plataformadecomunicacio.com\/?s={search_term_string}"},"query-input":{"@type":"PropertyValueSpecification","valueRequired":true,"valueName":"search_term_string"}}],"inLanguage":"es"},{"@type":"Organization","@id":"https:\/\/www.plataformadecomunicacio.com\/#organization","name":"Plataforma de comunicaci\u00f3","url":"https:\/\/www.plataformadecomunicacio.com\/","logo":{"@type":"ImageObject","inLanguage":"es","@id":"https:\/\/www.plataformadecomunicacio.com\/#\/schema\/logo\/image\/","url":"https:\/\/www.plataformadecomunicacio.com\/wp-content\/uploads\/2019\/02\/Logo_plataforma.png","contentUrl":"https:\/\/www.plataformadecomunicacio.com\/wp-content\/uploads\/2019\/02\/Logo_plataforma.png","width":505,"height":320,"caption":"Plataforma de comunicaci\u00f3"},"image":{"@id":"https:\/\/www.plataformadecomunicacio.com\/#\/schema\/logo\/image\/"},"sameAs":["https:\/\/www.facebook.com\/plataformadecomunicacio\/","https:\/\/x.com\/PlataformadeCom","https:\/\/www.linkedin.com\/company\/plataforma-de-comunicaci\u00f3\/","https:\/\/www.youtube.com\/channel\/UCQ4-7CGw0atul0BbEAN5S9w"]},{"@type":"Person","@id":"https:\/\/www.plataformadecomunicacio.com\/#\/schema\/person\/a10597ea5a25cad7b4aac14e6a1672ed","name":"Plataforma de Comunicaci\u00f3","image":{"@type":"ImageObject","inLanguage":"es","@id":"https:\/\/www.plataformadecomunicacio.com\/#\/schema\/person\/image\/","url":"https:\/\/secure.gravatar.com\/avatar\/cd26adb9e219d2135afc19eaeefcbaa63ae195f53dcce0bebf04fcc05c3dc7b4?s=96&d=mm&r=g","contentUrl":"https:\/\/secure.gravatar.com\/avatar\/cd26adb9e219d2135afc19eaeefcbaa63ae195f53dcce0bebf04fcc05c3dc7b4?s=96&d=mm&r=g","caption":"Plataforma de Comunicaci\u00f3"},"sameAs":["http:\/\/plataformadecomunicacio.com"],"url":"https:\/\/www.plataformadecomunicacio.com\/es\/author\/plataforma\/"}]}},"_links":{"self":[{"href":"https:\/\/www.plataformadecomunicacio.com\/es\/wp-json\/wp\/v2\/posts\/9399","targetHints":{"allow":["GET"]}}],"collection":[{"href":"https:\/\/www.plataformadecomunicacio.com\/es\/wp-json\/wp\/v2\/posts"}],"about":[{"href":"https:\/\/www.plataformadecomunicacio.com\/es\/wp-json\/wp\/v2\/types\/post"}],"author":[{"embeddable":true,"href":"https:\/\/www.plataformadecomunicacio.com\/es\/wp-json\/wp\/v2\/users\/2"}],"replies":[{"embeddable":true,"href":"https:\/\/www.plataformadecomunicacio.com\/es\/wp-json\/wp\/v2\/comments?post=9399"}],"version-history":[{"count":1,"href":"https:\/\/www.plataformadecomunicacio.com\/es\/wp-json\/wp\/v2\/posts\/9399\/revisions"}],"predecessor-version":[{"id":9400,"href":"https:\/\/www.plataformadecomunicacio.com\/es\/wp-json\/wp\/v2\/posts\/9399\/revisions\/9400"}],"wp:featuredmedia":[{"embeddable":true,"href":"https:\/\/www.plataformadecomunicacio.com\/es\/wp-json\/wp\/v2\/media\/9556"}],"wp:attachment":[{"href":"https:\/\/www.plataformadecomunicacio.com\/es\/wp-json\/wp\/v2\/media?parent=9399"}],"wp:term":[{"taxonomy":"category","embeddable":true,"href":"https:\/\/www.plataformadecomunicacio.com\/es\/wp-json\/wp\/v2\/categories?post=9399"},{"taxonomy":"post_tag","embeddable":true,"href":"https:\/\/www.plataformadecomunicacio.com\/es\/wp-json\/wp\/v2\/tags?post=9399"}],"curies":[{"name":"wp","href":"https:\/\/api.w.org\/{rel}","templated":true}]}}