{"id":9750,"date":"2022-03-21T09:17:49","date_gmt":"2022-03-21T09:17:49","guid":{"rendered":"https:\/\/www.plataformadecomunicacio.com\/como-comunicar-por-redes-sociales\/"},"modified":"2022-03-21T09:17:50","modified_gmt":"2022-03-21T09:17:50","slug":"como-comunicar-por-redes-sociales","status":"publish","type":"post","link":"https:\/\/www.plataformadecomunicacio.com\/es\/como-comunicar-por-redes-sociales\/","title":{"rendered":"\u00bfC\u00f3mo comunicar por redes sociales?"},"content":{"rendered":"\n<h1 class=\"wp-block-heading\">Las redes sociales, el nuevo medio de comunicaci\u00f3n<\/h1>\n\n<p><div>&#13;\n&#13;\nLas redes sociales se han convertido en un canal de comunicaci\u00f3n de masas. Seg\u00fan el informe Digital 2019 elaborado por <span lang=\"CA\"><a href=\"https:\/\/www.hootsuite.com\/es\/\"><span lang=\"ES-TRAD\">Hootusite<\/span><\/a><\/span> y We Are Social, el 60% de la poblaci\u00f3n espa\u00f1ola utiliza redes sociales y se conecta durante casi 2 horas. Por esta raz\u00f3n, es importante que las empresas destinen parte de su tiempo al definir una estrategia de comunicaci\u00f3n espec\u00edfico para las redes sociales. \u00bfConoces los <span lang=\"CA\"><a href=\"https:\/\/www.plataformadecomunicacio.com\/es\/potencia-las-redes-sociales-para-ganar-visibilidad\/\"><span lang=\"ES-TRAD\">beneficios por estar presente en las redes sociales<\/span><\/a><\/span>? \u00bfSabes c\u00f3mo comunicar por redes sociales de forma efectiva?&#13;\n&#13;\n<\/div><\/p>\n\n<p><div>&#13;\n&#13;\nAntes de empezar a escribir los mensajes, es importante pensar en el tipo de contenido que interesa a tu target y <span lang=\"CA\"><a href=\"https:\/\/www.plataformadecomunicacio.com\/es\/cuales-son-las-redes-sociales-mas-adecuadas-para-tu-empresa\/\"><span lang=\"ES-TRAD\">qu\u00e9 red social es la m\u00e1s adecuada<\/span><\/a><\/span> para tu perfil. Lo importante a la hora de comunicar por redes sociales es mantener una consonancia. Aunque debemos adaptarnos al lenguaje propio de cada plataforma, es esencial que tus mensajes sigan la corriente de la empresa y que quede clara la imagen de la marca.&#13;\n&#13;\n<\/div><\/p>\n\n<h2 class=\"wp-block-heading\"><div>&#13;\n&#13;\n<b>Consejos para comunicar por redes sociales<\/b><b><\/b>&#13;\n&#13;\n<\/div><\/h2>\n\n<h3 class=\"wp-block-heading\"><div><b>Utiliza varios formatos:<\/b><\/div><\/h3>\n\n<p>Adem\u00e1s del texto, apuesta por las fotograf\u00edas, v\u00eddeos, infograf\u00edas, directos, historias&#8230; Cada red social destaca por un formato. Ad\u00e1ptate a ellos para llegar a m\u00e1s audiencia y captar su atenci\u00f3n.<\/p>\n\n<h3 class=\"wp-block-heading\"><div><b>Adapta el mensaje a la red social y optimiza el contenido<\/b><\/div><\/h3>\n\n<p>Cada plataforma tiene sus peculiaridades. Crea contenidos cortos y concisos para adaptarse a los 120 caracteres de Twitter, escribe un mensaje m\u00e1s divulgativo y profundo para Linkedin o un v\u00eddeo m\u00e1s informal para Tiktok.&#13;\n<\/p>\n\n<p>Utiliza las etiquetas m\u00e1s relevantes en cada plataforma para tener mayor alcance.&#13;\n<\/p>\n\n<h3 class=\"wp-block-heading\"><div><b>Evita hablar s\u00f3lo sobre ti y tu empresa<\/b><\/div><\/h3>\n\n<p>Hablar de ti es muy repetitivo y puedes perder el inter\u00e9s de tus seguidores. Aplica la regla de los tercios: un tercio del tiempo publicando sobre tu empresa, tu producto o lo que ofreces, un tercio sobre actualidad de tu sector que pueda interesar a tu audiencia y otro tercio haciendo retuits y repuesto, interactuando con otras cuentas y respondiendo a tu audiencia.<\/p>\n\n<h3 class=\"wp-block-heading\"><div><b>Aporta contenido de valor<\/b><\/div><\/h3>\n\n<p>Si quieres hacer crecer tu comunidad, debes basar tus publicaciones en informaci\u00f3n valiosa. Piensa los temas que interesan a tu audiencia, inf\u00f3rmate sobre ellos y crea contenido de calidad y trabajado donde demuestres tu experiencia y conocimiento sobre el sector.<\/p>\n\n<h3 class=\"wp-block-heading\"><div>&#13;\n&#13;\n<b>Pregunta y tutea<\/b><b><\/b>&#13;\n&#13;\n<\/div><\/h3>\n\n<p>Si quieres involucrar a los lectores, hazles preguntas de vez en cuando para saber su opini\u00f3n y conocer qu\u00e9 les interesa. De esta forma no se limitan a leer tu contenido, sino que pueden aportar ideas para futuras publicaciones. Adem\u00e1s, h\u00e1blales de ti para mostrar proximidad y que conecten m\u00e1s con la cuenta de tu empresa.<\/p>\n\n<h3 class=\"wp-block-heading\"><div><b>Apuesta por t\u00edtulos informativos<\/b><\/div><\/h3>\n\n<p>Si quieres que la audiencia se interese por tu contenido y tenga ganas de acceder para leer o ver m\u00e1s, utiliza t\u00edtulos que expliquen sobre lo que vas a hablar. Evita frases abstractas y apuesta por t\u00edtulos concretos. Esto es muy importante a la hora de titular un post del blog o v\u00eddeos de YouTube.<\/p>\n\n<h3 class=\"wp-block-heading\"><div><b>S\u00e9 creativo y apuesta por contenidos de actualidad<\/b><\/div><\/h3>\n\n<p>Innova en el dise\u00f1o y contenido de tus publicaciones. Inf\u00f3rmate sobre las nuevas tendencias, los temas de los que se est\u00e1 hablando, los hashtags del momento para poder aportar informaci\u00f3n que interese a tus seguidores.<\/p>\n\n<h3 class=\"wp-block-heading\"><div>&#13;\n&#13;\n<b>Utiliza signos de puntuaci\u00f3n<\/b><b><\/b>&#13;\n&#13;\n<\/div><\/h3>\n\n<p>La puntuaci\u00f3n aporta legibilidad a tus tuits. A\u00f1aden claridad y son m\u00e1s f\u00e1ciles de leer. Est\u00e1 demostrado que los tuits en los que se utilizan bastantes signos de puntuaci\u00f3n tienen m\u00e1s probabilidad de ser retuiteados por los usuarios.<\/p>\n\n<h3 class=\"wp-block-heading\"><div><b>Vigila la ortograf\u00eda y la gram\u00e1tica<\/b><\/div><\/h3>\n\n<p>Tu perfil en redes sociales es el escaparate de la imagen de tu marca. Antes de publicar revisa el texto por no hacer faltas ortogr\u00e1ficas y dar una mala imagen de la empresa.<\/p>\n","protected":false},"excerpt":{"rendered":"<p>Las redes sociales, el nuevo medio de comunicaci\u00f3n &#13; &#13; Las redes sociales se han convertido en un canal de comunicaci\u00f3n de masas. Seg\u00fan el informe Digital 2019 elaborado por Hootusite y We Are Social, el 60% de la poblaci\u00f3n espa\u00f1ola utiliza redes sociales y se conecta durante casi 2 horas. Por esta raz\u00f3n, es [&hellip;]<\/p>\n","protected":false},"author":2,"featured_media":9743,"comment_status":"open","ping_status":"open","sticky":false,"template":"","format":"standard","meta":{"footnotes":""},"categories":[55,56],"tags":[239,57,58,238,143,59,164],"class_list":["post-9750","post","type-post","status-publish","format-standard","has-post-thumbnail","hentry","category-comunicacio-es","category-news-es","tag-community-manager-es","tag-comunicacio-es","tag-comunicacio-corporativa-es","tag-creacion-de-contenidos","tag-plan-de-comunicacion-es","tag-plataforma-de-comunicacio-es","tag-redes-sociales-es"],"yoast_head":"<!-- This site is optimized with the Yoast SEO plugin v26.1 - https:\/\/yoast.com\/wordpress\/plugins\/seo\/ -->\n<title>\u00bfC\u00f3mo comunicar por redes sociales?<\/title>\n<meta name=\"description\" content=\"Consejos para comunicar de forma efectiva para redes sociales. Piensa el contenido que interesa a tu target y la red social m\u00e1s adecuada.\" \/>\n<meta name=\"robots\" content=\"index, follow, max-snippet:-1, max-image-preview:large, max-video-preview:-1\" \/>\n<link rel=\"canonical\" href=\"https:\/\/www.plataformadecomunicacio.com\/es\/como-comunicar-por-redes-sociales\/\" \/>\n<meta property=\"og:locale\" content=\"es_ES\" \/>\n<meta property=\"og:type\" content=\"article\" \/>\n<meta property=\"og:title\" content=\"\u00bfC\u00f3mo comunicar por redes sociales?\" \/>\n<meta property=\"og:description\" content=\"Consejos para comunicar de forma efectiva para redes sociales. Piensa el contenido que interesa a tu target y la red social m\u00e1s adecuada.\" \/>\n<meta property=\"og:url\" content=\"https:\/\/www.plataformadecomunicacio.com\/es\/como-comunicar-por-redes-sociales\/\" \/>\n<meta property=\"og:site_name\" content=\"Plataforma de comunicaci\u00f3\" \/>\n<meta property=\"article:publisher\" content=\"https:\/\/www.facebook.com\/plataformadecomunicacio\/\" \/>\n<meta property=\"article:published_time\" content=\"2022-03-21T09:17:49+00:00\" \/>\n<meta property=\"article:modified_time\" content=\"2022-03-21T09:17:50+00:00\" \/>\n<meta property=\"og:image\" content=\"https:\/\/www.plataformadecomunicacio.com\/wp-content\/uploads\/2022\/03\/nick-morrison-FHnnjk1Yj7Y-unsplash-scaled.jpg\" \/>\n\t<meta property=\"og:image:width\" content=\"2560\" \/>\n\t<meta property=\"og:image:height\" content=\"1920\" \/>\n\t<meta property=\"og:image:type\" content=\"image\/jpeg\" \/>\n<meta name=\"author\" content=\"Plataforma de Comunicaci\u00f3\" \/>\n<meta name=\"twitter:card\" content=\"summary_large_image\" \/>\n<meta name=\"twitter:creator\" content=\"@PlataformadeCom\" \/>\n<meta name=\"twitter:site\" content=\"@PlataformadeCom\" \/>\n<meta name=\"twitter:label1\" content=\"Escrito por\" \/>\n\t<meta name=\"twitter:data1\" content=\"Plataforma de Comunicaci\u00f3\" \/>\n\t<meta name=\"twitter:label2\" content=\"Tiempo de lectura\" \/>\n\t<meta name=\"twitter:data2\" content=\"3 minutos\" \/>\n<script type=\"application\/ld+json\" class=\"yoast-schema-graph\">{\"@context\":\"https:\/\/schema.org\",\"@graph\":[{\"@type\":\"Article\",\"@id\":\"https:\/\/www.plataformadecomunicacio.com\/es\/como-comunicar-por-redes-sociales\/#article\",\"isPartOf\":{\"@id\":\"https:\/\/www.plataformadecomunicacio.com\/es\/como-comunicar-por-redes-sociales\/\"},\"author\":{\"name\":\"Plataforma de Comunicaci\u00f3\",\"@id\":\"https:\/\/www.plataformadecomunicacio.com\/#\/schema\/person\/a10597ea5a25cad7b4aac14e6a1672ed\"},\"headline\":\"\u00bfC\u00f3mo comunicar por redes sociales?\",\"datePublished\":\"2022-03-21T09:17:49+00:00\",\"dateModified\":\"2022-03-21T09:17:50+00:00\",\"mainEntityOfPage\":{\"@id\":\"https:\/\/www.plataformadecomunicacio.com\/es\/como-comunicar-por-redes-sociales\/\"},\"wordCount\":668,\"commentCount\":0,\"publisher\":{\"@id\":\"https:\/\/www.plataformadecomunicacio.com\/#organization\"},\"image\":{\"@id\":\"https:\/\/www.plataformadecomunicacio.com\/es\/como-comunicar-por-redes-sociales\/#primaryimage\"},\"thumbnailUrl\":\"https:\/\/www.plataformadecomunicacio.com\/wp-content\/uploads\/2022\/03\/nick-morrison-FHnnjk1Yj7Y-unsplash-scaled.jpg\",\"keywords\":[\"Community manager\",\"comunicaci\u00f3\",\"comunicaci\u00f3 corporativa\",\"Creaci\u00f3n de contenidos\",\"plan de comunicaci\u00f3n\",\"Plataforma de Comunicaci\u00f3\",\"redes sociales\"],\"articleSection\":[\"Comunicaci\u00f3\",\"News\"],\"inLanguage\":\"es\",\"potentialAction\":[{\"@type\":\"CommentAction\",\"name\":\"Comment\",\"target\":[\"https:\/\/www.plataformadecomunicacio.com\/es\/como-comunicar-por-redes-sociales\/#respond\"]}]},{\"@type\":\"WebPage\",\"@id\":\"https:\/\/www.plataformadecomunicacio.com\/es\/como-comunicar-por-redes-sociales\/\",\"url\":\"https:\/\/www.plataformadecomunicacio.com\/es\/como-comunicar-por-redes-sociales\/\",\"name\":\"\u00bfC\u00f3mo comunicar por redes sociales?\",\"isPartOf\":{\"@id\":\"https:\/\/www.plataformadecomunicacio.com\/#website\"},\"primaryImageOfPage\":{\"@id\":\"https:\/\/www.plataformadecomunicacio.com\/es\/como-comunicar-por-redes-sociales\/#primaryimage\"},\"image\":{\"@id\":\"https:\/\/www.plataformadecomunicacio.com\/es\/como-comunicar-por-redes-sociales\/#primaryimage\"},\"thumbnailUrl\":\"https:\/\/www.plataformadecomunicacio.com\/wp-content\/uploads\/2022\/03\/nick-morrison-FHnnjk1Yj7Y-unsplash-scaled.jpg\",\"datePublished\":\"2022-03-21T09:17:49+00:00\",\"dateModified\":\"2022-03-21T09:17:50+00:00\",\"description\":\"Consejos para comunicar de forma efectiva para redes sociales. Piensa el contenido que interesa a tu target y la red social m\u00e1s adecuada.\",\"breadcrumb\":{\"@id\":\"https:\/\/www.plataformadecomunicacio.com\/es\/como-comunicar-por-redes-sociales\/#breadcrumb\"},\"inLanguage\":\"es\",\"potentialAction\":[{\"@type\":\"ReadAction\",\"target\":[\"https:\/\/www.plataformadecomunicacio.com\/es\/como-comunicar-por-redes-sociales\/\"]}]},{\"@type\":\"ImageObject\",\"inLanguage\":\"es\",\"@id\":\"https:\/\/www.plataformadecomunicacio.com\/es\/como-comunicar-por-redes-sociales\/#primaryimage\",\"url\":\"https:\/\/www.plataformadecomunicacio.com\/wp-content\/uploads\/2022\/03\/nick-morrison-FHnnjk1Yj7Y-unsplash-scaled.jpg\",\"contentUrl\":\"https:\/\/www.plataformadecomunicacio.com\/wp-content\/uploads\/2022\/03\/nick-morrison-FHnnjk1Yj7Y-unsplash-scaled.jpg\",\"width\":2560,\"height\":1920},{\"@type\":\"BreadcrumbList\",\"@id\":\"https:\/\/www.plataformadecomunicacio.com\/es\/como-comunicar-por-redes-sociales\/#breadcrumb\",\"itemListElement\":[{\"@type\":\"ListItem\",\"position\":1,\"name\":\"Home\",\"item\":\"https:\/\/www.plataformadecomunicacio.com\/es\/inicio\/\"},{\"@type\":\"ListItem\",\"position\":2,\"name\":\"\u00bfC\u00f3mo comunicar por redes sociales?\"}]},{\"@type\":\"WebSite\",\"@id\":\"https:\/\/www.plataformadecomunicacio.com\/#website\",\"url\":\"https:\/\/www.plataformadecomunicacio.com\/\",\"name\":\"Plataforma de comunicaci\u00f3\",\"description\":\"Comuniquem junts\",\"publisher\":{\"@id\":\"https:\/\/www.plataformadecomunicacio.com\/#organization\"},\"potentialAction\":[{\"@type\":\"SearchAction\",\"target\":{\"@type\":\"EntryPoint\",\"urlTemplate\":\"https:\/\/www.plataformadecomunicacio.com\/?s={search_term_string}\"},\"query-input\":{\"@type\":\"PropertyValueSpecification\",\"valueRequired\":true,\"valueName\":\"search_term_string\"}}],\"inLanguage\":\"es\"},{\"@type\":\"Organization\",\"@id\":\"https:\/\/www.plataformadecomunicacio.com\/#organization\",\"name\":\"Plataforma de comunicaci\u00f3\",\"url\":\"https:\/\/www.plataformadecomunicacio.com\/\",\"logo\":{\"@type\":\"ImageObject\",\"inLanguage\":\"es\",\"@id\":\"https:\/\/www.plataformadecomunicacio.com\/#\/schema\/logo\/image\/\",\"url\":\"https:\/\/www.plataformadecomunicacio.com\/wp-content\/uploads\/2019\/02\/Logo_plataforma.png\",\"contentUrl\":\"https:\/\/www.plataformadecomunicacio.com\/wp-content\/uploads\/2019\/02\/Logo_plataforma.png\",\"width\":505,\"height\":320,\"caption\":\"Plataforma de comunicaci\u00f3\"},\"image\":{\"@id\":\"https:\/\/www.plataformadecomunicacio.com\/#\/schema\/logo\/image\/\"},\"sameAs\":[\"https:\/\/www.facebook.com\/plataformadecomunicacio\/\",\"https:\/\/x.com\/PlataformadeCom\",\"https:\/\/www.linkedin.com\/company\/plataforma-de-comunicaci\u00f3\/\",\"https:\/\/www.youtube.com\/channel\/UCQ4-7CGw0atul0BbEAN5S9w\"]},{\"@type\":\"Person\",\"@id\":\"https:\/\/www.plataformadecomunicacio.com\/#\/schema\/person\/a10597ea5a25cad7b4aac14e6a1672ed\",\"name\":\"Plataforma de Comunicaci\u00f3\",\"image\":{\"@type\":\"ImageObject\",\"inLanguage\":\"es\",\"@id\":\"https:\/\/www.plataformadecomunicacio.com\/#\/schema\/person\/image\/\",\"url\":\"https:\/\/secure.gravatar.com\/avatar\/cd26adb9e219d2135afc19eaeefcbaa63ae195f53dcce0bebf04fcc05c3dc7b4?s=96&d=mm&r=g\",\"contentUrl\":\"https:\/\/secure.gravatar.com\/avatar\/cd26adb9e219d2135afc19eaeefcbaa63ae195f53dcce0bebf04fcc05c3dc7b4?s=96&d=mm&r=g\",\"caption\":\"Plataforma de Comunicaci\u00f3\"},\"sameAs\":[\"http:\/\/plataformadecomunicacio.com\"],\"url\":\"https:\/\/www.plataformadecomunicacio.com\/es\/author\/plataforma\/\"}]}<\/script>\n<!-- \/ Yoast SEO plugin. -->","yoast_head_json":{"title":"\u00bfC\u00f3mo comunicar por redes sociales?","description":"Consejos para comunicar de forma efectiva para redes sociales. Piensa el contenido que interesa a tu target y la red social m\u00e1s adecuada.","robots":{"index":"index","follow":"follow","max-snippet":"max-snippet:-1","max-image-preview":"max-image-preview:large","max-video-preview":"max-video-preview:-1"},"canonical":"https:\/\/www.plataformadecomunicacio.com\/es\/como-comunicar-por-redes-sociales\/","og_locale":"es_ES","og_type":"article","og_title":"\u00bfC\u00f3mo comunicar por redes sociales?","og_description":"Consejos para comunicar de forma efectiva para redes sociales. Piensa el contenido que interesa a tu target y la red social m\u00e1s adecuada.","og_url":"https:\/\/www.plataformadecomunicacio.com\/es\/como-comunicar-por-redes-sociales\/","og_site_name":"Plataforma de comunicaci\u00f3","article_publisher":"https:\/\/www.facebook.com\/plataformadecomunicacio\/","article_published_time":"2022-03-21T09:17:49+00:00","article_modified_time":"2022-03-21T09:17:50+00:00","og_image":[{"width":2560,"height":1920,"url":"https:\/\/www.plataformadecomunicacio.com\/wp-content\/uploads\/2022\/03\/nick-morrison-FHnnjk1Yj7Y-unsplash-scaled.jpg","type":"image\/jpeg"}],"author":"Plataforma de Comunicaci\u00f3","twitter_card":"summary_large_image","twitter_creator":"@PlataformadeCom","twitter_site":"@PlataformadeCom","twitter_misc":{"Escrito por":"Plataforma de Comunicaci\u00f3","Tiempo de lectura":"3 minutos"},"schema":{"@context":"https:\/\/schema.org","@graph":[{"@type":"Article","@id":"https:\/\/www.plataformadecomunicacio.com\/es\/como-comunicar-por-redes-sociales\/#article","isPartOf":{"@id":"https:\/\/www.plataformadecomunicacio.com\/es\/como-comunicar-por-redes-sociales\/"},"author":{"name":"Plataforma de Comunicaci\u00f3","@id":"https:\/\/www.plataformadecomunicacio.com\/#\/schema\/person\/a10597ea5a25cad7b4aac14e6a1672ed"},"headline":"\u00bfC\u00f3mo comunicar por redes sociales?","datePublished":"2022-03-21T09:17:49+00:00","dateModified":"2022-03-21T09:17:50+00:00","mainEntityOfPage":{"@id":"https:\/\/www.plataformadecomunicacio.com\/es\/como-comunicar-por-redes-sociales\/"},"wordCount":668,"commentCount":0,"publisher":{"@id":"https:\/\/www.plataformadecomunicacio.com\/#organization"},"image":{"@id":"https:\/\/www.plataformadecomunicacio.com\/es\/como-comunicar-por-redes-sociales\/#primaryimage"},"thumbnailUrl":"https:\/\/www.plataformadecomunicacio.com\/wp-content\/uploads\/2022\/03\/nick-morrison-FHnnjk1Yj7Y-unsplash-scaled.jpg","keywords":["Community manager","comunicaci\u00f3","comunicaci\u00f3 corporativa","Creaci\u00f3n de contenidos","plan de comunicaci\u00f3n","Plataforma de Comunicaci\u00f3","redes sociales"],"articleSection":["Comunicaci\u00f3","News"],"inLanguage":"es","potentialAction":[{"@type":"CommentAction","name":"Comment","target":["https:\/\/www.plataformadecomunicacio.com\/es\/como-comunicar-por-redes-sociales\/#respond"]}]},{"@type":"WebPage","@id":"https:\/\/www.plataformadecomunicacio.com\/es\/como-comunicar-por-redes-sociales\/","url":"https:\/\/www.plataformadecomunicacio.com\/es\/como-comunicar-por-redes-sociales\/","name":"\u00bfC\u00f3mo comunicar por redes sociales?","isPartOf":{"@id":"https:\/\/www.plataformadecomunicacio.com\/#website"},"primaryImageOfPage":{"@id":"https:\/\/www.plataformadecomunicacio.com\/es\/como-comunicar-por-redes-sociales\/#primaryimage"},"image":{"@id":"https:\/\/www.plataformadecomunicacio.com\/es\/como-comunicar-por-redes-sociales\/#primaryimage"},"thumbnailUrl":"https:\/\/www.plataformadecomunicacio.com\/wp-content\/uploads\/2022\/03\/nick-morrison-FHnnjk1Yj7Y-unsplash-scaled.jpg","datePublished":"2022-03-21T09:17:49+00:00","dateModified":"2022-03-21T09:17:50+00:00","description":"Consejos para comunicar de forma efectiva para redes sociales. Piensa el contenido que interesa a tu target y la red social m\u00e1s adecuada.","breadcrumb":{"@id":"https:\/\/www.plataformadecomunicacio.com\/es\/como-comunicar-por-redes-sociales\/#breadcrumb"},"inLanguage":"es","potentialAction":[{"@type":"ReadAction","target":["https:\/\/www.plataformadecomunicacio.com\/es\/como-comunicar-por-redes-sociales\/"]}]},{"@type":"ImageObject","inLanguage":"es","@id":"https:\/\/www.plataformadecomunicacio.com\/es\/como-comunicar-por-redes-sociales\/#primaryimage","url":"https:\/\/www.plataformadecomunicacio.com\/wp-content\/uploads\/2022\/03\/nick-morrison-FHnnjk1Yj7Y-unsplash-scaled.jpg","contentUrl":"https:\/\/www.plataformadecomunicacio.com\/wp-content\/uploads\/2022\/03\/nick-morrison-FHnnjk1Yj7Y-unsplash-scaled.jpg","width":2560,"height":1920},{"@type":"BreadcrumbList","@id":"https:\/\/www.plataformadecomunicacio.com\/es\/como-comunicar-por-redes-sociales\/#breadcrumb","itemListElement":[{"@type":"ListItem","position":1,"name":"Home","item":"https:\/\/www.plataformadecomunicacio.com\/es\/inicio\/"},{"@type":"ListItem","position":2,"name":"\u00bfC\u00f3mo comunicar por redes sociales?"}]},{"@type":"WebSite","@id":"https:\/\/www.plataformadecomunicacio.com\/#website","url":"https:\/\/www.plataformadecomunicacio.com\/","name":"Plataforma de comunicaci\u00f3","description":"Comuniquem junts","publisher":{"@id":"https:\/\/www.plataformadecomunicacio.com\/#organization"},"potentialAction":[{"@type":"SearchAction","target":{"@type":"EntryPoint","urlTemplate":"https:\/\/www.plataformadecomunicacio.com\/?s={search_term_string}"},"query-input":{"@type":"PropertyValueSpecification","valueRequired":true,"valueName":"search_term_string"}}],"inLanguage":"es"},{"@type":"Organization","@id":"https:\/\/www.plataformadecomunicacio.com\/#organization","name":"Plataforma de comunicaci\u00f3","url":"https:\/\/www.plataformadecomunicacio.com\/","logo":{"@type":"ImageObject","inLanguage":"es","@id":"https:\/\/www.plataformadecomunicacio.com\/#\/schema\/logo\/image\/","url":"https:\/\/www.plataformadecomunicacio.com\/wp-content\/uploads\/2019\/02\/Logo_plataforma.png","contentUrl":"https:\/\/www.plataformadecomunicacio.com\/wp-content\/uploads\/2019\/02\/Logo_plataforma.png","width":505,"height":320,"caption":"Plataforma de comunicaci\u00f3"},"image":{"@id":"https:\/\/www.plataformadecomunicacio.com\/#\/schema\/logo\/image\/"},"sameAs":["https:\/\/www.facebook.com\/plataformadecomunicacio\/","https:\/\/x.com\/PlataformadeCom","https:\/\/www.linkedin.com\/company\/plataforma-de-comunicaci\u00f3\/","https:\/\/www.youtube.com\/channel\/UCQ4-7CGw0atul0BbEAN5S9w"]},{"@type":"Person","@id":"https:\/\/www.plataformadecomunicacio.com\/#\/schema\/person\/a10597ea5a25cad7b4aac14e6a1672ed","name":"Plataforma de Comunicaci\u00f3","image":{"@type":"ImageObject","inLanguage":"es","@id":"https:\/\/www.plataformadecomunicacio.com\/#\/schema\/person\/image\/","url":"https:\/\/secure.gravatar.com\/avatar\/cd26adb9e219d2135afc19eaeefcbaa63ae195f53dcce0bebf04fcc05c3dc7b4?s=96&d=mm&r=g","contentUrl":"https:\/\/secure.gravatar.com\/avatar\/cd26adb9e219d2135afc19eaeefcbaa63ae195f53dcce0bebf04fcc05c3dc7b4?s=96&d=mm&r=g","caption":"Plataforma de Comunicaci\u00f3"},"sameAs":["http:\/\/plataformadecomunicacio.com"],"url":"https:\/\/www.plataformadecomunicacio.com\/es\/author\/plataforma\/"}]}},"_links":{"self":[{"href":"https:\/\/www.plataformadecomunicacio.com\/es\/wp-json\/wp\/v2\/posts\/9750","targetHints":{"allow":["GET"]}}],"collection":[{"href":"https:\/\/www.plataformadecomunicacio.com\/es\/wp-json\/wp\/v2\/posts"}],"about":[{"href":"https:\/\/www.plataformadecomunicacio.com\/es\/wp-json\/wp\/v2\/types\/post"}],"author":[{"embeddable":true,"href":"https:\/\/www.plataformadecomunicacio.com\/es\/wp-json\/wp\/v2\/users\/2"}],"replies":[{"embeddable":true,"href":"https:\/\/www.plataformadecomunicacio.com\/es\/wp-json\/wp\/v2\/comments?post=9750"}],"version-history":[{"count":1,"href":"https:\/\/www.plataformadecomunicacio.com\/es\/wp-json\/wp\/v2\/posts\/9750\/revisions"}],"predecessor-version":[{"id":9751,"href":"https:\/\/www.plataformadecomunicacio.com\/es\/wp-json\/wp\/v2\/posts\/9750\/revisions\/9751"}],"wp:featuredmedia":[{"embeddable":true,"href":"https:\/\/www.plataformadecomunicacio.com\/es\/wp-json\/wp\/v2\/media\/9743"}],"wp:attachment":[{"href":"https:\/\/www.plataformadecomunicacio.com\/es\/wp-json\/wp\/v2\/media?parent=9750"}],"wp:term":[{"taxonomy":"category","embeddable":true,"href":"https:\/\/www.plataformadecomunicacio.com\/es\/wp-json\/wp\/v2\/categories?post=9750"},{"taxonomy":"post_tag","embeddable":true,"href":"https:\/\/www.plataformadecomunicacio.com\/es\/wp-json\/wp\/v2\/tags?post=9750"}],"curies":[{"name":"wp","href":"https:\/\/api.w.org\/{rel}","templated":true}]}}